{"id":30997,"date":"2022-11-15T18:20:46","date_gmt":"2022-11-15T16:20:46","guid":{"rendered":"https:\/\/www.garciafaura.com\/rehabilitacio-de-facana-per-a-millorar-lestetica-leficiencia-i-les-prestacions-dun-edifici-doficines\/"},"modified":"2022-11-15T18:26:45","modified_gmt":"2022-11-15T16:26:45","slug":"rehabilitacio-de-facana-per-a-millorar-lestetica-leficiencia-i-les-prestacions-dun-edifici-doficines","status":"publish","type":"post","link":"https:\/\/www.garciafaura.com\/es\/rehabilitacio-de-facana-per-a-millorar-lestetica-leficiencia-i-les-prestacions-dun-edifici-doficines\/","title":{"rendered":"Rehabilitaci\u00f3n de fachada para mejorar la est\u00e9tica, la eficiencia y las prestaciones de un edificio de oficinas"},"content":{"rendered":"<p style=\"text-align: justify;\"><strong>GARCIA FAURA ejecuta la rehabilitaci\u00f3n de la fachada del edificio empresarial Diagonal 67 de Barcelona. La intervenci\u00f3n consiste en la creaci\u00f3n de un nuevo tramo de muro cortina que cubrir\u00e1 los agujeros y las cajas de los ascensores. As\u00ed, se permite dar continuidad de fachada a los muros cortina existentes.<\/strong><\/p>\n<p style=\"text-align: justify;\">La intervenci\u00f3n persigue una mejora est\u00e9tica y de seguridad, aumentar la luminosidad de la <strong>fachada<\/strong> sur del edificio y mejorar la eficiencia general del inmueble. Los trabajos contemplan la creaci\u00f3n de un nuevo tramo de<strong> muro cortina<\/strong> y nuevas sectorizaciones contra incendios, as\u00ed como la instalaci\u00f3n de un conjunto de <strong>cerramientos motorizados de apertura proyectante<\/strong>.<\/p>\n<p style=\"text-align: justify;\">La actuaci\u00f3n se dirige desde la <strong>Divisi\u00f3n de Mantenimientos de GARCIA FAURA<\/strong> que, en los \u00faltimos tiempos, se ha especializado en intervenciones de <strong>rehabilitaci\u00f3n<\/strong> y mejora de la eficiencia de edificios terciarios.<\/p>\n<p style=\"text-align: justify;\">Un sector, el de la <strong>rehabilitaci\u00f3n<\/strong>, de gran crecimiento, en buena parte debido a la necesidad de poner al d\u00eda instalaciones antiguas, pero tambi\u00e9n por la mayor concienciaci\u00f3n sobre el beneficio social y econ\u00f3mico de una <strong>fachada<\/strong> eficiente.<\/p>\n<p style=\"text-align: justify;\">De esta forma, una diagnosis del estado de las <strong>fachadas<\/strong> de un edificio permite identificar sus necesidades de mantenimiento y las oportunidades de mejora en aspectos como la eficiencia energ\u00e9tica y unas mayores prestaciones t\u00e9cnicas y ac\u00fasticas.<\/p>\n","protected":false},"excerpt":{"rendered":"<p>GARCIA FAURA ejecuta la rehabilitaci\u00f3n de la fachada del edificio empresarial Diagonal 67 de Barcelona. La intervenci\u00f3n consiste en la creaci\u00f3n de un nuevo tramo de muro cortina que cubrir\u00e1 los agujeros y las cajas de los ascensores. As\u00ed, se&hellip;<\/p>\n","protected":false},"author":3,"featured_media":30993,"comment_status":"closed","ping_status":"open","sticky":false,"template":"","format":"gallery","meta":{"footnotes":""},"categories":[3],"tags":[],"post_series":[],"class_list":["post-30997","post","type-post","status-publish","format-gallery","has-post-thumbnail","hentry","category-actualidad","post_format-post-format-gallery","entry","has-media"],"yoast_head":"<!-- This site is optimized with the Yoast SEO plugin v26.7 - https:\/\/yoast.com\/wordpress\/plugins\/seo\/ -->\n<title>Rehabilitaci\u00f3n de fachada para mejorar la est\u00e9tica, la eficiencia y las prestaciones de un edificio de oficinas - GARCIA FAURA<\/title>\n<meta name=\"description\" content=\"Arquitectura en Alumini, Inox, Ferro i Vidre\" \/>\n<meta name=\"robots\" content=\"index, follow, max-snippet:-1, max-image-preview:large, max-video-preview:-1\" \/>\n<link rel=\"canonical\" href=\"https:\/\/www.garciafaura.com\/es\/rehabilitacio-de-facana-per-a-millorar-lestetica-leficiencia-i-les-prestacions-dun-edifici-doficines\/\" \/>\n<meta property=\"og:locale\" content=\"es_ES\" \/>\n<meta property=\"og:type\" content=\"article\" \/>\n<meta property=\"og:title\" content=\"Rehabilitaci\u00f3n de fachada para mejorar la est\u00e9tica, la eficiencia y las prestaciones de un edificio de oficinas - GARCIA FAURA\" \/>\n<meta property=\"og:description\" content=\"Arquitectura en Alumini, Inox, Ferro i Vidre\" \/>\n<meta property=\"og:url\" content=\"https:\/\/www.garciafaura.com\/es\/rehabilitacio-de-facana-per-a-millorar-lestetica-leficiencia-i-les-prestacions-dun-edifici-doficines\/\" \/>\n<meta property=\"og:site_name\" content=\"GARCIA FAURA\" \/>\n<meta property=\"article:published_time\" content=\"2022-11-15T16:20:46+00:00\" \/>\n<meta property=\"article:modified_time\" content=\"2022-11-15T16:26:45+00:00\" \/>\n<meta property=\"og:image\" content=\"https:\/\/www.garciafaura.com\/wp-content\/uploads\/2022\/11\/Diagonal67_0.jpg\" \/>\n\t<meta property=\"og:image:width\" content=\"1024\" \/>\n\t<meta property=\"og:image:height\" content=\"768\" \/>\n\t<meta property=\"og:image:type\" content=\"image\/jpeg\" \/>\n<meta name=\"author\" content=\"David Achell\" \/>\n<meta name=\"twitter:card\" content=\"summary_large_image\" \/>\n<meta name=\"twitter:label1\" content=\"Escrito por\" \/>\n\t<meta name=\"twitter:data1\" content=\"David Achell\" \/>\n\t<meta name=\"twitter:label2\" content=\"Tiempo de lectura\" \/>\n\t<meta name=\"twitter:data2\" content=\"2 minutos\" \/>\n<script type=\"application\/ld+json\" class=\"yoast-schema-graph\">{\"@context\":\"https:\/\/schema.org\",\"@graph\":[{\"@type\":\"Article\",\"@id\":\"https:\/\/www.garciafaura.com\/es\/rehabilitacio-de-facana-per-a-millorar-lestetica-leficiencia-i-les-prestacions-dun-edifici-doficines\/#article\",\"isPartOf\":{\"@id\":\"https:\/\/www.garciafaura.com\/es\/rehabilitacio-de-facana-per-a-millorar-lestetica-leficiencia-i-les-prestacions-dun-edifici-doficines\/\"},\"author\":{\"name\":\"David Achell\",\"@id\":\"https:\/\/www.garciafaura.com\/fr\/#\/schema\/person\/b4b75e69b33fac3446071909bec106b0\"},\"headline\":\"Rehabilitaci\u00f3n de fachada para mejorar la est\u00e9tica, la eficiencia y las prestaciones de un edificio de oficinas\",\"datePublished\":\"2022-11-15T16:20:46+00:00\",\"dateModified\":\"2022-11-15T16:26:45+00:00\",\"mainEntityOfPage\":{\"@id\":\"https:\/\/www.garciafaura.com\/es\/rehabilitacio-de-facana-per-a-millorar-lestetica-leficiencia-i-les-prestacions-dun-edifici-doficines\/\"},\"wordCount\":248,\"publisher\":{\"@id\":\"https:\/\/www.garciafaura.com\/fr\/#organization\"},\"image\":{\"@id\":\"https:\/\/www.garciafaura.com\/es\/rehabilitacio-de-facana-per-a-millorar-lestetica-leficiencia-i-les-prestacions-dun-edifici-doficines\/#primaryimage\"},\"thumbnailUrl\":\"https:\/\/www.garciafaura.com\/wp-content\/uploads\/2022\/11\/Diagonal67_0.jpg\",\"articleSection\":[\"Actualidad\"],\"inLanguage\":\"es\"},{\"@type\":\"WebPage\",\"@id\":\"https:\/\/www.garciafaura.com\/es\/rehabilitacio-de-facana-per-a-millorar-lestetica-leficiencia-i-les-prestacions-dun-edifici-doficines\/\",\"url\":\"https:\/\/www.garciafaura.com\/es\/rehabilitacio-de-facana-per-a-millorar-lestetica-leficiencia-i-les-prestacions-dun-edifici-doficines\/\",\"name\":\"Rehabilitaci\u00f3n de fachada para mejorar la est\u00e9tica, la eficiencia y las prestaciones de un edificio de oficinas - GARCIA FAURA\",\"isPartOf\":{\"@id\":\"https:\/\/www.garciafaura.com\/fr\/#website\"},\"primaryImageOfPage\":{\"@id\":\"https:\/\/www.garciafaura.com\/es\/rehabilitacio-de-facana-per-a-millorar-lestetica-leficiencia-i-les-prestacions-dun-edifici-doficines\/#primaryimage\"},\"image\":{\"@id\":\"https:\/\/www.garciafaura.com\/es\/rehabilitacio-de-facana-per-a-millorar-lestetica-leficiencia-i-les-prestacions-dun-edifici-doficines\/#primaryimage\"},\"thumbnailUrl\":\"https:\/\/www.garciafaura.com\/wp-content\/uploads\/2022\/11\/Diagonal67_0.jpg\",\"datePublished\":\"2022-11-15T16:20:46+00:00\",\"dateModified\":\"2022-11-15T16:26:45+00:00\",\"description\":\"Arquitectura en Alumini, Inox, Ferro i Vidre\",\"breadcrumb\":{\"@id\":\"https:\/\/www.garciafaura.com\/es\/rehabilitacio-de-facana-per-a-millorar-lestetica-leficiencia-i-les-prestacions-dun-edifici-doficines\/#breadcrumb\"},\"inLanguage\":\"es\",\"potentialAction\":[{\"@type\":\"ReadAction\",\"target\":[\"https:\/\/www.garciafaura.com\/es\/rehabilitacio-de-facana-per-a-millorar-lestetica-leficiencia-i-les-prestacions-dun-edifici-doficines\/\"]}]},{\"@type\":\"ImageObject\",\"inLanguage\":\"es\",\"@id\":\"https:\/\/www.garciafaura.com\/es\/rehabilitacio-de-facana-per-a-millorar-lestetica-leficiencia-i-les-prestacions-dun-edifici-doficines\/#primaryimage\",\"url\":\"https:\/\/www.garciafaura.com\/wp-content\/uploads\/2022\/11\/Diagonal67_0.jpg\",\"contentUrl\":\"https:\/\/www.garciafaura.com\/wp-content\/uploads\/2022\/11\/Diagonal67_0.jpg\",\"width\":1024,\"height\":768,\"caption\":\"Garcia Faura fachada Diagonal 67\"},{\"@type\":\"BreadcrumbList\",\"@id\":\"https:\/\/www.garciafaura.com\/es\/rehabilitacio-de-facana-per-a-millorar-lestetica-leficiencia-i-les-prestacions-dun-edifici-doficines\/#breadcrumb\",\"itemListElement\":[{\"@type\":\"ListItem\",\"position\":1,\"name\":\"Inici\",\"item\":\"https:\/\/www.garciafaura.com\/es\/\"},{\"@type\":\"ListItem\",\"position\":2,\"name\":\"Rehabilitaci\u00f3n de fachada para mejorar la est\u00e9tica, la eficiencia y las prestaciones de un edificio de oficinas\"}]},{\"@type\":\"WebSite\",\"@id\":\"https:\/\/www.garciafaura.com\/fr\/#website\",\"url\":\"https:\/\/www.garciafaura.com\/fr\/\",\"name\":\"GARCIA FAURA\",\"description\":\"Arquitectura en Alumini, Inox, Ferro i Vidre\",\"publisher\":{\"@id\":\"https:\/\/www.garciafaura.com\/fr\/#organization\"},\"potentialAction\":[{\"@type\":\"SearchAction\",\"target\":{\"@type\":\"EntryPoint\",\"urlTemplate\":\"https:\/\/www.garciafaura.com\/fr\/?s={search_term_string}\"},\"query-input\":{\"@type\":\"PropertyValueSpecification\",\"valueRequired\":true,\"valueName\":\"search_term_string\"}}],\"inLanguage\":\"es\"},{\"@type\":\"Organization\",\"@id\":\"https:\/\/www.garciafaura.com\/fr\/#organization\",\"name\":\"GARCIA FAURA\",\"url\":\"https:\/\/www.garciafaura.com\/fr\/\",\"logo\":{\"@type\":\"ImageObject\",\"inLanguage\":\"es\",\"@id\":\"https:\/\/www.garciafaura.com\/fr\/#\/schema\/logo\/image\/\",\"url\":\"https:\/\/www.garciafaura.com\/wp-content\/uploads\/2018\/09\/Garcia-Faura.png\",\"contentUrl\":\"https:\/\/www.garciafaura.com\/wp-content\/uploads\/2018\/09\/Garcia-Faura.png\",\"width\":512,\"height\":512,\"caption\":\"GARCIA FAURA\"},\"image\":{\"@id\":\"https:\/\/www.garciafaura.com\/fr\/#\/schema\/logo\/image\/\"},\"sameAs\":[\"https:\/\/www.youtube.com\/user\/GARCIAFAURA\"]},{\"@type\":\"Person\",\"@id\":\"https:\/\/www.garciafaura.com\/fr\/#\/schema\/person\/b4b75e69b33fac3446071909bec106b0\",\"name\":\"David Achell\",\"image\":{\"@type\":\"ImageObject\",\"inLanguage\":\"es\",\"@id\":\"https:\/\/www.garciafaura.com\/fr\/#\/schema\/person\/image\/\",\"url\":\"https:\/\/secure.gravatar.com\/avatar\/03900210afc1f61bce737bcb4a79c02e2c997f171e3eca839b5a4cbe03846c90?s=96&d=blank&r=g\",\"contentUrl\":\"https:\/\/secure.gravatar.com\/avatar\/03900210afc1f61bce737bcb4a79c02e2c997f171e3eca839b5a4cbe03846c90?s=96&d=blank&r=g\",\"caption\":\"David Achell\"}}]}<\/script>\n<!-- \/ Yoast SEO plugin. -->","yoast_head_json":{"title":"Rehabilitaci\u00f3n de fachada para mejorar la est\u00e9tica, la eficiencia y las prestaciones de un edificio de oficinas - GARCIA FAURA","description":"Arquitectura en Alumini, Inox, Ferro i Vidre","robots":{"index":"index","follow":"follow","max-snippet":"max-snippet:-1","max-image-preview":"max-image-preview:large","max-video-preview":"max-video-preview:-1"},"canonical":"https:\/\/www.garciafaura.com\/es\/rehabilitacio-de-facana-per-a-millorar-lestetica-leficiencia-i-les-prestacions-dun-edifici-doficines\/","og_locale":"es_ES","og_type":"article","og_title":"Rehabilitaci\u00f3n de fachada para mejorar la est\u00e9tica, la eficiencia y las prestaciones de un edificio de oficinas - GARCIA FAURA","og_description":"Arquitectura en Alumini, Inox, Ferro i Vidre","og_url":"https:\/\/www.garciafaura.com\/es\/rehabilitacio-de-facana-per-a-millorar-lestetica-leficiencia-i-les-prestacions-dun-edifici-doficines\/","og_site_name":"GARCIA FAURA","article_published_time":"2022-11-15T16:20:46+00:00","article_modified_time":"2022-11-15T16:26:45+00:00","og_image":[{"width":1024,"height":768,"url":"https:\/\/www.garciafaura.com\/wp-content\/uploads\/2022\/11\/Diagonal67_0.jpg","type":"image\/jpeg"}],"author":"David Achell","twitter_card":"summary_large_image","twitter_misc":{"Escrito por":"David Achell","Tiempo de lectura":"2 minutos"},"schema":{"@context":"https:\/\/schema.org","@graph":[{"@type":"Article","@id":"https:\/\/www.garciafaura.com\/es\/rehabilitacio-de-facana-per-a-millorar-lestetica-leficiencia-i-les-prestacions-dun-edifici-doficines\/#article","isPartOf":{"@id":"https:\/\/www.garciafaura.com\/es\/rehabilitacio-de-facana-per-a-millorar-lestetica-leficiencia-i-les-prestacions-dun-edifici-doficines\/"},"author":{"name":"David Achell","@id":"https:\/\/www.garciafaura.com\/fr\/#\/schema\/person\/b4b75e69b33fac3446071909bec106b0"},"headline":"Rehabilitaci\u00f3n de fachada para mejorar la est\u00e9tica, la eficiencia y las prestaciones de un edificio de oficinas","datePublished":"2022-11-15T16:20:46+00:00","dateModified":"2022-11-15T16:26:45+00:00","mainEntityOfPage":{"@id":"https:\/\/www.garciafaura.com\/es\/rehabilitacio-de-facana-per-a-millorar-lestetica-leficiencia-i-les-prestacions-dun-edifici-doficines\/"},"wordCount":248,"publisher":{"@id":"https:\/\/www.garciafaura.com\/fr\/#organization"},"image":{"@id":"https:\/\/www.garciafaura.com\/es\/rehabilitacio-de-facana-per-a-millorar-lestetica-leficiencia-i-les-prestacions-dun-edifici-doficines\/#primaryimage"},"thumbnailUrl":"https:\/\/www.garciafaura.com\/wp-content\/uploads\/2022\/11\/Diagonal67_0.jpg","articleSection":["Actualidad"],"inLanguage":"es"},{"@type":"WebPage","@id":"https:\/\/www.garciafaura.com\/es\/rehabilitacio-de-facana-per-a-millorar-lestetica-leficiencia-i-les-prestacions-dun-edifici-doficines\/","url":"https:\/\/www.garciafaura.com\/es\/rehabilitacio-de-facana-per-a-millorar-lestetica-leficiencia-i-les-prestacions-dun-edifici-doficines\/","name":"Rehabilitaci\u00f3n de fachada para mejorar la est\u00e9tica, la eficiencia y las prestaciones de un edificio de oficinas - GARCIA FAURA","isPartOf":{"@id":"https:\/\/www.garciafaura.com\/fr\/#website"},"primaryImageOfPage":{"@id":"https:\/\/www.garciafaura.com\/es\/rehabilitacio-de-facana-per-a-millorar-lestetica-leficiencia-i-les-prestacions-dun-edifici-doficines\/#primaryimage"},"image":{"@id":"https:\/\/www.garciafaura.com\/es\/rehabilitacio-de-facana-per-a-millorar-lestetica-leficiencia-i-les-prestacions-dun-edifici-doficines\/#primaryimage"},"thumbnailUrl":"https:\/\/www.garciafaura.com\/wp-content\/uploads\/2022\/11\/Diagonal67_0.jpg","datePublished":"2022-11-15T16:20:46+00:00","dateModified":"2022-11-15T16:26:45+00:00","description":"Arquitectura en Alumini, Inox, Ferro i Vidre","breadcrumb":{"@id":"https:\/\/www.garciafaura.com\/es\/rehabilitacio-de-facana-per-a-millorar-lestetica-leficiencia-i-les-prestacions-dun-edifici-doficines\/#breadcrumb"},"inLanguage":"es","potentialAction":[{"@type":"ReadAction","target":["https:\/\/www.garciafaura.com\/es\/rehabilitacio-de-facana-per-a-millorar-lestetica-leficiencia-i-les-prestacions-dun-edifici-doficines\/"]}]},{"@type":"ImageObject","inLanguage":"es","@id":"https:\/\/www.garciafaura.com\/es\/rehabilitacio-de-facana-per-a-millorar-lestetica-leficiencia-i-les-prestacions-dun-edifici-doficines\/#primaryimage","url":"https:\/\/www.garciafaura.com\/wp-content\/uploads\/2022\/11\/Diagonal67_0.jpg","contentUrl":"https:\/\/www.garciafaura.com\/wp-content\/uploads\/2022\/11\/Diagonal67_0.jpg","width":1024,"height":768,"caption":"Garcia Faura fachada Diagonal 67"},{"@type":"BreadcrumbList","@id":"https:\/\/www.garciafaura.com\/es\/rehabilitacio-de-facana-per-a-millorar-lestetica-leficiencia-i-les-prestacions-dun-edifici-doficines\/#breadcrumb","itemListElement":[{"@type":"ListItem","position":1,"name":"Inici","item":"https:\/\/www.garciafaura.com\/es\/"},{"@type":"ListItem","position":2,"name":"Rehabilitaci\u00f3n de fachada para mejorar la est\u00e9tica, la eficiencia y las prestaciones de un edificio de oficinas"}]},{"@type":"WebSite","@id":"https:\/\/www.garciafaura.com\/fr\/#website","url":"https:\/\/www.garciafaura.com\/fr\/","name":"GARCIA FAURA","description":"Arquitectura en Alumini, Inox, Ferro i Vidre","publisher":{"@id":"https:\/\/www.garciafaura.com\/fr\/#organization"},"potentialAction":[{"@type":"SearchAction","target":{"@type":"EntryPoint","urlTemplate":"https:\/\/www.garciafaura.com\/fr\/?s={search_term_string}"},"query-input":{"@type":"PropertyValueSpecification","valueRequired":true,"valueName":"search_term_string"}}],"inLanguage":"es"},{"@type":"Organization","@id":"https:\/\/www.garciafaura.com\/fr\/#organization","name":"GARCIA FAURA","url":"https:\/\/www.garciafaura.com\/fr\/","logo":{"@type":"ImageObject","inLanguage":"es","@id":"https:\/\/www.garciafaura.com\/fr\/#\/schema\/logo\/image\/","url":"https:\/\/www.garciafaura.com\/wp-content\/uploads\/2018\/09\/Garcia-Faura.png","contentUrl":"https:\/\/www.garciafaura.com\/wp-content\/uploads\/2018\/09\/Garcia-Faura.png","width":512,"height":512,"caption":"GARCIA FAURA"},"image":{"@id":"https:\/\/www.garciafaura.com\/fr\/#\/schema\/logo\/image\/"},"sameAs":["https:\/\/www.youtube.com\/user\/GARCIAFAURA"]},{"@type":"Person","@id":"https:\/\/www.garciafaura.com\/fr\/#\/schema\/person\/b4b75e69b33fac3446071909bec106b0","name":"David Achell","image":{"@type":"ImageObject","inLanguage":"es","@id":"https:\/\/www.garciafaura.com\/fr\/#\/schema\/person\/image\/","url":"https:\/\/secure.gravatar.com\/avatar\/03900210afc1f61bce737bcb4a79c02e2c997f171e3eca839b5a4cbe03846c90?s=96&d=blank&r=g","contentUrl":"https:\/\/secure.gravatar.com\/avatar\/03900210afc1f61bce737bcb4a79c02e2c997f171e3eca839b5a4cbe03846c90?s=96&d=blank&r=g","caption":"David Achell"}}]}},"_links":{"self":[{"href":"https:\/\/www.garciafaura.com\/es\/wp-json\/wp\/v2\/posts\/30997","targetHints":{"allow":["GET"]}}],"collection":[{"href":"https:\/\/www.garciafaura.com\/es\/wp-json\/wp\/v2\/posts"}],"about":[{"href":"https:\/\/www.garciafaura.com\/es\/wp-json\/wp\/v2\/types\/post"}],"author":[{"embeddable":true,"href":"https:\/\/www.garciafaura.com\/es\/wp-json\/wp\/v2\/users\/3"}],"replies":[{"embeddable":true,"href":"https:\/\/www.garciafaura.com\/es\/wp-json\/wp\/v2\/comments?post=30997"}],"version-history":[{"count":2,"href":"https:\/\/www.garciafaura.com\/es\/wp-json\/wp\/v2\/posts\/30997\/revisions"}],"predecessor-version":[{"id":31001,"href":"https:\/\/www.garciafaura.com\/es\/wp-json\/wp\/v2\/posts\/30997\/revisions\/31001"}],"wp:featuredmedia":[{"embeddable":true,"href":"https:\/\/www.garciafaura.com\/es\/wp-json\/wp\/v2\/media\/30993"}],"wp:attachment":[{"href":"https:\/\/www.garciafaura.com\/es\/wp-json\/wp\/v2\/media?parent=30997"}],"wp:term":[{"taxonomy":"category","embeddable":true,"href":"https:\/\/www.garciafaura.com\/es\/wp-json\/wp\/v2\/categories?post=30997"},{"taxonomy":"post_tag","embeddable":true,"href":"https:\/\/www.garciafaura.com\/es\/wp-json\/wp\/v2\/tags?post=30997"},{"taxonomy":"post_series","embeddable":true,"href":"https:\/\/www.garciafaura.com\/es\/wp-json\/wp\/v2\/post_series?post=30997"}],"curies":[{"name":"wp","href":"https:\/\/api.w.org\/{rel}","templated":true}]}}