{"id":30632,"date":"2022-10-20T15:17:56","date_gmt":"2022-10-20T13:17:56","guid":{"rendered":"https:\/\/www.garciafaura.com\/el-selvamar-business-campus-comenca-la-seva-activitat-al-22-de-barcelona\/"},"modified":"2022-10-20T16:53:49","modified_gmt":"2022-10-20T14:53:49","slug":"el-selvamar-business-campus-comenca-la-seva-activitat-al-22-de-barcelona","status":"publish","type":"post","link":"https:\/\/www.garciafaura.com\/es\/el-selvamar-business-campus-comenca-la-seva-activitat-al-22-de-barcelona\/","title":{"rendered":"El SelvaMar Business Campus empieza su actividad en el distrito 22@ de Barcelona"},"content":{"rendered":"<p style=\"text-align: justify;\"><strong>El parque empresarial SelvaMar Business Campus, con fachadas desarrolladas por GARCIA FAURA, ya est\u00e1 comercializando sus espacios y empezando a recibir a los primeros ocupantes. Se trata de un complejo de cuatro edificios que suman m\u00e1s de 30.000 metros cuadrados de modernas, saludables y productivas oficinas.<\/strong><\/p>\n<p style=\"text-align: justify;\">El <a href=\"https:\/\/selvamarbusinesscampus.com\/es\/\" target=\"_blank\" rel=\"noopener\"><strong>SelvaMar Business Campus<\/strong><\/a>, situado en el <strong>22@<\/strong>, el distrito de innovaci\u00f3n tecnol\u00f3gica de la capital catalana, dispone de cuatro edificios: el <strong>Arroba Building<\/strong>, el <strong>Espacio Building<\/strong>, el <strong>Control Building<\/strong> y el <strong>Alt Building<\/strong>. \u00c9ste \u00faltimo es el m\u00e1s alto, con 13 plantas (con m\u00e1s de 10.000 metros cuadrados de oficinas) y una terraza de 429 metros cuadrados.<\/p>\n<p style=\"text-align: justify;\">El parque empresarial presenta unas oficinas amplias y luminosas, polivalentes y modulares, adem\u00e1s de \u00e1reas verdes al aire libre, espacios para reuniones y un entorno que facilita un trabajo din\u00e1mico y saludable, con una ubicaci\u00f3n perfecta para desplazarse por la ciudad en cualquier tipo de transporte.<\/p>\n<p style=\"text-align: justify;\">Adem\u00e1s, el proyecto dispone de los <strong>certificados medioambientales WELL Gold y LEED Platinum<\/strong> porque los edificios permiten ahorrar m\u00e1s de la mitad del consumo de agua en interiores y recicla toda la que se utiliza para regar las zonas verdes. Tambi\u00e9n se controla la ventilaci\u00f3n de los interiores con sensores de CO\u2082 y se favorece la producci\u00f3n de energ\u00edas renovables y dispone de una zona de reciclaje de residuos, entre otras medidas.<\/p>\n<p style=\"text-align: justify;\">Una parte importante de la contribuci\u00f3n a la eficiencia energ\u00e9tica del complejo la aporta la <strong>fachada desarrollada por GARCIA FAURA<\/strong>. 18.000 metros cuadrados de <strong>muro cortina tipo <em>stick<\/em><\/strong>, formado por <strong>acristalamientos con serigraf\u00eda digital<\/strong>, en un proyecto de gran envergadura y singularidad llamado a convertirse en referencia al distrito tecnol\u00f3gico de la capital catalana.<\/p>\n<p style=\"text-align: justify;\"><strong>GARCIA FAURA<\/strong> tambi\u00e9n firma, en este proyecto, otras intervenciones, como la <strong>fabricaci\u00f3n e instalaci\u00f3n de 150 ventanas proyectantes, 60 puertas, 3.200 metros lineales de lamas verticales y 350 metros cuadrados de sistemas de lamas ventiladas<\/strong>, entre otras actuaciones.<\/p>\n","protected":false},"excerpt":{"rendered":"<p>El parque empresarial SelvaMar Business Campus, con fachadas desarrolladas por GARCIA FAURA, ya est\u00e1 comercializando sus espacios y empezando a recibir a los primeros ocupantes. Se trata de un complejo de cuatro edificios que suman m\u00e1s de 30.000 metros cuadrados&hellip;<\/p>\n","protected":false},"author":3,"featured_media":30649,"comment_status":"closed","ping_status":"open","sticky":false,"template":"","format":"standard","meta":{"footnotes":""},"categories":[3],"tags":[],"post_series":[],"class_list":["post-30632","post","type-post","status-publish","format-standard","has-post-thumbnail","hentry","category-actualidad","entry","has-media"],"yoast_head":"<!-- This site is optimized with the Yoast SEO plugin v26.7 - https:\/\/yoast.com\/wordpress\/plugins\/seo\/ -->\n<title>El SelvaMar Business Campus empieza su actividad en el distrito 22@ de Barcelona - GARCIA FAURA<\/title>\n<meta name=\"description\" content=\"Arquitectura en Alumini, Inox, Ferro i Vidre\" \/>\n<meta name=\"robots\" content=\"index, follow, max-snippet:-1, max-image-preview:large, max-video-preview:-1\" \/>\n<link rel=\"canonical\" href=\"https:\/\/www.garciafaura.com\/es\/el-selvamar-business-campus-comenca-la-seva-activitat-al-22-de-barcelona\/\" \/>\n<meta property=\"og:locale\" content=\"es_ES\" \/>\n<meta property=\"og:type\" content=\"article\" \/>\n<meta property=\"og:title\" content=\"El SelvaMar Business Campus empieza su actividad en el distrito 22@ de Barcelona - GARCIA FAURA\" \/>\n<meta property=\"og:description\" content=\"Arquitectura en Alumini, Inox, Ferro i Vidre\" \/>\n<meta property=\"og:url\" content=\"https:\/\/www.garciafaura.com\/es\/el-selvamar-business-campus-comenca-la-seva-activitat-al-22-de-barcelona\/\" \/>\n<meta property=\"og:site_name\" content=\"GARCIA FAURA\" \/>\n<meta property=\"article:published_time\" content=\"2022-10-20T13:17:56+00:00\" \/>\n<meta property=\"article:modified_time\" content=\"2022-10-20T14:53:49+00:00\" \/>\n<meta property=\"og:image\" content=\"https:\/\/www.garciafaura.com\/wp-content\/uploads\/2022\/10\/SelvaMar-Business-Campus-scaled.jpg\" \/>\n\t<meta property=\"og:image:width\" content=\"2560\" \/>\n\t<meta property=\"og:image:height\" content=\"1707\" \/>\n\t<meta property=\"og:image:type\" content=\"image\/jpeg\" \/>\n<meta name=\"author\" content=\"David Achell\" \/>\n<meta name=\"twitter:card\" content=\"summary_large_image\" \/>\n<meta name=\"twitter:label1\" content=\"Escrito por\" \/>\n\t<meta name=\"twitter:data1\" content=\"David Achell\" \/>\n\t<meta name=\"twitter:label2\" content=\"Tiempo de lectura\" \/>\n\t<meta name=\"twitter:data2\" content=\"2 minutos\" \/>\n<script type=\"application\/ld+json\" class=\"yoast-schema-graph\">{\"@context\":\"https:\/\/schema.org\",\"@graph\":[{\"@type\":\"Article\",\"@id\":\"https:\/\/www.garciafaura.com\/es\/el-selvamar-business-campus-comenca-la-seva-activitat-al-22-de-barcelona\/#article\",\"isPartOf\":{\"@id\":\"https:\/\/www.garciafaura.com\/es\/el-selvamar-business-campus-comenca-la-seva-activitat-al-22-de-barcelona\/\"},\"author\":{\"name\":\"David Achell\",\"@id\":\"https:\/\/www.garciafaura.com\/fr\/#\/schema\/person\/b4b75e69b33fac3446071909bec106b0\"},\"headline\":\"El SelvaMar Business Campus empieza su actividad en el distrito 22@ de Barcelona\",\"datePublished\":\"2022-10-20T13:17:56+00:00\",\"dateModified\":\"2022-10-20T14:53:49+00:00\",\"mainEntityOfPage\":{\"@id\":\"https:\/\/www.garciafaura.com\/es\/el-selvamar-business-campus-comenca-la-seva-activitat-al-22-de-barcelona\/\"},\"wordCount\":337,\"publisher\":{\"@id\":\"https:\/\/www.garciafaura.com\/fr\/#organization\"},\"image\":{\"@id\":\"https:\/\/www.garciafaura.com\/es\/el-selvamar-business-campus-comenca-la-seva-activitat-al-22-de-barcelona\/#primaryimage\"},\"thumbnailUrl\":\"https:\/\/www.garciafaura.com\/wp-content\/uploads\/2022\/10\/SelvaMar-Business-Campus-scaled.jpg\",\"articleSection\":[\"Actualidad\"],\"inLanguage\":\"es\"},{\"@type\":\"WebPage\",\"@id\":\"https:\/\/www.garciafaura.com\/es\/el-selvamar-business-campus-comenca-la-seva-activitat-al-22-de-barcelona\/\",\"url\":\"https:\/\/www.garciafaura.com\/es\/el-selvamar-business-campus-comenca-la-seva-activitat-al-22-de-barcelona\/\",\"name\":\"El SelvaMar Business Campus empieza su actividad en el distrito 22@ de Barcelona - GARCIA FAURA\",\"isPartOf\":{\"@id\":\"https:\/\/www.garciafaura.com\/fr\/#website\"},\"primaryImageOfPage\":{\"@id\":\"https:\/\/www.garciafaura.com\/es\/el-selvamar-business-campus-comenca-la-seva-activitat-al-22-de-barcelona\/#primaryimage\"},\"image\":{\"@id\":\"https:\/\/www.garciafaura.com\/es\/el-selvamar-business-campus-comenca-la-seva-activitat-al-22-de-barcelona\/#primaryimage\"},\"thumbnailUrl\":\"https:\/\/www.garciafaura.com\/wp-content\/uploads\/2022\/10\/SelvaMar-Business-Campus-scaled.jpg\",\"datePublished\":\"2022-10-20T13:17:56+00:00\",\"dateModified\":\"2022-10-20T14:53:49+00:00\",\"description\":\"Arquitectura en Alumini, Inox, Ferro i Vidre\",\"breadcrumb\":{\"@id\":\"https:\/\/www.garciafaura.com\/es\/el-selvamar-business-campus-comenca-la-seva-activitat-al-22-de-barcelona\/#breadcrumb\"},\"inLanguage\":\"es\",\"potentialAction\":[{\"@type\":\"ReadAction\",\"target\":[\"https:\/\/www.garciafaura.com\/es\/el-selvamar-business-campus-comenca-la-seva-activitat-al-22-de-barcelona\/\"]}]},{\"@type\":\"ImageObject\",\"inLanguage\":\"es\",\"@id\":\"https:\/\/www.garciafaura.com\/es\/el-selvamar-business-campus-comenca-la-seva-activitat-al-22-de-barcelona\/#primaryimage\",\"url\":\"https:\/\/www.garciafaura.com\/wp-content\/uploads\/2022\/10\/SelvaMar-Business-Campus-scaled.jpg\",\"contentUrl\":\"https:\/\/www.garciafaura.com\/wp-content\/uploads\/2022\/10\/SelvaMar-Business-Campus-scaled.jpg\",\"width\":2560,\"height\":1707},{\"@type\":\"BreadcrumbList\",\"@id\":\"https:\/\/www.garciafaura.com\/es\/el-selvamar-business-campus-comenca-la-seva-activitat-al-22-de-barcelona\/#breadcrumb\",\"itemListElement\":[{\"@type\":\"ListItem\",\"position\":1,\"name\":\"Inici\",\"item\":\"https:\/\/www.garciafaura.com\/es\/\"},{\"@type\":\"ListItem\",\"position\":2,\"name\":\"El SelvaMar Business Campus empieza su actividad en el distrito 22@ de Barcelona\"}]},{\"@type\":\"WebSite\",\"@id\":\"https:\/\/www.garciafaura.com\/fr\/#website\",\"url\":\"https:\/\/www.garciafaura.com\/fr\/\",\"name\":\"GARCIA FAURA\",\"description\":\"Arquitectura en Alumini, Inox, Ferro i Vidre\",\"publisher\":{\"@id\":\"https:\/\/www.garciafaura.com\/fr\/#organization\"},\"potentialAction\":[{\"@type\":\"SearchAction\",\"target\":{\"@type\":\"EntryPoint\",\"urlTemplate\":\"https:\/\/www.garciafaura.com\/fr\/?s={search_term_string}\"},\"query-input\":{\"@type\":\"PropertyValueSpecification\",\"valueRequired\":true,\"valueName\":\"search_term_string\"}}],\"inLanguage\":\"es\"},{\"@type\":\"Organization\",\"@id\":\"https:\/\/www.garciafaura.com\/fr\/#organization\",\"name\":\"GARCIA FAURA\",\"url\":\"https:\/\/www.garciafaura.com\/fr\/\",\"logo\":{\"@type\":\"ImageObject\",\"inLanguage\":\"es\",\"@id\":\"https:\/\/www.garciafaura.com\/fr\/#\/schema\/logo\/image\/\",\"url\":\"https:\/\/www.garciafaura.com\/wp-content\/uploads\/2018\/09\/Garcia-Faura.png\",\"contentUrl\":\"https:\/\/www.garciafaura.com\/wp-content\/uploads\/2018\/09\/Garcia-Faura.png\",\"width\":512,\"height\":512,\"caption\":\"GARCIA FAURA\"},\"image\":{\"@id\":\"https:\/\/www.garciafaura.com\/fr\/#\/schema\/logo\/image\/\"},\"sameAs\":[\"https:\/\/www.youtube.com\/user\/GARCIAFAURA\"]},{\"@type\":\"Person\",\"@id\":\"https:\/\/www.garciafaura.com\/fr\/#\/schema\/person\/b4b75e69b33fac3446071909bec106b0\",\"name\":\"David Achell\",\"image\":{\"@type\":\"ImageObject\",\"inLanguage\":\"es\",\"@id\":\"https:\/\/www.garciafaura.com\/fr\/#\/schema\/person\/image\/\",\"url\":\"https:\/\/secure.gravatar.com\/avatar\/03900210afc1f61bce737bcb4a79c02e2c997f171e3eca839b5a4cbe03846c90?s=96&d=blank&r=g\",\"contentUrl\":\"https:\/\/secure.gravatar.com\/avatar\/03900210afc1f61bce737bcb4a79c02e2c997f171e3eca839b5a4cbe03846c90?s=96&d=blank&r=g\",\"caption\":\"David Achell\"}}]}<\/script>\n<!-- \/ Yoast SEO plugin. -->","yoast_head_json":{"title":"El SelvaMar Business Campus empieza su actividad en el distrito 22@ de Barcelona - GARCIA FAURA","description":"Arquitectura en Alumini, Inox, Ferro i Vidre","robots":{"index":"index","follow":"follow","max-snippet":"max-snippet:-1","max-image-preview":"max-image-preview:large","max-video-preview":"max-video-preview:-1"},"canonical":"https:\/\/www.garciafaura.com\/es\/el-selvamar-business-campus-comenca-la-seva-activitat-al-22-de-barcelona\/","og_locale":"es_ES","og_type":"article","og_title":"El SelvaMar Business Campus empieza su actividad en el distrito 22@ de Barcelona - GARCIA FAURA","og_description":"Arquitectura en Alumini, Inox, Ferro i Vidre","og_url":"https:\/\/www.garciafaura.com\/es\/el-selvamar-business-campus-comenca-la-seva-activitat-al-22-de-barcelona\/","og_site_name":"GARCIA FAURA","article_published_time":"2022-10-20T13:17:56+00:00","article_modified_time":"2022-10-20T14:53:49+00:00","og_image":[{"width":2560,"height":1707,"url":"https:\/\/www.garciafaura.com\/wp-content\/uploads\/2022\/10\/SelvaMar-Business-Campus-scaled.jpg","type":"image\/jpeg"}],"author":"David Achell","twitter_card":"summary_large_image","twitter_misc":{"Escrito por":"David Achell","Tiempo de lectura":"2 minutos"},"schema":{"@context":"https:\/\/schema.org","@graph":[{"@type":"Article","@id":"https:\/\/www.garciafaura.com\/es\/el-selvamar-business-campus-comenca-la-seva-activitat-al-22-de-barcelona\/#article","isPartOf":{"@id":"https:\/\/www.garciafaura.com\/es\/el-selvamar-business-campus-comenca-la-seva-activitat-al-22-de-barcelona\/"},"author":{"name":"David Achell","@id":"https:\/\/www.garciafaura.com\/fr\/#\/schema\/person\/b4b75e69b33fac3446071909bec106b0"},"headline":"El SelvaMar Business Campus empieza su actividad en el distrito 22@ de Barcelona","datePublished":"2022-10-20T13:17:56+00:00","dateModified":"2022-10-20T14:53:49+00:00","mainEntityOfPage":{"@id":"https:\/\/www.garciafaura.com\/es\/el-selvamar-business-campus-comenca-la-seva-activitat-al-22-de-barcelona\/"},"wordCount":337,"publisher":{"@id":"https:\/\/www.garciafaura.com\/fr\/#organization"},"image":{"@id":"https:\/\/www.garciafaura.com\/es\/el-selvamar-business-campus-comenca-la-seva-activitat-al-22-de-barcelona\/#primaryimage"},"thumbnailUrl":"https:\/\/www.garciafaura.com\/wp-content\/uploads\/2022\/10\/SelvaMar-Business-Campus-scaled.jpg","articleSection":["Actualidad"],"inLanguage":"es"},{"@type":"WebPage","@id":"https:\/\/www.garciafaura.com\/es\/el-selvamar-business-campus-comenca-la-seva-activitat-al-22-de-barcelona\/","url":"https:\/\/www.garciafaura.com\/es\/el-selvamar-business-campus-comenca-la-seva-activitat-al-22-de-barcelona\/","name":"El SelvaMar Business Campus empieza su actividad en el distrito 22@ de Barcelona - GARCIA FAURA","isPartOf":{"@id":"https:\/\/www.garciafaura.com\/fr\/#website"},"primaryImageOfPage":{"@id":"https:\/\/www.garciafaura.com\/es\/el-selvamar-business-campus-comenca-la-seva-activitat-al-22-de-barcelona\/#primaryimage"},"image":{"@id":"https:\/\/www.garciafaura.com\/es\/el-selvamar-business-campus-comenca-la-seva-activitat-al-22-de-barcelona\/#primaryimage"},"thumbnailUrl":"https:\/\/www.garciafaura.com\/wp-content\/uploads\/2022\/10\/SelvaMar-Business-Campus-scaled.jpg","datePublished":"2022-10-20T13:17:56+00:00","dateModified":"2022-10-20T14:53:49+00:00","description":"Arquitectura en Alumini, Inox, Ferro i Vidre","breadcrumb":{"@id":"https:\/\/www.garciafaura.com\/es\/el-selvamar-business-campus-comenca-la-seva-activitat-al-22-de-barcelona\/#breadcrumb"},"inLanguage":"es","potentialAction":[{"@type":"ReadAction","target":["https:\/\/www.garciafaura.com\/es\/el-selvamar-business-campus-comenca-la-seva-activitat-al-22-de-barcelona\/"]}]},{"@type":"ImageObject","inLanguage":"es","@id":"https:\/\/www.garciafaura.com\/es\/el-selvamar-business-campus-comenca-la-seva-activitat-al-22-de-barcelona\/#primaryimage","url":"https:\/\/www.garciafaura.com\/wp-content\/uploads\/2022\/10\/SelvaMar-Business-Campus-scaled.jpg","contentUrl":"https:\/\/www.garciafaura.com\/wp-content\/uploads\/2022\/10\/SelvaMar-Business-Campus-scaled.jpg","width":2560,"height":1707},{"@type":"BreadcrumbList","@id":"https:\/\/www.garciafaura.com\/es\/el-selvamar-business-campus-comenca-la-seva-activitat-al-22-de-barcelona\/#breadcrumb","itemListElement":[{"@type":"ListItem","position":1,"name":"Inici","item":"https:\/\/www.garciafaura.com\/es\/"},{"@type":"ListItem","position":2,"name":"El SelvaMar Business Campus empieza su actividad en el distrito 22@ de Barcelona"}]},{"@type":"WebSite","@id":"https:\/\/www.garciafaura.com\/fr\/#website","url":"https:\/\/www.garciafaura.com\/fr\/","name":"GARCIA FAURA","description":"Arquitectura en Alumini, Inox, Ferro i Vidre","publisher":{"@id":"https:\/\/www.garciafaura.com\/fr\/#organization"},"potentialAction":[{"@type":"SearchAction","target":{"@type":"EntryPoint","urlTemplate":"https:\/\/www.garciafaura.com\/fr\/?s={search_term_string}"},"query-input":{"@type":"PropertyValueSpecification","valueRequired":true,"valueName":"search_term_string"}}],"inLanguage":"es"},{"@type":"Organization","@id":"https:\/\/www.garciafaura.com\/fr\/#organization","name":"GARCIA FAURA","url":"https:\/\/www.garciafaura.com\/fr\/","logo":{"@type":"ImageObject","inLanguage":"es","@id":"https:\/\/www.garciafaura.com\/fr\/#\/schema\/logo\/image\/","url":"https:\/\/www.garciafaura.com\/wp-content\/uploads\/2018\/09\/Garcia-Faura.png","contentUrl":"https:\/\/www.garciafaura.com\/wp-content\/uploads\/2018\/09\/Garcia-Faura.png","width":512,"height":512,"caption":"GARCIA FAURA"},"image":{"@id":"https:\/\/www.garciafaura.com\/fr\/#\/schema\/logo\/image\/"},"sameAs":["https:\/\/www.youtube.com\/user\/GARCIAFAURA"]},{"@type":"Person","@id":"https:\/\/www.garciafaura.com\/fr\/#\/schema\/person\/b4b75e69b33fac3446071909bec106b0","name":"David Achell","image":{"@type":"ImageObject","inLanguage":"es","@id":"https:\/\/www.garciafaura.com\/fr\/#\/schema\/person\/image\/","url":"https:\/\/secure.gravatar.com\/avatar\/03900210afc1f61bce737bcb4a79c02e2c997f171e3eca839b5a4cbe03846c90?s=96&d=blank&r=g","contentUrl":"https:\/\/secure.gravatar.com\/avatar\/03900210afc1f61bce737bcb4a79c02e2c997f171e3eca839b5a4cbe03846c90?s=96&d=blank&r=g","caption":"David Achell"}}]}},"_links":{"self":[{"href":"https:\/\/www.garciafaura.com\/es\/wp-json\/wp\/v2\/posts\/30632","targetHints":{"allow":["GET"]}}],"collection":[{"href":"https:\/\/www.garciafaura.com\/es\/wp-json\/wp\/v2\/posts"}],"about":[{"href":"https:\/\/www.garciafaura.com\/es\/wp-json\/wp\/v2\/types\/post"}],"author":[{"embeddable":true,"href":"https:\/\/www.garciafaura.com\/es\/wp-json\/wp\/v2\/users\/3"}],"replies":[{"embeddable":true,"href":"https:\/\/www.garciafaura.com\/es\/wp-json\/wp\/v2\/comments?post=30632"}],"version-history":[{"count":2,"href":"https:\/\/www.garciafaura.com\/es\/wp-json\/wp\/v2\/posts\/30632\/revisions"}],"predecessor-version":[{"id":30634,"href":"https:\/\/www.garciafaura.com\/es\/wp-json\/wp\/v2\/posts\/30632\/revisions\/30634"}],"wp:featuredmedia":[{"embeddable":true,"href":"https:\/\/www.garciafaura.com\/es\/wp-json\/wp\/v2\/media\/30649"}],"wp:attachment":[{"href":"https:\/\/www.garciafaura.com\/es\/wp-json\/wp\/v2\/media?parent=30632"}],"wp:term":[{"taxonomy":"category","embeddable":true,"href":"https:\/\/www.garciafaura.com\/es\/wp-json\/wp\/v2\/categories?post=30632"},{"taxonomy":"post_tag","embeddable":true,"href":"https:\/\/www.garciafaura.com\/es\/wp-json\/wp\/v2\/tags?post=30632"},{"taxonomy":"post_series","embeddable":true,"href":"https:\/\/www.garciafaura.com\/es\/wp-json\/wp\/v2\/post_series?post=30632"}],"curies":[{"name":"wp","href":"https:\/\/api.w.org\/{rel}","templated":true}]}}