{"id":30389,"date":"2022-09-30T16:16:40","date_gmt":"2022-09-30T14:16:40","guid":{"rendered":"https:\/\/www.garciafaura.com\/tancaments-i-mur-cortina-de-garcia-faura-per-al-nou-edifici-del-campus-docent-sant-joan-de-deu\/"},"modified":"2022-09-30T16:23:35","modified_gmt":"2022-09-30T14:23:35","slug":"tancaments-i-mur-cortina-de-garcia-faura-per-al-nou-edifici-del-campus-docent-sant-joan-de-deu","status":"publish","type":"post","link":"https:\/\/www.garciafaura.com\/es\/tancaments-i-mur-cortina-de-garcia-faura-per-al-nou-edifici-del-campus-docent-sant-joan-de-deu\/","title":{"rendered":"Cerramientos y muro cortina de GARCIA FAURA para el nuevo edificio del Campus Docente Sant Joan de D\u00e9u"},"content":{"rendered":"<p style=\"text-align: justify;\"><strong>En el Parque Sanitario Sant Joan de D\u00e9u, en Sant Boi de Llobregat (Barcelona), se construye el nuevo edificio que albergar\u00e1 el Campus Docente Sant Joan de D\u00e9u. La obra final representar\u00e1 un concepto de espacio sostenible que quiere ser un referente en el \u00e1mbito educativo de la salud, tanto a nivel nacional como internacional. Y GARCIA FAURA dejar\u00e1 su impronta.<\/strong><\/p>\n<p style=\"text-align: justify;\">El <a href=\"https:\/\/www.santjoandedeu.edu.es\/es\/node\" target=\"_blank\" rel=\"noopener\">Campus Docente Sant Joan de D\u00e9u<\/a>, adscrito a la Universidad de Barcelona, \u200b\u200bimparte diversas formaciones relacionadas con la salud, el cuidado de las personas y la calidad de vida (grados, ciclos formativos, m\u00e1steres y posgrados), adem\u00e1s de generar y potenciar procesos de investigaci\u00f3n y producci\u00f3n cient\u00edfica.<\/p>\n<p style=\"text-align: justify;\">El nuevo edificio que se levanta en el Parque Sanitario Sant Joan de D\u00e9u en Sant Boi de Llobregat incorpora destacadas premisas en materia de <strong>eficiencia energ\u00e9tica<\/strong> y <strong>sostenibilidad<\/strong>. Se ha dise\u00f1ado para crear entornos de trabajo que faciliten los procesos de estudio y aprendizaje, con espacios polivalentes y flexibles tanto para el profesorado como para el alumnado y favorecer el bienestar de la comunidad educativa.<\/p>\n<p style=\"text-align: justify;\">Para hacer realidad este proyecto, <strong>GARCIA FAURA<\/strong> trabaja en la fabricaci\u00f3n e instalaci\u00f3n de 61 unidades de <strong>cerramientos met\u00e1licos<\/strong>, con <strong>perfil de aluminio con rotura de puente t\u00e9rmico<\/strong> <strong>y cristales de altas prestaciones ac\u00fasticas y de control solar<\/strong>.<\/p>\n<p style=\"text-align: justify;\"><strong>GARCIA FAURA<\/strong> tambi\u00e9n desarrolla 1.282,74 metros cuadrados de <strong>muro cortina<\/strong>, que incorpora <strong>cierres de apertura corredera<\/strong>. La <strong>fachada<\/strong> busca resolver las exigencias de <strong>eficiencia energ\u00e9tica<\/strong> contempladas en el proyecto, cuya soluci\u00f3n har\u00e1 de la <strong>fachada<\/strong> un elemento clave en el car\u00e1cter <strong>sostenible<\/strong> del edificio.<\/p>\n","protected":false},"excerpt":{"rendered":"<p>En el Parque Sanitario Sant Joan de D\u00e9u, en Sant Boi de Llobregat (Barcelona), se construye el nuevo edificio que albergar\u00e1 el Campus Docente Sant Joan de D\u00e9u. La obra final representar\u00e1 un concepto de espacio sostenible que quiere ser&hellip;<\/p>\n","protected":false},"author":3,"featured_media":30385,"comment_status":"closed","ping_status":"open","sticky":false,"template":"","format":"standard","meta":{"footnotes":""},"categories":[3],"tags":[],"post_series":[],"class_list":["post-30389","post","type-post","status-publish","format-standard","has-post-thumbnail","hentry","category-actualidad","entry","has-media"],"yoast_head":"<!-- This site is optimized with the Yoast SEO plugin v26.7 - https:\/\/yoast.com\/wordpress\/plugins\/seo\/ -->\n<title>Cerramientos y muro cortina de GARCIA FAURA para el nuevo edificio del Campus Docente Sant Joan de D\u00e9u - GARCIA FAURA<\/title>\n<meta name=\"description\" content=\"Arquitectura en Alumini, Inox, Ferro i Vidre\" \/>\n<meta name=\"robots\" content=\"index, follow, max-snippet:-1, max-image-preview:large, max-video-preview:-1\" \/>\n<link rel=\"canonical\" href=\"https:\/\/www.garciafaura.com\/es\/tancaments-i-mur-cortina-de-garcia-faura-per-al-nou-edifici-del-campus-docent-sant-joan-de-deu\/\" \/>\n<meta property=\"og:locale\" content=\"es_ES\" \/>\n<meta property=\"og:type\" content=\"article\" \/>\n<meta property=\"og:title\" content=\"Cerramientos y muro cortina de GARCIA FAURA para el nuevo edificio del Campus Docente Sant Joan de D\u00e9u - GARCIA FAURA\" \/>\n<meta property=\"og:description\" content=\"Arquitectura en Alumini, Inox, Ferro i Vidre\" \/>\n<meta property=\"og:url\" content=\"https:\/\/www.garciafaura.com\/es\/tancaments-i-mur-cortina-de-garcia-faura-per-al-nou-edifici-del-campus-docent-sant-joan-de-deu\/\" \/>\n<meta property=\"og:site_name\" content=\"GARCIA FAURA\" \/>\n<meta property=\"article:published_time\" content=\"2022-09-30T14:16:40+00:00\" \/>\n<meta property=\"article:modified_time\" content=\"2022-09-30T14:23:35+00:00\" \/>\n<meta property=\"og:image\" content=\"https:\/\/www.garciafaura.com\/wp-content\/uploads\/2022\/09\/Campus-Docent-Sant-Joan-de-Deu.jpeg\" \/>\n\t<meta property=\"og:image:width\" content=\"1536\" \/>\n\t<meta property=\"og:image:height\" content=\"802\" \/>\n\t<meta property=\"og:image:type\" content=\"image\/jpeg\" \/>\n<meta name=\"author\" content=\"David Achell\" \/>\n<meta name=\"twitter:card\" content=\"summary_large_image\" \/>\n<meta name=\"twitter:label1\" content=\"Escrito por\" \/>\n\t<meta name=\"twitter:data1\" content=\"David Achell\" \/>\n\t<meta name=\"twitter:label2\" content=\"Tiempo de lectura\" \/>\n\t<meta name=\"twitter:data2\" content=\"2 minutos\" \/>\n<script type=\"application\/ld+json\" class=\"yoast-schema-graph\">{\"@context\":\"https:\/\/schema.org\",\"@graph\":[{\"@type\":\"Article\",\"@id\":\"https:\/\/www.garciafaura.com\/es\/tancaments-i-mur-cortina-de-garcia-faura-per-al-nou-edifici-del-campus-docent-sant-joan-de-deu\/#article\",\"isPartOf\":{\"@id\":\"https:\/\/www.garciafaura.com\/es\/tancaments-i-mur-cortina-de-garcia-faura-per-al-nou-edifici-del-campus-docent-sant-joan-de-deu\/\"},\"author\":{\"name\":\"David Achell\",\"@id\":\"https:\/\/www.garciafaura.com\/fr\/#\/schema\/person\/b4b75e69b33fac3446071909bec106b0\"},\"headline\":\"Cerramientos y muro cortina de GARCIA FAURA para el nuevo edificio del Campus Docente Sant Joan de D\u00e9u\",\"datePublished\":\"2022-09-30T14:16:40+00:00\",\"dateModified\":\"2022-09-30T14:23:35+00:00\",\"mainEntityOfPage\":{\"@id\":\"https:\/\/www.garciafaura.com\/es\/tancaments-i-mur-cortina-de-garcia-faura-per-al-nou-edifici-del-campus-docent-sant-joan-de-deu\/\"},\"wordCount\":293,\"publisher\":{\"@id\":\"https:\/\/www.garciafaura.com\/fr\/#organization\"},\"image\":{\"@id\":\"https:\/\/www.garciafaura.com\/es\/tancaments-i-mur-cortina-de-garcia-faura-per-al-nou-edifici-del-campus-docent-sant-joan-de-deu\/#primaryimage\"},\"thumbnailUrl\":\"https:\/\/www.garciafaura.com\/wp-content\/uploads\/2022\/09\/Campus-Docent-Sant-Joan-de-Deu.jpeg\",\"articleSection\":[\"Actualidad\"],\"inLanguage\":\"es\"},{\"@type\":\"WebPage\",\"@id\":\"https:\/\/www.garciafaura.com\/es\/tancaments-i-mur-cortina-de-garcia-faura-per-al-nou-edifici-del-campus-docent-sant-joan-de-deu\/\",\"url\":\"https:\/\/www.garciafaura.com\/es\/tancaments-i-mur-cortina-de-garcia-faura-per-al-nou-edifici-del-campus-docent-sant-joan-de-deu\/\",\"name\":\"Cerramientos y muro cortina de GARCIA FAURA para el nuevo edificio del Campus Docente Sant Joan de D\u00e9u - GARCIA FAURA\",\"isPartOf\":{\"@id\":\"https:\/\/www.garciafaura.com\/fr\/#website\"},\"primaryImageOfPage\":{\"@id\":\"https:\/\/www.garciafaura.com\/es\/tancaments-i-mur-cortina-de-garcia-faura-per-al-nou-edifici-del-campus-docent-sant-joan-de-deu\/#primaryimage\"},\"image\":{\"@id\":\"https:\/\/www.garciafaura.com\/es\/tancaments-i-mur-cortina-de-garcia-faura-per-al-nou-edifici-del-campus-docent-sant-joan-de-deu\/#primaryimage\"},\"thumbnailUrl\":\"https:\/\/www.garciafaura.com\/wp-content\/uploads\/2022\/09\/Campus-Docent-Sant-Joan-de-Deu.jpeg\",\"datePublished\":\"2022-09-30T14:16:40+00:00\",\"dateModified\":\"2022-09-30T14:23:35+00:00\",\"description\":\"Arquitectura en Alumini, Inox, Ferro i Vidre\",\"breadcrumb\":{\"@id\":\"https:\/\/www.garciafaura.com\/es\/tancaments-i-mur-cortina-de-garcia-faura-per-al-nou-edifici-del-campus-docent-sant-joan-de-deu\/#breadcrumb\"},\"inLanguage\":\"es\",\"potentialAction\":[{\"@type\":\"ReadAction\",\"target\":[\"https:\/\/www.garciafaura.com\/es\/tancaments-i-mur-cortina-de-garcia-faura-per-al-nou-edifici-del-campus-docent-sant-joan-de-deu\/\"]}]},{\"@type\":\"ImageObject\",\"inLanguage\":\"es\",\"@id\":\"https:\/\/www.garciafaura.com\/es\/tancaments-i-mur-cortina-de-garcia-faura-per-al-nou-edifici-del-campus-docent-sant-joan-de-deu\/#primaryimage\",\"url\":\"https:\/\/www.garciafaura.com\/wp-content\/uploads\/2022\/09\/Campus-Docent-Sant-Joan-de-Deu.jpeg\",\"contentUrl\":\"https:\/\/www.garciafaura.com\/wp-content\/uploads\/2022\/09\/Campus-Docent-Sant-Joan-de-Deu.jpeg\",\"width\":1536,\"height\":802},{\"@type\":\"BreadcrumbList\",\"@id\":\"https:\/\/www.garciafaura.com\/es\/tancaments-i-mur-cortina-de-garcia-faura-per-al-nou-edifici-del-campus-docent-sant-joan-de-deu\/#breadcrumb\",\"itemListElement\":[{\"@type\":\"ListItem\",\"position\":1,\"name\":\"Inici\",\"item\":\"https:\/\/www.garciafaura.com\/es\/\"},{\"@type\":\"ListItem\",\"position\":2,\"name\":\"Cerramientos y muro cortina de GARCIA FAURA para el nuevo edificio del Campus Docente Sant Joan de D\u00e9u\"}]},{\"@type\":\"WebSite\",\"@id\":\"https:\/\/www.garciafaura.com\/fr\/#website\",\"url\":\"https:\/\/www.garciafaura.com\/fr\/\",\"name\":\"GARCIA FAURA\",\"description\":\"Arquitectura en Alumini, Inox, Ferro i Vidre\",\"publisher\":{\"@id\":\"https:\/\/www.garciafaura.com\/fr\/#organization\"},\"potentialAction\":[{\"@type\":\"SearchAction\",\"target\":{\"@type\":\"EntryPoint\",\"urlTemplate\":\"https:\/\/www.garciafaura.com\/fr\/?s={search_term_string}\"},\"query-input\":{\"@type\":\"PropertyValueSpecification\",\"valueRequired\":true,\"valueName\":\"search_term_string\"}}],\"inLanguage\":\"es\"},{\"@type\":\"Organization\",\"@id\":\"https:\/\/www.garciafaura.com\/fr\/#organization\",\"name\":\"GARCIA FAURA\",\"url\":\"https:\/\/www.garciafaura.com\/fr\/\",\"logo\":{\"@type\":\"ImageObject\",\"inLanguage\":\"es\",\"@id\":\"https:\/\/www.garciafaura.com\/fr\/#\/schema\/logo\/image\/\",\"url\":\"https:\/\/www.garciafaura.com\/wp-content\/uploads\/2018\/09\/Garcia-Faura.png\",\"contentUrl\":\"https:\/\/www.garciafaura.com\/wp-content\/uploads\/2018\/09\/Garcia-Faura.png\",\"width\":512,\"height\":512,\"caption\":\"GARCIA FAURA\"},\"image\":{\"@id\":\"https:\/\/www.garciafaura.com\/fr\/#\/schema\/logo\/image\/\"},\"sameAs\":[\"https:\/\/www.youtube.com\/user\/GARCIAFAURA\"]},{\"@type\":\"Person\",\"@id\":\"https:\/\/www.garciafaura.com\/fr\/#\/schema\/person\/b4b75e69b33fac3446071909bec106b0\",\"name\":\"David Achell\",\"image\":{\"@type\":\"ImageObject\",\"inLanguage\":\"es\",\"@id\":\"https:\/\/www.garciafaura.com\/fr\/#\/schema\/person\/image\/\",\"url\":\"https:\/\/secure.gravatar.com\/avatar\/03900210afc1f61bce737bcb4a79c02e2c997f171e3eca839b5a4cbe03846c90?s=96&d=blank&r=g\",\"contentUrl\":\"https:\/\/secure.gravatar.com\/avatar\/03900210afc1f61bce737bcb4a79c02e2c997f171e3eca839b5a4cbe03846c90?s=96&d=blank&r=g\",\"caption\":\"David Achell\"}}]}<\/script>\n<!-- \/ Yoast SEO plugin. -->","yoast_head_json":{"title":"Cerramientos y muro cortina de GARCIA FAURA para el nuevo edificio del Campus Docente Sant Joan de D\u00e9u - GARCIA FAURA","description":"Arquitectura en Alumini, Inox, Ferro i Vidre","robots":{"index":"index","follow":"follow","max-snippet":"max-snippet:-1","max-image-preview":"max-image-preview:large","max-video-preview":"max-video-preview:-1"},"canonical":"https:\/\/www.garciafaura.com\/es\/tancaments-i-mur-cortina-de-garcia-faura-per-al-nou-edifici-del-campus-docent-sant-joan-de-deu\/","og_locale":"es_ES","og_type":"article","og_title":"Cerramientos y muro cortina de GARCIA FAURA para el nuevo edificio del Campus Docente Sant Joan de D\u00e9u - GARCIA FAURA","og_description":"Arquitectura en Alumini, Inox, Ferro i Vidre","og_url":"https:\/\/www.garciafaura.com\/es\/tancaments-i-mur-cortina-de-garcia-faura-per-al-nou-edifici-del-campus-docent-sant-joan-de-deu\/","og_site_name":"GARCIA FAURA","article_published_time":"2022-09-30T14:16:40+00:00","article_modified_time":"2022-09-30T14:23:35+00:00","og_image":[{"width":1536,"height":802,"url":"https:\/\/www.garciafaura.com\/wp-content\/uploads\/2022\/09\/Campus-Docent-Sant-Joan-de-Deu.jpeg","type":"image\/jpeg"}],"author":"David Achell","twitter_card":"summary_large_image","twitter_misc":{"Escrito por":"David Achell","Tiempo de lectura":"2 minutos"},"schema":{"@context":"https:\/\/schema.org","@graph":[{"@type":"Article","@id":"https:\/\/www.garciafaura.com\/es\/tancaments-i-mur-cortina-de-garcia-faura-per-al-nou-edifici-del-campus-docent-sant-joan-de-deu\/#article","isPartOf":{"@id":"https:\/\/www.garciafaura.com\/es\/tancaments-i-mur-cortina-de-garcia-faura-per-al-nou-edifici-del-campus-docent-sant-joan-de-deu\/"},"author":{"name":"David Achell","@id":"https:\/\/www.garciafaura.com\/fr\/#\/schema\/person\/b4b75e69b33fac3446071909bec106b0"},"headline":"Cerramientos y muro cortina de GARCIA FAURA para el nuevo edificio del Campus Docente Sant Joan de D\u00e9u","datePublished":"2022-09-30T14:16:40+00:00","dateModified":"2022-09-30T14:23:35+00:00","mainEntityOfPage":{"@id":"https:\/\/www.garciafaura.com\/es\/tancaments-i-mur-cortina-de-garcia-faura-per-al-nou-edifici-del-campus-docent-sant-joan-de-deu\/"},"wordCount":293,"publisher":{"@id":"https:\/\/www.garciafaura.com\/fr\/#organization"},"image":{"@id":"https:\/\/www.garciafaura.com\/es\/tancaments-i-mur-cortina-de-garcia-faura-per-al-nou-edifici-del-campus-docent-sant-joan-de-deu\/#primaryimage"},"thumbnailUrl":"https:\/\/www.garciafaura.com\/wp-content\/uploads\/2022\/09\/Campus-Docent-Sant-Joan-de-Deu.jpeg","articleSection":["Actualidad"],"inLanguage":"es"},{"@type":"WebPage","@id":"https:\/\/www.garciafaura.com\/es\/tancaments-i-mur-cortina-de-garcia-faura-per-al-nou-edifici-del-campus-docent-sant-joan-de-deu\/","url":"https:\/\/www.garciafaura.com\/es\/tancaments-i-mur-cortina-de-garcia-faura-per-al-nou-edifici-del-campus-docent-sant-joan-de-deu\/","name":"Cerramientos y muro cortina de GARCIA FAURA para el nuevo edificio del Campus Docente Sant Joan de D\u00e9u - GARCIA FAURA","isPartOf":{"@id":"https:\/\/www.garciafaura.com\/fr\/#website"},"primaryImageOfPage":{"@id":"https:\/\/www.garciafaura.com\/es\/tancaments-i-mur-cortina-de-garcia-faura-per-al-nou-edifici-del-campus-docent-sant-joan-de-deu\/#primaryimage"},"image":{"@id":"https:\/\/www.garciafaura.com\/es\/tancaments-i-mur-cortina-de-garcia-faura-per-al-nou-edifici-del-campus-docent-sant-joan-de-deu\/#primaryimage"},"thumbnailUrl":"https:\/\/www.garciafaura.com\/wp-content\/uploads\/2022\/09\/Campus-Docent-Sant-Joan-de-Deu.jpeg","datePublished":"2022-09-30T14:16:40+00:00","dateModified":"2022-09-30T14:23:35+00:00","description":"Arquitectura en Alumini, Inox, Ferro i Vidre","breadcrumb":{"@id":"https:\/\/www.garciafaura.com\/es\/tancaments-i-mur-cortina-de-garcia-faura-per-al-nou-edifici-del-campus-docent-sant-joan-de-deu\/#breadcrumb"},"inLanguage":"es","potentialAction":[{"@type":"ReadAction","target":["https:\/\/www.garciafaura.com\/es\/tancaments-i-mur-cortina-de-garcia-faura-per-al-nou-edifici-del-campus-docent-sant-joan-de-deu\/"]}]},{"@type":"ImageObject","inLanguage":"es","@id":"https:\/\/www.garciafaura.com\/es\/tancaments-i-mur-cortina-de-garcia-faura-per-al-nou-edifici-del-campus-docent-sant-joan-de-deu\/#primaryimage","url":"https:\/\/www.garciafaura.com\/wp-content\/uploads\/2022\/09\/Campus-Docent-Sant-Joan-de-Deu.jpeg","contentUrl":"https:\/\/www.garciafaura.com\/wp-content\/uploads\/2022\/09\/Campus-Docent-Sant-Joan-de-Deu.jpeg","width":1536,"height":802},{"@type":"BreadcrumbList","@id":"https:\/\/www.garciafaura.com\/es\/tancaments-i-mur-cortina-de-garcia-faura-per-al-nou-edifici-del-campus-docent-sant-joan-de-deu\/#breadcrumb","itemListElement":[{"@type":"ListItem","position":1,"name":"Inici","item":"https:\/\/www.garciafaura.com\/es\/"},{"@type":"ListItem","position":2,"name":"Cerramientos y muro cortina de GARCIA FAURA para el nuevo edificio del Campus Docente Sant Joan de D\u00e9u"}]},{"@type":"WebSite","@id":"https:\/\/www.garciafaura.com\/fr\/#website","url":"https:\/\/www.garciafaura.com\/fr\/","name":"GARCIA FAURA","description":"Arquitectura en Alumini, Inox, Ferro i Vidre","publisher":{"@id":"https:\/\/www.garciafaura.com\/fr\/#organization"},"potentialAction":[{"@type":"SearchAction","target":{"@type":"EntryPoint","urlTemplate":"https:\/\/www.garciafaura.com\/fr\/?s={search_term_string}"},"query-input":{"@type":"PropertyValueSpecification","valueRequired":true,"valueName":"search_term_string"}}],"inLanguage":"es"},{"@type":"Organization","@id":"https:\/\/www.garciafaura.com\/fr\/#organization","name":"GARCIA FAURA","url":"https:\/\/www.garciafaura.com\/fr\/","logo":{"@type":"ImageObject","inLanguage":"es","@id":"https:\/\/www.garciafaura.com\/fr\/#\/schema\/logo\/image\/","url":"https:\/\/www.garciafaura.com\/wp-content\/uploads\/2018\/09\/Garcia-Faura.png","contentUrl":"https:\/\/www.garciafaura.com\/wp-content\/uploads\/2018\/09\/Garcia-Faura.png","width":512,"height":512,"caption":"GARCIA FAURA"},"image":{"@id":"https:\/\/www.garciafaura.com\/fr\/#\/schema\/logo\/image\/"},"sameAs":["https:\/\/www.youtube.com\/user\/GARCIAFAURA"]},{"@type":"Person","@id":"https:\/\/www.garciafaura.com\/fr\/#\/schema\/person\/b4b75e69b33fac3446071909bec106b0","name":"David Achell","image":{"@type":"ImageObject","inLanguage":"es","@id":"https:\/\/www.garciafaura.com\/fr\/#\/schema\/person\/image\/","url":"https:\/\/secure.gravatar.com\/avatar\/03900210afc1f61bce737bcb4a79c02e2c997f171e3eca839b5a4cbe03846c90?s=96&d=blank&r=g","contentUrl":"https:\/\/secure.gravatar.com\/avatar\/03900210afc1f61bce737bcb4a79c02e2c997f171e3eca839b5a4cbe03846c90?s=96&d=blank&r=g","caption":"David Achell"}}]}},"_links":{"self":[{"href":"https:\/\/www.garciafaura.com\/es\/wp-json\/wp\/v2\/posts\/30389","targetHints":{"allow":["GET"]}}],"collection":[{"href":"https:\/\/www.garciafaura.com\/es\/wp-json\/wp\/v2\/posts"}],"about":[{"href":"https:\/\/www.garciafaura.com\/es\/wp-json\/wp\/v2\/types\/post"}],"author":[{"embeddable":true,"href":"https:\/\/www.garciafaura.com\/es\/wp-json\/wp\/v2\/users\/3"}],"replies":[{"embeddable":true,"href":"https:\/\/www.garciafaura.com\/es\/wp-json\/wp\/v2\/comments?post=30389"}],"version-history":[{"count":3,"href":"https:\/\/www.garciafaura.com\/es\/wp-json\/wp\/v2\/posts\/30389\/revisions"}],"predecessor-version":[{"id":30396,"href":"https:\/\/www.garciafaura.com\/es\/wp-json\/wp\/v2\/posts\/30389\/revisions\/30396"}],"wp:featuredmedia":[{"embeddable":true,"href":"https:\/\/www.garciafaura.com\/es\/wp-json\/wp\/v2\/media\/30385"}],"wp:attachment":[{"href":"https:\/\/www.garciafaura.com\/es\/wp-json\/wp\/v2\/media?parent=30389"}],"wp:term":[{"taxonomy":"category","embeddable":true,"href":"https:\/\/www.garciafaura.com\/es\/wp-json\/wp\/v2\/categories?post=30389"},{"taxonomy":"post_tag","embeddable":true,"href":"https:\/\/www.garciafaura.com\/es\/wp-json\/wp\/v2\/tags?post=30389"},{"taxonomy":"post_series","embeddable":true,"href":"https:\/\/www.garciafaura.com\/es\/wp-json\/wp\/v2\/post_series?post=30389"}],"curies":[{"name":"wp","href":"https:\/\/api.w.org\/{rel}","templated":true}]}}