{"id":30261,"date":"2022-08-24T09:49:46","date_gmt":"2022-08-24T07:49:46","guid":{"rendered":"https:\/\/www.garciafaura.com\/tancaments-de-garcia-faura-per-al-nou-centre-doncologia-radioterapica-de-granollers\/"},"modified":"2022-08-24T10:00:04","modified_gmt":"2022-08-24T08:00:04","slug":"tancaments-de-garcia-faura-per-al-nou-centre-doncologia-radioterapica-de-granollers","status":"publish","type":"post","link":"https:\/\/www.garciafaura.com\/es\/tancaments-de-garcia-faura-per-al-nou-centre-doncologia-radioterapica-de-granollers\/","title":{"rendered":"Cerramientos de GARCIA FAURA para el nuevo Centro de Oncolog\u00eda Radioter\u00e1pica de Granollers"},"content":{"rendered":"<p style=\"text-align: justify;\"><strong>El Centro de Oncolog\u00eda Radioter\u00e1pica que se est\u00e1 construyendo en Granollers (Barcelona) incorporar\u00e1 carpinter\u00eda exterior de aluminio y vidrio de GARCIA FAURA, elaborados a partir de una soluci\u00f3n t\u00e9cnica desarrollada por la oficina de ingenier\u00eda de la compa\u00f1\u00eda.<\/strong><\/p>\n<p style=\"text-align: justify;\"><strong>GARCIA FAURA<\/strong> se encarga del desarrollo, fabricaci\u00f3n e instalaci\u00f3n de 247 unidades de <strong>carpinter\u00eda exterior de aluminio y vidrier\u00eda<\/strong> para el <strong>Centro de Oncolog\u00eda Radioter\u00e1pica<\/strong> que se est\u00e1 construyendo en <strong>Granollers<\/strong>, junto al Hospital General de la capital del Vall\u00e9s Oriental.<\/p>\n<p style=\"text-align: justify;\">Los <strong>cerramientos<\/strong> se han elaborado a partir de una soluci\u00f3n t\u00e9cnica propia realizada por la <strong>Oficina T\u00e9cnica de GARCIA FAURA<\/strong>. Se combinan <strong>cerramientos fijos y de apertura practicable y oscilobatiente<\/strong>, as\u00ed como <strong>puertas de acceso<\/strong>.<\/p>\n<p style=\"text-align: justify;\">Los <strong>vidrios<\/strong> incorporan <strong>capas de control solar<\/strong> para aumentar el confort de la instalaci\u00f3n y mejorar sus prestaciones t\u00e9rmicas. Se prev\u00e9 ejecutar las fases de producci\u00f3n e instalaci\u00f3n en un plazo aproximado de dos meses.<\/p>\n<h3 style=\"text-align: justify;\">Un centro para evitar desplazamientos<\/h3>\n<p style=\"text-align: justify;\">El <strong>Centro de Oncolog\u00eda Radioter\u00e1pica<\/strong> ser\u00e1 un equipamiento sat\u00e9lite del <strong>Hospital Cl\u00ednic de Barcelona<\/strong> destinado a la atenci\u00f3n oncol\u00f3gica de los pacientes residentes en las comarcas del Vall\u00e8s Oriental y de Osona. De esta forma se evitar\u00e1 que estos pacientes tengan que trasladarse a Barcelona para sus tratamientos.<\/p>\n<p style=\"text-align: justify;\">En este sentido, el Centro estar\u00e1 equipado con tecnolog\u00eda de \u00faltima generaci\u00f3n como dos aceleradores lineales de alta energ\u00eda (que permitir\u00e1n administrar cerca de 450 tratamientos por acelerador y a\u00f1o) y un equipo de tomograf\u00eda computerizada (TAC) que incorpora un sistema 4D para la adquisici\u00f3n del movimiento respiratorio.<\/p>\n<p style=\"text-align: justify;\">El equipamiento contar\u00e1 con dos plantas, una para radioterapia y otra para di\u00e1lisis, ambas con sus respectivos espacios de consultas y \u00e1reas comunes. Su dise\u00f1o destaca por unos interiores c\u00e1lidos e \u00edntimos para los pacientes, y con una fachada hecha con material cer\u00e1mico.<\/p>\n","protected":false},"excerpt":{"rendered":"<p>El Centro de Oncolog\u00eda Radioter\u00e1pica que se est\u00e1 construyendo en Granollers (Barcelona) incorporar\u00e1 carpinter\u00eda exterior de aluminio y vidrio de GARCIA FAURA, elaborados a partir de una soluci\u00f3n t\u00e9cnica desarrollada por la oficina de ingenier\u00eda de la compa\u00f1\u00eda. GARCIA FAURA&hellip;<\/p>\n","protected":false},"author":3,"featured_media":30247,"comment_status":"closed","ping_status":"open","sticky":false,"template":"","format":"gallery","meta":{"footnotes":""},"categories":[3],"tags":[],"post_series":[],"class_list":["post-30261","post","type-post","status-publish","format-gallery","has-post-thumbnail","hentry","category-actualidad","post_format-post-format-gallery","entry","has-media"],"yoast_head":"<!-- This site is optimized with the Yoast SEO plugin v26.7 - https:\/\/yoast.com\/wordpress\/plugins\/seo\/ -->\n<title>Cerramientos de GARCIA FAURA para el nuevo Centro de Oncolog\u00eda Radioter\u00e1pica de Granollers - GARCIA FAURA<\/title>\n<meta name=\"description\" content=\"Arquitectura en Alumini, Inox, Ferro i Vidre\" \/>\n<meta name=\"robots\" content=\"index, follow, max-snippet:-1, max-image-preview:large, max-video-preview:-1\" \/>\n<link rel=\"canonical\" href=\"https:\/\/www.garciafaura.com\/es\/tancaments-de-garcia-faura-per-al-nou-centre-doncologia-radioterapica-de-granollers\/\" \/>\n<meta property=\"og:locale\" content=\"es_ES\" \/>\n<meta property=\"og:type\" content=\"article\" \/>\n<meta property=\"og:title\" content=\"Cerramientos de GARCIA FAURA para el nuevo Centro de Oncolog\u00eda Radioter\u00e1pica de Granollers - GARCIA FAURA\" \/>\n<meta property=\"og:description\" content=\"Arquitectura en Alumini, Inox, Ferro i Vidre\" \/>\n<meta property=\"og:url\" content=\"https:\/\/www.garciafaura.com\/es\/tancaments-de-garcia-faura-per-al-nou-centre-doncologia-radioterapica-de-granollers\/\" \/>\n<meta property=\"og:site_name\" content=\"GARCIA FAURA\" \/>\n<meta property=\"article:published_time\" content=\"2022-08-24T07:49:46+00:00\" \/>\n<meta property=\"article:modified_time\" content=\"2022-08-24T08:00:04+00:00\" \/>\n<meta property=\"og:image\" content=\"https:\/\/www.garciafaura.com\/wp-content\/uploads\/2022\/08\/01_PeuFoto_Casa_Solo_arquitectes__BAAS_arquitectura-e1661327467675.webp\" \/>\n\t<meta property=\"og:image:width\" content=\"1920\" \/>\n\t<meta property=\"og:image:height\" content=\"1767\" \/>\n\t<meta property=\"og:image:type\" content=\"image\/webp\" \/>\n<meta name=\"author\" content=\"David Achell\" \/>\n<meta name=\"twitter:card\" content=\"summary_large_image\" \/>\n<meta name=\"twitter:label1\" content=\"Escrito por\" \/>\n\t<meta name=\"twitter:data1\" content=\"David Achell\" \/>\n\t<meta name=\"twitter:label2\" content=\"Tiempo de lectura\" \/>\n\t<meta name=\"twitter:data2\" content=\"2 minutos\" \/>\n<script type=\"application\/ld+json\" class=\"yoast-schema-graph\">{\"@context\":\"https:\/\/schema.org\",\"@graph\":[{\"@type\":\"Article\",\"@id\":\"https:\/\/www.garciafaura.com\/es\/tancaments-de-garcia-faura-per-al-nou-centre-doncologia-radioterapica-de-granollers\/#article\",\"isPartOf\":{\"@id\":\"https:\/\/www.garciafaura.com\/es\/tancaments-de-garcia-faura-per-al-nou-centre-doncologia-radioterapica-de-granollers\/\"},\"author\":{\"name\":\"David Achell\",\"@id\":\"https:\/\/www.garciafaura.com\/fr\/#\/schema\/person\/b4b75e69b33fac3446071909bec106b0\"},\"headline\":\"Cerramientos de GARCIA FAURA para el nuevo Centro de Oncolog\u00eda Radioter\u00e1pica de Granollers\",\"datePublished\":\"2022-08-24T07:49:46+00:00\",\"dateModified\":\"2022-08-24T08:00:04+00:00\",\"mainEntityOfPage\":{\"@id\":\"https:\/\/www.garciafaura.com\/es\/tancaments-de-garcia-faura-per-al-nou-centre-doncologia-radioterapica-de-granollers\/\"},\"wordCount\":345,\"publisher\":{\"@id\":\"https:\/\/www.garciafaura.com\/fr\/#organization\"},\"image\":{\"@id\":\"https:\/\/www.garciafaura.com\/es\/tancaments-de-garcia-faura-per-al-nou-centre-doncologia-radioterapica-de-granollers\/#primaryimage\"},\"thumbnailUrl\":\"https:\/\/www.garciafaura.com\/wp-content\/uploads\/2022\/08\/01_PeuFoto_Casa_Solo_arquitectes__BAAS_arquitectura-e1661327467675.webp\",\"articleSection\":[\"Actualidad\"],\"inLanguage\":\"es\"},{\"@type\":\"WebPage\",\"@id\":\"https:\/\/www.garciafaura.com\/es\/tancaments-de-garcia-faura-per-al-nou-centre-doncologia-radioterapica-de-granollers\/\",\"url\":\"https:\/\/www.garciafaura.com\/es\/tancaments-de-garcia-faura-per-al-nou-centre-doncologia-radioterapica-de-granollers\/\",\"name\":\"Cerramientos de GARCIA FAURA para el nuevo Centro de Oncolog\u00eda Radioter\u00e1pica de Granollers - GARCIA FAURA\",\"isPartOf\":{\"@id\":\"https:\/\/www.garciafaura.com\/fr\/#website\"},\"primaryImageOfPage\":{\"@id\":\"https:\/\/www.garciafaura.com\/es\/tancaments-de-garcia-faura-per-al-nou-centre-doncologia-radioterapica-de-granollers\/#primaryimage\"},\"image\":{\"@id\":\"https:\/\/www.garciafaura.com\/es\/tancaments-de-garcia-faura-per-al-nou-centre-doncologia-radioterapica-de-granollers\/#primaryimage\"},\"thumbnailUrl\":\"https:\/\/www.garciafaura.com\/wp-content\/uploads\/2022\/08\/01_PeuFoto_Casa_Solo_arquitectes__BAAS_arquitectura-e1661327467675.webp\",\"datePublished\":\"2022-08-24T07:49:46+00:00\",\"dateModified\":\"2022-08-24T08:00:04+00:00\",\"description\":\"Arquitectura en Alumini, Inox, Ferro i Vidre\",\"breadcrumb\":{\"@id\":\"https:\/\/www.garciafaura.com\/es\/tancaments-de-garcia-faura-per-al-nou-centre-doncologia-radioterapica-de-granollers\/#breadcrumb\"},\"inLanguage\":\"es\",\"potentialAction\":[{\"@type\":\"ReadAction\",\"target\":[\"https:\/\/www.garciafaura.com\/es\/tancaments-de-garcia-faura-per-al-nou-centre-doncologia-radioterapica-de-granollers\/\"]}]},{\"@type\":\"ImageObject\",\"inLanguage\":\"es\",\"@id\":\"https:\/\/www.garciafaura.com\/es\/tancaments-de-garcia-faura-per-al-nou-centre-doncologia-radioterapica-de-granollers\/#primaryimage\",\"url\":\"https:\/\/www.garciafaura.com\/wp-content\/uploads\/2022\/08\/01_PeuFoto_Casa_Solo_arquitectes__BAAS_arquitectura-e1661327467675.webp\",\"contentUrl\":\"https:\/\/www.garciafaura.com\/wp-content\/uploads\/2022\/08\/01_PeuFoto_Casa_Solo_arquitectes__BAAS_arquitectura-e1661327467675.webp\",\"width\":1920,\"height\":1767,\"caption\":\"Foto: Casa Solo Arquitectes | BAAS Arquitectura\"},{\"@type\":\"BreadcrumbList\",\"@id\":\"https:\/\/www.garciafaura.com\/es\/tancaments-de-garcia-faura-per-al-nou-centre-doncologia-radioterapica-de-granollers\/#breadcrumb\",\"itemListElement\":[{\"@type\":\"ListItem\",\"position\":1,\"name\":\"Inici\",\"item\":\"https:\/\/www.garciafaura.com\/es\/\"},{\"@type\":\"ListItem\",\"position\":2,\"name\":\"Cerramientos de GARCIA FAURA para el nuevo Centro de Oncolog\u00eda Radioter\u00e1pica de Granollers\"}]},{\"@type\":\"WebSite\",\"@id\":\"https:\/\/www.garciafaura.com\/fr\/#website\",\"url\":\"https:\/\/www.garciafaura.com\/fr\/\",\"name\":\"GARCIA FAURA\",\"description\":\"Arquitectura en Alumini, Inox, Ferro i Vidre\",\"publisher\":{\"@id\":\"https:\/\/www.garciafaura.com\/fr\/#organization\"},\"potentialAction\":[{\"@type\":\"SearchAction\",\"target\":{\"@type\":\"EntryPoint\",\"urlTemplate\":\"https:\/\/www.garciafaura.com\/fr\/?s={search_term_string}\"},\"query-input\":{\"@type\":\"PropertyValueSpecification\",\"valueRequired\":true,\"valueName\":\"search_term_string\"}}],\"inLanguage\":\"es\"},{\"@type\":\"Organization\",\"@id\":\"https:\/\/www.garciafaura.com\/fr\/#organization\",\"name\":\"GARCIA FAURA\",\"url\":\"https:\/\/www.garciafaura.com\/fr\/\",\"logo\":{\"@type\":\"ImageObject\",\"inLanguage\":\"es\",\"@id\":\"https:\/\/www.garciafaura.com\/fr\/#\/schema\/logo\/image\/\",\"url\":\"https:\/\/www.garciafaura.com\/wp-content\/uploads\/2018\/09\/Garcia-Faura.png\",\"contentUrl\":\"https:\/\/www.garciafaura.com\/wp-content\/uploads\/2018\/09\/Garcia-Faura.png\",\"width\":512,\"height\":512,\"caption\":\"GARCIA FAURA\"},\"image\":{\"@id\":\"https:\/\/www.garciafaura.com\/fr\/#\/schema\/logo\/image\/\"},\"sameAs\":[\"https:\/\/www.youtube.com\/user\/GARCIAFAURA\"]},{\"@type\":\"Person\",\"@id\":\"https:\/\/www.garciafaura.com\/fr\/#\/schema\/person\/b4b75e69b33fac3446071909bec106b0\",\"name\":\"David Achell\",\"image\":{\"@type\":\"ImageObject\",\"inLanguage\":\"es\",\"@id\":\"https:\/\/www.garciafaura.com\/fr\/#\/schema\/person\/image\/\",\"url\":\"https:\/\/secure.gravatar.com\/avatar\/03900210afc1f61bce737bcb4a79c02e2c997f171e3eca839b5a4cbe03846c90?s=96&d=blank&r=g\",\"contentUrl\":\"https:\/\/secure.gravatar.com\/avatar\/03900210afc1f61bce737bcb4a79c02e2c997f171e3eca839b5a4cbe03846c90?s=96&d=blank&r=g\",\"caption\":\"David Achell\"}}]}<\/script>\n<!-- \/ Yoast SEO plugin. -->","yoast_head_json":{"title":"Cerramientos de GARCIA FAURA para el nuevo Centro de Oncolog\u00eda Radioter\u00e1pica de Granollers - GARCIA FAURA","description":"Arquitectura en Alumini, Inox, Ferro i Vidre","robots":{"index":"index","follow":"follow","max-snippet":"max-snippet:-1","max-image-preview":"max-image-preview:large","max-video-preview":"max-video-preview:-1"},"canonical":"https:\/\/www.garciafaura.com\/es\/tancaments-de-garcia-faura-per-al-nou-centre-doncologia-radioterapica-de-granollers\/","og_locale":"es_ES","og_type":"article","og_title":"Cerramientos de GARCIA FAURA para el nuevo Centro de Oncolog\u00eda Radioter\u00e1pica de Granollers - GARCIA FAURA","og_description":"Arquitectura en Alumini, Inox, Ferro i Vidre","og_url":"https:\/\/www.garciafaura.com\/es\/tancaments-de-garcia-faura-per-al-nou-centre-doncologia-radioterapica-de-granollers\/","og_site_name":"GARCIA FAURA","article_published_time":"2022-08-24T07:49:46+00:00","article_modified_time":"2022-08-24T08:00:04+00:00","og_image":[{"width":1920,"height":1767,"url":"https:\/\/www.garciafaura.com\/wp-content\/uploads\/2022\/08\/01_PeuFoto_Casa_Solo_arquitectes__BAAS_arquitectura-e1661327467675.webp","type":"image\/webp"}],"author":"David Achell","twitter_card":"summary_large_image","twitter_misc":{"Escrito por":"David Achell","Tiempo de lectura":"2 minutos"},"schema":{"@context":"https:\/\/schema.org","@graph":[{"@type":"Article","@id":"https:\/\/www.garciafaura.com\/es\/tancaments-de-garcia-faura-per-al-nou-centre-doncologia-radioterapica-de-granollers\/#article","isPartOf":{"@id":"https:\/\/www.garciafaura.com\/es\/tancaments-de-garcia-faura-per-al-nou-centre-doncologia-radioterapica-de-granollers\/"},"author":{"name":"David Achell","@id":"https:\/\/www.garciafaura.com\/fr\/#\/schema\/person\/b4b75e69b33fac3446071909bec106b0"},"headline":"Cerramientos de GARCIA FAURA para el nuevo Centro de Oncolog\u00eda Radioter\u00e1pica de Granollers","datePublished":"2022-08-24T07:49:46+00:00","dateModified":"2022-08-24T08:00:04+00:00","mainEntityOfPage":{"@id":"https:\/\/www.garciafaura.com\/es\/tancaments-de-garcia-faura-per-al-nou-centre-doncologia-radioterapica-de-granollers\/"},"wordCount":345,"publisher":{"@id":"https:\/\/www.garciafaura.com\/fr\/#organization"},"image":{"@id":"https:\/\/www.garciafaura.com\/es\/tancaments-de-garcia-faura-per-al-nou-centre-doncologia-radioterapica-de-granollers\/#primaryimage"},"thumbnailUrl":"https:\/\/www.garciafaura.com\/wp-content\/uploads\/2022\/08\/01_PeuFoto_Casa_Solo_arquitectes__BAAS_arquitectura-e1661327467675.webp","articleSection":["Actualidad"],"inLanguage":"es"},{"@type":"WebPage","@id":"https:\/\/www.garciafaura.com\/es\/tancaments-de-garcia-faura-per-al-nou-centre-doncologia-radioterapica-de-granollers\/","url":"https:\/\/www.garciafaura.com\/es\/tancaments-de-garcia-faura-per-al-nou-centre-doncologia-radioterapica-de-granollers\/","name":"Cerramientos de GARCIA FAURA para el nuevo Centro de Oncolog\u00eda Radioter\u00e1pica de Granollers - GARCIA FAURA","isPartOf":{"@id":"https:\/\/www.garciafaura.com\/fr\/#website"},"primaryImageOfPage":{"@id":"https:\/\/www.garciafaura.com\/es\/tancaments-de-garcia-faura-per-al-nou-centre-doncologia-radioterapica-de-granollers\/#primaryimage"},"image":{"@id":"https:\/\/www.garciafaura.com\/es\/tancaments-de-garcia-faura-per-al-nou-centre-doncologia-radioterapica-de-granollers\/#primaryimage"},"thumbnailUrl":"https:\/\/www.garciafaura.com\/wp-content\/uploads\/2022\/08\/01_PeuFoto_Casa_Solo_arquitectes__BAAS_arquitectura-e1661327467675.webp","datePublished":"2022-08-24T07:49:46+00:00","dateModified":"2022-08-24T08:00:04+00:00","description":"Arquitectura en Alumini, Inox, Ferro i Vidre","breadcrumb":{"@id":"https:\/\/www.garciafaura.com\/es\/tancaments-de-garcia-faura-per-al-nou-centre-doncologia-radioterapica-de-granollers\/#breadcrumb"},"inLanguage":"es","potentialAction":[{"@type":"ReadAction","target":["https:\/\/www.garciafaura.com\/es\/tancaments-de-garcia-faura-per-al-nou-centre-doncologia-radioterapica-de-granollers\/"]}]},{"@type":"ImageObject","inLanguage":"es","@id":"https:\/\/www.garciafaura.com\/es\/tancaments-de-garcia-faura-per-al-nou-centre-doncologia-radioterapica-de-granollers\/#primaryimage","url":"https:\/\/www.garciafaura.com\/wp-content\/uploads\/2022\/08\/01_PeuFoto_Casa_Solo_arquitectes__BAAS_arquitectura-e1661327467675.webp","contentUrl":"https:\/\/www.garciafaura.com\/wp-content\/uploads\/2022\/08\/01_PeuFoto_Casa_Solo_arquitectes__BAAS_arquitectura-e1661327467675.webp","width":1920,"height":1767,"caption":"Foto: Casa Solo Arquitectes | BAAS Arquitectura"},{"@type":"BreadcrumbList","@id":"https:\/\/www.garciafaura.com\/es\/tancaments-de-garcia-faura-per-al-nou-centre-doncologia-radioterapica-de-granollers\/#breadcrumb","itemListElement":[{"@type":"ListItem","position":1,"name":"Inici","item":"https:\/\/www.garciafaura.com\/es\/"},{"@type":"ListItem","position":2,"name":"Cerramientos de GARCIA FAURA para el nuevo Centro de Oncolog\u00eda Radioter\u00e1pica de Granollers"}]},{"@type":"WebSite","@id":"https:\/\/www.garciafaura.com\/fr\/#website","url":"https:\/\/www.garciafaura.com\/fr\/","name":"GARCIA FAURA","description":"Arquitectura en Alumini, Inox, Ferro i Vidre","publisher":{"@id":"https:\/\/www.garciafaura.com\/fr\/#organization"},"potentialAction":[{"@type":"SearchAction","target":{"@type":"EntryPoint","urlTemplate":"https:\/\/www.garciafaura.com\/fr\/?s={search_term_string}"},"query-input":{"@type":"PropertyValueSpecification","valueRequired":true,"valueName":"search_term_string"}}],"inLanguage":"es"},{"@type":"Organization","@id":"https:\/\/www.garciafaura.com\/fr\/#organization","name":"GARCIA FAURA","url":"https:\/\/www.garciafaura.com\/fr\/","logo":{"@type":"ImageObject","inLanguage":"es","@id":"https:\/\/www.garciafaura.com\/fr\/#\/schema\/logo\/image\/","url":"https:\/\/www.garciafaura.com\/wp-content\/uploads\/2018\/09\/Garcia-Faura.png","contentUrl":"https:\/\/www.garciafaura.com\/wp-content\/uploads\/2018\/09\/Garcia-Faura.png","width":512,"height":512,"caption":"GARCIA FAURA"},"image":{"@id":"https:\/\/www.garciafaura.com\/fr\/#\/schema\/logo\/image\/"},"sameAs":["https:\/\/www.youtube.com\/user\/GARCIAFAURA"]},{"@type":"Person","@id":"https:\/\/www.garciafaura.com\/fr\/#\/schema\/person\/b4b75e69b33fac3446071909bec106b0","name":"David Achell","image":{"@type":"ImageObject","inLanguage":"es","@id":"https:\/\/www.garciafaura.com\/fr\/#\/schema\/person\/image\/","url":"https:\/\/secure.gravatar.com\/avatar\/03900210afc1f61bce737bcb4a79c02e2c997f171e3eca839b5a4cbe03846c90?s=96&d=blank&r=g","contentUrl":"https:\/\/secure.gravatar.com\/avatar\/03900210afc1f61bce737bcb4a79c02e2c997f171e3eca839b5a4cbe03846c90?s=96&d=blank&r=g","caption":"David Achell"}}]}},"_links":{"self":[{"href":"https:\/\/www.garciafaura.com\/es\/wp-json\/wp\/v2\/posts\/30261","targetHints":{"allow":["GET"]}}],"collection":[{"href":"https:\/\/www.garciafaura.com\/es\/wp-json\/wp\/v2\/posts"}],"about":[{"href":"https:\/\/www.garciafaura.com\/es\/wp-json\/wp\/v2\/types\/post"}],"author":[{"embeddable":true,"href":"https:\/\/www.garciafaura.com\/es\/wp-json\/wp\/v2\/users\/3"}],"replies":[{"embeddable":true,"href":"https:\/\/www.garciafaura.com\/es\/wp-json\/wp\/v2\/comments?post=30261"}],"version-history":[{"count":2,"href":"https:\/\/www.garciafaura.com\/es\/wp-json\/wp\/v2\/posts\/30261\/revisions"}],"predecessor-version":[{"id":30263,"href":"https:\/\/www.garciafaura.com\/es\/wp-json\/wp\/v2\/posts\/30261\/revisions\/30263"}],"wp:featuredmedia":[{"embeddable":true,"href":"https:\/\/www.garciafaura.com\/es\/wp-json\/wp\/v2\/media\/30247"}],"wp:attachment":[{"href":"https:\/\/www.garciafaura.com\/es\/wp-json\/wp\/v2\/media?parent=30261"}],"wp:term":[{"taxonomy":"category","embeddable":true,"href":"https:\/\/www.garciafaura.com\/es\/wp-json\/wp\/v2\/categories?post=30261"},{"taxonomy":"post_tag","embeddable":true,"href":"https:\/\/www.garciafaura.com\/es\/wp-json\/wp\/v2\/tags?post=30261"},{"taxonomy":"post_series","embeddable":true,"href":"https:\/\/www.garciafaura.com\/es\/wp-json\/wp\/v2\/post_series?post=30261"}],"curies":[{"name":"wp","href":"https:\/\/api.w.org\/{rel}","templated":true}]}}