{"id":30188,"date":"2022-07-12T12:11:18","date_gmt":"2022-07-12T10:11:18","guid":{"rendered":"https:\/\/www.garciafaura.com\/mur-cortina-de-garcia-faura-per-a-un-nou-edifici-doficines-de-barcelona\/"},"modified":"2022-07-14T14:08:25","modified_gmt":"2022-07-14T12:08:25","slug":"mur-cortina-de-garcia-faura-per-a-un-nou-edifici-doficines-de-barcelona","status":"publish","type":"post","link":"https:\/\/www.garciafaura.com\/es\/mur-cortina-de-garcia-faura-per-a-un-nou-edifici-doficines-de-barcelona\/","title":{"rendered":"Muro cortina de GARCIA FAURA para un nuevo edificio de oficinas en Barcelona"},"content":{"rendered":"<p style=\"text-align: justify;\"><strong>En el n\u00famero 89 de la calle Balmes de Barcelona se encuentra uno de los edificios de oficinas m\u00e1s exclusivos de la capital catalana. Tras una renovaci\u00f3n integral, el inmueble ofrecer\u00e1 unas prestaciones avanzadas en un entorno inmejorable.<\/strong><\/p>\n<p style=\"text-align: justify;\">El edificio, de 7.675 metros cuadrados y nueve plantas, goza de una situaci\u00f3n privilegiada: en pleno Eixample de Barcelona, \u200b\u200buna ubicaci\u00f3n c\u00e9ntrica y en medio del eje financiero y comercial de la ciudad, bien conectado y con multitud de servicios alcance.<\/p>\n<p style=\"text-align: justify;\">Se trata de un inmueble funcional y de gran calidad gracias a su remodelaci\u00f3n tanto interior como exterior. En este \u00faltimo aspecto, <strong>GARCIA FAURA<\/strong> intervendr\u00e1 con el desarrollo, fabricaci\u00f3n e instalaci\u00f3n de una nueva fachada.<\/p>\n<p style=\"text-align: justify;\">En concreto, la empresa ejecutar\u00e1 mil metros cuadrados de <strong>muro cortina<\/strong> entre plantas, adem\u00e1s de 120 metros cuadrados de <strong>muro cortina<\/strong> con accesos a terrazas y fachadas de patio interior.<\/p>\n<p style=\"text-align: justify;\"><strong>GARCIA FAURA<\/strong> firmar\u00e1 tambi\u00e9n el refuerzo estructural de los bordes de los forjados con elementos met\u00e1licos exclusivos, que suman m\u00e1s de 37.000 kilos de <strong>acero<\/strong>. Tambi\u00e9n ejecutar\u00e1 la doble piel de <strong>fachada<\/strong>, con 447 metros cuadrados de lamas cer\u00e1micas y acabados met\u00e1licos de <strong>fachada<\/strong> con chapa plegada y elementos ornamentales.<\/p>\n<p style=\"text-align: justify;\">En su interior, el edificio dispondr\u00e1 de un nuevo dise\u00f1o de las plantas, con zonas comunes m\u00e1s eficientes, destinadas al confort y al buen desarrollo de las oficinas. Con esta intervenci\u00f3n, el inmueble obtendr\u00e1 la <strong>certificaci\u00f3n de construcci\u00f3n sostenible BREEAM<\/strong>.<\/p>\n","protected":false},"excerpt":{"rendered":"<p>En el n\u00famero 89 de la calle Balmes de Barcelona se encuentra uno de los edificios de oficinas m\u00e1s exclusivos de la capital catalana. Tras una renovaci\u00f3n integral, el inmueble ofrecer\u00e1 unas prestaciones avanzadas en un entorno inmejorable. El edificio,&hellip;<\/p>\n","protected":false},"author":3,"featured_media":29620,"comment_status":"closed","ping_status":"open","sticky":false,"template":"","format":"gallery","meta":{"footnotes":""},"categories":[3],"tags":[],"post_series":[],"class_list":["post-30188","post","type-post","status-publish","format-gallery","has-post-thumbnail","hentry","category-actualidad","post_format-post-format-gallery","entry","has-media"],"yoast_head":"<!-- This site is optimized with the Yoast SEO plugin v26.7 - https:\/\/yoast.com\/wordpress\/plugins\/seo\/ -->\n<title>Muro cortina de GARCIA FAURA para un nuevo edificio de oficinas en Barcelona - GARCIA FAURA<\/title>\n<meta name=\"description\" content=\"Arquitectura en Alumini, Inox, Ferro i Vidre\" \/>\n<meta name=\"robots\" content=\"index, follow, max-snippet:-1, max-image-preview:large, max-video-preview:-1\" \/>\n<link rel=\"canonical\" href=\"https:\/\/www.garciafaura.com\/es\/mur-cortina-de-garcia-faura-per-a-un-nou-edifici-doficines-de-barcelona\/\" \/>\n<meta property=\"og:locale\" content=\"es_ES\" \/>\n<meta property=\"og:type\" content=\"article\" \/>\n<meta property=\"og:title\" content=\"Muro cortina de GARCIA FAURA para un nuevo edificio de oficinas en Barcelona - GARCIA FAURA\" \/>\n<meta property=\"og:description\" content=\"Arquitectura en Alumini, Inox, Ferro i Vidre\" \/>\n<meta property=\"og:url\" content=\"https:\/\/www.garciafaura.com\/es\/mur-cortina-de-garcia-faura-per-a-un-nou-edifici-doficines-de-barcelona\/\" \/>\n<meta property=\"og:site_name\" content=\"GARCIA FAURA\" \/>\n<meta property=\"article:published_time\" content=\"2022-07-12T10:11:18+00:00\" \/>\n<meta property=\"article:modified_time\" content=\"2022-07-14T12:08:25+00:00\" \/>\n<meta property=\"og:image\" content=\"https:\/\/www.garciafaura.com\/wp-content\/uploads\/2022\/06\/Balmes89-00.jpg\" \/>\n\t<meta property=\"og:image:width\" content=\"1200\" \/>\n\t<meta property=\"og:image:height\" content=\"628\" \/>\n\t<meta property=\"og:image:type\" content=\"image\/jpeg\" \/>\n<meta name=\"author\" content=\"David Achell\" \/>\n<meta name=\"twitter:card\" content=\"summary_large_image\" \/>\n<meta name=\"twitter:label1\" content=\"Escrito por\" \/>\n\t<meta name=\"twitter:data1\" content=\"David Achell\" \/>\n\t<meta name=\"twitter:label2\" content=\"Tiempo de lectura\" \/>\n\t<meta name=\"twitter:data2\" content=\"1 minuto\" \/>\n<script type=\"application\/ld+json\" class=\"yoast-schema-graph\">{\"@context\":\"https:\/\/schema.org\",\"@graph\":[{\"@type\":\"Article\",\"@id\":\"https:\/\/www.garciafaura.com\/es\/mur-cortina-de-garcia-faura-per-a-un-nou-edifici-doficines-de-barcelona\/#article\",\"isPartOf\":{\"@id\":\"https:\/\/www.garciafaura.com\/es\/mur-cortina-de-garcia-faura-per-a-un-nou-edifici-doficines-de-barcelona\/\"},\"author\":{\"name\":\"David Achell\",\"@id\":\"https:\/\/www.garciafaura.com\/fr\/#\/schema\/person\/b4b75e69b33fac3446071909bec106b0\"},\"headline\":\"Muro cortina de GARCIA FAURA para un nuevo edificio de oficinas en Barcelona\",\"datePublished\":\"2022-07-12T10:11:18+00:00\",\"dateModified\":\"2022-07-14T12:08:25+00:00\",\"mainEntityOfPage\":{\"@id\":\"https:\/\/www.garciafaura.com\/es\/mur-cortina-de-garcia-faura-per-a-un-nou-edifici-doficines-de-barcelona\/\"},\"wordCount\":263,\"publisher\":{\"@id\":\"https:\/\/www.garciafaura.com\/fr\/#organization\"},\"image\":{\"@id\":\"https:\/\/www.garciafaura.com\/es\/mur-cortina-de-garcia-faura-per-a-un-nou-edifici-doficines-de-barcelona\/#primaryimage\"},\"thumbnailUrl\":\"https:\/\/www.garciafaura.com\/wp-content\/uploads\/2022\/06\/Balmes89-00.jpg\",\"articleSection\":[\"Actualidad\"],\"inLanguage\":\"es\"},{\"@type\":\"WebPage\",\"@id\":\"https:\/\/www.garciafaura.com\/es\/mur-cortina-de-garcia-faura-per-a-un-nou-edifici-doficines-de-barcelona\/\",\"url\":\"https:\/\/www.garciafaura.com\/es\/mur-cortina-de-garcia-faura-per-a-un-nou-edifici-doficines-de-barcelona\/\",\"name\":\"Muro cortina de GARCIA FAURA para un nuevo edificio de oficinas en Barcelona - GARCIA FAURA\",\"isPartOf\":{\"@id\":\"https:\/\/www.garciafaura.com\/fr\/#website\"},\"primaryImageOfPage\":{\"@id\":\"https:\/\/www.garciafaura.com\/es\/mur-cortina-de-garcia-faura-per-a-un-nou-edifici-doficines-de-barcelona\/#primaryimage\"},\"image\":{\"@id\":\"https:\/\/www.garciafaura.com\/es\/mur-cortina-de-garcia-faura-per-a-un-nou-edifici-doficines-de-barcelona\/#primaryimage\"},\"thumbnailUrl\":\"https:\/\/www.garciafaura.com\/wp-content\/uploads\/2022\/06\/Balmes89-00.jpg\",\"datePublished\":\"2022-07-12T10:11:18+00:00\",\"dateModified\":\"2022-07-14T12:08:25+00:00\",\"description\":\"Arquitectura en Alumini, Inox, Ferro i Vidre\",\"breadcrumb\":{\"@id\":\"https:\/\/www.garciafaura.com\/es\/mur-cortina-de-garcia-faura-per-a-un-nou-edifici-doficines-de-barcelona\/#breadcrumb\"},\"inLanguage\":\"es\",\"potentialAction\":[{\"@type\":\"ReadAction\",\"target\":[\"https:\/\/www.garciafaura.com\/es\/mur-cortina-de-garcia-faura-per-a-un-nou-edifici-doficines-de-barcelona\/\"]}]},{\"@type\":\"ImageObject\",\"inLanguage\":\"es\",\"@id\":\"https:\/\/www.garciafaura.com\/es\/mur-cortina-de-garcia-faura-per-a-un-nou-edifici-doficines-de-barcelona\/#primaryimage\",\"url\":\"https:\/\/www.garciafaura.com\/wp-content\/uploads\/2022\/06\/Balmes89-00.jpg\",\"contentUrl\":\"https:\/\/www.garciafaura.com\/wp-content\/uploads\/2022\/06\/Balmes89-00.jpg\",\"width\":1200,\"height\":628},{\"@type\":\"BreadcrumbList\",\"@id\":\"https:\/\/www.garciafaura.com\/es\/mur-cortina-de-garcia-faura-per-a-un-nou-edifici-doficines-de-barcelona\/#breadcrumb\",\"itemListElement\":[{\"@type\":\"ListItem\",\"position\":1,\"name\":\"Inici\",\"item\":\"https:\/\/www.garciafaura.com\/es\/\"},{\"@type\":\"ListItem\",\"position\":2,\"name\":\"Muro cortina de GARCIA FAURA para un nuevo edificio de oficinas en Barcelona\"}]},{\"@type\":\"WebSite\",\"@id\":\"https:\/\/www.garciafaura.com\/fr\/#website\",\"url\":\"https:\/\/www.garciafaura.com\/fr\/\",\"name\":\"GARCIA FAURA\",\"description\":\"Arquitectura en Alumini, Inox, Ferro i Vidre\",\"publisher\":{\"@id\":\"https:\/\/www.garciafaura.com\/fr\/#organization\"},\"potentialAction\":[{\"@type\":\"SearchAction\",\"target\":{\"@type\":\"EntryPoint\",\"urlTemplate\":\"https:\/\/www.garciafaura.com\/fr\/?s={search_term_string}\"},\"query-input\":{\"@type\":\"PropertyValueSpecification\",\"valueRequired\":true,\"valueName\":\"search_term_string\"}}],\"inLanguage\":\"es\"},{\"@type\":\"Organization\",\"@id\":\"https:\/\/www.garciafaura.com\/fr\/#organization\",\"name\":\"GARCIA FAURA\",\"url\":\"https:\/\/www.garciafaura.com\/fr\/\",\"logo\":{\"@type\":\"ImageObject\",\"inLanguage\":\"es\",\"@id\":\"https:\/\/www.garciafaura.com\/fr\/#\/schema\/logo\/image\/\",\"url\":\"https:\/\/www.garciafaura.com\/wp-content\/uploads\/2018\/09\/Garcia-Faura.png\",\"contentUrl\":\"https:\/\/www.garciafaura.com\/wp-content\/uploads\/2018\/09\/Garcia-Faura.png\",\"width\":512,\"height\":512,\"caption\":\"GARCIA FAURA\"},\"image\":{\"@id\":\"https:\/\/www.garciafaura.com\/fr\/#\/schema\/logo\/image\/\"},\"sameAs\":[\"https:\/\/www.youtube.com\/user\/GARCIAFAURA\"]},{\"@type\":\"Person\",\"@id\":\"https:\/\/www.garciafaura.com\/fr\/#\/schema\/person\/b4b75e69b33fac3446071909bec106b0\",\"name\":\"David Achell\",\"image\":{\"@type\":\"ImageObject\",\"inLanguage\":\"es\",\"@id\":\"https:\/\/www.garciafaura.com\/fr\/#\/schema\/person\/image\/\",\"url\":\"https:\/\/secure.gravatar.com\/avatar\/03900210afc1f61bce737bcb4a79c02e2c997f171e3eca839b5a4cbe03846c90?s=96&d=blank&r=g\",\"contentUrl\":\"https:\/\/secure.gravatar.com\/avatar\/03900210afc1f61bce737bcb4a79c02e2c997f171e3eca839b5a4cbe03846c90?s=96&d=blank&r=g\",\"caption\":\"David Achell\"}}]}<\/script>\n<!-- \/ Yoast SEO plugin. -->","yoast_head_json":{"title":"Muro cortina de GARCIA FAURA para un nuevo edificio de oficinas en Barcelona - GARCIA FAURA","description":"Arquitectura en Alumini, Inox, Ferro i Vidre","robots":{"index":"index","follow":"follow","max-snippet":"max-snippet:-1","max-image-preview":"max-image-preview:large","max-video-preview":"max-video-preview:-1"},"canonical":"https:\/\/www.garciafaura.com\/es\/mur-cortina-de-garcia-faura-per-a-un-nou-edifici-doficines-de-barcelona\/","og_locale":"es_ES","og_type":"article","og_title":"Muro cortina de GARCIA FAURA para un nuevo edificio de oficinas en Barcelona - GARCIA FAURA","og_description":"Arquitectura en Alumini, Inox, Ferro i Vidre","og_url":"https:\/\/www.garciafaura.com\/es\/mur-cortina-de-garcia-faura-per-a-un-nou-edifici-doficines-de-barcelona\/","og_site_name":"GARCIA FAURA","article_published_time":"2022-07-12T10:11:18+00:00","article_modified_time":"2022-07-14T12:08:25+00:00","og_image":[{"width":1200,"height":628,"url":"https:\/\/www.garciafaura.com\/wp-content\/uploads\/2022\/06\/Balmes89-00.jpg","type":"image\/jpeg"}],"author":"David Achell","twitter_card":"summary_large_image","twitter_misc":{"Escrito por":"David Achell","Tiempo de lectura":"1 minuto"},"schema":{"@context":"https:\/\/schema.org","@graph":[{"@type":"Article","@id":"https:\/\/www.garciafaura.com\/es\/mur-cortina-de-garcia-faura-per-a-un-nou-edifici-doficines-de-barcelona\/#article","isPartOf":{"@id":"https:\/\/www.garciafaura.com\/es\/mur-cortina-de-garcia-faura-per-a-un-nou-edifici-doficines-de-barcelona\/"},"author":{"name":"David Achell","@id":"https:\/\/www.garciafaura.com\/fr\/#\/schema\/person\/b4b75e69b33fac3446071909bec106b0"},"headline":"Muro cortina de GARCIA FAURA para un nuevo edificio de oficinas en Barcelona","datePublished":"2022-07-12T10:11:18+00:00","dateModified":"2022-07-14T12:08:25+00:00","mainEntityOfPage":{"@id":"https:\/\/www.garciafaura.com\/es\/mur-cortina-de-garcia-faura-per-a-un-nou-edifici-doficines-de-barcelona\/"},"wordCount":263,"publisher":{"@id":"https:\/\/www.garciafaura.com\/fr\/#organization"},"image":{"@id":"https:\/\/www.garciafaura.com\/es\/mur-cortina-de-garcia-faura-per-a-un-nou-edifici-doficines-de-barcelona\/#primaryimage"},"thumbnailUrl":"https:\/\/www.garciafaura.com\/wp-content\/uploads\/2022\/06\/Balmes89-00.jpg","articleSection":["Actualidad"],"inLanguage":"es"},{"@type":"WebPage","@id":"https:\/\/www.garciafaura.com\/es\/mur-cortina-de-garcia-faura-per-a-un-nou-edifici-doficines-de-barcelona\/","url":"https:\/\/www.garciafaura.com\/es\/mur-cortina-de-garcia-faura-per-a-un-nou-edifici-doficines-de-barcelona\/","name":"Muro cortina de GARCIA FAURA para un nuevo edificio de oficinas en Barcelona - GARCIA FAURA","isPartOf":{"@id":"https:\/\/www.garciafaura.com\/fr\/#website"},"primaryImageOfPage":{"@id":"https:\/\/www.garciafaura.com\/es\/mur-cortina-de-garcia-faura-per-a-un-nou-edifici-doficines-de-barcelona\/#primaryimage"},"image":{"@id":"https:\/\/www.garciafaura.com\/es\/mur-cortina-de-garcia-faura-per-a-un-nou-edifici-doficines-de-barcelona\/#primaryimage"},"thumbnailUrl":"https:\/\/www.garciafaura.com\/wp-content\/uploads\/2022\/06\/Balmes89-00.jpg","datePublished":"2022-07-12T10:11:18+00:00","dateModified":"2022-07-14T12:08:25+00:00","description":"Arquitectura en Alumini, Inox, Ferro i Vidre","breadcrumb":{"@id":"https:\/\/www.garciafaura.com\/es\/mur-cortina-de-garcia-faura-per-a-un-nou-edifici-doficines-de-barcelona\/#breadcrumb"},"inLanguage":"es","potentialAction":[{"@type":"ReadAction","target":["https:\/\/www.garciafaura.com\/es\/mur-cortina-de-garcia-faura-per-a-un-nou-edifici-doficines-de-barcelona\/"]}]},{"@type":"ImageObject","inLanguage":"es","@id":"https:\/\/www.garciafaura.com\/es\/mur-cortina-de-garcia-faura-per-a-un-nou-edifici-doficines-de-barcelona\/#primaryimage","url":"https:\/\/www.garciafaura.com\/wp-content\/uploads\/2022\/06\/Balmes89-00.jpg","contentUrl":"https:\/\/www.garciafaura.com\/wp-content\/uploads\/2022\/06\/Balmes89-00.jpg","width":1200,"height":628},{"@type":"BreadcrumbList","@id":"https:\/\/www.garciafaura.com\/es\/mur-cortina-de-garcia-faura-per-a-un-nou-edifici-doficines-de-barcelona\/#breadcrumb","itemListElement":[{"@type":"ListItem","position":1,"name":"Inici","item":"https:\/\/www.garciafaura.com\/es\/"},{"@type":"ListItem","position":2,"name":"Muro cortina de GARCIA FAURA para un nuevo edificio de oficinas en Barcelona"}]},{"@type":"WebSite","@id":"https:\/\/www.garciafaura.com\/fr\/#website","url":"https:\/\/www.garciafaura.com\/fr\/","name":"GARCIA FAURA","description":"Arquitectura en Alumini, Inox, Ferro i Vidre","publisher":{"@id":"https:\/\/www.garciafaura.com\/fr\/#organization"},"potentialAction":[{"@type":"SearchAction","target":{"@type":"EntryPoint","urlTemplate":"https:\/\/www.garciafaura.com\/fr\/?s={search_term_string}"},"query-input":{"@type":"PropertyValueSpecification","valueRequired":true,"valueName":"search_term_string"}}],"inLanguage":"es"},{"@type":"Organization","@id":"https:\/\/www.garciafaura.com\/fr\/#organization","name":"GARCIA FAURA","url":"https:\/\/www.garciafaura.com\/fr\/","logo":{"@type":"ImageObject","inLanguage":"es","@id":"https:\/\/www.garciafaura.com\/fr\/#\/schema\/logo\/image\/","url":"https:\/\/www.garciafaura.com\/wp-content\/uploads\/2018\/09\/Garcia-Faura.png","contentUrl":"https:\/\/www.garciafaura.com\/wp-content\/uploads\/2018\/09\/Garcia-Faura.png","width":512,"height":512,"caption":"GARCIA FAURA"},"image":{"@id":"https:\/\/www.garciafaura.com\/fr\/#\/schema\/logo\/image\/"},"sameAs":["https:\/\/www.youtube.com\/user\/GARCIAFAURA"]},{"@type":"Person","@id":"https:\/\/www.garciafaura.com\/fr\/#\/schema\/person\/b4b75e69b33fac3446071909bec106b0","name":"David Achell","image":{"@type":"ImageObject","inLanguage":"es","@id":"https:\/\/www.garciafaura.com\/fr\/#\/schema\/person\/image\/","url":"https:\/\/secure.gravatar.com\/avatar\/03900210afc1f61bce737bcb4a79c02e2c997f171e3eca839b5a4cbe03846c90?s=96&d=blank&r=g","contentUrl":"https:\/\/secure.gravatar.com\/avatar\/03900210afc1f61bce737bcb4a79c02e2c997f171e3eca839b5a4cbe03846c90?s=96&d=blank&r=g","caption":"David Achell"}}]}},"_links":{"self":[{"href":"https:\/\/www.garciafaura.com\/es\/wp-json\/wp\/v2\/posts\/30188","targetHints":{"allow":["GET"]}}],"collection":[{"href":"https:\/\/www.garciafaura.com\/es\/wp-json\/wp\/v2\/posts"}],"about":[{"href":"https:\/\/www.garciafaura.com\/es\/wp-json\/wp\/v2\/types\/post"}],"author":[{"embeddable":true,"href":"https:\/\/www.garciafaura.com\/es\/wp-json\/wp\/v2\/users\/3"}],"replies":[{"embeddable":true,"href":"https:\/\/www.garciafaura.com\/es\/wp-json\/wp\/v2\/comments?post=30188"}],"version-history":[{"count":4,"href":"https:\/\/www.garciafaura.com\/es\/wp-json\/wp\/v2\/posts\/30188\/revisions"}],"predecessor-version":[{"id":30199,"href":"https:\/\/www.garciafaura.com\/es\/wp-json\/wp\/v2\/posts\/30188\/revisions\/30199"}],"wp:featuredmedia":[{"embeddable":true,"href":"https:\/\/www.garciafaura.com\/es\/wp-json\/wp\/v2\/media\/29620"}],"wp:attachment":[{"href":"https:\/\/www.garciafaura.com\/es\/wp-json\/wp\/v2\/media?parent=30188"}],"wp:term":[{"taxonomy":"category","embeddable":true,"href":"https:\/\/www.garciafaura.com\/es\/wp-json\/wp\/v2\/categories?post=30188"},{"taxonomy":"post_tag","embeddable":true,"href":"https:\/\/www.garciafaura.com\/es\/wp-json\/wp\/v2\/tags?post=30188"},{"taxonomy":"post_series","embeddable":true,"href":"https:\/\/www.garciafaura.com\/es\/wp-json\/wp\/v2\/post_series?post=30188"}],"curies":[{"name":"wp","href":"https:\/\/api.w.org\/{rel}","templated":true}]}}