{"id":29444,"date":"2022-06-17T16:37:58","date_gmt":"2022-06-17T14:37:58","guid":{"rendered":"https:\/\/www.garciafaura.com\/?p=29444"},"modified":"2022-06-17T16:50:21","modified_gmt":"2022-06-17T14:50:21","slug":"garcia-faura-finaliza-la-rehabilitacion-del-edificio-morland-en-paris","status":"publish","type":"post","link":"https:\/\/www.garciafaura.com\/es\/garcia-faura-finaliza-la-rehabilitacion-del-edificio-morland-en-paris\/","title":{"rendered":"GARCIA FAURA finaliza la rehabilitaci\u00f3n del edificio Morland en Par\u00eds"},"content":{"rendered":"<p style=\"text-align: justify;\"><strong>GARCIA FAURA ha participado en la rehabilitaci\u00f3n estructural y arquitect\u00f3nica de Morland Mixit\u00e9 Capitale, la antigua sede administrativa de la prefectura de Par\u00eds y que despu\u00e9s de las obras se ha convertido en un edificio con m\u00e1s de once usos abiertos a la ciudadan\u00eda y a los visitantes de la capital francesa.<\/strong><\/p>\n<p style=\"text-align: justify;\">La transformaci\u00f3n urbana de este inmueble, concebida y dise\u00f1ada por <strong>David Chipperfield Architects<\/strong> y <strong>CALQ Architecture<\/strong>, incluye un hotel, un albergue para j\u00f3venes turistas, apartamentos privados, oficinas, guarder\u00eda, restaurante, zona comercial e, incluso, un mercado en la planta baja.<\/p>\n<p style=\"text-align: justify;\">Es en esta planta donde <strong>GARCIA FAURA<\/strong> ha concentrado buena parte de su intervenci\u00f3n. Concretamente, con la instalaci\u00f3n de 1.450 metros cuadrados de <strong>muro cortina<\/strong>, de varias composiciones, tama\u00f1os y dise\u00f1os. Una parte, con zonas curvas formadas por vidrios de grandes dimensiones y un tragaluz de m\u00e1s de cien metros cuadrados sobre estructura met\u00e1lica que forma un patio interior acristalado rodeado de muro cortina.<\/p>\n<p style=\"text-align: justify;\"><strong>GARCIA FAURA<\/strong> tambi\u00e9n ha fabricado e instalado 23 <strong>puertas de hierro con vidrio<\/strong> y 267 unidades de <strong>ventanas de hierro con resistencia al fuego EI60<\/strong>. Esta resistencia ign\u00edfuga se corrobor\u00f3 en una serie de ensayos en laboratorios especializados en Francia.<\/p>\n<p style=\"text-align: justify;\">El proyecto <strong>Morland Mixit\u00e9 Capitale<\/strong> est\u00e1 formado por una serie de edificios tanto en el lado del Sena como en el del bulevar Morland, ambas zonas unidas por una calle interior. En las dos \u00faltimas plantas se ubica la zona de restauraci\u00f3n y una vista \u00fanica y espectacular de Par\u00eds abierta a todo el mundo.<\/p>\n","protected":false},"excerpt":{"rendered":"<p>GARCIA FAURA ha participado en la rehabilitaci\u00f3n estructural y arquitect\u00f3nica de Morland Mixit\u00e9 Capitale, la antigua sede administrativa de la prefectura de Par\u00eds y que despu\u00e9s de las obras se ha convertido en un edificio con m\u00e1s de once usos&hellip;<\/p>\n","protected":false},"author":3,"featured_media":29466,"comment_status":"closed","ping_status":"open","sticky":false,"template":"","format":"gallery","meta":{"footnotes":""},"categories":[3],"tags":[],"post_series":[],"class_list":["post-29444","post","type-post","status-publish","format-gallery","has-post-thumbnail","hentry","category-actualidad","post_format-post-format-gallery","entry","has-media"],"yoast_head":"<!-- This site is optimized with the Yoast SEO plugin v26.7 - https:\/\/yoast.com\/wordpress\/plugins\/seo\/ -->\n<title>GARCIA FAURA finaliza la rehabilitaci\u00f3n del edificio Morland en Par\u00eds - GARCIA FAURA<\/title>\n<meta name=\"description\" content=\"Arquitectura en Alumini, Inox, Ferro i Vidre\" \/>\n<meta name=\"robots\" content=\"index, follow, max-snippet:-1, max-image-preview:large, max-video-preview:-1\" \/>\n<link rel=\"canonical\" href=\"https:\/\/www.garciafaura.com\/es\/garcia-faura-finaliza-la-rehabilitacion-del-edificio-morland-en-paris\/\" \/>\n<meta property=\"og:locale\" content=\"es_ES\" \/>\n<meta property=\"og:type\" content=\"article\" \/>\n<meta property=\"og:title\" content=\"GARCIA FAURA finaliza la rehabilitaci\u00f3n del edificio Morland en Par\u00eds - GARCIA FAURA\" \/>\n<meta property=\"og:description\" content=\"Arquitectura en Alumini, Inox, Ferro i Vidre\" \/>\n<meta property=\"og:url\" content=\"https:\/\/www.garciafaura.com\/es\/garcia-faura-finaliza-la-rehabilitacion-del-edificio-morland-en-paris\/\" \/>\n<meta property=\"og:site_name\" content=\"GARCIA FAURA\" \/>\n<meta property=\"article:published_time\" content=\"2022-06-17T14:37:58+00:00\" \/>\n<meta property=\"article:modified_time\" content=\"2022-06-17T14:50:21+00:00\" \/>\n<meta property=\"og:image\" content=\"https:\/\/www.garciafaura.com\/wp-content\/uploads\/2022\/06\/Morland-03-scaled.jpg\" \/>\n\t<meta property=\"og:image:width\" content=\"2560\" \/>\n\t<meta property=\"og:image:height\" content=\"1920\" \/>\n\t<meta property=\"og:image:type\" content=\"image\/jpeg\" \/>\n<meta name=\"author\" content=\"David Achell\" \/>\n<meta name=\"twitter:card\" content=\"summary_large_image\" \/>\n<meta name=\"twitter:label1\" content=\"Escrito por\" \/>\n\t<meta name=\"twitter:data1\" content=\"David Achell\" \/>\n\t<meta name=\"twitter:label2\" content=\"Tiempo de lectura\" \/>\n\t<meta name=\"twitter:data2\" content=\"2 minutos\" \/>\n<script type=\"application\/ld+json\" class=\"yoast-schema-graph\">{\"@context\":\"https:\/\/schema.org\",\"@graph\":[{\"@type\":\"Article\",\"@id\":\"https:\/\/www.garciafaura.com\/es\/garcia-faura-finaliza-la-rehabilitacion-del-edificio-morland-en-paris\/#article\",\"isPartOf\":{\"@id\":\"https:\/\/www.garciafaura.com\/es\/garcia-faura-finaliza-la-rehabilitacion-del-edificio-morland-en-paris\/\"},\"author\":{\"name\":\"David Achell\",\"@id\":\"https:\/\/www.garciafaura.com\/fr\/#\/schema\/person\/b4b75e69b33fac3446071909bec106b0\"},\"headline\":\"GARCIA FAURA finaliza la rehabilitaci\u00f3n del edificio Morland en Par\u00eds\",\"datePublished\":\"2022-06-17T14:37:58+00:00\",\"dateModified\":\"2022-06-17T14:50:21+00:00\",\"mainEntityOfPage\":{\"@id\":\"https:\/\/www.garciafaura.com\/es\/garcia-faura-finaliza-la-rehabilitacion-del-edificio-morland-en-paris\/\"},\"wordCount\":279,\"publisher\":{\"@id\":\"https:\/\/www.garciafaura.com\/fr\/#organization\"},\"image\":{\"@id\":\"https:\/\/www.garciafaura.com\/es\/garcia-faura-finaliza-la-rehabilitacion-del-edificio-morland-en-paris\/#primaryimage\"},\"thumbnailUrl\":\"https:\/\/www.garciafaura.com\/wp-content\/uploads\/2022\/06\/Morland-03-scaled.jpg\",\"articleSection\":[\"Actualidad\"],\"inLanguage\":\"es\"},{\"@type\":\"WebPage\",\"@id\":\"https:\/\/www.garciafaura.com\/es\/garcia-faura-finaliza-la-rehabilitacion-del-edificio-morland-en-paris\/\",\"url\":\"https:\/\/www.garciafaura.com\/es\/garcia-faura-finaliza-la-rehabilitacion-del-edificio-morland-en-paris\/\",\"name\":\"GARCIA FAURA finaliza la rehabilitaci\u00f3n del edificio Morland en Par\u00eds - GARCIA FAURA\",\"isPartOf\":{\"@id\":\"https:\/\/www.garciafaura.com\/fr\/#website\"},\"primaryImageOfPage\":{\"@id\":\"https:\/\/www.garciafaura.com\/es\/garcia-faura-finaliza-la-rehabilitacion-del-edificio-morland-en-paris\/#primaryimage\"},\"image\":{\"@id\":\"https:\/\/www.garciafaura.com\/es\/garcia-faura-finaliza-la-rehabilitacion-del-edificio-morland-en-paris\/#primaryimage\"},\"thumbnailUrl\":\"https:\/\/www.garciafaura.com\/wp-content\/uploads\/2022\/06\/Morland-03-scaled.jpg\",\"datePublished\":\"2022-06-17T14:37:58+00:00\",\"dateModified\":\"2022-06-17T14:50:21+00:00\",\"description\":\"Arquitectura en Alumini, Inox, Ferro i Vidre\",\"breadcrumb\":{\"@id\":\"https:\/\/www.garciafaura.com\/es\/garcia-faura-finaliza-la-rehabilitacion-del-edificio-morland-en-paris\/#breadcrumb\"},\"inLanguage\":\"es\",\"potentialAction\":[{\"@type\":\"ReadAction\",\"target\":[\"https:\/\/www.garciafaura.com\/es\/garcia-faura-finaliza-la-rehabilitacion-del-edificio-morland-en-paris\/\"]}]},{\"@type\":\"ImageObject\",\"inLanguage\":\"es\",\"@id\":\"https:\/\/www.garciafaura.com\/es\/garcia-faura-finaliza-la-rehabilitacion-del-edificio-morland-en-paris\/#primaryimage\",\"url\":\"https:\/\/www.garciafaura.com\/wp-content\/uploads\/2022\/06\/Morland-03-scaled.jpg\",\"contentUrl\":\"https:\/\/www.garciafaura.com\/wp-content\/uploads\/2022\/06\/Morland-03-scaled.jpg\",\"width\":2560,\"height\":1920},{\"@type\":\"BreadcrumbList\",\"@id\":\"https:\/\/www.garciafaura.com\/es\/garcia-faura-finaliza-la-rehabilitacion-del-edificio-morland-en-paris\/#breadcrumb\",\"itemListElement\":[{\"@type\":\"ListItem\",\"position\":1,\"name\":\"Inici\",\"item\":\"https:\/\/www.garciafaura.com\/es\/\"},{\"@type\":\"ListItem\",\"position\":2,\"name\":\"GARCIA FAURA finaliza la rehabilitaci\u00f3n del edificio Morland en Par\u00eds\"}]},{\"@type\":\"WebSite\",\"@id\":\"https:\/\/www.garciafaura.com\/fr\/#website\",\"url\":\"https:\/\/www.garciafaura.com\/fr\/\",\"name\":\"GARCIA FAURA\",\"description\":\"Arquitectura en Alumini, Inox, Ferro i Vidre\",\"publisher\":{\"@id\":\"https:\/\/www.garciafaura.com\/fr\/#organization\"},\"potentialAction\":[{\"@type\":\"SearchAction\",\"target\":{\"@type\":\"EntryPoint\",\"urlTemplate\":\"https:\/\/www.garciafaura.com\/fr\/?s={search_term_string}\"},\"query-input\":{\"@type\":\"PropertyValueSpecification\",\"valueRequired\":true,\"valueName\":\"search_term_string\"}}],\"inLanguage\":\"es\"},{\"@type\":\"Organization\",\"@id\":\"https:\/\/www.garciafaura.com\/fr\/#organization\",\"name\":\"GARCIA FAURA\",\"url\":\"https:\/\/www.garciafaura.com\/fr\/\",\"logo\":{\"@type\":\"ImageObject\",\"inLanguage\":\"es\",\"@id\":\"https:\/\/www.garciafaura.com\/fr\/#\/schema\/logo\/image\/\",\"url\":\"https:\/\/www.garciafaura.com\/wp-content\/uploads\/2018\/09\/Garcia-Faura.png\",\"contentUrl\":\"https:\/\/www.garciafaura.com\/wp-content\/uploads\/2018\/09\/Garcia-Faura.png\",\"width\":512,\"height\":512,\"caption\":\"GARCIA FAURA\"},\"image\":{\"@id\":\"https:\/\/www.garciafaura.com\/fr\/#\/schema\/logo\/image\/\"},\"sameAs\":[\"https:\/\/www.youtube.com\/user\/GARCIAFAURA\"]},{\"@type\":\"Person\",\"@id\":\"https:\/\/www.garciafaura.com\/fr\/#\/schema\/person\/b4b75e69b33fac3446071909bec106b0\",\"name\":\"David Achell\",\"image\":{\"@type\":\"ImageObject\",\"inLanguage\":\"es\",\"@id\":\"https:\/\/www.garciafaura.com\/fr\/#\/schema\/person\/image\/\",\"url\":\"https:\/\/secure.gravatar.com\/avatar\/03900210afc1f61bce737bcb4a79c02e2c997f171e3eca839b5a4cbe03846c90?s=96&d=blank&r=g\",\"contentUrl\":\"https:\/\/secure.gravatar.com\/avatar\/03900210afc1f61bce737bcb4a79c02e2c997f171e3eca839b5a4cbe03846c90?s=96&d=blank&r=g\",\"caption\":\"David Achell\"}}]}<\/script>\n<!-- \/ Yoast SEO plugin. -->","yoast_head_json":{"title":"GARCIA FAURA finaliza la rehabilitaci\u00f3n del edificio Morland en Par\u00eds - GARCIA FAURA","description":"Arquitectura en Alumini, Inox, Ferro i Vidre","robots":{"index":"index","follow":"follow","max-snippet":"max-snippet:-1","max-image-preview":"max-image-preview:large","max-video-preview":"max-video-preview:-1"},"canonical":"https:\/\/www.garciafaura.com\/es\/garcia-faura-finaliza-la-rehabilitacion-del-edificio-morland-en-paris\/","og_locale":"es_ES","og_type":"article","og_title":"GARCIA FAURA finaliza la rehabilitaci\u00f3n del edificio Morland en Par\u00eds - GARCIA FAURA","og_description":"Arquitectura en Alumini, Inox, Ferro i Vidre","og_url":"https:\/\/www.garciafaura.com\/es\/garcia-faura-finaliza-la-rehabilitacion-del-edificio-morland-en-paris\/","og_site_name":"GARCIA FAURA","article_published_time":"2022-06-17T14:37:58+00:00","article_modified_time":"2022-06-17T14:50:21+00:00","og_image":[{"width":2560,"height":1920,"url":"https:\/\/www.garciafaura.com\/wp-content\/uploads\/2022\/06\/Morland-03-scaled.jpg","type":"image\/jpeg"}],"author":"David Achell","twitter_card":"summary_large_image","twitter_misc":{"Escrito por":"David Achell","Tiempo de lectura":"2 minutos"},"schema":{"@context":"https:\/\/schema.org","@graph":[{"@type":"Article","@id":"https:\/\/www.garciafaura.com\/es\/garcia-faura-finaliza-la-rehabilitacion-del-edificio-morland-en-paris\/#article","isPartOf":{"@id":"https:\/\/www.garciafaura.com\/es\/garcia-faura-finaliza-la-rehabilitacion-del-edificio-morland-en-paris\/"},"author":{"name":"David Achell","@id":"https:\/\/www.garciafaura.com\/fr\/#\/schema\/person\/b4b75e69b33fac3446071909bec106b0"},"headline":"GARCIA FAURA finaliza la rehabilitaci\u00f3n del edificio Morland en Par\u00eds","datePublished":"2022-06-17T14:37:58+00:00","dateModified":"2022-06-17T14:50:21+00:00","mainEntityOfPage":{"@id":"https:\/\/www.garciafaura.com\/es\/garcia-faura-finaliza-la-rehabilitacion-del-edificio-morland-en-paris\/"},"wordCount":279,"publisher":{"@id":"https:\/\/www.garciafaura.com\/fr\/#organization"},"image":{"@id":"https:\/\/www.garciafaura.com\/es\/garcia-faura-finaliza-la-rehabilitacion-del-edificio-morland-en-paris\/#primaryimage"},"thumbnailUrl":"https:\/\/www.garciafaura.com\/wp-content\/uploads\/2022\/06\/Morland-03-scaled.jpg","articleSection":["Actualidad"],"inLanguage":"es"},{"@type":"WebPage","@id":"https:\/\/www.garciafaura.com\/es\/garcia-faura-finaliza-la-rehabilitacion-del-edificio-morland-en-paris\/","url":"https:\/\/www.garciafaura.com\/es\/garcia-faura-finaliza-la-rehabilitacion-del-edificio-morland-en-paris\/","name":"GARCIA FAURA finaliza la rehabilitaci\u00f3n del edificio Morland en Par\u00eds - GARCIA FAURA","isPartOf":{"@id":"https:\/\/www.garciafaura.com\/fr\/#website"},"primaryImageOfPage":{"@id":"https:\/\/www.garciafaura.com\/es\/garcia-faura-finaliza-la-rehabilitacion-del-edificio-morland-en-paris\/#primaryimage"},"image":{"@id":"https:\/\/www.garciafaura.com\/es\/garcia-faura-finaliza-la-rehabilitacion-del-edificio-morland-en-paris\/#primaryimage"},"thumbnailUrl":"https:\/\/www.garciafaura.com\/wp-content\/uploads\/2022\/06\/Morland-03-scaled.jpg","datePublished":"2022-06-17T14:37:58+00:00","dateModified":"2022-06-17T14:50:21+00:00","description":"Arquitectura en Alumini, Inox, Ferro i Vidre","breadcrumb":{"@id":"https:\/\/www.garciafaura.com\/es\/garcia-faura-finaliza-la-rehabilitacion-del-edificio-morland-en-paris\/#breadcrumb"},"inLanguage":"es","potentialAction":[{"@type":"ReadAction","target":["https:\/\/www.garciafaura.com\/es\/garcia-faura-finaliza-la-rehabilitacion-del-edificio-morland-en-paris\/"]}]},{"@type":"ImageObject","inLanguage":"es","@id":"https:\/\/www.garciafaura.com\/es\/garcia-faura-finaliza-la-rehabilitacion-del-edificio-morland-en-paris\/#primaryimage","url":"https:\/\/www.garciafaura.com\/wp-content\/uploads\/2022\/06\/Morland-03-scaled.jpg","contentUrl":"https:\/\/www.garciafaura.com\/wp-content\/uploads\/2022\/06\/Morland-03-scaled.jpg","width":2560,"height":1920},{"@type":"BreadcrumbList","@id":"https:\/\/www.garciafaura.com\/es\/garcia-faura-finaliza-la-rehabilitacion-del-edificio-morland-en-paris\/#breadcrumb","itemListElement":[{"@type":"ListItem","position":1,"name":"Inici","item":"https:\/\/www.garciafaura.com\/es\/"},{"@type":"ListItem","position":2,"name":"GARCIA FAURA finaliza la rehabilitaci\u00f3n del edificio Morland en Par\u00eds"}]},{"@type":"WebSite","@id":"https:\/\/www.garciafaura.com\/fr\/#website","url":"https:\/\/www.garciafaura.com\/fr\/","name":"GARCIA FAURA","description":"Arquitectura en Alumini, Inox, Ferro i Vidre","publisher":{"@id":"https:\/\/www.garciafaura.com\/fr\/#organization"},"potentialAction":[{"@type":"SearchAction","target":{"@type":"EntryPoint","urlTemplate":"https:\/\/www.garciafaura.com\/fr\/?s={search_term_string}"},"query-input":{"@type":"PropertyValueSpecification","valueRequired":true,"valueName":"search_term_string"}}],"inLanguage":"es"},{"@type":"Organization","@id":"https:\/\/www.garciafaura.com\/fr\/#organization","name":"GARCIA FAURA","url":"https:\/\/www.garciafaura.com\/fr\/","logo":{"@type":"ImageObject","inLanguage":"es","@id":"https:\/\/www.garciafaura.com\/fr\/#\/schema\/logo\/image\/","url":"https:\/\/www.garciafaura.com\/wp-content\/uploads\/2018\/09\/Garcia-Faura.png","contentUrl":"https:\/\/www.garciafaura.com\/wp-content\/uploads\/2018\/09\/Garcia-Faura.png","width":512,"height":512,"caption":"GARCIA FAURA"},"image":{"@id":"https:\/\/www.garciafaura.com\/fr\/#\/schema\/logo\/image\/"},"sameAs":["https:\/\/www.youtube.com\/user\/GARCIAFAURA"]},{"@type":"Person","@id":"https:\/\/www.garciafaura.com\/fr\/#\/schema\/person\/b4b75e69b33fac3446071909bec106b0","name":"David Achell","image":{"@type":"ImageObject","inLanguage":"es","@id":"https:\/\/www.garciafaura.com\/fr\/#\/schema\/person\/image\/","url":"https:\/\/secure.gravatar.com\/avatar\/03900210afc1f61bce737bcb4a79c02e2c997f171e3eca839b5a4cbe03846c90?s=96&d=blank&r=g","contentUrl":"https:\/\/secure.gravatar.com\/avatar\/03900210afc1f61bce737bcb4a79c02e2c997f171e3eca839b5a4cbe03846c90?s=96&d=blank&r=g","caption":"David Achell"}}]}},"_links":{"self":[{"href":"https:\/\/www.garciafaura.com\/es\/wp-json\/wp\/v2\/posts\/29444","targetHints":{"allow":["GET"]}}],"collection":[{"href":"https:\/\/www.garciafaura.com\/es\/wp-json\/wp\/v2\/posts"}],"about":[{"href":"https:\/\/www.garciafaura.com\/es\/wp-json\/wp\/v2\/types\/post"}],"author":[{"embeddable":true,"href":"https:\/\/www.garciafaura.com\/es\/wp-json\/wp\/v2\/users\/3"}],"replies":[{"embeddable":true,"href":"https:\/\/www.garciafaura.com\/es\/wp-json\/wp\/v2\/comments?post=29444"}],"version-history":[{"count":1,"href":"https:\/\/www.garciafaura.com\/es\/wp-json\/wp\/v2\/posts\/29444\/revisions"}],"predecessor-version":[{"id":29445,"href":"https:\/\/www.garciafaura.com\/es\/wp-json\/wp\/v2\/posts\/29444\/revisions\/29445"}],"wp:featuredmedia":[{"embeddable":true,"href":"https:\/\/www.garciafaura.com\/es\/wp-json\/wp\/v2\/media\/29466"}],"wp:attachment":[{"href":"https:\/\/www.garciafaura.com\/es\/wp-json\/wp\/v2\/media?parent=29444"}],"wp:term":[{"taxonomy":"category","embeddable":true,"href":"https:\/\/www.garciafaura.com\/es\/wp-json\/wp\/v2\/categories?post=29444"},{"taxonomy":"post_tag","embeddable":true,"href":"https:\/\/www.garciafaura.com\/es\/wp-json\/wp\/v2\/tags?post=29444"},{"taxonomy":"post_series","embeddable":true,"href":"https:\/\/www.garciafaura.com\/es\/wp-json\/wp\/v2\/post_series?post=29444"}],"curies":[{"name":"wp","href":"https:\/\/api.w.org\/{rel}","templated":true}]}}