{"id":29431,"date":"2022-05-31T10:16:39","date_gmt":"2022-05-31T08:16:39","guid":{"rendered":"https:\/\/www.garciafaura.com\/mencio-del-palmares-darquitectura-de-technal-a-garcia-faura-per-la-remodelacio-del-parador-daiguablava\/"},"modified":"2022-05-31T10:23:32","modified_gmt":"2022-05-31T08:23:32","slug":"mencio-del-palmares-darquitectura-de-technal-a-garcia-faura-per-la-remodelacio-del-parador-daiguablava","status":"publish","type":"post","link":"https:\/\/www.garciafaura.com\/es\/mencio-del-palmares-darquitectura-de-technal-a-garcia-faura-per-la-remodelacio-del-parador-daiguablava\/","title":{"rendered":"Menci\u00f3n del Palmar\u00e9s de Arquitectura de Technal a GARCIA FAURA por la remodelaci\u00f3n del Parador de Aiguablava"},"content":{"rendered":"<p style=\"text-align: justify;\"><strong>GARCIA FAURA ha recibido una menci\u00f3n en el Palmar\u00e9s Architecture Aluminium Technal 2021, reconocimientos otorgados por la multinacional del sector del aluminio en el congreso bianual de la compa\u00f1\u00eda, celebrado el 27 de mayo en el Palacio de Congresos de Ibiza. GARCIA FAURA recibi\u00f3 la distinci\u00f3n por su contribuci\u00f3n a la reforma del Parador de Aiguablava, un proyecto de GCA Arquitectes.<\/strong><\/p>\n<p style=\"text-align: justify;\">El <a href=\"https:\/\/www.technal.com\/es\/es\/profesional\/comunicacion\/noticias\/el-palmares-architecture-aluminium-technal-2021-ya-tiene-ganadores\/\" target=\"_blank\" rel=\"noopener\"><strong>Palmar\u00e9s Architecture Aluminium Technal<\/strong><\/a> premia los mejores trabajos de Espa\u00f1a y Portugal tanto desde el punto de vista arquitect\u00f3nico como t\u00e9cnico, colocando el acento sobre la colaboraci\u00f3n entre los despachos de arquitectura y las empresas industriales de carpinter\u00eda de aluminio y fachadas.<\/p>\n<p style=\"text-align: justify;\">Este a\u00f1o se otorgaron una decena de menciones y se premiaron cuatro proyectos en las categor\u00edas de <em>Habitar<\/em> (en vivienda colectiva y unifamiliar), <em>Trabajar<\/em> y <em>Rehabilitar<\/em>. La categor\u00eda <em>Descubrir<\/em> qued\u00f3 desierta. La menci\u00f3n a <strong>GARCIA FAURA<\/strong> fue recogida por <strong>Jaume Sol\u00e0, director de Compras y Control Estrat\u00e9gico<\/strong> de la empresa.<\/p>\n<p style=\"text-align: justify;\">La distinci\u00f3n se otorg\u00f3 por la <strong>reforma del <a href=\"https:\/\/www.parador.es\/es\/paradores\/parador-de-aiguablava\" target=\"_blank\" rel=\"noopener\">Parador de Aiguablava<\/a><\/strong> de Begur (Girona), obra proyectada por <a href=\"https:\/\/gcaarchitects.com\/es\/\" target=\"_blank\" rel=\"noopener\"><strong>GCA Arquitects<\/strong><\/a> y con participaci\u00f3n, tambi\u00e9n, de <a href=\"https:\/\/cristaleriamartos.com\/\" target=\"_blank\" rel=\"noopener\"><strong>Cristaler\u00eda Martos<\/strong><\/a>. Se trata de un hotel de cuatro estrellas inaugurado en 1934 y en el que se realiz\u00f3 una profunda rehabilitaci\u00f3n para modernizar sus espacios e instalaciones y convertirlo en un establecimiento tur\u00edstico de referencia en la Costa Brava.<\/p>\n<p style=\"text-align: justify;\"><strong>GARCIA FAURA<\/strong> contribuy\u00f3 a transformar completamente la apariencia y las prestaciones t\u00e9cnicas del establecimiento con la fabricaci\u00f3n e instalaci\u00f3n de un total de <strong>160 cerramientos de aluminio y vidrio<\/strong>, principalmente de los sistemas <strong>Soleal FY65<\/strong> y <strong>Lumeal<\/strong> de <a href=\"https:\/\/www.technal.com\/es\/es\/profesional\/\" target=\"_blank\" rel=\"noopener\"><strong>Technal<\/strong><\/a> con cristales de altas prestaciones y capa bajo emisiva.<\/p>\n","protected":false},"excerpt":{"rendered":"<p>GARCIA FAURA ha recibido una menci\u00f3n en el Palmar\u00e9s Architecture Aluminium Technal 2021, reconocimientos otorgados por la multinacional del sector del aluminio en el congreso bianual de la compa\u00f1\u00eda, celebrado el 27 de mayo en el Palacio de Congresos de&hellip;<\/p>\n","protected":false},"author":3,"featured_media":29429,"comment_status":"closed","ping_status":"open","sticky":false,"template":"","format":"standard","meta":{"footnotes":""},"categories":[3],"tags":[],"post_series":[],"class_list":["post-29431","post","type-post","status-publish","format-standard","has-post-thumbnail","hentry","category-actualidad","entry","has-media"],"yoast_head":"<!-- This site is optimized with the Yoast SEO plugin v26.7 - https:\/\/yoast.com\/wordpress\/plugins\/seo\/ -->\n<title>Menci\u00f3n del Palmar\u00e9s de Arquitectura de Technal a GARCIA FAURA por la remodelaci\u00f3n del Parador de Aiguablava - GARCIA FAURA<\/title>\n<meta name=\"description\" content=\"Arquitectura en Alumini, Inox, Ferro i Vidre\" \/>\n<meta name=\"robots\" content=\"index, follow, max-snippet:-1, max-image-preview:large, max-video-preview:-1\" \/>\n<link rel=\"canonical\" href=\"https:\/\/www.garciafaura.com\/es\/mencio-del-palmares-darquitectura-de-technal-a-garcia-faura-per-la-remodelacio-del-parador-daiguablava\/\" \/>\n<meta property=\"og:locale\" content=\"es_ES\" \/>\n<meta property=\"og:type\" content=\"article\" \/>\n<meta property=\"og:title\" content=\"Menci\u00f3n del Palmar\u00e9s de Arquitectura de Technal a GARCIA FAURA por la remodelaci\u00f3n del Parador de Aiguablava - GARCIA FAURA\" \/>\n<meta property=\"og:description\" content=\"Arquitectura en Alumini, Inox, Ferro i Vidre\" \/>\n<meta property=\"og:url\" content=\"https:\/\/www.garciafaura.com\/es\/mencio-del-palmares-darquitectura-de-technal-a-garcia-faura-per-la-remodelacio-del-parador-daiguablava\/\" \/>\n<meta property=\"og:site_name\" content=\"GARCIA FAURA\" \/>\n<meta property=\"article:published_time\" content=\"2022-05-31T08:16:39+00:00\" \/>\n<meta property=\"article:modified_time\" content=\"2022-05-31T08:23:32+00:00\" \/>\n<meta property=\"og:image\" content=\"https:\/\/www.garciafaura.com\/wp-content\/uploads\/2022\/05\/FotoMencioGFTechnal.jpg\" \/>\n\t<meta property=\"og:image:width\" content=\"1922\" \/>\n\t<meta property=\"og:image:height\" content=\"1197\" \/>\n\t<meta property=\"og:image:type\" content=\"image\/jpeg\" \/>\n<meta name=\"author\" content=\"David Achell\" \/>\n<meta name=\"twitter:card\" content=\"summary_large_image\" \/>\n<meta name=\"twitter:label1\" content=\"Escrito por\" \/>\n\t<meta name=\"twitter:data1\" content=\"David Achell\" \/>\n\t<meta name=\"twitter:label2\" content=\"Tiempo de lectura\" \/>\n\t<meta name=\"twitter:data2\" content=\"1 minuto\" \/>\n<script type=\"application\/ld+json\" class=\"yoast-schema-graph\">{\"@context\":\"https:\/\/schema.org\",\"@graph\":[{\"@type\":\"Article\",\"@id\":\"https:\/\/www.garciafaura.com\/es\/mencio-del-palmares-darquitectura-de-technal-a-garcia-faura-per-la-remodelacio-del-parador-daiguablava\/#article\",\"isPartOf\":{\"@id\":\"https:\/\/www.garciafaura.com\/es\/mencio-del-palmares-darquitectura-de-technal-a-garcia-faura-per-la-remodelacio-del-parador-daiguablava\/\"},\"author\":{\"name\":\"David Achell\",\"@id\":\"https:\/\/www.garciafaura.com\/fr\/#\/schema\/person\/b4b75e69b33fac3446071909bec106b0\"},\"headline\":\"Menci\u00f3n del Palmar\u00e9s de Arquitectura de Technal a GARCIA FAURA por la remodelaci\u00f3n del Parador de Aiguablava\",\"datePublished\":\"2022-05-31T08:16:39+00:00\",\"dateModified\":\"2022-05-31T08:23:32+00:00\",\"mainEntityOfPage\":{\"@id\":\"https:\/\/www.garciafaura.com\/es\/mencio-del-palmares-darquitectura-de-technal-a-garcia-faura-per-la-remodelacio-del-parador-daiguablava\/\"},\"wordCount\":307,\"publisher\":{\"@id\":\"https:\/\/www.garciafaura.com\/fr\/#organization\"},\"image\":{\"@id\":\"https:\/\/www.garciafaura.com\/es\/mencio-del-palmares-darquitectura-de-technal-a-garcia-faura-per-la-remodelacio-del-parador-daiguablava\/#primaryimage\"},\"thumbnailUrl\":\"https:\/\/www.garciafaura.com\/wp-content\/uploads\/2022\/05\/FotoMencioGFTechnal.jpg\",\"articleSection\":[\"Actualidad\"],\"inLanguage\":\"es\"},{\"@type\":\"WebPage\",\"@id\":\"https:\/\/www.garciafaura.com\/es\/mencio-del-palmares-darquitectura-de-technal-a-garcia-faura-per-la-remodelacio-del-parador-daiguablava\/\",\"url\":\"https:\/\/www.garciafaura.com\/es\/mencio-del-palmares-darquitectura-de-technal-a-garcia-faura-per-la-remodelacio-del-parador-daiguablava\/\",\"name\":\"Menci\u00f3n del Palmar\u00e9s de Arquitectura de Technal a GARCIA FAURA por la remodelaci\u00f3n del Parador de Aiguablava - GARCIA FAURA\",\"isPartOf\":{\"@id\":\"https:\/\/www.garciafaura.com\/fr\/#website\"},\"primaryImageOfPage\":{\"@id\":\"https:\/\/www.garciafaura.com\/es\/mencio-del-palmares-darquitectura-de-technal-a-garcia-faura-per-la-remodelacio-del-parador-daiguablava\/#primaryimage\"},\"image\":{\"@id\":\"https:\/\/www.garciafaura.com\/es\/mencio-del-palmares-darquitectura-de-technal-a-garcia-faura-per-la-remodelacio-del-parador-daiguablava\/#primaryimage\"},\"thumbnailUrl\":\"https:\/\/www.garciafaura.com\/wp-content\/uploads\/2022\/05\/FotoMencioGFTechnal.jpg\",\"datePublished\":\"2022-05-31T08:16:39+00:00\",\"dateModified\":\"2022-05-31T08:23:32+00:00\",\"description\":\"Arquitectura en Alumini, Inox, Ferro i Vidre\",\"breadcrumb\":{\"@id\":\"https:\/\/www.garciafaura.com\/es\/mencio-del-palmares-darquitectura-de-technal-a-garcia-faura-per-la-remodelacio-del-parador-daiguablava\/#breadcrumb\"},\"inLanguage\":\"es\",\"potentialAction\":[{\"@type\":\"ReadAction\",\"target\":[\"https:\/\/www.garciafaura.com\/es\/mencio-del-palmares-darquitectura-de-technal-a-garcia-faura-per-la-remodelacio-del-parador-daiguablava\/\"]}]},{\"@type\":\"ImageObject\",\"inLanguage\":\"es\",\"@id\":\"https:\/\/www.garciafaura.com\/es\/mencio-del-palmares-darquitectura-de-technal-a-garcia-faura-per-la-remodelacio-del-parador-daiguablava\/#primaryimage\",\"url\":\"https:\/\/www.garciafaura.com\/wp-content\/uploads\/2022\/05\/FotoMencioGFTechnal.jpg\",\"contentUrl\":\"https:\/\/www.garciafaura.com\/wp-content\/uploads\/2022\/05\/FotoMencioGFTechnal.jpg\",\"width\":1922,\"height\":1197},{\"@type\":\"BreadcrumbList\",\"@id\":\"https:\/\/www.garciafaura.com\/es\/mencio-del-palmares-darquitectura-de-technal-a-garcia-faura-per-la-remodelacio-del-parador-daiguablava\/#breadcrumb\",\"itemListElement\":[{\"@type\":\"ListItem\",\"position\":1,\"name\":\"Inici\",\"item\":\"https:\/\/www.garciafaura.com\/es\/\"},{\"@type\":\"ListItem\",\"position\":2,\"name\":\"Menci\u00f3n del Palmar\u00e9s de Arquitectura de Technal a GARCIA FAURA por la remodelaci\u00f3n del Parador de Aiguablava\"}]},{\"@type\":\"WebSite\",\"@id\":\"https:\/\/www.garciafaura.com\/fr\/#website\",\"url\":\"https:\/\/www.garciafaura.com\/fr\/\",\"name\":\"GARCIA FAURA\",\"description\":\"Arquitectura en Alumini, Inox, Ferro i Vidre\",\"publisher\":{\"@id\":\"https:\/\/www.garciafaura.com\/fr\/#organization\"},\"potentialAction\":[{\"@type\":\"SearchAction\",\"target\":{\"@type\":\"EntryPoint\",\"urlTemplate\":\"https:\/\/www.garciafaura.com\/fr\/?s={search_term_string}\"},\"query-input\":{\"@type\":\"PropertyValueSpecification\",\"valueRequired\":true,\"valueName\":\"search_term_string\"}}],\"inLanguage\":\"es\"},{\"@type\":\"Organization\",\"@id\":\"https:\/\/www.garciafaura.com\/fr\/#organization\",\"name\":\"GARCIA FAURA\",\"url\":\"https:\/\/www.garciafaura.com\/fr\/\",\"logo\":{\"@type\":\"ImageObject\",\"inLanguage\":\"es\",\"@id\":\"https:\/\/www.garciafaura.com\/fr\/#\/schema\/logo\/image\/\",\"url\":\"https:\/\/www.garciafaura.com\/wp-content\/uploads\/2018\/09\/Garcia-Faura.png\",\"contentUrl\":\"https:\/\/www.garciafaura.com\/wp-content\/uploads\/2018\/09\/Garcia-Faura.png\",\"width\":512,\"height\":512,\"caption\":\"GARCIA FAURA\"},\"image\":{\"@id\":\"https:\/\/www.garciafaura.com\/fr\/#\/schema\/logo\/image\/\"},\"sameAs\":[\"https:\/\/www.youtube.com\/user\/GARCIAFAURA\"]},{\"@type\":\"Person\",\"@id\":\"https:\/\/www.garciafaura.com\/fr\/#\/schema\/person\/b4b75e69b33fac3446071909bec106b0\",\"name\":\"David Achell\",\"image\":{\"@type\":\"ImageObject\",\"inLanguage\":\"es\",\"@id\":\"https:\/\/www.garciafaura.com\/fr\/#\/schema\/person\/image\/\",\"url\":\"https:\/\/secure.gravatar.com\/avatar\/03900210afc1f61bce737bcb4a79c02e2c997f171e3eca839b5a4cbe03846c90?s=96&d=blank&r=g\",\"contentUrl\":\"https:\/\/secure.gravatar.com\/avatar\/03900210afc1f61bce737bcb4a79c02e2c997f171e3eca839b5a4cbe03846c90?s=96&d=blank&r=g\",\"caption\":\"David Achell\"}}]}<\/script>\n<!-- \/ Yoast SEO plugin. -->","yoast_head_json":{"title":"Menci\u00f3n del Palmar\u00e9s de Arquitectura de Technal a GARCIA FAURA por la remodelaci\u00f3n del Parador de Aiguablava - GARCIA FAURA","description":"Arquitectura en Alumini, Inox, Ferro i Vidre","robots":{"index":"index","follow":"follow","max-snippet":"max-snippet:-1","max-image-preview":"max-image-preview:large","max-video-preview":"max-video-preview:-1"},"canonical":"https:\/\/www.garciafaura.com\/es\/mencio-del-palmares-darquitectura-de-technal-a-garcia-faura-per-la-remodelacio-del-parador-daiguablava\/","og_locale":"es_ES","og_type":"article","og_title":"Menci\u00f3n del Palmar\u00e9s de Arquitectura de Technal a GARCIA FAURA por la remodelaci\u00f3n del Parador de Aiguablava - GARCIA FAURA","og_description":"Arquitectura en Alumini, Inox, Ferro i Vidre","og_url":"https:\/\/www.garciafaura.com\/es\/mencio-del-palmares-darquitectura-de-technal-a-garcia-faura-per-la-remodelacio-del-parador-daiguablava\/","og_site_name":"GARCIA FAURA","article_published_time":"2022-05-31T08:16:39+00:00","article_modified_time":"2022-05-31T08:23:32+00:00","og_image":[{"width":1922,"height":1197,"url":"https:\/\/www.garciafaura.com\/wp-content\/uploads\/2022\/05\/FotoMencioGFTechnal.jpg","type":"image\/jpeg"}],"author":"David Achell","twitter_card":"summary_large_image","twitter_misc":{"Escrito por":"David Achell","Tiempo de lectura":"1 minuto"},"schema":{"@context":"https:\/\/schema.org","@graph":[{"@type":"Article","@id":"https:\/\/www.garciafaura.com\/es\/mencio-del-palmares-darquitectura-de-technal-a-garcia-faura-per-la-remodelacio-del-parador-daiguablava\/#article","isPartOf":{"@id":"https:\/\/www.garciafaura.com\/es\/mencio-del-palmares-darquitectura-de-technal-a-garcia-faura-per-la-remodelacio-del-parador-daiguablava\/"},"author":{"name":"David Achell","@id":"https:\/\/www.garciafaura.com\/fr\/#\/schema\/person\/b4b75e69b33fac3446071909bec106b0"},"headline":"Menci\u00f3n del Palmar\u00e9s de Arquitectura de Technal a GARCIA FAURA por la remodelaci\u00f3n del Parador de Aiguablava","datePublished":"2022-05-31T08:16:39+00:00","dateModified":"2022-05-31T08:23:32+00:00","mainEntityOfPage":{"@id":"https:\/\/www.garciafaura.com\/es\/mencio-del-palmares-darquitectura-de-technal-a-garcia-faura-per-la-remodelacio-del-parador-daiguablava\/"},"wordCount":307,"publisher":{"@id":"https:\/\/www.garciafaura.com\/fr\/#organization"},"image":{"@id":"https:\/\/www.garciafaura.com\/es\/mencio-del-palmares-darquitectura-de-technal-a-garcia-faura-per-la-remodelacio-del-parador-daiguablava\/#primaryimage"},"thumbnailUrl":"https:\/\/www.garciafaura.com\/wp-content\/uploads\/2022\/05\/FotoMencioGFTechnal.jpg","articleSection":["Actualidad"],"inLanguage":"es"},{"@type":"WebPage","@id":"https:\/\/www.garciafaura.com\/es\/mencio-del-palmares-darquitectura-de-technal-a-garcia-faura-per-la-remodelacio-del-parador-daiguablava\/","url":"https:\/\/www.garciafaura.com\/es\/mencio-del-palmares-darquitectura-de-technal-a-garcia-faura-per-la-remodelacio-del-parador-daiguablava\/","name":"Menci\u00f3n del Palmar\u00e9s de Arquitectura de Technal a GARCIA FAURA por la remodelaci\u00f3n del Parador de Aiguablava - GARCIA FAURA","isPartOf":{"@id":"https:\/\/www.garciafaura.com\/fr\/#website"},"primaryImageOfPage":{"@id":"https:\/\/www.garciafaura.com\/es\/mencio-del-palmares-darquitectura-de-technal-a-garcia-faura-per-la-remodelacio-del-parador-daiguablava\/#primaryimage"},"image":{"@id":"https:\/\/www.garciafaura.com\/es\/mencio-del-palmares-darquitectura-de-technal-a-garcia-faura-per-la-remodelacio-del-parador-daiguablava\/#primaryimage"},"thumbnailUrl":"https:\/\/www.garciafaura.com\/wp-content\/uploads\/2022\/05\/FotoMencioGFTechnal.jpg","datePublished":"2022-05-31T08:16:39+00:00","dateModified":"2022-05-31T08:23:32+00:00","description":"Arquitectura en Alumini, Inox, Ferro i Vidre","breadcrumb":{"@id":"https:\/\/www.garciafaura.com\/es\/mencio-del-palmares-darquitectura-de-technal-a-garcia-faura-per-la-remodelacio-del-parador-daiguablava\/#breadcrumb"},"inLanguage":"es","potentialAction":[{"@type":"ReadAction","target":["https:\/\/www.garciafaura.com\/es\/mencio-del-palmares-darquitectura-de-technal-a-garcia-faura-per-la-remodelacio-del-parador-daiguablava\/"]}]},{"@type":"ImageObject","inLanguage":"es","@id":"https:\/\/www.garciafaura.com\/es\/mencio-del-palmares-darquitectura-de-technal-a-garcia-faura-per-la-remodelacio-del-parador-daiguablava\/#primaryimage","url":"https:\/\/www.garciafaura.com\/wp-content\/uploads\/2022\/05\/FotoMencioGFTechnal.jpg","contentUrl":"https:\/\/www.garciafaura.com\/wp-content\/uploads\/2022\/05\/FotoMencioGFTechnal.jpg","width":1922,"height":1197},{"@type":"BreadcrumbList","@id":"https:\/\/www.garciafaura.com\/es\/mencio-del-palmares-darquitectura-de-technal-a-garcia-faura-per-la-remodelacio-del-parador-daiguablava\/#breadcrumb","itemListElement":[{"@type":"ListItem","position":1,"name":"Inici","item":"https:\/\/www.garciafaura.com\/es\/"},{"@type":"ListItem","position":2,"name":"Menci\u00f3n del Palmar\u00e9s de Arquitectura de Technal a GARCIA FAURA por la remodelaci\u00f3n del Parador de Aiguablava"}]},{"@type":"WebSite","@id":"https:\/\/www.garciafaura.com\/fr\/#website","url":"https:\/\/www.garciafaura.com\/fr\/","name":"GARCIA FAURA","description":"Arquitectura en Alumini, Inox, Ferro i Vidre","publisher":{"@id":"https:\/\/www.garciafaura.com\/fr\/#organization"},"potentialAction":[{"@type":"SearchAction","target":{"@type":"EntryPoint","urlTemplate":"https:\/\/www.garciafaura.com\/fr\/?s={search_term_string}"},"query-input":{"@type":"PropertyValueSpecification","valueRequired":true,"valueName":"search_term_string"}}],"inLanguage":"es"},{"@type":"Organization","@id":"https:\/\/www.garciafaura.com\/fr\/#organization","name":"GARCIA FAURA","url":"https:\/\/www.garciafaura.com\/fr\/","logo":{"@type":"ImageObject","inLanguage":"es","@id":"https:\/\/www.garciafaura.com\/fr\/#\/schema\/logo\/image\/","url":"https:\/\/www.garciafaura.com\/wp-content\/uploads\/2018\/09\/Garcia-Faura.png","contentUrl":"https:\/\/www.garciafaura.com\/wp-content\/uploads\/2018\/09\/Garcia-Faura.png","width":512,"height":512,"caption":"GARCIA FAURA"},"image":{"@id":"https:\/\/www.garciafaura.com\/fr\/#\/schema\/logo\/image\/"},"sameAs":["https:\/\/www.youtube.com\/user\/GARCIAFAURA"]},{"@type":"Person","@id":"https:\/\/www.garciafaura.com\/fr\/#\/schema\/person\/b4b75e69b33fac3446071909bec106b0","name":"David Achell","image":{"@type":"ImageObject","inLanguage":"es","@id":"https:\/\/www.garciafaura.com\/fr\/#\/schema\/person\/image\/","url":"https:\/\/secure.gravatar.com\/avatar\/03900210afc1f61bce737bcb4a79c02e2c997f171e3eca839b5a4cbe03846c90?s=96&d=blank&r=g","contentUrl":"https:\/\/secure.gravatar.com\/avatar\/03900210afc1f61bce737bcb4a79c02e2c997f171e3eca839b5a4cbe03846c90?s=96&d=blank&r=g","caption":"David Achell"}}]}},"_links":{"self":[{"href":"https:\/\/www.garciafaura.com\/es\/wp-json\/wp\/v2\/posts\/29431","targetHints":{"allow":["GET"]}}],"collection":[{"href":"https:\/\/www.garciafaura.com\/es\/wp-json\/wp\/v2\/posts"}],"about":[{"href":"https:\/\/www.garciafaura.com\/es\/wp-json\/wp\/v2\/types\/post"}],"author":[{"embeddable":true,"href":"https:\/\/www.garciafaura.com\/es\/wp-json\/wp\/v2\/users\/3"}],"replies":[{"embeddable":true,"href":"https:\/\/www.garciafaura.com\/es\/wp-json\/wp\/v2\/comments?post=29431"}],"version-history":[{"count":3,"href":"https:\/\/www.garciafaura.com\/es\/wp-json\/wp\/v2\/posts\/29431\/revisions"}],"predecessor-version":[{"id":29434,"href":"https:\/\/www.garciafaura.com\/es\/wp-json\/wp\/v2\/posts\/29431\/revisions\/29434"}],"wp:featuredmedia":[{"embeddable":true,"href":"https:\/\/www.garciafaura.com\/es\/wp-json\/wp\/v2\/media\/29429"}],"wp:attachment":[{"href":"https:\/\/www.garciafaura.com\/es\/wp-json\/wp\/v2\/media?parent=29431"}],"wp:term":[{"taxonomy":"category","embeddable":true,"href":"https:\/\/www.garciafaura.com\/es\/wp-json\/wp\/v2\/categories?post=29431"},{"taxonomy":"post_tag","embeddable":true,"href":"https:\/\/www.garciafaura.com\/es\/wp-json\/wp\/v2\/tags?post=29431"},{"taxonomy":"post_series","embeddable":true,"href":"https:\/\/www.garciafaura.com\/es\/wp-json\/wp\/v2\/post_series?post=29431"}],"curies":[{"name":"wp","href":"https:\/\/api.w.org\/{rel}","templated":true}]}}