{"id":29417,"date":"2022-05-26T10:08:56","date_gmt":"2022-05-26T08:08:56","guid":{"rendered":"https:\/\/www.garciafaura.com\/garcia-faura-remodela-facanes-al-parc-empresarial-cerro-de-los-gamos-de-madrid\/"},"modified":"2022-05-26T10:13:04","modified_gmt":"2022-05-26T08:13:04","slug":"garcia-faura-remodela-facanes-al-parc-empresarial-cerro-de-los-gamos-de-madrid","status":"publish","type":"post","link":"https:\/\/www.garciafaura.com\/es\/garcia-faura-remodela-facanes-al-parc-empresarial-cerro-de-los-gamos-de-madrid\/","title":{"rendered":"GARCIA FAURA remodela fachadas en el Parque Empresarial Cerro de los Gamos de Madrid"},"content":{"rendered":"<p style=\"text-align: justify;\"><strong>GARCIA FAURA intervendr\u00e1 en la remodelaci\u00f3n del Parque Empresarial Cerro de los Gamos, en Pozuelo de Alarc\u00f3n (Madrid), un complejo que alberga algunas de las principales compa\u00f1\u00edas espa\u00f1olas del sector tecnol\u00f3gico y la innovaci\u00f3n. La compa\u00f1\u00eda ejecutar\u00e1 la renovaci\u00f3n de las fachadas de dos de los edificios que conforman el complejo.<\/strong><\/p>\n<p style=\"text-align: justify;\">El <a href=\"https:\/\/www.merlinproperties.com\/portfolio\/pe-cerro-gamos\/\" target=\"_blank\" rel=\"noopener\"><strong>Parque Empresarial Cerro de los Gamos<\/strong><\/a>, propiedad de la <strong>inmobiliaria Merlin Properties<\/strong>, es un conjunto de cinco edificios independientes de cuatro plantas cada uno y otras dos de aparcamiento. Los edificios suman una superficie total de 36.105 metros cuadrados destinados a la actividad empresarial de valor a\u00f1adido.<\/p>\n<p style=\"text-align: justify;\">El proyecto de remodelaci\u00f3n de las <strong>fachadas<\/strong> que desarrolla <strong>GARCIA FAURA<\/strong> ha corrido a cargo del <a href=\"https:\/\/cargocollective.com\/ccjvv\" target=\"_blank\" rel=\"noopener\"><strong>despacho madrile\u00f1o de arquitectura CCJVV<\/strong><\/a> con la asesor\u00eda en <strong>fachadas<\/strong> del <a href=\"https:\/\/www.ferresarquitectos.com\/proyectos.html\" target=\"_blank\" rel=\"noopener\"><strong>prestigioso despacho catal\u00e1n Ferr\u00e9s Arquitectos y Consultores<\/strong><\/a>.<\/p>\n<p style=\"text-align: justify;\"><strong>GARCIA FAURA<\/strong> intervendr\u00e1 inicialmente en los edificios 1 y 4 del complejo con 4.500 metros cuadrados de <strong>fachada<\/strong>, entre carpinter\u00eda y frentes de premarcos panelados, as\u00ed como los 3.900 metros lineales de <strong>impostas y mochetas de panel composite<\/strong>, y 1.025 metros cuadrados de <strong>paneles de coronaci\u00f3n<\/strong>.<\/p>\n","protected":false},"excerpt":{"rendered":"<p>GARCIA FAURA intervendr\u00e1 en la remodelaci\u00f3n del Parque Empresarial Cerro de los Gamos, en Pozuelo de Alarc\u00f3n (Madrid), un complejo que alberga algunas de las principales compa\u00f1\u00edas espa\u00f1olas del sector tecnol\u00f3gico y la innovaci\u00f3n. La compa\u00f1\u00eda ejecutar\u00e1 la renovaci\u00f3n de&hellip;<\/p>\n","protected":false},"author":3,"featured_media":29413,"comment_status":"closed","ping_status":"open","sticky":false,"template":"","format":"standard","meta":{"footnotes":""},"categories":[3],"tags":[],"post_series":[],"class_list":["post-29417","post","type-post","status-publish","format-standard","has-post-thumbnail","hentry","category-actualidad","entry","has-media"],"yoast_head":"<!-- This site is optimized with the Yoast SEO plugin v26.7 - https:\/\/yoast.com\/wordpress\/plugins\/seo\/ -->\n<title>GARCIA FAURA remodela fachadas en el Parque Empresarial Cerro de los Gamos de Madrid - GARCIA FAURA<\/title>\n<meta name=\"description\" content=\"Arquitectura en Alumini, Inox, Ferro i Vidre\" \/>\n<meta name=\"robots\" content=\"index, follow, max-snippet:-1, max-image-preview:large, max-video-preview:-1\" \/>\n<link rel=\"canonical\" href=\"https:\/\/www.garciafaura.com\/es\/garcia-faura-remodela-facanes-al-parc-empresarial-cerro-de-los-gamos-de-madrid\/\" \/>\n<meta property=\"og:locale\" content=\"es_ES\" \/>\n<meta property=\"og:type\" content=\"article\" \/>\n<meta property=\"og:title\" content=\"GARCIA FAURA remodela fachadas en el Parque Empresarial Cerro de los Gamos de Madrid - GARCIA FAURA\" \/>\n<meta property=\"og:description\" content=\"Arquitectura en Alumini, Inox, Ferro i Vidre\" \/>\n<meta property=\"og:url\" content=\"https:\/\/www.garciafaura.com\/es\/garcia-faura-remodela-facanes-al-parc-empresarial-cerro-de-los-gamos-de-madrid\/\" \/>\n<meta property=\"og:site_name\" content=\"GARCIA FAURA\" \/>\n<meta property=\"article:published_time\" content=\"2022-05-26T08:08:56+00:00\" \/>\n<meta property=\"article:modified_time\" content=\"2022-05-26T08:13:04+00:00\" \/>\n<meta property=\"og:image\" content=\"https:\/\/www.garciafaura.com\/wp-content\/uploads\/2022\/05\/CerroGamos-2.jpg\" \/>\n\t<meta property=\"og:image:width\" content=\"457\" \/>\n\t<meta property=\"og:image:height\" content=\"369\" \/>\n\t<meta property=\"og:image:type\" content=\"image\/jpeg\" \/>\n<meta name=\"author\" content=\"David Achell\" \/>\n<meta name=\"twitter:card\" content=\"summary_large_image\" \/>\n<meta name=\"twitter:label1\" content=\"Escrito por\" \/>\n\t<meta name=\"twitter:data1\" content=\"David Achell\" \/>\n\t<meta name=\"twitter:label2\" content=\"Tiempo de lectura\" \/>\n\t<meta name=\"twitter:data2\" content=\"1 minuto\" \/>\n<script type=\"application\/ld+json\" class=\"yoast-schema-graph\">{\"@context\":\"https:\/\/schema.org\",\"@graph\":[{\"@type\":\"Article\",\"@id\":\"https:\/\/www.garciafaura.com\/es\/garcia-faura-remodela-facanes-al-parc-empresarial-cerro-de-los-gamos-de-madrid\/#article\",\"isPartOf\":{\"@id\":\"https:\/\/www.garciafaura.com\/es\/garcia-faura-remodela-facanes-al-parc-empresarial-cerro-de-los-gamos-de-madrid\/\"},\"author\":{\"name\":\"David Achell\",\"@id\":\"https:\/\/www.garciafaura.com\/fr\/#\/schema\/person\/b4b75e69b33fac3446071909bec106b0\"},\"headline\":\"GARCIA FAURA remodela fachadas en el Parque Empresarial Cerro de los Gamos de Madrid\",\"datePublished\":\"2022-05-26T08:08:56+00:00\",\"dateModified\":\"2022-05-26T08:13:04+00:00\",\"mainEntityOfPage\":{\"@id\":\"https:\/\/www.garciafaura.com\/es\/garcia-faura-remodela-facanes-al-parc-empresarial-cerro-de-los-gamos-de-madrid\/\"},\"wordCount\":203,\"publisher\":{\"@id\":\"https:\/\/www.garciafaura.com\/fr\/#organization\"},\"image\":{\"@id\":\"https:\/\/www.garciafaura.com\/es\/garcia-faura-remodela-facanes-al-parc-empresarial-cerro-de-los-gamos-de-madrid\/#primaryimage\"},\"thumbnailUrl\":\"https:\/\/www.garciafaura.com\/wp-content\/uploads\/2022\/05\/CerroGamos-2.jpg\",\"articleSection\":[\"Actualidad\"],\"inLanguage\":\"es\"},{\"@type\":\"WebPage\",\"@id\":\"https:\/\/www.garciafaura.com\/es\/garcia-faura-remodela-facanes-al-parc-empresarial-cerro-de-los-gamos-de-madrid\/\",\"url\":\"https:\/\/www.garciafaura.com\/es\/garcia-faura-remodela-facanes-al-parc-empresarial-cerro-de-los-gamos-de-madrid\/\",\"name\":\"GARCIA FAURA remodela fachadas en el Parque Empresarial Cerro de los Gamos de Madrid - GARCIA FAURA\",\"isPartOf\":{\"@id\":\"https:\/\/www.garciafaura.com\/fr\/#website\"},\"primaryImageOfPage\":{\"@id\":\"https:\/\/www.garciafaura.com\/es\/garcia-faura-remodela-facanes-al-parc-empresarial-cerro-de-los-gamos-de-madrid\/#primaryimage\"},\"image\":{\"@id\":\"https:\/\/www.garciafaura.com\/es\/garcia-faura-remodela-facanes-al-parc-empresarial-cerro-de-los-gamos-de-madrid\/#primaryimage\"},\"thumbnailUrl\":\"https:\/\/www.garciafaura.com\/wp-content\/uploads\/2022\/05\/CerroGamos-2.jpg\",\"datePublished\":\"2022-05-26T08:08:56+00:00\",\"dateModified\":\"2022-05-26T08:13:04+00:00\",\"description\":\"Arquitectura en Alumini, Inox, Ferro i Vidre\",\"breadcrumb\":{\"@id\":\"https:\/\/www.garciafaura.com\/es\/garcia-faura-remodela-facanes-al-parc-empresarial-cerro-de-los-gamos-de-madrid\/#breadcrumb\"},\"inLanguage\":\"es\",\"potentialAction\":[{\"@type\":\"ReadAction\",\"target\":[\"https:\/\/www.garciafaura.com\/es\/garcia-faura-remodela-facanes-al-parc-empresarial-cerro-de-los-gamos-de-madrid\/\"]}]},{\"@type\":\"ImageObject\",\"inLanguage\":\"es\",\"@id\":\"https:\/\/www.garciafaura.com\/es\/garcia-faura-remodela-facanes-al-parc-empresarial-cerro-de-los-gamos-de-madrid\/#primaryimage\",\"url\":\"https:\/\/www.garciafaura.com\/wp-content\/uploads\/2022\/05\/CerroGamos-2.jpg\",\"contentUrl\":\"https:\/\/www.garciafaura.com\/wp-content\/uploads\/2022\/05\/CerroGamos-2.jpg\",\"width\":457,\"height\":369,\"caption\":\"Garcia Faura Parque Empresarial Cerro de los Gamos Alarc\u00f3n Madrid\"},{\"@type\":\"BreadcrumbList\",\"@id\":\"https:\/\/www.garciafaura.com\/es\/garcia-faura-remodela-facanes-al-parc-empresarial-cerro-de-los-gamos-de-madrid\/#breadcrumb\",\"itemListElement\":[{\"@type\":\"ListItem\",\"position\":1,\"name\":\"Inici\",\"item\":\"https:\/\/www.garciafaura.com\/es\/\"},{\"@type\":\"ListItem\",\"position\":2,\"name\":\"GARCIA FAURA remodela fachadas en el Parque Empresarial Cerro de los Gamos de Madrid\"}]},{\"@type\":\"WebSite\",\"@id\":\"https:\/\/www.garciafaura.com\/fr\/#website\",\"url\":\"https:\/\/www.garciafaura.com\/fr\/\",\"name\":\"GARCIA FAURA\",\"description\":\"Arquitectura en Alumini, Inox, Ferro i Vidre\",\"publisher\":{\"@id\":\"https:\/\/www.garciafaura.com\/fr\/#organization\"},\"potentialAction\":[{\"@type\":\"SearchAction\",\"target\":{\"@type\":\"EntryPoint\",\"urlTemplate\":\"https:\/\/www.garciafaura.com\/fr\/?s={search_term_string}\"},\"query-input\":{\"@type\":\"PropertyValueSpecification\",\"valueRequired\":true,\"valueName\":\"search_term_string\"}}],\"inLanguage\":\"es\"},{\"@type\":\"Organization\",\"@id\":\"https:\/\/www.garciafaura.com\/fr\/#organization\",\"name\":\"GARCIA FAURA\",\"url\":\"https:\/\/www.garciafaura.com\/fr\/\",\"logo\":{\"@type\":\"ImageObject\",\"inLanguage\":\"es\",\"@id\":\"https:\/\/www.garciafaura.com\/fr\/#\/schema\/logo\/image\/\",\"url\":\"https:\/\/www.garciafaura.com\/wp-content\/uploads\/2018\/09\/Garcia-Faura.png\",\"contentUrl\":\"https:\/\/www.garciafaura.com\/wp-content\/uploads\/2018\/09\/Garcia-Faura.png\",\"width\":512,\"height\":512,\"caption\":\"GARCIA FAURA\"},\"image\":{\"@id\":\"https:\/\/www.garciafaura.com\/fr\/#\/schema\/logo\/image\/\"},\"sameAs\":[\"https:\/\/www.youtube.com\/user\/GARCIAFAURA\"]},{\"@type\":\"Person\",\"@id\":\"https:\/\/www.garciafaura.com\/fr\/#\/schema\/person\/b4b75e69b33fac3446071909bec106b0\",\"name\":\"David Achell\",\"image\":{\"@type\":\"ImageObject\",\"inLanguage\":\"es\",\"@id\":\"https:\/\/www.garciafaura.com\/fr\/#\/schema\/person\/image\/\",\"url\":\"https:\/\/secure.gravatar.com\/avatar\/03900210afc1f61bce737bcb4a79c02e2c997f171e3eca839b5a4cbe03846c90?s=96&d=blank&r=g\",\"contentUrl\":\"https:\/\/secure.gravatar.com\/avatar\/03900210afc1f61bce737bcb4a79c02e2c997f171e3eca839b5a4cbe03846c90?s=96&d=blank&r=g\",\"caption\":\"David Achell\"}}]}<\/script>\n<!-- \/ Yoast SEO plugin. -->","yoast_head_json":{"title":"GARCIA FAURA remodela fachadas en el Parque Empresarial Cerro de los Gamos de Madrid - GARCIA FAURA","description":"Arquitectura en Alumini, Inox, Ferro i Vidre","robots":{"index":"index","follow":"follow","max-snippet":"max-snippet:-1","max-image-preview":"max-image-preview:large","max-video-preview":"max-video-preview:-1"},"canonical":"https:\/\/www.garciafaura.com\/es\/garcia-faura-remodela-facanes-al-parc-empresarial-cerro-de-los-gamos-de-madrid\/","og_locale":"es_ES","og_type":"article","og_title":"GARCIA FAURA remodela fachadas en el Parque Empresarial Cerro de los Gamos de Madrid - GARCIA FAURA","og_description":"Arquitectura en Alumini, Inox, Ferro i Vidre","og_url":"https:\/\/www.garciafaura.com\/es\/garcia-faura-remodela-facanes-al-parc-empresarial-cerro-de-los-gamos-de-madrid\/","og_site_name":"GARCIA FAURA","article_published_time":"2022-05-26T08:08:56+00:00","article_modified_time":"2022-05-26T08:13:04+00:00","og_image":[{"width":457,"height":369,"url":"https:\/\/www.garciafaura.com\/wp-content\/uploads\/2022\/05\/CerroGamos-2.jpg","type":"image\/jpeg"}],"author":"David Achell","twitter_card":"summary_large_image","twitter_misc":{"Escrito por":"David Achell","Tiempo de lectura":"1 minuto"},"schema":{"@context":"https:\/\/schema.org","@graph":[{"@type":"Article","@id":"https:\/\/www.garciafaura.com\/es\/garcia-faura-remodela-facanes-al-parc-empresarial-cerro-de-los-gamos-de-madrid\/#article","isPartOf":{"@id":"https:\/\/www.garciafaura.com\/es\/garcia-faura-remodela-facanes-al-parc-empresarial-cerro-de-los-gamos-de-madrid\/"},"author":{"name":"David Achell","@id":"https:\/\/www.garciafaura.com\/fr\/#\/schema\/person\/b4b75e69b33fac3446071909bec106b0"},"headline":"GARCIA FAURA remodela fachadas en el Parque Empresarial Cerro de los Gamos de Madrid","datePublished":"2022-05-26T08:08:56+00:00","dateModified":"2022-05-26T08:13:04+00:00","mainEntityOfPage":{"@id":"https:\/\/www.garciafaura.com\/es\/garcia-faura-remodela-facanes-al-parc-empresarial-cerro-de-los-gamos-de-madrid\/"},"wordCount":203,"publisher":{"@id":"https:\/\/www.garciafaura.com\/fr\/#organization"},"image":{"@id":"https:\/\/www.garciafaura.com\/es\/garcia-faura-remodela-facanes-al-parc-empresarial-cerro-de-los-gamos-de-madrid\/#primaryimage"},"thumbnailUrl":"https:\/\/www.garciafaura.com\/wp-content\/uploads\/2022\/05\/CerroGamos-2.jpg","articleSection":["Actualidad"],"inLanguage":"es"},{"@type":"WebPage","@id":"https:\/\/www.garciafaura.com\/es\/garcia-faura-remodela-facanes-al-parc-empresarial-cerro-de-los-gamos-de-madrid\/","url":"https:\/\/www.garciafaura.com\/es\/garcia-faura-remodela-facanes-al-parc-empresarial-cerro-de-los-gamos-de-madrid\/","name":"GARCIA FAURA remodela fachadas en el Parque Empresarial Cerro de los Gamos de Madrid - GARCIA FAURA","isPartOf":{"@id":"https:\/\/www.garciafaura.com\/fr\/#website"},"primaryImageOfPage":{"@id":"https:\/\/www.garciafaura.com\/es\/garcia-faura-remodela-facanes-al-parc-empresarial-cerro-de-los-gamos-de-madrid\/#primaryimage"},"image":{"@id":"https:\/\/www.garciafaura.com\/es\/garcia-faura-remodela-facanes-al-parc-empresarial-cerro-de-los-gamos-de-madrid\/#primaryimage"},"thumbnailUrl":"https:\/\/www.garciafaura.com\/wp-content\/uploads\/2022\/05\/CerroGamos-2.jpg","datePublished":"2022-05-26T08:08:56+00:00","dateModified":"2022-05-26T08:13:04+00:00","description":"Arquitectura en Alumini, Inox, Ferro i Vidre","breadcrumb":{"@id":"https:\/\/www.garciafaura.com\/es\/garcia-faura-remodela-facanes-al-parc-empresarial-cerro-de-los-gamos-de-madrid\/#breadcrumb"},"inLanguage":"es","potentialAction":[{"@type":"ReadAction","target":["https:\/\/www.garciafaura.com\/es\/garcia-faura-remodela-facanes-al-parc-empresarial-cerro-de-los-gamos-de-madrid\/"]}]},{"@type":"ImageObject","inLanguage":"es","@id":"https:\/\/www.garciafaura.com\/es\/garcia-faura-remodela-facanes-al-parc-empresarial-cerro-de-los-gamos-de-madrid\/#primaryimage","url":"https:\/\/www.garciafaura.com\/wp-content\/uploads\/2022\/05\/CerroGamos-2.jpg","contentUrl":"https:\/\/www.garciafaura.com\/wp-content\/uploads\/2022\/05\/CerroGamos-2.jpg","width":457,"height":369,"caption":"Garcia Faura Parque Empresarial Cerro de los Gamos Alarc\u00f3n Madrid"},{"@type":"BreadcrumbList","@id":"https:\/\/www.garciafaura.com\/es\/garcia-faura-remodela-facanes-al-parc-empresarial-cerro-de-los-gamos-de-madrid\/#breadcrumb","itemListElement":[{"@type":"ListItem","position":1,"name":"Inici","item":"https:\/\/www.garciafaura.com\/es\/"},{"@type":"ListItem","position":2,"name":"GARCIA FAURA remodela fachadas en el Parque Empresarial Cerro de los Gamos de Madrid"}]},{"@type":"WebSite","@id":"https:\/\/www.garciafaura.com\/fr\/#website","url":"https:\/\/www.garciafaura.com\/fr\/","name":"GARCIA FAURA","description":"Arquitectura en Alumini, Inox, Ferro i Vidre","publisher":{"@id":"https:\/\/www.garciafaura.com\/fr\/#organization"},"potentialAction":[{"@type":"SearchAction","target":{"@type":"EntryPoint","urlTemplate":"https:\/\/www.garciafaura.com\/fr\/?s={search_term_string}"},"query-input":{"@type":"PropertyValueSpecification","valueRequired":true,"valueName":"search_term_string"}}],"inLanguage":"es"},{"@type":"Organization","@id":"https:\/\/www.garciafaura.com\/fr\/#organization","name":"GARCIA FAURA","url":"https:\/\/www.garciafaura.com\/fr\/","logo":{"@type":"ImageObject","inLanguage":"es","@id":"https:\/\/www.garciafaura.com\/fr\/#\/schema\/logo\/image\/","url":"https:\/\/www.garciafaura.com\/wp-content\/uploads\/2018\/09\/Garcia-Faura.png","contentUrl":"https:\/\/www.garciafaura.com\/wp-content\/uploads\/2018\/09\/Garcia-Faura.png","width":512,"height":512,"caption":"GARCIA FAURA"},"image":{"@id":"https:\/\/www.garciafaura.com\/fr\/#\/schema\/logo\/image\/"},"sameAs":["https:\/\/www.youtube.com\/user\/GARCIAFAURA"]},{"@type":"Person","@id":"https:\/\/www.garciafaura.com\/fr\/#\/schema\/person\/b4b75e69b33fac3446071909bec106b0","name":"David Achell","image":{"@type":"ImageObject","inLanguage":"es","@id":"https:\/\/www.garciafaura.com\/fr\/#\/schema\/person\/image\/","url":"https:\/\/secure.gravatar.com\/avatar\/03900210afc1f61bce737bcb4a79c02e2c997f171e3eca839b5a4cbe03846c90?s=96&d=blank&r=g","contentUrl":"https:\/\/secure.gravatar.com\/avatar\/03900210afc1f61bce737bcb4a79c02e2c997f171e3eca839b5a4cbe03846c90?s=96&d=blank&r=g","caption":"David Achell"}}]}},"_links":{"self":[{"href":"https:\/\/www.garciafaura.com\/es\/wp-json\/wp\/v2\/posts\/29417","targetHints":{"allow":["GET"]}}],"collection":[{"href":"https:\/\/www.garciafaura.com\/es\/wp-json\/wp\/v2\/posts"}],"about":[{"href":"https:\/\/www.garciafaura.com\/es\/wp-json\/wp\/v2\/types\/post"}],"author":[{"embeddable":true,"href":"https:\/\/www.garciafaura.com\/es\/wp-json\/wp\/v2\/users\/3"}],"replies":[{"embeddable":true,"href":"https:\/\/www.garciafaura.com\/es\/wp-json\/wp\/v2\/comments?post=29417"}],"version-history":[{"count":2,"href":"https:\/\/www.garciafaura.com\/es\/wp-json\/wp\/v2\/posts\/29417\/revisions"}],"predecessor-version":[{"id":29419,"href":"https:\/\/www.garciafaura.com\/es\/wp-json\/wp\/v2\/posts\/29417\/revisions\/29419"}],"wp:featuredmedia":[{"embeddable":true,"href":"https:\/\/www.garciafaura.com\/es\/wp-json\/wp\/v2\/media\/29413"}],"wp:attachment":[{"href":"https:\/\/www.garciafaura.com\/es\/wp-json\/wp\/v2\/media?parent=29417"}],"wp:term":[{"taxonomy":"category","embeddable":true,"href":"https:\/\/www.garciafaura.com\/es\/wp-json\/wp\/v2\/categories?post=29417"},{"taxonomy":"post_tag","embeddable":true,"href":"https:\/\/www.garciafaura.com\/es\/wp-json\/wp\/v2\/tags?post=29417"},{"taxonomy":"post_series","embeddable":true,"href":"https:\/\/www.garciafaura.com\/es\/wp-json\/wp\/v2\/post_series?post=29417"}],"curies":[{"name":"wp","href":"https:\/\/api.w.org\/{rel}","templated":true}]}}