{"id":29393,"date":"2022-05-12T17:12:12","date_gmt":"2022-05-12T15:12:12","guid":{"rendered":"https:\/\/www.garciafaura.com\/garcia-faura-desenvolupa-una-innovadora-facana-modular-per-a-un-complex-residencial-a-sant-quirze-del-valles\/"},"modified":"2022-05-13T10:49:48","modified_gmt":"2022-05-13T08:49:48","slug":"garcia-faura-desenvolupa-una-innovadora-facana-modular-per-a-un-complex-residencial-a-sant-quirze-del-valles","status":"publish","type":"post","link":"https:\/\/www.garciafaura.com\/es\/garcia-faura-desenvolupa-una-innovadora-facana-modular-per-a-un-complex-residencial-a-sant-quirze-del-valles\/","title":{"rendered":"GARCIA FAURA desarrolla una innovadora fachada modular para un complejo residencial en Sant Quirze del Vall\u00e8s"},"content":{"rendered":"<p style=\"text-align: justify;\"><strong>GARCIA FAURA ha formado parte del equipo desarrollador de un prototipo de fachada modular innovadora y multifuncional que se ha instalado en un complejo de 30 viviendas sociales en Sant Quirze del Vall\u00e8s (Barcelona). La actuaci\u00f3n forma parte de un proyecto liderado por la Agencia de la Vivienda de Catalu\u00f1a y dise\u00f1ado por el estudio de arquitectura Pich-Aguilera dentro del proyecto europeo Plug-n-Harvest.<\/strong><\/p>\n<p style=\"text-align: justify;\">La acci\u00f3n parte de los trabajos de rehabilitaci\u00f3n energ\u00e9tica de un edificio de viviendas en forma de U construido en 2003 y que sufr\u00eda problemas de humedades, de confort t\u00e9rmico y de rotura de piezas de acabado en las tres <strong>fachadas<\/strong> ventiladas que dan a la calle, por lo que se decidi\u00f3 emprender obras de mejora.<\/p>\n<p style=\"text-align: justify;\">La promoci\u00f3n es propiedad de <a href=\"https:\/\/incasol.gencat.cat\/ca\/inici\" target=\"_blank\" rel=\"noopener\"><strong>Incas\u00f2l<\/strong><\/a> y es gestionada por la <strong><a href=\"http:\/\/agenciahabitatge.gencat.cat\/wps\/portal\/!ut\/p\/z1\/04_Sj9CPykssy0xPLMnMz0vMAfIjo8ziLQIs3T0sTIx8DIK8TAwcTT1d3D0tTIwNDEz0wwkpiAJKG-AAjgZA_VGElBTkRhikOyoqAgDGDC0x\/dz\/d5\/L2dBISEvZ0FBIS9nQSEh\/\" target=\"_blank\" rel=\"noopener\">Agencia de la Vivienda de Catalunya<\/a> (AVC)<\/strong>, entidad socia del <a href=\"https:\/\/www.plug-n-harvest.eu\/\" target=\"_blank\" rel=\"noopener\"><strong>proyecto europeo Plug-n-Harvest<\/strong><\/a>, quien promueve que las administraciones p\u00fablicas sean ejemplo de transformaci\u00f3n social y ambiental e implementen proyectos orientados al desarrollo sostenible.<\/p>\n<p style=\"text-align: justify;\">Ante este reto, el <a href=\"https:\/\/www.picharchitects.com\/\" target=\"_blank\" rel=\"noopener\"><strong>estudio de arquitectura Pich-Aguilera<\/strong><\/a> redact\u00f3 un proyecto de renovaci\u00f3n en colaboraci\u00f3n con la <strong>AVC<\/strong> a partir de una soluci\u00f3n constructiva y tecnol\u00f3gica de fachada din\u00e1mica innovadora.\u00a0<strong>GARCIA FAURA<\/strong> ha sido la responsable del desarrollo del prototipo, su testeo en un laboratorio de ensayos y, una vez validada la soluci\u00f3n, su dise\u00f1o de producci\u00f3n, la fabricaci\u00f3n de m\u00f3dulos y la ejecuci\u00f3n de los trabajos de renovaci\u00f3n de <strong>fachada<\/strong> e instalaci\u00f3n. El proyecto ha sido parcialmente subvencionado con los <a href=\"https:\/\/ec.europa.eu\/info\/research-and-innovation\/funding\/funding-opportunities\/funding-programmes-and-open-calls\/horizon-2020_en\" target=\"_blank\" rel=\"noopener\"><strong>fondos europeos Horizon 2020<\/strong><\/a>.<\/p>\n<h3 style=\"text-align: justify;\">Un ejemplo para otros proyectos<\/h3>\n<p style=\"text-align: justify;\">Con el proyecto de la <strong>AVC<\/strong> y <strong>Pich-Aguilera<\/strong>, <strong>GARCIA FAURA<\/strong> ha desarrollado un dise\u00f1o que no s\u00f3lo resuelve las patolog\u00edas de la <strong>fachada<\/strong> del edificio, sino que tambi\u00e9n permitir\u00e1 reducir el elevado consumo energ\u00e9tico y, al mismo tiempo, reducir la factura el\u00e9ctrica de las viviendas de alquiler social.<\/p>\n<p style=\"text-align: justify;\">Y es que el dise\u00f1o del nuevo sistema de <strong>fachada<\/strong> (que ser\u00e1 extrapolable a otros proyectos de rehabilitaci\u00f3n) integra una serie de medidas para la reducci\u00f3n de la demanda energ\u00e9tica y el incremento del uso y la producci\u00f3n de energ\u00edas renovables, hasta en el punto de permitir distribuir la energ\u00eda sobrante.<\/p>\n","protected":false},"excerpt":{"rendered":"<p>GARCIA FAURA ha formado parte del equipo desarrollador de un prototipo de fachada modular innovadora y multifuncional que se ha instalado en un complejo de 30 viviendas sociales en Sant Quirze del Vall\u00e8s (Barcelona). La actuaci\u00f3n forma parte de un&hellip;<\/p>\n","protected":false},"author":3,"featured_media":29390,"comment_status":"closed","ping_status":"open","sticky":false,"template":"","format":"standard","meta":{"footnotes":""},"categories":[3],"tags":[],"post_series":[],"class_list":["post-29393","post","type-post","status-publish","format-standard","has-post-thumbnail","hentry","category-actualidad","entry","has-media"],"yoast_head":"<!-- This site is optimized with the Yoast SEO plugin v26.7 - https:\/\/yoast.com\/wordpress\/plugins\/seo\/ -->\n<title>GARCIA FAURA desarrolla una innovadora fachada modular para un complejo residencial en Sant Quirze del Vall\u00e8s - GARCIA FAURA<\/title>\n<meta name=\"description\" content=\"Arquitectura en Alumini, Inox, Ferro i Vidre\" \/>\n<meta name=\"robots\" content=\"index, follow, max-snippet:-1, max-image-preview:large, max-video-preview:-1\" \/>\n<link rel=\"canonical\" href=\"https:\/\/www.garciafaura.com\/es\/garcia-faura-desenvolupa-una-innovadora-facana-modular-per-a-un-complex-residencial-a-sant-quirze-del-valles\/\" \/>\n<meta property=\"og:locale\" content=\"es_ES\" \/>\n<meta property=\"og:type\" content=\"article\" \/>\n<meta property=\"og:title\" content=\"GARCIA FAURA desarrolla una innovadora fachada modular para un complejo residencial en Sant Quirze del Vall\u00e8s - GARCIA FAURA\" \/>\n<meta property=\"og:description\" content=\"Arquitectura en Alumini, Inox, Ferro i Vidre\" \/>\n<meta property=\"og:url\" content=\"https:\/\/www.garciafaura.com\/es\/garcia-faura-desenvolupa-una-innovadora-facana-modular-per-a-un-complex-residencial-a-sant-quirze-del-valles\/\" \/>\n<meta property=\"og:site_name\" content=\"GARCIA FAURA\" \/>\n<meta property=\"article:published_time\" content=\"2022-05-12T15:12:12+00:00\" \/>\n<meta property=\"article:modified_time\" content=\"2022-05-13T08:49:48+00:00\" \/>\n<meta property=\"og:image\" content=\"https:\/\/www.garciafaura.com\/wp-content\/uploads\/2022\/05\/Aiguasol-SantQuirze-scaled.jpg\" \/>\n\t<meta property=\"og:image:width\" content=\"2560\" \/>\n\t<meta property=\"og:image:height\" content=\"1920\" \/>\n\t<meta property=\"og:image:type\" content=\"image\/jpeg\" \/>\n<meta name=\"author\" content=\"David Achell\" \/>\n<meta name=\"twitter:card\" content=\"summary_large_image\" \/>\n<meta name=\"twitter:label1\" content=\"Escrito por\" \/>\n\t<meta name=\"twitter:data1\" content=\"David Achell\" \/>\n\t<meta name=\"twitter:label2\" content=\"Tiempo de lectura\" \/>\n\t<meta name=\"twitter:data2\" content=\"2 minutos\" \/>\n<script type=\"application\/ld+json\" class=\"yoast-schema-graph\">{\"@context\":\"https:\/\/schema.org\",\"@graph\":[{\"@type\":\"Article\",\"@id\":\"https:\/\/www.garciafaura.com\/es\/garcia-faura-desenvolupa-una-innovadora-facana-modular-per-a-un-complex-residencial-a-sant-quirze-del-valles\/#article\",\"isPartOf\":{\"@id\":\"https:\/\/www.garciafaura.com\/es\/garcia-faura-desenvolupa-una-innovadora-facana-modular-per-a-un-complex-residencial-a-sant-quirze-del-valles\/\"},\"author\":{\"name\":\"David Achell\",\"@id\":\"https:\/\/www.garciafaura.com\/fr\/#\/schema\/person\/b4b75e69b33fac3446071909bec106b0\"},\"headline\":\"GARCIA FAURA desarrolla una innovadora fachada modular para un complejo residencial en Sant Quirze del Vall\u00e8s\",\"datePublished\":\"2022-05-12T15:12:12+00:00\",\"dateModified\":\"2022-05-13T08:49:48+00:00\",\"mainEntityOfPage\":{\"@id\":\"https:\/\/www.garciafaura.com\/es\/garcia-faura-desenvolupa-una-innovadora-facana-modular-per-a-un-complex-residencial-a-sant-quirze-del-valles\/\"},\"wordCount\":405,\"publisher\":{\"@id\":\"https:\/\/www.garciafaura.com\/fr\/#organization\"},\"image\":{\"@id\":\"https:\/\/www.garciafaura.com\/es\/garcia-faura-desenvolupa-una-innovadora-facana-modular-per-a-un-complex-residencial-a-sant-quirze-del-valles\/#primaryimage\"},\"thumbnailUrl\":\"https:\/\/www.garciafaura.com\/wp-content\/uploads\/2022\/05\/Aiguasol-SantQuirze-scaled.jpg\",\"articleSection\":[\"Actualidad\"],\"inLanguage\":\"es\"},{\"@type\":\"WebPage\",\"@id\":\"https:\/\/www.garciafaura.com\/es\/garcia-faura-desenvolupa-una-innovadora-facana-modular-per-a-un-complex-residencial-a-sant-quirze-del-valles\/\",\"url\":\"https:\/\/www.garciafaura.com\/es\/garcia-faura-desenvolupa-una-innovadora-facana-modular-per-a-un-complex-residencial-a-sant-quirze-del-valles\/\",\"name\":\"GARCIA FAURA desarrolla una innovadora fachada modular para un complejo residencial en Sant Quirze del Vall\u00e8s - GARCIA FAURA\",\"isPartOf\":{\"@id\":\"https:\/\/www.garciafaura.com\/fr\/#website\"},\"primaryImageOfPage\":{\"@id\":\"https:\/\/www.garciafaura.com\/es\/garcia-faura-desenvolupa-una-innovadora-facana-modular-per-a-un-complex-residencial-a-sant-quirze-del-valles\/#primaryimage\"},\"image\":{\"@id\":\"https:\/\/www.garciafaura.com\/es\/garcia-faura-desenvolupa-una-innovadora-facana-modular-per-a-un-complex-residencial-a-sant-quirze-del-valles\/#primaryimage\"},\"thumbnailUrl\":\"https:\/\/www.garciafaura.com\/wp-content\/uploads\/2022\/05\/Aiguasol-SantQuirze-scaled.jpg\",\"datePublished\":\"2022-05-12T15:12:12+00:00\",\"dateModified\":\"2022-05-13T08:49:48+00:00\",\"description\":\"Arquitectura en Alumini, Inox, Ferro i Vidre\",\"breadcrumb\":{\"@id\":\"https:\/\/www.garciafaura.com\/es\/garcia-faura-desenvolupa-una-innovadora-facana-modular-per-a-un-complex-residencial-a-sant-quirze-del-valles\/#breadcrumb\"},\"inLanguage\":\"es\",\"potentialAction\":[{\"@type\":\"ReadAction\",\"target\":[\"https:\/\/www.garciafaura.com\/es\/garcia-faura-desenvolupa-una-innovadora-facana-modular-per-a-un-complex-residencial-a-sant-quirze-del-valles\/\"]}]},{\"@type\":\"ImageObject\",\"inLanguage\":\"es\",\"@id\":\"https:\/\/www.garciafaura.com\/es\/garcia-faura-desenvolupa-una-innovadora-facana-modular-per-a-un-complex-residencial-a-sant-quirze-del-valles\/#primaryimage\",\"url\":\"https:\/\/www.garciafaura.com\/wp-content\/uploads\/2022\/05\/Aiguasol-SantQuirze-scaled.jpg\",\"contentUrl\":\"https:\/\/www.garciafaura.com\/wp-content\/uploads\/2022\/05\/Aiguasol-SantQuirze-scaled.jpg\",\"width\":2560,\"height\":1920,\"caption\":\"Garcia Faura Aiguasol\"},{\"@type\":\"BreadcrumbList\",\"@id\":\"https:\/\/www.garciafaura.com\/es\/garcia-faura-desenvolupa-una-innovadora-facana-modular-per-a-un-complex-residencial-a-sant-quirze-del-valles\/#breadcrumb\",\"itemListElement\":[{\"@type\":\"ListItem\",\"position\":1,\"name\":\"Inici\",\"item\":\"https:\/\/www.garciafaura.com\/es\/\"},{\"@type\":\"ListItem\",\"position\":2,\"name\":\"GARCIA FAURA desarrolla una innovadora fachada modular para un complejo residencial en Sant Quirze del Vall\u00e8s\"}]},{\"@type\":\"WebSite\",\"@id\":\"https:\/\/www.garciafaura.com\/fr\/#website\",\"url\":\"https:\/\/www.garciafaura.com\/fr\/\",\"name\":\"GARCIA FAURA\",\"description\":\"Arquitectura en Alumini, Inox, Ferro i Vidre\",\"publisher\":{\"@id\":\"https:\/\/www.garciafaura.com\/fr\/#organization\"},\"potentialAction\":[{\"@type\":\"SearchAction\",\"target\":{\"@type\":\"EntryPoint\",\"urlTemplate\":\"https:\/\/www.garciafaura.com\/fr\/?s={search_term_string}\"},\"query-input\":{\"@type\":\"PropertyValueSpecification\",\"valueRequired\":true,\"valueName\":\"search_term_string\"}}],\"inLanguage\":\"es\"},{\"@type\":\"Organization\",\"@id\":\"https:\/\/www.garciafaura.com\/fr\/#organization\",\"name\":\"GARCIA FAURA\",\"url\":\"https:\/\/www.garciafaura.com\/fr\/\",\"logo\":{\"@type\":\"ImageObject\",\"inLanguage\":\"es\",\"@id\":\"https:\/\/www.garciafaura.com\/fr\/#\/schema\/logo\/image\/\",\"url\":\"https:\/\/www.garciafaura.com\/wp-content\/uploads\/2018\/09\/Garcia-Faura.png\",\"contentUrl\":\"https:\/\/www.garciafaura.com\/wp-content\/uploads\/2018\/09\/Garcia-Faura.png\",\"width\":512,\"height\":512,\"caption\":\"GARCIA FAURA\"},\"image\":{\"@id\":\"https:\/\/www.garciafaura.com\/fr\/#\/schema\/logo\/image\/\"},\"sameAs\":[\"https:\/\/www.youtube.com\/user\/GARCIAFAURA\"]},{\"@type\":\"Person\",\"@id\":\"https:\/\/www.garciafaura.com\/fr\/#\/schema\/person\/b4b75e69b33fac3446071909bec106b0\",\"name\":\"David Achell\",\"image\":{\"@type\":\"ImageObject\",\"inLanguage\":\"es\",\"@id\":\"https:\/\/www.garciafaura.com\/fr\/#\/schema\/person\/image\/\",\"url\":\"https:\/\/secure.gravatar.com\/avatar\/03900210afc1f61bce737bcb4a79c02e2c997f171e3eca839b5a4cbe03846c90?s=96&d=blank&r=g\",\"contentUrl\":\"https:\/\/secure.gravatar.com\/avatar\/03900210afc1f61bce737bcb4a79c02e2c997f171e3eca839b5a4cbe03846c90?s=96&d=blank&r=g\",\"caption\":\"David Achell\"}}]}<\/script>\n<!-- \/ Yoast SEO plugin. -->","yoast_head_json":{"title":"GARCIA FAURA desarrolla una innovadora fachada modular para un complejo residencial en Sant Quirze del Vall\u00e8s - GARCIA FAURA","description":"Arquitectura en Alumini, Inox, Ferro i Vidre","robots":{"index":"index","follow":"follow","max-snippet":"max-snippet:-1","max-image-preview":"max-image-preview:large","max-video-preview":"max-video-preview:-1"},"canonical":"https:\/\/www.garciafaura.com\/es\/garcia-faura-desenvolupa-una-innovadora-facana-modular-per-a-un-complex-residencial-a-sant-quirze-del-valles\/","og_locale":"es_ES","og_type":"article","og_title":"GARCIA FAURA desarrolla una innovadora fachada modular para un complejo residencial en Sant Quirze del Vall\u00e8s - GARCIA FAURA","og_description":"Arquitectura en Alumini, Inox, Ferro i Vidre","og_url":"https:\/\/www.garciafaura.com\/es\/garcia-faura-desenvolupa-una-innovadora-facana-modular-per-a-un-complex-residencial-a-sant-quirze-del-valles\/","og_site_name":"GARCIA FAURA","article_published_time":"2022-05-12T15:12:12+00:00","article_modified_time":"2022-05-13T08:49:48+00:00","og_image":[{"width":2560,"height":1920,"url":"https:\/\/www.garciafaura.com\/wp-content\/uploads\/2022\/05\/Aiguasol-SantQuirze-scaled.jpg","type":"image\/jpeg"}],"author":"David Achell","twitter_card":"summary_large_image","twitter_misc":{"Escrito por":"David Achell","Tiempo de lectura":"2 minutos"},"schema":{"@context":"https:\/\/schema.org","@graph":[{"@type":"Article","@id":"https:\/\/www.garciafaura.com\/es\/garcia-faura-desenvolupa-una-innovadora-facana-modular-per-a-un-complex-residencial-a-sant-quirze-del-valles\/#article","isPartOf":{"@id":"https:\/\/www.garciafaura.com\/es\/garcia-faura-desenvolupa-una-innovadora-facana-modular-per-a-un-complex-residencial-a-sant-quirze-del-valles\/"},"author":{"name":"David Achell","@id":"https:\/\/www.garciafaura.com\/fr\/#\/schema\/person\/b4b75e69b33fac3446071909bec106b0"},"headline":"GARCIA FAURA desarrolla una innovadora fachada modular para un complejo residencial en Sant Quirze del Vall\u00e8s","datePublished":"2022-05-12T15:12:12+00:00","dateModified":"2022-05-13T08:49:48+00:00","mainEntityOfPage":{"@id":"https:\/\/www.garciafaura.com\/es\/garcia-faura-desenvolupa-una-innovadora-facana-modular-per-a-un-complex-residencial-a-sant-quirze-del-valles\/"},"wordCount":405,"publisher":{"@id":"https:\/\/www.garciafaura.com\/fr\/#organization"},"image":{"@id":"https:\/\/www.garciafaura.com\/es\/garcia-faura-desenvolupa-una-innovadora-facana-modular-per-a-un-complex-residencial-a-sant-quirze-del-valles\/#primaryimage"},"thumbnailUrl":"https:\/\/www.garciafaura.com\/wp-content\/uploads\/2022\/05\/Aiguasol-SantQuirze-scaled.jpg","articleSection":["Actualidad"],"inLanguage":"es"},{"@type":"WebPage","@id":"https:\/\/www.garciafaura.com\/es\/garcia-faura-desenvolupa-una-innovadora-facana-modular-per-a-un-complex-residencial-a-sant-quirze-del-valles\/","url":"https:\/\/www.garciafaura.com\/es\/garcia-faura-desenvolupa-una-innovadora-facana-modular-per-a-un-complex-residencial-a-sant-quirze-del-valles\/","name":"GARCIA FAURA desarrolla una innovadora fachada modular para un complejo residencial en Sant Quirze del Vall\u00e8s - GARCIA FAURA","isPartOf":{"@id":"https:\/\/www.garciafaura.com\/fr\/#website"},"primaryImageOfPage":{"@id":"https:\/\/www.garciafaura.com\/es\/garcia-faura-desenvolupa-una-innovadora-facana-modular-per-a-un-complex-residencial-a-sant-quirze-del-valles\/#primaryimage"},"image":{"@id":"https:\/\/www.garciafaura.com\/es\/garcia-faura-desenvolupa-una-innovadora-facana-modular-per-a-un-complex-residencial-a-sant-quirze-del-valles\/#primaryimage"},"thumbnailUrl":"https:\/\/www.garciafaura.com\/wp-content\/uploads\/2022\/05\/Aiguasol-SantQuirze-scaled.jpg","datePublished":"2022-05-12T15:12:12+00:00","dateModified":"2022-05-13T08:49:48+00:00","description":"Arquitectura en Alumini, Inox, Ferro i Vidre","breadcrumb":{"@id":"https:\/\/www.garciafaura.com\/es\/garcia-faura-desenvolupa-una-innovadora-facana-modular-per-a-un-complex-residencial-a-sant-quirze-del-valles\/#breadcrumb"},"inLanguage":"es","potentialAction":[{"@type":"ReadAction","target":["https:\/\/www.garciafaura.com\/es\/garcia-faura-desenvolupa-una-innovadora-facana-modular-per-a-un-complex-residencial-a-sant-quirze-del-valles\/"]}]},{"@type":"ImageObject","inLanguage":"es","@id":"https:\/\/www.garciafaura.com\/es\/garcia-faura-desenvolupa-una-innovadora-facana-modular-per-a-un-complex-residencial-a-sant-quirze-del-valles\/#primaryimage","url":"https:\/\/www.garciafaura.com\/wp-content\/uploads\/2022\/05\/Aiguasol-SantQuirze-scaled.jpg","contentUrl":"https:\/\/www.garciafaura.com\/wp-content\/uploads\/2022\/05\/Aiguasol-SantQuirze-scaled.jpg","width":2560,"height":1920,"caption":"Garcia Faura Aiguasol"},{"@type":"BreadcrumbList","@id":"https:\/\/www.garciafaura.com\/es\/garcia-faura-desenvolupa-una-innovadora-facana-modular-per-a-un-complex-residencial-a-sant-quirze-del-valles\/#breadcrumb","itemListElement":[{"@type":"ListItem","position":1,"name":"Inici","item":"https:\/\/www.garciafaura.com\/es\/"},{"@type":"ListItem","position":2,"name":"GARCIA FAURA desarrolla una innovadora fachada modular para un complejo residencial en Sant Quirze del Vall\u00e8s"}]},{"@type":"WebSite","@id":"https:\/\/www.garciafaura.com\/fr\/#website","url":"https:\/\/www.garciafaura.com\/fr\/","name":"GARCIA FAURA","description":"Arquitectura en Alumini, Inox, Ferro i Vidre","publisher":{"@id":"https:\/\/www.garciafaura.com\/fr\/#organization"},"potentialAction":[{"@type":"SearchAction","target":{"@type":"EntryPoint","urlTemplate":"https:\/\/www.garciafaura.com\/fr\/?s={search_term_string}"},"query-input":{"@type":"PropertyValueSpecification","valueRequired":true,"valueName":"search_term_string"}}],"inLanguage":"es"},{"@type":"Organization","@id":"https:\/\/www.garciafaura.com\/fr\/#organization","name":"GARCIA FAURA","url":"https:\/\/www.garciafaura.com\/fr\/","logo":{"@type":"ImageObject","inLanguage":"es","@id":"https:\/\/www.garciafaura.com\/fr\/#\/schema\/logo\/image\/","url":"https:\/\/www.garciafaura.com\/wp-content\/uploads\/2018\/09\/Garcia-Faura.png","contentUrl":"https:\/\/www.garciafaura.com\/wp-content\/uploads\/2018\/09\/Garcia-Faura.png","width":512,"height":512,"caption":"GARCIA FAURA"},"image":{"@id":"https:\/\/www.garciafaura.com\/fr\/#\/schema\/logo\/image\/"},"sameAs":["https:\/\/www.youtube.com\/user\/GARCIAFAURA"]},{"@type":"Person","@id":"https:\/\/www.garciafaura.com\/fr\/#\/schema\/person\/b4b75e69b33fac3446071909bec106b0","name":"David Achell","image":{"@type":"ImageObject","inLanguage":"es","@id":"https:\/\/www.garciafaura.com\/fr\/#\/schema\/person\/image\/","url":"https:\/\/secure.gravatar.com\/avatar\/03900210afc1f61bce737bcb4a79c02e2c997f171e3eca839b5a4cbe03846c90?s=96&d=blank&r=g","contentUrl":"https:\/\/secure.gravatar.com\/avatar\/03900210afc1f61bce737bcb4a79c02e2c997f171e3eca839b5a4cbe03846c90?s=96&d=blank&r=g","caption":"David Achell"}}]}},"_links":{"self":[{"href":"https:\/\/www.garciafaura.com\/es\/wp-json\/wp\/v2\/posts\/29393","targetHints":{"allow":["GET"]}}],"collection":[{"href":"https:\/\/www.garciafaura.com\/es\/wp-json\/wp\/v2\/posts"}],"about":[{"href":"https:\/\/www.garciafaura.com\/es\/wp-json\/wp\/v2\/types\/post"}],"author":[{"embeddable":true,"href":"https:\/\/www.garciafaura.com\/es\/wp-json\/wp\/v2\/users\/3"}],"replies":[{"embeddable":true,"href":"https:\/\/www.garciafaura.com\/es\/wp-json\/wp\/v2\/comments?post=29393"}],"version-history":[{"count":3,"href":"https:\/\/www.garciafaura.com\/es\/wp-json\/wp\/v2\/posts\/29393\/revisions"}],"predecessor-version":[{"id":29403,"href":"https:\/\/www.garciafaura.com\/es\/wp-json\/wp\/v2\/posts\/29393\/revisions\/29403"}],"wp:featuredmedia":[{"embeddable":true,"href":"https:\/\/www.garciafaura.com\/es\/wp-json\/wp\/v2\/media\/29390"}],"wp:attachment":[{"href":"https:\/\/www.garciafaura.com\/es\/wp-json\/wp\/v2\/media?parent=29393"}],"wp:term":[{"taxonomy":"category","embeddable":true,"href":"https:\/\/www.garciafaura.com\/es\/wp-json\/wp\/v2\/categories?post=29393"},{"taxonomy":"post_tag","embeddable":true,"href":"https:\/\/www.garciafaura.com\/es\/wp-json\/wp\/v2\/tags?post=29393"},{"taxonomy":"post_series","embeddable":true,"href":"https:\/\/www.garciafaura.com\/es\/wp-json\/wp\/v2\/post_series?post=29393"}],"curies":[{"name":"wp","href":"https:\/\/api.w.org\/{rel}","templated":true}]}}