{"id":29378,"date":"2022-05-05T10:00:46","date_gmt":"2022-05-05T08:00:46","guid":{"rendered":"https:\/\/www.garciafaura.com\/?p=29378"},"modified":"2022-05-05T10:42:37","modified_gmt":"2022-05-05T08:42:37","slug":"cerramientos-de-garcia-faura-para-un-importante-complejo-de-vivienda-social-en-barcelona","status":"publish","type":"post","link":"https:\/\/www.garciafaura.com\/es\/cerramientos-de-garcia-faura-para-un-importante-complejo-de-vivienda-social-en-barcelona\/","title":{"rendered":"Cerramientos de GARCIA FAURA para un importante complejo de vivienda social en Barcelona"},"content":{"rendered":"<p style=\"text-align: justify;\"><strong>GARCIA FAURA participa en la construcci\u00f3n de un edificio de alquiler social que se est\u00e1 levantando en el barrio de Trinitat Vella, en Barcelona. Se trata de un complejo financiado por el Instituto Municipal de la Vivienda y la Rehabilitaci\u00f3n, del Ayuntamiento de Barcelona, \u200b\u200by que contar\u00e1 con 139 viviendas destinadas a personas econ\u00f3micamente vulnerables.<\/strong><\/p>\n<p style=\"text-align: justify;\"><strong>GARCIA FAURA<\/strong> fabrica e instala las 373 unidades de cierres met\u00e1licos que suman alrededor de 1.600 metros cuadrados. Se desarrollan a partir de perfiler\u00eda de <strong>aluminio<\/strong>, mayoritariamente con rotura de puente t\u00e9rmico y sistema de hoja oculta. Esto permite un mayor aprovechamiento de la luz natural, reduciendo la secci\u00f3n vista de aluminio y generando una mayor armon\u00eda visual y una mayor integraci\u00f3n del cierre.<\/p>\n<p style=\"text-align: justify;\">El conjunto de puertas, ventanas y balconeras se fabrica, como viene siendo habitual, en el taller central de la compa\u00f1\u00eda en Gav\u00e0 (Barcelona), bajo los m\u00e1s estrictos controles de calidad. Siguiendo los protocolos establecidos por la empresa, los cerraminetos se someten a cuatro controles de calidad diferentes: la verificaci\u00f3n de materiales en recepci\u00f3n, el control en el proceso de preparaci\u00f3n y fabricaci\u00f3n, el control final de taller y la verificaci\u00f3n de calidad en la instalaci\u00f3n.<\/p>\n<p style=\"text-align: justify;\">El edificio destinar\u00e1 85 pisos a personas mayores, y el resto (54), a alquiler social. En la planta baja habr\u00e1 dos locales con equipamientos comunitarios y un tercero para aparcamiento de bicicletas. El inmueble tendr\u00e1 dos alturas diferenciadas que dividir\u00e1n ambas comunidades. La de mayores ser\u00e1 la m\u00e1s baja (seis plantas), mientras que la de alquiler social tendr\u00e1 once plantas. Ambas comunidades tendr\u00e1n entradas separadas y un pasaje facilitar\u00e1 el acceso a la parte posterior del complejo.<\/p>\n<p style=\"text-align: justify;\">Los pisos para personas mayores tendr\u00e1n un \u00fanico dormitorio. En la quinta planta habr\u00e1 espacios comunes (salas polivalentes y zona ajardinada) con acceso s\u00f3lo para personas residentes, adem\u00e1s de una lavander\u00eda. Los pisos destinados a alquiler social ser\u00e1n de una, dos y tres habitaciones. Todas ellas se organizar\u00e1n en torno a tres patios que actuar\u00e1n como colector de luz y ventilaci\u00f3n. Adem\u00e1s, el edificio estar\u00e1 equipado con m\u00e1quinas de aerotermia y placas fotovoltaicas.<\/p>\n","protected":false},"excerpt":{"rendered":"<p>GARCIA FAURA participa en la construcci\u00f3n de un edificio de alquiler social que se est\u00e1 levantando en el barrio de Trinitat Vella, en Barcelona. Se trata de un complejo financiado por el Instituto Municipal de la Vivienda y la Rehabilitaci\u00f3n,&hellip;<\/p>\n","protected":false},"author":3,"featured_media":29374,"comment_status":"closed","ping_status":"open","sticky":false,"template":"","format":"standard","meta":{"footnotes":""},"categories":[3],"tags":[],"post_series":[],"class_list":["post-29378","post","type-post","status-publish","format-standard","has-post-thumbnail","hentry","category-actualidad","entry","has-media"],"yoast_head":"<!-- This site is optimized with the Yoast SEO plugin v26.7 - https:\/\/yoast.com\/wordpress\/plugins\/seo\/ -->\n<title>Cerramientos de GARCIA FAURA para un importante complejo de vivienda social en Barcelona - GARCIA FAURA<\/title>\n<meta name=\"description\" content=\"Arquitectura en Alumini, Inox, Ferro i Vidre\" \/>\n<meta name=\"robots\" content=\"index, follow, max-snippet:-1, max-image-preview:large, max-video-preview:-1\" \/>\n<link rel=\"canonical\" href=\"https:\/\/www.garciafaura.com\/es\/cerramientos-de-garcia-faura-para-un-importante-complejo-de-vivienda-social-en-barcelona\/\" \/>\n<meta property=\"og:locale\" content=\"es_ES\" \/>\n<meta property=\"og:type\" content=\"article\" \/>\n<meta property=\"og:title\" content=\"Cerramientos de GARCIA FAURA para un importante complejo de vivienda social en Barcelona - GARCIA FAURA\" \/>\n<meta property=\"og:description\" content=\"Arquitectura en Alumini, Inox, Ferro i Vidre\" \/>\n<meta property=\"og:url\" content=\"https:\/\/www.garciafaura.com\/es\/cerramientos-de-garcia-faura-para-un-importante-complejo-de-vivienda-social-en-barcelona\/\" \/>\n<meta property=\"og:site_name\" content=\"GARCIA FAURA\" \/>\n<meta property=\"article:published_time\" content=\"2022-05-05T08:00:46+00:00\" \/>\n<meta property=\"article:modified_time\" content=\"2022-05-05T08:42:37+00:00\" \/>\n<meta property=\"og:image\" content=\"https:\/\/www.garciafaura.com\/wp-content\/uploads\/2022\/05\/CarreteraRibes_1.jpeg\" \/>\n\t<meta property=\"og:image:width\" content=\"2560\" \/>\n\t<meta property=\"og:image:height\" content=\"1506\" \/>\n\t<meta property=\"og:image:type\" content=\"image\/jpeg\" \/>\n<meta name=\"author\" content=\"David Achell\" \/>\n<meta name=\"twitter:card\" content=\"summary_large_image\" \/>\n<meta name=\"twitter:label1\" content=\"Escrito por\" \/>\n\t<meta name=\"twitter:data1\" content=\"David Achell\" \/>\n\t<meta name=\"twitter:label2\" content=\"Tiempo de lectura\" \/>\n\t<meta name=\"twitter:data2\" content=\"2 minutos\" \/>\n<script type=\"application\/ld+json\" class=\"yoast-schema-graph\">{\"@context\":\"https:\/\/schema.org\",\"@graph\":[{\"@type\":\"Article\",\"@id\":\"https:\/\/www.garciafaura.com\/es\/cerramientos-de-garcia-faura-para-un-importante-complejo-de-vivienda-social-en-barcelona\/#article\",\"isPartOf\":{\"@id\":\"https:\/\/www.garciafaura.com\/es\/cerramientos-de-garcia-faura-para-un-importante-complejo-de-vivienda-social-en-barcelona\/\"},\"author\":{\"name\":\"David Achell\",\"@id\":\"https:\/\/www.garciafaura.com\/fr\/#\/schema\/person\/b4b75e69b33fac3446071909bec106b0\"},\"headline\":\"Cerramientos de GARCIA FAURA para un importante complejo de vivienda social en Barcelona\",\"datePublished\":\"2022-05-05T08:00:46+00:00\",\"dateModified\":\"2022-05-05T08:42:37+00:00\",\"mainEntityOfPage\":{\"@id\":\"https:\/\/www.garciafaura.com\/es\/cerramientos-de-garcia-faura-para-un-importante-complejo-de-vivienda-social-en-barcelona\/\"},\"wordCount\":382,\"publisher\":{\"@id\":\"https:\/\/www.garciafaura.com\/fr\/#organization\"},\"image\":{\"@id\":\"https:\/\/www.garciafaura.com\/es\/cerramientos-de-garcia-faura-para-un-importante-complejo-de-vivienda-social-en-barcelona\/#primaryimage\"},\"thumbnailUrl\":\"https:\/\/www.garciafaura.com\/wp-content\/uploads\/2022\/05\/CarreteraRibes_1.jpeg\",\"articleSection\":[\"Actualidad\"],\"inLanguage\":\"es\"},{\"@type\":\"WebPage\",\"@id\":\"https:\/\/www.garciafaura.com\/es\/cerramientos-de-garcia-faura-para-un-importante-complejo-de-vivienda-social-en-barcelona\/\",\"url\":\"https:\/\/www.garciafaura.com\/es\/cerramientos-de-garcia-faura-para-un-importante-complejo-de-vivienda-social-en-barcelona\/\",\"name\":\"Cerramientos de GARCIA FAURA para un importante complejo de vivienda social en Barcelona - GARCIA FAURA\",\"isPartOf\":{\"@id\":\"https:\/\/www.garciafaura.com\/fr\/#website\"},\"primaryImageOfPage\":{\"@id\":\"https:\/\/www.garciafaura.com\/es\/cerramientos-de-garcia-faura-para-un-importante-complejo-de-vivienda-social-en-barcelona\/#primaryimage\"},\"image\":{\"@id\":\"https:\/\/www.garciafaura.com\/es\/cerramientos-de-garcia-faura-para-un-importante-complejo-de-vivienda-social-en-barcelona\/#primaryimage\"},\"thumbnailUrl\":\"https:\/\/www.garciafaura.com\/wp-content\/uploads\/2022\/05\/CarreteraRibes_1.jpeg\",\"datePublished\":\"2022-05-05T08:00:46+00:00\",\"dateModified\":\"2022-05-05T08:42:37+00:00\",\"description\":\"Arquitectura en Alumini, Inox, Ferro i Vidre\",\"breadcrumb\":{\"@id\":\"https:\/\/www.garciafaura.com\/es\/cerramientos-de-garcia-faura-para-un-importante-complejo-de-vivienda-social-en-barcelona\/#breadcrumb\"},\"inLanguage\":\"es\",\"potentialAction\":[{\"@type\":\"ReadAction\",\"target\":[\"https:\/\/www.garciafaura.com\/es\/cerramientos-de-garcia-faura-para-un-importante-complejo-de-vivienda-social-en-barcelona\/\"]}]},{\"@type\":\"ImageObject\",\"inLanguage\":\"es\",\"@id\":\"https:\/\/www.garciafaura.com\/es\/cerramientos-de-garcia-faura-para-un-importante-complejo-de-vivienda-social-en-barcelona\/#primaryimage\",\"url\":\"https:\/\/www.garciafaura.com\/wp-content\/uploads\/2022\/05\/CarreteraRibes_1.jpeg\",\"contentUrl\":\"https:\/\/www.garciafaura.com\/wp-content\/uploads\/2022\/05\/CarreteraRibes_1.jpeg\",\"width\":2560,\"height\":1506},{\"@type\":\"BreadcrumbList\",\"@id\":\"https:\/\/www.garciafaura.com\/es\/cerramientos-de-garcia-faura-para-un-importante-complejo-de-vivienda-social-en-barcelona\/#breadcrumb\",\"itemListElement\":[{\"@type\":\"ListItem\",\"position\":1,\"name\":\"Inici\",\"item\":\"https:\/\/www.garciafaura.com\/es\/\"},{\"@type\":\"ListItem\",\"position\":2,\"name\":\"Cerramientos de GARCIA FAURA para un importante complejo de vivienda social en Barcelona\"}]},{\"@type\":\"WebSite\",\"@id\":\"https:\/\/www.garciafaura.com\/fr\/#website\",\"url\":\"https:\/\/www.garciafaura.com\/fr\/\",\"name\":\"GARCIA FAURA\",\"description\":\"Arquitectura en Alumini, Inox, Ferro i Vidre\",\"publisher\":{\"@id\":\"https:\/\/www.garciafaura.com\/fr\/#organization\"},\"potentialAction\":[{\"@type\":\"SearchAction\",\"target\":{\"@type\":\"EntryPoint\",\"urlTemplate\":\"https:\/\/www.garciafaura.com\/fr\/?s={search_term_string}\"},\"query-input\":{\"@type\":\"PropertyValueSpecification\",\"valueRequired\":true,\"valueName\":\"search_term_string\"}}],\"inLanguage\":\"es\"},{\"@type\":\"Organization\",\"@id\":\"https:\/\/www.garciafaura.com\/fr\/#organization\",\"name\":\"GARCIA FAURA\",\"url\":\"https:\/\/www.garciafaura.com\/fr\/\",\"logo\":{\"@type\":\"ImageObject\",\"inLanguage\":\"es\",\"@id\":\"https:\/\/www.garciafaura.com\/fr\/#\/schema\/logo\/image\/\",\"url\":\"https:\/\/www.garciafaura.com\/wp-content\/uploads\/2018\/09\/Garcia-Faura.png\",\"contentUrl\":\"https:\/\/www.garciafaura.com\/wp-content\/uploads\/2018\/09\/Garcia-Faura.png\",\"width\":512,\"height\":512,\"caption\":\"GARCIA FAURA\"},\"image\":{\"@id\":\"https:\/\/www.garciafaura.com\/fr\/#\/schema\/logo\/image\/\"},\"sameAs\":[\"https:\/\/www.youtube.com\/user\/GARCIAFAURA\"]},{\"@type\":\"Person\",\"@id\":\"https:\/\/www.garciafaura.com\/fr\/#\/schema\/person\/b4b75e69b33fac3446071909bec106b0\",\"name\":\"David Achell\",\"image\":{\"@type\":\"ImageObject\",\"inLanguage\":\"es\",\"@id\":\"https:\/\/www.garciafaura.com\/fr\/#\/schema\/person\/image\/\",\"url\":\"https:\/\/secure.gravatar.com\/avatar\/03900210afc1f61bce737bcb4a79c02e2c997f171e3eca839b5a4cbe03846c90?s=96&d=blank&r=g\",\"contentUrl\":\"https:\/\/secure.gravatar.com\/avatar\/03900210afc1f61bce737bcb4a79c02e2c997f171e3eca839b5a4cbe03846c90?s=96&d=blank&r=g\",\"caption\":\"David Achell\"}}]}<\/script>\n<!-- \/ Yoast SEO plugin. -->","yoast_head_json":{"title":"Cerramientos de GARCIA FAURA para un importante complejo de vivienda social en Barcelona - GARCIA FAURA","description":"Arquitectura en Alumini, Inox, Ferro i Vidre","robots":{"index":"index","follow":"follow","max-snippet":"max-snippet:-1","max-image-preview":"max-image-preview:large","max-video-preview":"max-video-preview:-1"},"canonical":"https:\/\/www.garciafaura.com\/es\/cerramientos-de-garcia-faura-para-un-importante-complejo-de-vivienda-social-en-barcelona\/","og_locale":"es_ES","og_type":"article","og_title":"Cerramientos de GARCIA FAURA para un importante complejo de vivienda social en Barcelona - GARCIA FAURA","og_description":"Arquitectura en Alumini, Inox, Ferro i Vidre","og_url":"https:\/\/www.garciafaura.com\/es\/cerramientos-de-garcia-faura-para-un-importante-complejo-de-vivienda-social-en-barcelona\/","og_site_name":"GARCIA FAURA","article_published_time":"2022-05-05T08:00:46+00:00","article_modified_time":"2022-05-05T08:42:37+00:00","og_image":[{"width":2560,"height":1506,"url":"https:\/\/www.garciafaura.com\/wp-content\/uploads\/2022\/05\/CarreteraRibes_1.jpeg","type":"image\/jpeg"}],"author":"David Achell","twitter_card":"summary_large_image","twitter_misc":{"Escrito por":"David Achell","Tiempo de lectura":"2 minutos"},"schema":{"@context":"https:\/\/schema.org","@graph":[{"@type":"Article","@id":"https:\/\/www.garciafaura.com\/es\/cerramientos-de-garcia-faura-para-un-importante-complejo-de-vivienda-social-en-barcelona\/#article","isPartOf":{"@id":"https:\/\/www.garciafaura.com\/es\/cerramientos-de-garcia-faura-para-un-importante-complejo-de-vivienda-social-en-barcelona\/"},"author":{"name":"David Achell","@id":"https:\/\/www.garciafaura.com\/fr\/#\/schema\/person\/b4b75e69b33fac3446071909bec106b0"},"headline":"Cerramientos de GARCIA FAURA para un importante complejo de vivienda social en Barcelona","datePublished":"2022-05-05T08:00:46+00:00","dateModified":"2022-05-05T08:42:37+00:00","mainEntityOfPage":{"@id":"https:\/\/www.garciafaura.com\/es\/cerramientos-de-garcia-faura-para-un-importante-complejo-de-vivienda-social-en-barcelona\/"},"wordCount":382,"publisher":{"@id":"https:\/\/www.garciafaura.com\/fr\/#organization"},"image":{"@id":"https:\/\/www.garciafaura.com\/es\/cerramientos-de-garcia-faura-para-un-importante-complejo-de-vivienda-social-en-barcelona\/#primaryimage"},"thumbnailUrl":"https:\/\/www.garciafaura.com\/wp-content\/uploads\/2022\/05\/CarreteraRibes_1.jpeg","articleSection":["Actualidad"],"inLanguage":"es"},{"@type":"WebPage","@id":"https:\/\/www.garciafaura.com\/es\/cerramientos-de-garcia-faura-para-un-importante-complejo-de-vivienda-social-en-barcelona\/","url":"https:\/\/www.garciafaura.com\/es\/cerramientos-de-garcia-faura-para-un-importante-complejo-de-vivienda-social-en-barcelona\/","name":"Cerramientos de GARCIA FAURA para un importante complejo de vivienda social en Barcelona - GARCIA FAURA","isPartOf":{"@id":"https:\/\/www.garciafaura.com\/fr\/#website"},"primaryImageOfPage":{"@id":"https:\/\/www.garciafaura.com\/es\/cerramientos-de-garcia-faura-para-un-importante-complejo-de-vivienda-social-en-barcelona\/#primaryimage"},"image":{"@id":"https:\/\/www.garciafaura.com\/es\/cerramientos-de-garcia-faura-para-un-importante-complejo-de-vivienda-social-en-barcelona\/#primaryimage"},"thumbnailUrl":"https:\/\/www.garciafaura.com\/wp-content\/uploads\/2022\/05\/CarreteraRibes_1.jpeg","datePublished":"2022-05-05T08:00:46+00:00","dateModified":"2022-05-05T08:42:37+00:00","description":"Arquitectura en Alumini, Inox, Ferro i Vidre","breadcrumb":{"@id":"https:\/\/www.garciafaura.com\/es\/cerramientos-de-garcia-faura-para-un-importante-complejo-de-vivienda-social-en-barcelona\/#breadcrumb"},"inLanguage":"es","potentialAction":[{"@type":"ReadAction","target":["https:\/\/www.garciafaura.com\/es\/cerramientos-de-garcia-faura-para-un-importante-complejo-de-vivienda-social-en-barcelona\/"]}]},{"@type":"ImageObject","inLanguage":"es","@id":"https:\/\/www.garciafaura.com\/es\/cerramientos-de-garcia-faura-para-un-importante-complejo-de-vivienda-social-en-barcelona\/#primaryimage","url":"https:\/\/www.garciafaura.com\/wp-content\/uploads\/2022\/05\/CarreteraRibes_1.jpeg","contentUrl":"https:\/\/www.garciafaura.com\/wp-content\/uploads\/2022\/05\/CarreteraRibes_1.jpeg","width":2560,"height":1506},{"@type":"BreadcrumbList","@id":"https:\/\/www.garciafaura.com\/es\/cerramientos-de-garcia-faura-para-un-importante-complejo-de-vivienda-social-en-barcelona\/#breadcrumb","itemListElement":[{"@type":"ListItem","position":1,"name":"Inici","item":"https:\/\/www.garciafaura.com\/es\/"},{"@type":"ListItem","position":2,"name":"Cerramientos de GARCIA FAURA para un importante complejo de vivienda social en Barcelona"}]},{"@type":"WebSite","@id":"https:\/\/www.garciafaura.com\/fr\/#website","url":"https:\/\/www.garciafaura.com\/fr\/","name":"GARCIA FAURA","description":"Arquitectura en Alumini, Inox, Ferro i Vidre","publisher":{"@id":"https:\/\/www.garciafaura.com\/fr\/#organization"},"potentialAction":[{"@type":"SearchAction","target":{"@type":"EntryPoint","urlTemplate":"https:\/\/www.garciafaura.com\/fr\/?s={search_term_string}"},"query-input":{"@type":"PropertyValueSpecification","valueRequired":true,"valueName":"search_term_string"}}],"inLanguage":"es"},{"@type":"Organization","@id":"https:\/\/www.garciafaura.com\/fr\/#organization","name":"GARCIA FAURA","url":"https:\/\/www.garciafaura.com\/fr\/","logo":{"@type":"ImageObject","inLanguage":"es","@id":"https:\/\/www.garciafaura.com\/fr\/#\/schema\/logo\/image\/","url":"https:\/\/www.garciafaura.com\/wp-content\/uploads\/2018\/09\/Garcia-Faura.png","contentUrl":"https:\/\/www.garciafaura.com\/wp-content\/uploads\/2018\/09\/Garcia-Faura.png","width":512,"height":512,"caption":"GARCIA FAURA"},"image":{"@id":"https:\/\/www.garciafaura.com\/fr\/#\/schema\/logo\/image\/"},"sameAs":["https:\/\/www.youtube.com\/user\/GARCIAFAURA"]},{"@type":"Person","@id":"https:\/\/www.garciafaura.com\/fr\/#\/schema\/person\/b4b75e69b33fac3446071909bec106b0","name":"David Achell","image":{"@type":"ImageObject","inLanguage":"es","@id":"https:\/\/www.garciafaura.com\/fr\/#\/schema\/person\/image\/","url":"https:\/\/secure.gravatar.com\/avatar\/03900210afc1f61bce737bcb4a79c02e2c997f171e3eca839b5a4cbe03846c90?s=96&d=blank&r=g","contentUrl":"https:\/\/secure.gravatar.com\/avatar\/03900210afc1f61bce737bcb4a79c02e2c997f171e3eca839b5a4cbe03846c90?s=96&d=blank&r=g","caption":"David Achell"}}]}},"_links":{"self":[{"href":"https:\/\/www.garciafaura.com\/es\/wp-json\/wp\/v2\/posts\/29378","targetHints":{"allow":["GET"]}}],"collection":[{"href":"https:\/\/www.garciafaura.com\/es\/wp-json\/wp\/v2\/posts"}],"about":[{"href":"https:\/\/www.garciafaura.com\/es\/wp-json\/wp\/v2\/types\/post"}],"author":[{"embeddable":true,"href":"https:\/\/www.garciafaura.com\/es\/wp-json\/wp\/v2\/users\/3"}],"replies":[{"embeddable":true,"href":"https:\/\/www.garciafaura.com\/es\/wp-json\/wp\/v2\/comments?post=29378"}],"version-history":[{"count":2,"href":"https:\/\/www.garciafaura.com\/es\/wp-json\/wp\/v2\/posts\/29378\/revisions"}],"predecessor-version":[{"id":29382,"href":"https:\/\/www.garciafaura.com\/es\/wp-json\/wp\/v2\/posts\/29378\/revisions\/29382"}],"wp:featuredmedia":[{"embeddable":true,"href":"https:\/\/www.garciafaura.com\/es\/wp-json\/wp\/v2\/media\/29374"}],"wp:attachment":[{"href":"https:\/\/www.garciafaura.com\/es\/wp-json\/wp\/v2\/media?parent=29378"}],"wp:term":[{"taxonomy":"category","embeddable":true,"href":"https:\/\/www.garciafaura.com\/es\/wp-json\/wp\/v2\/categories?post=29378"},{"taxonomy":"post_tag","embeddable":true,"href":"https:\/\/www.garciafaura.com\/es\/wp-json\/wp\/v2\/tags?post=29378"},{"taxonomy":"post_series","embeddable":true,"href":"https:\/\/www.garciafaura.com\/es\/wp-json\/wp\/v2\/post_series?post=29378"}],"curies":[{"name":"wp","href":"https:\/\/api.w.org\/{rel}","templated":true}]}}