{"id":29304,"date":"2022-04-07T12:35:03","date_gmt":"2022-04-07T10:35:03","guid":{"rendered":"https:\/\/www.garciafaura.com\/garcia-faura-ajuda-a-vacunar-infants-contra-la-pneumonia-a-mocambic\/"},"modified":"2022-04-07T12:43:08","modified_gmt":"2022-04-07T10:43:08","slug":"garcia-faura-ajuda-a-vacunar-infants-contra-la-pneumonia-a-mocambic","status":"publish","type":"post","link":"https:\/\/www.garciafaura.com\/es\/garcia-faura-ajuda-a-vacunar-infants-contra-la-pneumonia-a-mocambic\/","title":{"rendered":"GARCIA FAURA ayuda a vacunar ni\u00f1os contra la neumon\u00eda en Mozambique"},"content":{"rendered":"<p style=\"text-align: justify;\"><strong>El programa de Responsabilidad Social Corporativa (RSC) de GARCIA FAURA recoge iniciativas que forjan una solidaridad de hierro, ya sea paliando los efectos del cambio clim\u00e1tico (con la <a href=\"https:\/\/www.garciafaura.com\/es\/garcia-faura-collabora-amb-onyx-solar-per-plantar-mes-de-cent-arbres-a-lamazonia\/\" target=\"_blank\" rel=\"noopener\">plantaci\u00f3n de \u00e1rboles en el Amazonas<\/a>) o aportando soluciones para hacer llegar vacunas a los ni\u00f1os de los pa\u00edses m\u00e1s pobres del planeta.<\/strong><\/p>\n<p style=\"text-align: justify;\"><strong>GARCIA FAURA<\/strong> es patrocinador de plata de la <strong>Alianza para la Vacunaci\u00f3n Infantil<\/strong>, una iniciativa impulsada por <a href=\"https:\/\/www.gavi.org\/\" target=\"_blank\" rel=\"noopener\"><strong>GAVI,\u00a0The\u00a0Vaccine\u00a0Alliance<\/strong><\/a>, la <a href=\"https:\/\/www.caixabank.es\/bancaprivada\/vacunacion-infantil_es.html#\" target=\"_blank\" rel=\"noopener\"><strong>Fundaci\u00f3n &#8216;la Caixa&#8217;<\/strong><\/a>, la <strong>Fundaci\u00f3n Bill y Melinda Gates<\/strong> y con la colaboraci\u00f3n de <a href=\"https:\/\/www.isglobal.org\/es\/\" target=\"_blank\" rel=\"noopener\"><strong>ISGlobal<\/strong><\/a>.<\/p>\n<p style=\"text-align: justify;\">La compa\u00f1\u00eda lleva cinco a\u00f1os apoyando este proyecto que lucha contra la mortalidad infantil en pa\u00edses sin suficientes recursos sanitarios. Desde 2020, los esfuerzos se centran en la <strong>vacunaci\u00f3n contra la neumon\u00eda en Mozambique<\/strong>, afecci\u00f3n que todav\u00eda hoy es la causa de muerte infantil por enfermedad infecciosa en todo el planeta.<\/p>\n<p style=\"text-align: justify;\">En el pa\u00eds africano, la tasa de mortalidad infantil por neumon\u00eda en menores de cinco a\u00f1os es del 79 por mil. Una cifra que aument\u00f3 a causa de la pandemia de covid-19, que oblig\u00f3 a suspender las campa\u00f1as de vacunaci\u00f3n y, en consecuencia, provoc\u00f3 un aumento de las enfermedades respiratorias en ni\u00f1os.<\/p>\n<p style=\"text-align: justify;\">Gracias a las aportaciones de <strong>GARCIA FAURA<\/strong> y las de otras empresas solidarias, la <strong>Alianza por la Vacunaci\u00f3n Infantil<\/strong> ha podido inmunizar a siete millones de ni\u00f1os menores de cinco a\u00f1os en los pa\u00edses m\u00e1s pobres del mundo. De todos ellos, m\u00e1s de cinco millones lo fueron contra la neumon\u00eda. A trav\u00e9s de esta acci\u00f3n enmarcada en las pol\u00edticas RSC de la empresa, <strong>GARCIA FAURA<\/strong> pretende mantener abierta una ventana a la esperanza.<\/p>\n","protected":false},"excerpt":{"rendered":"<p>El programa de Responsabilidad Social Corporativa (RSC) de GARCIA FAURA recoge iniciativas que forjan una solidaridad de hierro, ya sea paliando los efectos del cambio clim\u00e1tico (con la plantaci\u00f3n de \u00e1rboles en el Amazonas) o aportando soluciones para hacer llegar&hellip;<\/p>\n","protected":false},"author":3,"featured_media":29306,"comment_status":"closed","ping_status":"open","sticky":false,"template":"","format":"standard","meta":{"footnotes":""},"categories":[3],"tags":[],"post_series":[],"class_list":["post-29304","post","type-post","status-publish","format-standard","has-post-thumbnail","hentry","category-actualidad","entry","has-media"],"yoast_head":"<!-- This site is optimized with the Yoast SEO plugin v26.7 - https:\/\/yoast.com\/wordpress\/plugins\/seo\/ -->\n<title>GARCIA FAURA ayuda a vacunar ni\u00f1os contra la neumon\u00eda en Mozambique - GARCIA FAURA<\/title>\n<meta name=\"description\" content=\"Arquitectura en Alumini, Inox, Ferro i Vidre\" \/>\n<meta name=\"robots\" content=\"index, follow, max-snippet:-1, max-image-preview:large, max-video-preview:-1\" \/>\n<link rel=\"canonical\" href=\"https:\/\/www.garciafaura.com\/es\/garcia-faura-ajuda-a-vacunar-infants-contra-la-pneumonia-a-mocambic\/\" \/>\n<meta property=\"og:locale\" content=\"es_ES\" \/>\n<meta property=\"og:type\" content=\"article\" \/>\n<meta property=\"og:title\" content=\"GARCIA FAURA ayuda a vacunar ni\u00f1os contra la neumon\u00eda en Mozambique - GARCIA FAURA\" \/>\n<meta property=\"og:description\" content=\"Arquitectura en Alumini, Inox, Ferro i Vidre\" \/>\n<meta property=\"og:url\" content=\"https:\/\/www.garciafaura.com\/es\/garcia-faura-ajuda-a-vacunar-infants-contra-la-pneumonia-a-mocambic\/\" \/>\n<meta property=\"og:site_name\" content=\"GARCIA FAURA\" \/>\n<meta property=\"article:published_time\" content=\"2022-04-07T10:35:03+00:00\" \/>\n<meta property=\"article:modified_time\" content=\"2022-04-07T10:43:08+00:00\" \/>\n<meta property=\"og:image\" content=\"https:\/\/www.garciafaura.com\/wp-content\/uploads\/2022\/04\/03_Diploma_GarciaFaura-ESP.jpg\" \/>\n\t<meta property=\"og:image:width\" content=\"1231\" \/>\n\t<meta property=\"og:image:height\" content=\"608\" \/>\n\t<meta property=\"og:image:type\" content=\"image\/jpeg\" \/>\n<meta name=\"author\" content=\"David Achell\" \/>\n<meta name=\"twitter:card\" content=\"summary_large_image\" \/>\n<meta name=\"twitter:label1\" content=\"Escrito por\" \/>\n\t<meta name=\"twitter:data1\" content=\"David Achell\" \/>\n\t<meta name=\"twitter:label2\" content=\"Tiempo de lectura\" \/>\n\t<meta name=\"twitter:data2\" content=\"1 minuto\" \/>\n<script type=\"application\/ld+json\" class=\"yoast-schema-graph\">{\"@context\":\"https:\/\/schema.org\",\"@graph\":[{\"@type\":\"Article\",\"@id\":\"https:\/\/www.garciafaura.com\/es\/garcia-faura-ajuda-a-vacunar-infants-contra-la-pneumonia-a-mocambic\/#article\",\"isPartOf\":{\"@id\":\"https:\/\/www.garciafaura.com\/es\/garcia-faura-ajuda-a-vacunar-infants-contra-la-pneumonia-a-mocambic\/\"},\"author\":{\"name\":\"David Achell\",\"@id\":\"https:\/\/www.garciafaura.com\/fr\/#\/schema\/person\/b4b75e69b33fac3446071909bec106b0\"},\"headline\":\"GARCIA FAURA ayuda a vacunar ni\u00f1os contra la neumon\u00eda en Mozambique\",\"datePublished\":\"2022-04-07T10:35:03+00:00\",\"dateModified\":\"2022-04-07T10:43:08+00:00\",\"mainEntityOfPage\":{\"@id\":\"https:\/\/www.garciafaura.com\/es\/garcia-faura-ajuda-a-vacunar-infants-contra-la-pneumonia-a-mocambic\/\"},\"wordCount\":307,\"publisher\":{\"@id\":\"https:\/\/www.garciafaura.com\/fr\/#organization\"},\"image\":{\"@id\":\"https:\/\/www.garciafaura.com\/es\/garcia-faura-ajuda-a-vacunar-infants-contra-la-pneumonia-a-mocambic\/#primaryimage\"},\"thumbnailUrl\":\"https:\/\/www.garciafaura.com\/wp-content\/uploads\/2022\/04\/03_Diploma_GarciaFaura-ESP.jpg\",\"articleSection\":[\"Actualidad\"],\"inLanguage\":\"es\"},{\"@type\":\"WebPage\",\"@id\":\"https:\/\/www.garciafaura.com\/es\/garcia-faura-ajuda-a-vacunar-infants-contra-la-pneumonia-a-mocambic\/\",\"url\":\"https:\/\/www.garciafaura.com\/es\/garcia-faura-ajuda-a-vacunar-infants-contra-la-pneumonia-a-mocambic\/\",\"name\":\"GARCIA FAURA ayuda a vacunar ni\u00f1os contra la neumon\u00eda en Mozambique - GARCIA FAURA\",\"isPartOf\":{\"@id\":\"https:\/\/www.garciafaura.com\/fr\/#website\"},\"primaryImageOfPage\":{\"@id\":\"https:\/\/www.garciafaura.com\/es\/garcia-faura-ajuda-a-vacunar-infants-contra-la-pneumonia-a-mocambic\/#primaryimage\"},\"image\":{\"@id\":\"https:\/\/www.garciafaura.com\/es\/garcia-faura-ajuda-a-vacunar-infants-contra-la-pneumonia-a-mocambic\/#primaryimage\"},\"thumbnailUrl\":\"https:\/\/www.garciafaura.com\/wp-content\/uploads\/2022\/04\/03_Diploma_GarciaFaura-ESP.jpg\",\"datePublished\":\"2022-04-07T10:35:03+00:00\",\"dateModified\":\"2022-04-07T10:43:08+00:00\",\"description\":\"Arquitectura en Alumini, Inox, Ferro i Vidre\",\"breadcrumb\":{\"@id\":\"https:\/\/www.garciafaura.com\/es\/garcia-faura-ajuda-a-vacunar-infants-contra-la-pneumonia-a-mocambic\/#breadcrumb\"},\"inLanguage\":\"es\",\"potentialAction\":[{\"@type\":\"ReadAction\",\"target\":[\"https:\/\/www.garciafaura.com\/es\/garcia-faura-ajuda-a-vacunar-infants-contra-la-pneumonia-a-mocambic\/\"]}]},{\"@type\":\"ImageObject\",\"inLanguage\":\"es\",\"@id\":\"https:\/\/www.garciafaura.com\/es\/garcia-faura-ajuda-a-vacunar-infants-contra-la-pneumonia-a-mocambic\/#primaryimage\",\"url\":\"https:\/\/www.garciafaura.com\/wp-content\/uploads\/2022\/04\/03_Diploma_GarciaFaura-ESP.jpg\",\"contentUrl\":\"https:\/\/www.garciafaura.com\/wp-content\/uploads\/2022\/04\/03_Diploma_GarciaFaura-ESP.jpg\",\"width\":1231,\"height\":608},{\"@type\":\"BreadcrumbList\",\"@id\":\"https:\/\/www.garciafaura.com\/es\/garcia-faura-ajuda-a-vacunar-infants-contra-la-pneumonia-a-mocambic\/#breadcrumb\",\"itemListElement\":[{\"@type\":\"ListItem\",\"position\":1,\"name\":\"Inici\",\"item\":\"https:\/\/www.garciafaura.com\/es\/\"},{\"@type\":\"ListItem\",\"position\":2,\"name\":\"GARCIA FAURA ayuda a vacunar ni\u00f1os contra la neumon\u00eda en Mozambique\"}]},{\"@type\":\"WebSite\",\"@id\":\"https:\/\/www.garciafaura.com\/fr\/#website\",\"url\":\"https:\/\/www.garciafaura.com\/fr\/\",\"name\":\"GARCIA FAURA\",\"description\":\"Arquitectura en Alumini, Inox, Ferro i Vidre\",\"publisher\":{\"@id\":\"https:\/\/www.garciafaura.com\/fr\/#organization\"},\"potentialAction\":[{\"@type\":\"SearchAction\",\"target\":{\"@type\":\"EntryPoint\",\"urlTemplate\":\"https:\/\/www.garciafaura.com\/fr\/?s={search_term_string}\"},\"query-input\":{\"@type\":\"PropertyValueSpecification\",\"valueRequired\":true,\"valueName\":\"search_term_string\"}}],\"inLanguage\":\"es\"},{\"@type\":\"Organization\",\"@id\":\"https:\/\/www.garciafaura.com\/fr\/#organization\",\"name\":\"GARCIA FAURA\",\"url\":\"https:\/\/www.garciafaura.com\/fr\/\",\"logo\":{\"@type\":\"ImageObject\",\"inLanguage\":\"es\",\"@id\":\"https:\/\/www.garciafaura.com\/fr\/#\/schema\/logo\/image\/\",\"url\":\"https:\/\/www.garciafaura.com\/wp-content\/uploads\/2018\/09\/Garcia-Faura.png\",\"contentUrl\":\"https:\/\/www.garciafaura.com\/wp-content\/uploads\/2018\/09\/Garcia-Faura.png\",\"width\":512,\"height\":512,\"caption\":\"GARCIA FAURA\"},\"image\":{\"@id\":\"https:\/\/www.garciafaura.com\/fr\/#\/schema\/logo\/image\/\"},\"sameAs\":[\"https:\/\/www.youtube.com\/user\/GARCIAFAURA\"]},{\"@type\":\"Person\",\"@id\":\"https:\/\/www.garciafaura.com\/fr\/#\/schema\/person\/b4b75e69b33fac3446071909bec106b0\",\"name\":\"David Achell\",\"image\":{\"@type\":\"ImageObject\",\"inLanguage\":\"es\",\"@id\":\"https:\/\/www.garciafaura.com\/fr\/#\/schema\/person\/image\/\",\"url\":\"https:\/\/secure.gravatar.com\/avatar\/03900210afc1f61bce737bcb4a79c02e2c997f171e3eca839b5a4cbe03846c90?s=96&d=blank&r=g\",\"contentUrl\":\"https:\/\/secure.gravatar.com\/avatar\/03900210afc1f61bce737bcb4a79c02e2c997f171e3eca839b5a4cbe03846c90?s=96&d=blank&r=g\",\"caption\":\"David Achell\"}}]}<\/script>\n<!-- \/ Yoast SEO plugin. -->","yoast_head_json":{"title":"GARCIA FAURA ayuda a vacunar ni\u00f1os contra la neumon\u00eda en Mozambique - GARCIA FAURA","description":"Arquitectura en Alumini, Inox, Ferro i Vidre","robots":{"index":"index","follow":"follow","max-snippet":"max-snippet:-1","max-image-preview":"max-image-preview:large","max-video-preview":"max-video-preview:-1"},"canonical":"https:\/\/www.garciafaura.com\/es\/garcia-faura-ajuda-a-vacunar-infants-contra-la-pneumonia-a-mocambic\/","og_locale":"es_ES","og_type":"article","og_title":"GARCIA FAURA ayuda a vacunar ni\u00f1os contra la neumon\u00eda en Mozambique - GARCIA FAURA","og_description":"Arquitectura en Alumini, Inox, Ferro i Vidre","og_url":"https:\/\/www.garciafaura.com\/es\/garcia-faura-ajuda-a-vacunar-infants-contra-la-pneumonia-a-mocambic\/","og_site_name":"GARCIA FAURA","article_published_time":"2022-04-07T10:35:03+00:00","article_modified_time":"2022-04-07T10:43:08+00:00","og_image":[{"width":1231,"height":608,"url":"https:\/\/www.garciafaura.com\/wp-content\/uploads\/2022\/04\/03_Diploma_GarciaFaura-ESP.jpg","type":"image\/jpeg"}],"author":"David Achell","twitter_card":"summary_large_image","twitter_misc":{"Escrito por":"David Achell","Tiempo de lectura":"1 minuto"},"schema":{"@context":"https:\/\/schema.org","@graph":[{"@type":"Article","@id":"https:\/\/www.garciafaura.com\/es\/garcia-faura-ajuda-a-vacunar-infants-contra-la-pneumonia-a-mocambic\/#article","isPartOf":{"@id":"https:\/\/www.garciafaura.com\/es\/garcia-faura-ajuda-a-vacunar-infants-contra-la-pneumonia-a-mocambic\/"},"author":{"name":"David Achell","@id":"https:\/\/www.garciafaura.com\/fr\/#\/schema\/person\/b4b75e69b33fac3446071909bec106b0"},"headline":"GARCIA FAURA ayuda a vacunar ni\u00f1os contra la neumon\u00eda en Mozambique","datePublished":"2022-04-07T10:35:03+00:00","dateModified":"2022-04-07T10:43:08+00:00","mainEntityOfPage":{"@id":"https:\/\/www.garciafaura.com\/es\/garcia-faura-ajuda-a-vacunar-infants-contra-la-pneumonia-a-mocambic\/"},"wordCount":307,"publisher":{"@id":"https:\/\/www.garciafaura.com\/fr\/#organization"},"image":{"@id":"https:\/\/www.garciafaura.com\/es\/garcia-faura-ajuda-a-vacunar-infants-contra-la-pneumonia-a-mocambic\/#primaryimage"},"thumbnailUrl":"https:\/\/www.garciafaura.com\/wp-content\/uploads\/2022\/04\/03_Diploma_GarciaFaura-ESP.jpg","articleSection":["Actualidad"],"inLanguage":"es"},{"@type":"WebPage","@id":"https:\/\/www.garciafaura.com\/es\/garcia-faura-ajuda-a-vacunar-infants-contra-la-pneumonia-a-mocambic\/","url":"https:\/\/www.garciafaura.com\/es\/garcia-faura-ajuda-a-vacunar-infants-contra-la-pneumonia-a-mocambic\/","name":"GARCIA FAURA ayuda a vacunar ni\u00f1os contra la neumon\u00eda en Mozambique - GARCIA FAURA","isPartOf":{"@id":"https:\/\/www.garciafaura.com\/fr\/#website"},"primaryImageOfPage":{"@id":"https:\/\/www.garciafaura.com\/es\/garcia-faura-ajuda-a-vacunar-infants-contra-la-pneumonia-a-mocambic\/#primaryimage"},"image":{"@id":"https:\/\/www.garciafaura.com\/es\/garcia-faura-ajuda-a-vacunar-infants-contra-la-pneumonia-a-mocambic\/#primaryimage"},"thumbnailUrl":"https:\/\/www.garciafaura.com\/wp-content\/uploads\/2022\/04\/03_Diploma_GarciaFaura-ESP.jpg","datePublished":"2022-04-07T10:35:03+00:00","dateModified":"2022-04-07T10:43:08+00:00","description":"Arquitectura en Alumini, Inox, Ferro i Vidre","breadcrumb":{"@id":"https:\/\/www.garciafaura.com\/es\/garcia-faura-ajuda-a-vacunar-infants-contra-la-pneumonia-a-mocambic\/#breadcrumb"},"inLanguage":"es","potentialAction":[{"@type":"ReadAction","target":["https:\/\/www.garciafaura.com\/es\/garcia-faura-ajuda-a-vacunar-infants-contra-la-pneumonia-a-mocambic\/"]}]},{"@type":"ImageObject","inLanguage":"es","@id":"https:\/\/www.garciafaura.com\/es\/garcia-faura-ajuda-a-vacunar-infants-contra-la-pneumonia-a-mocambic\/#primaryimage","url":"https:\/\/www.garciafaura.com\/wp-content\/uploads\/2022\/04\/03_Diploma_GarciaFaura-ESP.jpg","contentUrl":"https:\/\/www.garciafaura.com\/wp-content\/uploads\/2022\/04\/03_Diploma_GarciaFaura-ESP.jpg","width":1231,"height":608},{"@type":"BreadcrumbList","@id":"https:\/\/www.garciafaura.com\/es\/garcia-faura-ajuda-a-vacunar-infants-contra-la-pneumonia-a-mocambic\/#breadcrumb","itemListElement":[{"@type":"ListItem","position":1,"name":"Inici","item":"https:\/\/www.garciafaura.com\/es\/"},{"@type":"ListItem","position":2,"name":"GARCIA FAURA ayuda a vacunar ni\u00f1os contra la neumon\u00eda en Mozambique"}]},{"@type":"WebSite","@id":"https:\/\/www.garciafaura.com\/fr\/#website","url":"https:\/\/www.garciafaura.com\/fr\/","name":"GARCIA FAURA","description":"Arquitectura en Alumini, Inox, Ferro i Vidre","publisher":{"@id":"https:\/\/www.garciafaura.com\/fr\/#organization"},"potentialAction":[{"@type":"SearchAction","target":{"@type":"EntryPoint","urlTemplate":"https:\/\/www.garciafaura.com\/fr\/?s={search_term_string}"},"query-input":{"@type":"PropertyValueSpecification","valueRequired":true,"valueName":"search_term_string"}}],"inLanguage":"es"},{"@type":"Organization","@id":"https:\/\/www.garciafaura.com\/fr\/#organization","name":"GARCIA FAURA","url":"https:\/\/www.garciafaura.com\/fr\/","logo":{"@type":"ImageObject","inLanguage":"es","@id":"https:\/\/www.garciafaura.com\/fr\/#\/schema\/logo\/image\/","url":"https:\/\/www.garciafaura.com\/wp-content\/uploads\/2018\/09\/Garcia-Faura.png","contentUrl":"https:\/\/www.garciafaura.com\/wp-content\/uploads\/2018\/09\/Garcia-Faura.png","width":512,"height":512,"caption":"GARCIA FAURA"},"image":{"@id":"https:\/\/www.garciafaura.com\/fr\/#\/schema\/logo\/image\/"},"sameAs":["https:\/\/www.youtube.com\/user\/GARCIAFAURA"]},{"@type":"Person","@id":"https:\/\/www.garciafaura.com\/fr\/#\/schema\/person\/b4b75e69b33fac3446071909bec106b0","name":"David Achell","image":{"@type":"ImageObject","inLanguage":"es","@id":"https:\/\/www.garciafaura.com\/fr\/#\/schema\/person\/image\/","url":"https:\/\/secure.gravatar.com\/avatar\/03900210afc1f61bce737bcb4a79c02e2c997f171e3eca839b5a4cbe03846c90?s=96&d=blank&r=g","contentUrl":"https:\/\/secure.gravatar.com\/avatar\/03900210afc1f61bce737bcb4a79c02e2c997f171e3eca839b5a4cbe03846c90?s=96&d=blank&r=g","caption":"David Achell"}}]}},"_links":{"self":[{"href":"https:\/\/www.garciafaura.com\/es\/wp-json\/wp\/v2\/posts\/29304","targetHints":{"allow":["GET"]}}],"collection":[{"href":"https:\/\/www.garciafaura.com\/es\/wp-json\/wp\/v2\/posts"}],"about":[{"href":"https:\/\/www.garciafaura.com\/es\/wp-json\/wp\/v2\/types\/post"}],"author":[{"embeddable":true,"href":"https:\/\/www.garciafaura.com\/es\/wp-json\/wp\/v2\/users\/3"}],"replies":[{"embeddable":true,"href":"https:\/\/www.garciafaura.com\/es\/wp-json\/wp\/v2\/comments?post=29304"}],"version-history":[{"count":2,"href":"https:\/\/www.garciafaura.com\/es\/wp-json\/wp\/v2\/posts\/29304\/revisions"}],"predecessor-version":[{"id":29305,"href":"https:\/\/www.garciafaura.com\/es\/wp-json\/wp\/v2\/posts\/29304\/revisions\/29305"}],"wp:featuredmedia":[{"embeddable":true,"href":"https:\/\/www.garciafaura.com\/es\/wp-json\/wp\/v2\/media\/29306"}],"wp:attachment":[{"href":"https:\/\/www.garciafaura.com\/es\/wp-json\/wp\/v2\/media?parent=29304"}],"wp:term":[{"taxonomy":"category","embeddable":true,"href":"https:\/\/www.garciafaura.com\/es\/wp-json\/wp\/v2\/categories?post=29304"},{"taxonomy":"post_tag","embeddable":true,"href":"https:\/\/www.garciafaura.com\/es\/wp-json\/wp\/v2\/tags?post=29304"},{"taxonomy":"post_series","embeddable":true,"href":"https:\/\/www.garciafaura.com\/es\/wp-json\/wp\/v2\/post_series?post=29304"}],"curies":[{"name":"wp","href":"https:\/\/api.w.org\/{rel}","templated":true}]}}