{"id":29184,"date":"2022-03-28T16:38:59","date_gmt":"2022-03-28T14:38:59","guid":{"rendered":"https:\/\/www.garciafaura.com\/tancaments-de-garcia-faura-per-a-mes-de-300-habitatges-a-lhospitalet\/"},"modified":"2022-03-28T16:42:13","modified_gmt":"2022-03-28T14:42:13","slug":"tancaments-de-garcia-faura-per-a-mes-de-300-habitatges-a-lhospitalet","status":"publish","type":"post","link":"https:\/\/www.garciafaura.com\/es\/tancaments-de-garcia-faura-per-a-mes-de-300-habitatges-a-lhospitalet\/","title":{"rendered":"Cerramientos de GARCIA FAURA para m\u00e1s de 300 viviendas en L\u2019Hospitalet de Llobregat"},"content":{"rendered":"<p style=\"text-align: justify;\"><strong>GARCIA FAURA participa en la construcci\u00f3n de 367 viviendas en los terrenos de la antigua f\u00e1brica Cosme Toda, en L&#8217;Hospitalet de Llobregat (Barcelona). En concreto, la empresa dejar\u00e1 su impronta en tres torres de trece plantas y los edificios entre ellas, de ocho plantas cada uno.<\/strong><\/p>\n<p style=\"text-align: justify;\">La f\u00e1brica Cosme Toda, fundada en el siglo XIX, abasteci\u00f3 de cer\u00e1mica y otros elementos para la construcci\u00f3n para una Barcelona modernista que entonces estaba en crecimiento. Del antiguo esplendor de la f\u00e1brica, ahora se conservar\u00e1n dos chimeneas, varios hornos y unas estructuras del conjunto fabril de antes de 1883.<\/p>\n<p style=\"text-align: justify;\">En las viviendas en construcci\u00f3n, <strong>GARCIA FAURA<\/strong> desarrolla, fabrica e instala los cerramientos de aluminio y acristalamiento, con un total de 1.650 unidades. Se trata de 4.500 metros cuadrados de cierres de altas prestaciones t\u00e9cnicas que ofrecer\u00e1n un gran rendimiento t\u00e9rmico y ac\u00fastico.<\/p>\n<p style=\"text-align: justify;\">En las tareas se incluyen cerramientos de apertura practicable y correderas con opci\u00f3n de cruce de hojas, as\u00ed como las puertas exteriores de los distintos bloques. Los trabajos se completan con el suministros y la instalaci\u00f3n de <em>screens<\/em>, barandillas y todos los remates met\u00e1licos de la obra.<\/p>\n","protected":false},"excerpt":{"rendered":"<p>GARCIA FAURA participa en la construcci\u00f3n de 367 viviendas en los terrenos de la antigua f\u00e1brica Cosme Toda, en L&#8217;Hospitalet de Llobregat (Barcelona). En concreto, la empresa dejar\u00e1 su impronta en tres torres de trece plantas y los edificios entre&hellip;<\/p>\n","protected":false},"author":3,"featured_media":29002,"comment_status":"closed","ping_status":"open","sticky":false,"template":"","format":"standard","meta":{"footnotes":""},"categories":[3],"tags":[],"post_series":[],"class_list":["post-29184","post","type-post","status-publish","format-standard","has-post-thumbnail","hentry","category-actualidad","entry","has-media"],"yoast_head":"<!-- This site is optimized with the Yoast SEO plugin v26.7 - https:\/\/yoast.com\/wordpress\/plugins\/seo\/ -->\n<title>Cerramientos de GARCIA FAURA para m\u00e1s de 300 viviendas en L\u2019Hospitalet de Llobregat - GARCIA FAURA<\/title>\n<meta name=\"description\" content=\"Arquitectura en Alumini, Inox, Ferro i Vidre\" \/>\n<meta name=\"robots\" content=\"index, follow, max-snippet:-1, max-image-preview:large, max-video-preview:-1\" \/>\n<link rel=\"canonical\" href=\"https:\/\/www.garciafaura.com\/es\/tancaments-de-garcia-faura-per-a-mes-de-300-habitatges-a-lhospitalet\/\" \/>\n<meta property=\"og:locale\" content=\"es_ES\" \/>\n<meta property=\"og:type\" content=\"article\" \/>\n<meta property=\"og:title\" content=\"Cerramientos de GARCIA FAURA para m\u00e1s de 300 viviendas en L\u2019Hospitalet de Llobregat - GARCIA FAURA\" \/>\n<meta property=\"og:description\" content=\"Arquitectura en Alumini, Inox, Ferro i Vidre\" \/>\n<meta property=\"og:url\" content=\"https:\/\/www.garciafaura.com\/es\/tancaments-de-garcia-faura-per-a-mes-de-300-habitatges-a-lhospitalet\/\" \/>\n<meta property=\"og:site_name\" content=\"GARCIA FAURA\" \/>\n<meta property=\"article:published_time\" content=\"2022-03-28T14:38:59+00:00\" \/>\n<meta property=\"article:modified_time\" content=\"2022-03-28T14:42:13+00:00\" \/>\n<meta property=\"og:image\" content=\"https:\/\/www.garciafaura.com\/wp-content\/uploads\/2022\/02\/RENDER-1.jpg\" \/>\n\t<meta property=\"og:image:width\" content=\"1200\" \/>\n\t<meta property=\"og:image:height\" content=\"628\" \/>\n\t<meta property=\"og:image:type\" content=\"image\/jpeg\" \/>\n<meta name=\"author\" content=\"David Achell\" \/>\n<meta name=\"twitter:card\" content=\"summary_large_image\" \/>\n<meta name=\"twitter:label1\" content=\"Escrito por\" \/>\n\t<meta name=\"twitter:data1\" content=\"David Achell\" \/>\n\t<meta name=\"twitter:label2\" content=\"Tiempo de lectura\" \/>\n\t<meta name=\"twitter:data2\" content=\"1 minuto\" \/>\n<script type=\"application\/ld+json\" class=\"yoast-schema-graph\">{\"@context\":\"https:\/\/schema.org\",\"@graph\":[{\"@type\":\"Article\",\"@id\":\"https:\/\/www.garciafaura.com\/es\/tancaments-de-garcia-faura-per-a-mes-de-300-habitatges-a-lhospitalet\/#article\",\"isPartOf\":{\"@id\":\"https:\/\/www.garciafaura.com\/es\/tancaments-de-garcia-faura-per-a-mes-de-300-habitatges-a-lhospitalet\/\"},\"author\":{\"name\":\"David Achell\",\"@id\":\"https:\/\/www.garciafaura.com\/fr\/#\/schema\/person\/b4b75e69b33fac3446071909bec106b0\"},\"headline\":\"Cerramientos de GARCIA FAURA para m\u00e1s de 300 viviendas en L\u2019Hospitalet de Llobregat\",\"datePublished\":\"2022-03-28T14:38:59+00:00\",\"dateModified\":\"2022-03-28T14:42:13+00:00\",\"mainEntityOfPage\":{\"@id\":\"https:\/\/www.garciafaura.com\/es\/tancaments-de-garcia-faura-per-a-mes-de-300-habitatges-a-lhospitalet\/\"},\"wordCount\":212,\"publisher\":{\"@id\":\"https:\/\/www.garciafaura.com\/fr\/#organization\"},\"image\":{\"@id\":\"https:\/\/www.garciafaura.com\/es\/tancaments-de-garcia-faura-per-a-mes-de-300-habitatges-a-lhospitalet\/#primaryimage\"},\"thumbnailUrl\":\"https:\/\/www.garciafaura.com\/wp-content\/uploads\/2022\/02\/RENDER-1.jpg\",\"articleSection\":[\"Actualidad\"],\"inLanguage\":\"es\"},{\"@type\":\"WebPage\",\"@id\":\"https:\/\/www.garciafaura.com\/es\/tancaments-de-garcia-faura-per-a-mes-de-300-habitatges-a-lhospitalet\/\",\"url\":\"https:\/\/www.garciafaura.com\/es\/tancaments-de-garcia-faura-per-a-mes-de-300-habitatges-a-lhospitalet\/\",\"name\":\"Cerramientos de GARCIA FAURA para m\u00e1s de 300 viviendas en L\u2019Hospitalet de Llobregat - GARCIA FAURA\",\"isPartOf\":{\"@id\":\"https:\/\/www.garciafaura.com\/fr\/#website\"},\"primaryImageOfPage\":{\"@id\":\"https:\/\/www.garciafaura.com\/es\/tancaments-de-garcia-faura-per-a-mes-de-300-habitatges-a-lhospitalet\/#primaryimage\"},\"image\":{\"@id\":\"https:\/\/www.garciafaura.com\/es\/tancaments-de-garcia-faura-per-a-mes-de-300-habitatges-a-lhospitalet\/#primaryimage\"},\"thumbnailUrl\":\"https:\/\/www.garciafaura.com\/wp-content\/uploads\/2022\/02\/RENDER-1.jpg\",\"datePublished\":\"2022-03-28T14:38:59+00:00\",\"dateModified\":\"2022-03-28T14:42:13+00:00\",\"description\":\"Arquitectura en Alumini, Inox, Ferro i Vidre\",\"breadcrumb\":{\"@id\":\"https:\/\/www.garciafaura.com\/es\/tancaments-de-garcia-faura-per-a-mes-de-300-habitatges-a-lhospitalet\/#breadcrumb\"},\"inLanguage\":\"es\",\"potentialAction\":[{\"@type\":\"ReadAction\",\"target\":[\"https:\/\/www.garciafaura.com\/es\/tancaments-de-garcia-faura-per-a-mes-de-300-habitatges-a-lhospitalet\/\"]}]},{\"@type\":\"ImageObject\",\"inLanguage\":\"es\",\"@id\":\"https:\/\/www.garciafaura.com\/es\/tancaments-de-garcia-faura-per-a-mes-de-300-habitatges-a-lhospitalet\/#primaryimage\",\"url\":\"https:\/\/www.garciafaura.com\/wp-content\/uploads\/2022\/02\/RENDER-1.jpg\",\"contentUrl\":\"https:\/\/www.garciafaura.com\/wp-content\/uploads\/2022\/02\/RENDER-1.jpg\",\"width\":1200,\"height\":628,\"caption\":\"Promoci\u00f3 Cosme Toda\"},{\"@type\":\"BreadcrumbList\",\"@id\":\"https:\/\/www.garciafaura.com\/es\/tancaments-de-garcia-faura-per-a-mes-de-300-habitatges-a-lhospitalet\/#breadcrumb\",\"itemListElement\":[{\"@type\":\"ListItem\",\"position\":1,\"name\":\"Inici\",\"item\":\"https:\/\/www.garciafaura.com\/es\/\"},{\"@type\":\"ListItem\",\"position\":2,\"name\":\"Cerramientos de GARCIA FAURA para m\u00e1s de 300 viviendas en L\u2019Hospitalet de Llobregat\"}]},{\"@type\":\"WebSite\",\"@id\":\"https:\/\/www.garciafaura.com\/fr\/#website\",\"url\":\"https:\/\/www.garciafaura.com\/fr\/\",\"name\":\"GARCIA FAURA\",\"description\":\"Arquitectura en Alumini, Inox, Ferro i Vidre\",\"publisher\":{\"@id\":\"https:\/\/www.garciafaura.com\/fr\/#organization\"},\"potentialAction\":[{\"@type\":\"SearchAction\",\"target\":{\"@type\":\"EntryPoint\",\"urlTemplate\":\"https:\/\/www.garciafaura.com\/fr\/?s={search_term_string}\"},\"query-input\":{\"@type\":\"PropertyValueSpecification\",\"valueRequired\":true,\"valueName\":\"search_term_string\"}}],\"inLanguage\":\"es\"},{\"@type\":\"Organization\",\"@id\":\"https:\/\/www.garciafaura.com\/fr\/#organization\",\"name\":\"GARCIA FAURA\",\"url\":\"https:\/\/www.garciafaura.com\/fr\/\",\"logo\":{\"@type\":\"ImageObject\",\"inLanguage\":\"es\",\"@id\":\"https:\/\/www.garciafaura.com\/fr\/#\/schema\/logo\/image\/\",\"url\":\"https:\/\/www.garciafaura.com\/wp-content\/uploads\/2018\/09\/Garcia-Faura.png\",\"contentUrl\":\"https:\/\/www.garciafaura.com\/wp-content\/uploads\/2018\/09\/Garcia-Faura.png\",\"width\":512,\"height\":512,\"caption\":\"GARCIA FAURA\"},\"image\":{\"@id\":\"https:\/\/www.garciafaura.com\/fr\/#\/schema\/logo\/image\/\"},\"sameAs\":[\"https:\/\/www.youtube.com\/user\/GARCIAFAURA\"]},{\"@type\":\"Person\",\"@id\":\"https:\/\/www.garciafaura.com\/fr\/#\/schema\/person\/b4b75e69b33fac3446071909bec106b0\",\"name\":\"David Achell\",\"image\":{\"@type\":\"ImageObject\",\"inLanguage\":\"es\",\"@id\":\"https:\/\/www.garciafaura.com\/fr\/#\/schema\/person\/image\/\",\"url\":\"https:\/\/secure.gravatar.com\/avatar\/03900210afc1f61bce737bcb4a79c02e2c997f171e3eca839b5a4cbe03846c90?s=96&d=blank&r=g\",\"contentUrl\":\"https:\/\/secure.gravatar.com\/avatar\/03900210afc1f61bce737bcb4a79c02e2c997f171e3eca839b5a4cbe03846c90?s=96&d=blank&r=g\",\"caption\":\"David Achell\"}}]}<\/script>\n<!-- \/ Yoast SEO plugin. -->","yoast_head_json":{"title":"Cerramientos de GARCIA FAURA para m\u00e1s de 300 viviendas en L\u2019Hospitalet de Llobregat - GARCIA FAURA","description":"Arquitectura en Alumini, Inox, Ferro i Vidre","robots":{"index":"index","follow":"follow","max-snippet":"max-snippet:-1","max-image-preview":"max-image-preview:large","max-video-preview":"max-video-preview:-1"},"canonical":"https:\/\/www.garciafaura.com\/es\/tancaments-de-garcia-faura-per-a-mes-de-300-habitatges-a-lhospitalet\/","og_locale":"es_ES","og_type":"article","og_title":"Cerramientos de GARCIA FAURA para m\u00e1s de 300 viviendas en L\u2019Hospitalet de Llobregat - GARCIA FAURA","og_description":"Arquitectura en Alumini, Inox, Ferro i Vidre","og_url":"https:\/\/www.garciafaura.com\/es\/tancaments-de-garcia-faura-per-a-mes-de-300-habitatges-a-lhospitalet\/","og_site_name":"GARCIA FAURA","article_published_time":"2022-03-28T14:38:59+00:00","article_modified_time":"2022-03-28T14:42:13+00:00","og_image":[{"width":1200,"height":628,"url":"https:\/\/www.garciafaura.com\/wp-content\/uploads\/2022\/02\/RENDER-1.jpg","type":"image\/jpeg"}],"author":"David Achell","twitter_card":"summary_large_image","twitter_misc":{"Escrito por":"David Achell","Tiempo de lectura":"1 minuto"},"schema":{"@context":"https:\/\/schema.org","@graph":[{"@type":"Article","@id":"https:\/\/www.garciafaura.com\/es\/tancaments-de-garcia-faura-per-a-mes-de-300-habitatges-a-lhospitalet\/#article","isPartOf":{"@id":"https:\/\/www.garciafaura.com\/es\/tancaments-de-garcia-faura-per-a-mes-de-300-habitatges-a-lhospitalet\/"},"author":{"name":"David Achell","@id":"https:\/\/www.garciafaura.com\/fr\/#\/schema\/person\/b4b75e69b33fac3446071909bec106b0"},"headline":"Cerramientos de GARCIA FAURA para m\u00e1s de 300 viviendas en L\u2019Hospitalet de Llobregat","datePublished":"2022-03-28T14:38:59+00:00","dateModified":"2022-03-28T14:42:13+00:00","mainEntityOfPage":{"@id":"https:\/\/www.garciafaura.com\/es\/tancaments-de-garcia-faura-per-a-mes-de-300-habitatges-a-lhospitalet\/"},"wordCount":212,"publisher":{"@id":"https:\/\/www.garciafaura.com\/fr\/#organization"},"image":{"@id":"https:\/\/www.garciafaura.com\/es\/tancaments-de-garcia-faura-per-a-mes-de-300-habitatges-a-lhospitalet\/#primaryimage"},"thumbnailUrl":"https:\/\/www.garciafaura.com\/wp-content\/uploads\/2022\/02\/RENDER-1.jpg","articleSection":["Actualidad"],"inLanguage":"es"},{"@type":"WebPage","@id":"https:\/\/www.garciafaura.com\/es\/tancaments-de-garcia-faura-per-a-mes-de-300-habitatges-a-lhospitalet\/","url":"https:\/\/www.garciafaura.com\/es\/tancaments-de-garcia-faura-per-a-mes-de-300-habitatges-a-lhospitalet\/","name":"Cerramientos de GARCIA FAURA para m\u00e1s de 300 viviendas en L\u2019Hospitalet de Llobregat - GARCIA FAURA","isPartOf":{"@id":"https:\/\/www.garciafaura.com\/fr\/#website"},"primaryImageOfPage":{"@id":"https:\/\/www.garciafaura.com\/es\/tancaments-de-garcia-faura-per-a-mes-de-300-habitatges-a-lhospitalet\/#primaryimage"},"image":{"@id":"https:\/\/www.garciafaura.com\/es\/tancaments-de-garcia-faura-per-a-mes-de-300-habitatges-a-lhospitalet\/#primaryimage"},"thumbnailUrl":"https:\/\/www.garciafaura.com\/wp-content\/uploads\/2022\/02\/RENDER-1.jpg","datePublished":"2022-03-28T14:38:59+00:00","dateModified":"2022-03-28T14:42:13+00:00","description":"Arquitectura en Alumini, Inox, Ferro i Vidre","breadcrumb":{"@id":"https:\/\/www.garciafaura.com\/es\/tancaments-de-garcia-faura-per-a-mes-de-300-habitatges-a-lhospitalet\/#breadcrumb"},"inLanguage":"es","potentialAction":[{"@type":"ReadAction","target":["https:\/\/www.garciafaura.com\/es\/tancaments-de-garcia-faura-per-a-mes-de-300-habitatges-a-lhospitalet\/"]}]},{"@type":"ImageObject","inLanguage":"es","@id":"https:\/\/www.garciafaura.com\/es\/tancaments-de-garcia-faura-per-a-mes-de-300-habitatges-a-lhospitalet\/#primaryimage","url":"https:\/\/www.garciafaura.com\/wp-content\/uploads\/2022\/02\/RENDER-1.jpg","contentUrl":"https:\/\/www.garciafaura.com\/wp-content\/uploads\/2022\/02\/RENDER-1.jpg","width":1200,"height":628,"caption":"Promoci\u00f3 Cosme Toda"},{"@type":"BreadcrumbList","@id":"https:\/\/www.garciafaura.com\/es\/tancaments-de-garcia-faura-per-a-mes-de-300-habitatges-a-lhospitalet\/#breadcrumb","itemListElement":[{"@type":"ListItem","position":1,"name":"Inici","item":"https:\/\/www.garciafaura.com\/es\/"},{"@type":"ListItem","position":2,"name":"Cerramientos de GARCIA FAURA para m\u00e1s de 300 viviendas en L\u2019Hospitalet de Llobregat"}]},{"@type":"WebSite","@id":"https:\/\/www.garciafaura.com\/fr\/#website","url":"https:\/\/www.garciafaura.com\/fr\/","name":"GARCIA FAURA","description":"Arquitectura en Alumini, Inox, Ferro i Vidre","publisher":{"@id":"https:\/\/www.garciafaura.com\/fr\/#organization"},"potentialAction":[{"@type":"SearchAction","target":{"@type":"EntryPoint","urlTemplate":"https:\/\/www.garciafaura.com\/fr\/?s={search_term_string}"},"query-input":{"@type":"PropertyValueSpecification","valueRequired":true,"valueName":"search_term_string"}}],"inLanguage":"es"},{"@type":"Organization","@id":"https:\/\/www.garciafaura.com\/fr\/#organization","name":"GARCIA FAURA","url":"https:\/\/www.garciafaura.com\/fr\/","logo":{"@type":"ImageObject","inLanguage":"es","@id":"https:\/\/www.garciafaura.com\/fr\/#\/schema\/logo\/image\/","url":"https:\/\/www.garciafaura.com\/wp-content\/uploads\/2018\/09\/Garcia-Faura.png","contentUrl":"https:\/\/www.garciafaura.com\/wp-content\/uploads\/2018\/09\/Garcia-Faura.png","width":512,"height":512,"caption":"GARCIA FAURA"},"image":{"@id":"https:\/\/www.garciafaura.com\/fr\/#\/schema\/logo\/image\/"},"sameAs":["https:\/\/www.youtube.com\/user\/GARCIAFAURA"]},{"@type":"Person","@id":"https:\/\/www.garciafaura.com\/fr\/#\/schema\/person\/b4b75e69b33fac3446071909bec106b0","name":"David Achell","image":{"@type":"ImageObject","inLanguage":"es","@id":"https:\/\/www.garciafaura.com\/fr\/#\/schema\/person\/image\/","url":"https:\/\/secure.gravatar.com\/avatar\/03900210afc1f61bce737bcb4a79c02e2c997f171e3eca839b5a4cbe03846c90?s=96&d=blank&r=g","contentUrl":"https:\/\/secure.gravatar.com\/avatar\/03900210afc1f61bce737bcb4a79c02e2c997f171e3eca839b5a4cbe03846c90?s=96&d=blank&r=g","caption":"David Achell"}}]}},"_links":{"self":[{"href":"https:\/\/www.garciafaura.com\/es\/wp-json\/wp\/v2\/posts\/29184","targetHints":{"allow":["GET"]}}],"collection":[{"href":"https:\/\/www.garciafaura.com\/es\/wp-json\/wp\/v2\/posts"}],"about":[{"href":"https:\/\/www.garciafaura.com\/es\/wp-json\/wp\/v2\/types\/post"}],"author":[{"embeddable":true,"href":"https:\/\/www.garciafaura.com\/es\/wp-json\/wp\/v2\/users\/3"}],"replies":[{"embeddable":true,"href":"https:\/\/www.garciafaura.com\/es\/wp-json\/wp\/v2\/comments?post=29184"}],"version-history":[{"count":2,"href":"https:\/\/www.garciafaura.com\/es\/wp-json\/wp\/v2\/posts\/29184\/revisions"}],"predecessor-version":[{"id":29186,"href":"https:\/\/www.garciafaura.com\/es\/wp-json\/wp\/v2\/posts\/29184\/revisions\/29186"}],"wp:featuredmedia":[{"embeddable":true,"href":"https:\/\/www.garciafaura.com\/es\/wp-json\/wp\/v2\/media\/29002"}],"wp:attachment":[{"href":"https:\/\/www.garciafaura.com\/es\/wp-json\/wp\/v2\/media?parent=29184"}],"wp:term":[{"taxonomy":"category","embeddable":true,"href":"https:\/\/www.garciafaura.com\/es\/wp-json\/wp\/v2\/categories?post=29184"},{"taxonomy":"post_tag","embeddable":true,"href":"https:\/\/www.garciafaura.com\/es\/wp-json\/wp\/v2\/tags?post=29184"},{"taxonomy":"post_series","embeddable":true,"href":"https:\/\/www.garciafaura.com\/es\/wp-json\/wp\/v2\/post_series?post=29184"}],"curies":[{"name":"wp","href":"https:\/\/api.w.org\/{rel}","templated":true}]}}