{"id":29114,"date":"2022-03-14T11:34:37","date_gmt":"2022-03-14T09:34:37","guid":{"rendered":"https:\/\/www.garciafaura.com\/mur-cortina-i-tancaments-de-garcia-faura-en-un-dels-edificis-del-nou-complex-doficines-del-22\/"},"modified":"2022-03-14T11:42:18","modified_gmt":"2022-03-14T09:42:18","slug":"mur-cortina-i-tancaments-de-garcia-faura-en-un-dels-edificis-del-nou-complex-doficines-del-22","status":"publish","type":"post","link":"https:\/\/www.garciafaura.com\/es\/mur-cortina-i-tancaments-de-garcia-faura-en-un-dels-edificis-del-nou-complex-doficines-del-22\/","title":{"rendered":"Muro cortina y cerramientos de GARCIA FAURA en uno de los edificios del nuevo complejo de oficinas del 22@"},"content":{"rendered":"<p style=\"text-align: justify;\"><strong>GARCIA FAURA dejar\u00e1 su marca en otro edificio del 22@, el distrito tecnol\u00f3gico de Barcelona, \u200b\u200bsituado en el barrio del Poble Nou. Ser\u00e1, en concreto, en un inmueble del complejo de oficinas que se levantar\u00e1 en el antiguo emplazamiento de la f\u00e1brica de productos qu\u00edmicos Nubiola.<\/strong><\/p>\n<p style=\"text-align: justify;\">La f\u00e1brica, que estaba situada en la calle Crist\u00f3bal de Moura de la capital catalana (entre las calles del Treball y de la Agricultura) funcion\u00f3 durante casi todo el siglo XX y era conocida popularmente como &#8216;azulete&#8217; porque fabricaba este producto usado habitualmente para lavar.<\/p>\n<p style=\"text-align: justify;\">En este emplazamiento de 30.000 metros cuadrados, el <a href=\"https:\/\/gcaarchitects.com\/es\/works\/nubiola-headquarters\/\" target=\"_blank\" rel=\"noopener\"><strong>equipo de arquitectura GCA<\/strong><\/a> ha ideado un complejo de oficinas de unos 11.500 metros cuadrados que reflejar\u00e1 parte del legado industrial combinando el vidrio y los ladrillos o manteniendo en pie la chimenea de la f\u00e1brica, la \u00faltima gran chimenea que funcion\u00f3 en Barcelona.<\/p>\n<p style=\"text-align: justify;\"><strong>GARCIA FAURA<\/strong> <a href=\"https:\/\/www.garciafaura.com\/es\/portfolio-item\/complex-doficines-22\/\" target=\"_blank\" rel=\"noopener\">intervendr\u00e1 en uno de los edificios del complejo<\/a> con el desarrollo de 1.300 metros cuadrados de muro cortina con sistema SG (sin tapetas exteriores). Tambi\u00e9n se fabricar\u00e1n e instalar\u00e1n unos 1.500 metros cuadrados de cerramientos, aproximadamente unas 450 unidades.<\/p>\n<p style=\"text-align: justify;\">Estos cierres consistir\u00e1n en carpinter\u00edas fijas y practicables de grandes dimensiones, con perfiler\u00eda de hoja oculta con revestimiento de chapa de aluminio interior y exterior. <strong>GARCIA FAURA<\/strong> tambi\u00e9n realizar\u00e1 otras intervenciones como los revestimientos met\u00e1licos y las barandillas de vidrio.<\/p>\n","protected":false},"excerpt":{"rendered":"<p>GARCIA FAURA dejar\u00e1 su marca en otro edificio del 22@, el distrito tecnol\u00f3gico de Barcelona, \u200b\u200bsituado en el barrio del Poble Nou. Ser\u00e1, en concreto, en un inmueble del complejo de oficinas que se levantar\u00e1 en el antiguo emplazamiento de&hellip;<\/p>\n","protected":false},"author":3,"featured_media":28407,"comment_status":"closed","ping_status":"open","sticky":false,"template":"","format":"standard","meta":{"footnotes":""},"categories":[3],"tags":[],"post_series":[],"class_list":["post-29114","post","type-post","status-publish","format-standard","has-post-thumbnail","hentry","category-actualidad","entry","has-media"],"yoast_head":"<!-- This site is optimized with the Yoast SEO plugin v26.7 - https:\/\/yoast.com\/wordpress\/plugins\/seo\/ -->\n<title>Muro cortina y cerramientos de GARCIA FAURA en uno de los edificios del nuevo complejo de oficinas del 22@ - GARCIA FAURA<\/title>\n<meta name=\"description\" content=\"Arquitectura en Alumini, Inox, Ferro i Vidre\" \/>\n<meta name=\"robots\" content=\"index, follow, max-snippet:-1, max-image-preview:large, max-video-preview:-1\" \/>\n<link rel=\"canonical\" href=\"https:\/\/www.garciafaura.com\/es\/mur-cortina-i-tancaments-de-garcia-faura-en-un-dels-edificis-del-nou-complex-doficines-del-22\/\" \/>\n<meta property=\"og:locale\" content=\"es_ES\" \/>\n<meta property=\"og:type\" content=\"article\" \/>\n<meta property=\"og:title\" content=\"Muro cortina y cerramientos de GARCIA FAURA en uno de los edificios del nuevo complejo de oficinas del 22@ - GARCIA FAURA\" \/>\n<meta property=\"og:description\" content=\"Arquitectura en Alumini, Inox, Ferro i Vidre\" \/>\n<meta property=\"og:url\" content=\"https:\/\/www.garciafaura.com\/es\/mur-cortina-i-tancaments-de-garcia-faura-en-un-dels-edificis-del-nou-complex-doficines-del-22\/\" \/>\n<meta property=\"og:site_name\" content=\"GARCIA FAURA\" \/>\n<meta property=\"article:published_time\" content=\"2022-03-14T09:34:37+00:00\" \/>\n<meta property=\"article:modified_time\" content=\"2022-03-14T09:42:18+00:00\" \/>\n<meta property=\"og:image\" content=\"https:\/\/www.garciafaura.com\/wp-content\/uploads\/2021\/10\/SedeOficinasFR_22arrobabona.jpg\" \/>\n\t<meta property=\"og:image:width\" content=\"1200\" \/>\n\t<meta property=\"og:image:height\" content=\"628\" \/>\n\t<meta property=\"og:image:type\" content=\"image\/jpeg\" \/>\n<meta name=\"author\" content=\"David Achell\" \/>\n<meta name=\"twitter:card\" content=\"summary_large_image\" \/>\n<meta name=\"twitter:label1\" content=\"Escrito por\" \/>\n\t<meta name=\"twitter:data1\" content=\"David Achell\" \/>\n\t<meta name=\"twitter:label2\" content=\"Tiempo de lectura\" \/>\n\t<meta name=\"twitter:data2\" content=\"2 minutos\" \/>\n<script type=\"application\/ld+json\" class=\"yoast-schema-graph\">{\"@context\":\"https:\/\/schema.org\",\"@graph\":[{\"@type\":\"Article\",\"@id\":\"https:\/\/www.garciafaura.com\/es\/mur-cortina-i-tancaments-de-garcia-faura-en-un-dels-edificis-del-nou-complex-doficines-del-22\/#article\",\"isPartOf\":{\"@id\":\"https:\/\/www.garciafaura.com\/es\/mur-cortina-i-tancaments-de-garcia-faura-en-un-dels-edificis-del-nou-complex-doficines-del-22\/\"},\"author\":{\"name\":\"David Achell\",\"@id\":\"https:\/\/www.garciafaura.com\/fr\/#\/schema\/person\/b4b75e69b33fac3446071909bec106b0\"},\"headline\":\"Muro cortina y cerramientos de GARCIA FAURA en uno de los edificios del nuevo complejo de oficinas del 22@\",\"datePublished\":\"2022-03-14T09:34:37+00:00\",\"dateModified\":\"2022-03-14T09:42:18+00:00\",\"mainEntityOfPage\":{\"@id\":\"https:\/\/www.garciafaura.com\/es\/mur-cortina-i-tancaments-de-garcia-faura-en-un-dels-edificis-del-nou-complex-doficines-del-22\/\"},\"wordCount\":250,\"publisher\":{\"@id\":\"https:\/\/www.garciafaura.com\/fr\/#organization\"},\"image\":{\"@id\":\"https:\/\/www.garciafaura.com\/es\/mur-cortina-i-tancaments-de-garcia-faura-en-un-dels-edificis-del-nou-complex-doficines-del-22\/#primaryimage\"},\"thumbnailUrl\":\"https:\/\/www.garciafaura.com\/wp-content\/uploads\/2021\/10\/SedeOficinasFR_22arrobabona.jpg\",\"articleSection\":[\"Actualidad\"],\"inLanguage\":\"es\"},{\"@type\":\"WebPage\",\"@id\":\"https:\/\/www.garciafaura.com\/es\/mur-cortina-i-tancaments-de-garcia-faura-en-un-dels-edificis-del-nou-complex-doficines-del-22\/\",\"url\":\"https:\/\/www.garciafaura.com\/es\/mur-cortina-i-tancaments-de-garcia-faura-en-un-dels-edificis-del-nou-complex-doficines-del-22\/\",\"name\":\"Muro cortina y cerramientos de GARCIA FAURA en uno de los edificios del nuevo complejo de oficinas del 22@ - GARCIA FAURA\",\"isPartOf\":{\"@id\":\"https:\/\/www.garciafaura.com\/fr\/#website\"},\"primaryImageOfPage\":{\"@id\":\"https:\/\/www.garciafaura.com\/es\/mur-cortina-i-tancaments-de-garcia-faura-en-un-dels-edificis-del-nou-complex-doficines-del-22\/#primaryimage\"},\"image\":{\"@id\":\"https:\/\/www.garciafaura.com\/es\/mur-cortina-i-tancaments-de-garcia-faura-en-un-dels-edificis-del-nou-complex-doficines-del-22\/#primaryimage\"},\"thumbnailUrl\":\"https:\/\/www.garciafaura.com\/wp-content\/uploads\/2021\/10\/SedeOficinasFR_22arrobabona.jpg\",\"datePublished\":\"2022-03-14T09:34:37+00:00\",\"dateModified\":\"2022-03-14T09:42:18+00:00\",\"description\":\"Arquitectura en Alumini, Inox, Ferro i Vidre\",\"breadcrumb\":{\"@id\":\"https:\/\/www.garciafaura.com\/es\/mur-cortina-i-tancaments-de-garcia-faura-en-un-dels-edificis-del-nou-complex-doficines-del-22\/#breadcrumb\"},\"inLanguage\":\"es\",\"potentialAction\":[{\"@type\":\"ReadAction\",\"target\":[\"https:\/\/www.garciafaura.com\/es\/mur-cortina-i-tancaments-de-garcia-faura-en-un-dels-edificis-del-nou-complex-doficines-del-22\/\"]}]},{\"@type\":\"ImageObject\",\"inLanguage\":\"es\",\"@id\":\"https:\/\/www.garciafaura.com\/es\/mur-cortina-i-tancaments-de-garcia-faura-en-un-dels-edificis-del-nou-complex-doficines-del-22\/#primaryimage\",\"url\":\"https:\/\/www.garciafaura.com\/wp-content\/uploads\/2021\/10\/SedeOficinasFR_22arrobabona.jpg\",\"contentUrl\":\"https:\/\/www.garciafaura.com\/wp-content\/uploads\/2021\/10\/SedeOficinasFR_22arrobabona.jpg\",\"width\":1200,\"height\":628,\"caption\":\"Oficines 22@ Barcelona Garcia Faura\"},{\"@type\":\"BreadcrumbList\",\"@id\":\"https:\/\/www.garciafaura.com\/es\/mur-cortina-i-tancaments-de-garcia-faura-en-un-dels-edificis-del-nou-complex-doficines-del-22\/#breadcrumb\",\"itemListElement\":[{\"@type\":\"ListItem\",\"position\":1,\"name\":\"Inici\",\"item\":\"https:\/\/www.garciafaura.com\/es\/\"},{\"@type\":\"ListItem\",\"position\":2,\"name\":\"Muro cortina y cerramientos de GARCIA FAURA en uno de los edificios del nuevo complejo de oficinas del 22@\"}]},{\"@type\":\"WebSite\",\"@id\":\"https:\/\/www.garciafaura.com\/fr\/#website\",\"url\":\"https:\/\/www.garciafaura.com\/fr\/\",\"name\":\"GARCIA FAURA\",\"description\":\"Arquitectura en Alumini, Inox, Ferro i Vidre\",\"publisher\":{\"@id\":\"https:\/\/www.garciafaura.com\/fr\/#organization\"},\"potentialAction\":[{\"@type\":\"SearchAction\",\"target\":{\"@type\":\"EntryPoint\",\"urlTemplate\":\"https:\/\/www.garciafaura.com\/fr\/?s={search_term_string}\"},\"query-input\":{\"@type\":\"PropertyValueSpecification\",\"valueRequired\":true,\"valueName\":\"search_term_string\"}}],\"inLanguage\":\"es\"},{\"@type\":\"Organization\",\"@id\":\"https:\/\/www.garciafaura.com\/fr\/#organization\",\"name\":\"GARCIA FAURA\",\"url\":\"https:\/\/www.garciafaura.com\/fr\/\",\"logo\":{\"@type\":\"ImageObject\",\"inLanguage\":\"es\",\"@id\":\"https:\/\/www.garciafaura.com\/fr\/#\/schema\/logo\/image\/\",\"url\":\"https:\/\/www.garciafaura.com\/wp-content\/uploads\/2018\/09\/Garcia-Faura.png\",\"contentUrl\":\"https:\/\/www.garciafaura.com\/wp-content\/uploads\/2018\/09\/Garcia-Faura.png\",\"width\":512,\"height\":512,\"caption\":\"GARCIA FAURA\"},\"image\":{\"@id\":\"https:\/\/www.garciafaura.com\/fr\/#\/schema\/logo\/image\/\"},\"sameAs\":[\"https:\/\/www.youtube.com\/user\/GARCIAFAURA\"]},{\"@type\":\"Person\",\"@id\":\"https:\/\/www.garciafaura.com\/fr\/#\/schema\/person\/b4b75e69b33fac3446071909bec106b0\",\"name\":\"David Achell\",\"image\":{\"@type\":\"ImageObject\",\"inLanguage\":\"es\",\"@id\":\"https:\/\/www.garciafaura.com\/fr\/#\/schema\/person\/image\/\",\"url\":\"https:\/\/secure.gravatar.com\/avatar\/03900210afc1f61bce737bcb4a79c02e2c997f171e3eca839b5a4cbe03846c90?s=96&d=blank&r=g\",\"contentUrl\":\"https:\/\/secure.gravatar.com\/avatar\/03900210afc1f61bce737bcb4a79c02e2c997f171e3eca839b5a4cbe03846c90?s=96&d=blank&r=g\",\"caption\":\"David Achell\"}}]}<\/script>\n<!-- \/ Yoast SEO plugin. -->","yoast_head_json":{"title":"Muro cortina y cerramientos de GARCIA FAURA en uno de los edificios del nuevo complejo de oficinas del 22@ - GARCIA FAURA","description":"Arquitectura en Alumini, Inox, Ferro i Vidre","robots":{"index":"index","follow":"follow","max-snippet":"max-snippet:-1","max-image-preview":"max-image-preview:large","max-video-preview":"max-video-preview:-1"},"canonical":"https:\/\/www.garciafaura.com\/es\/mur-cortina-i-tancaments-de-garcia-faura-en-un-dels-edificis-del-nou-complex-doficines-del-22\/","og_locale":"es_ES","og_type":"article","og_title":"Muro cortina y cerramientos de GARCIA FAURA en uno de los edificios del nuevo complejo de oficinas del 22@ - GARCIA FAURA","og_description":"Arquitectura en Alumini, Inox, Ferro i Vidre","og_url":"https:\/\/www.garciafaura.com\/es\/mur-cortina-i-tancaments-de-garcia-faura-en-un-dels-edificis-del-nou-complex-doficines-del-22\/","og_site_name":"GARCIA FAURA","article_published_time":"2022-03-14T09:34:37+00:00","article_modified_time":"2022-03-14T09:42:18+00:00","og_image":[{"width":1200,"height":628,"url":"https:\/\/www.garciafaura.com\/wp-content\/uploads\/2021\/10\/SedeOficinasFR_22arrobabona.jpg","type":"image\/jpeg"}],"author":"David Achell","twitter_card":"summary_large_image","twitter_misc":{"Escrito por":"David Achell","Tiempo de lectura":"2 minutos"},"schema":{"@context":"https:\/\/schema.org","@graph":[{"@type":"Article","@id":"https:\/\/www.garciafaura.com\/es\/mur-cortina-i-tancaments-de-garcia-faura-en-un-dels-edificis-del-nou-complex-doficines-del-22\/#article","isPartOf":{"@id":"https:\/\/www.garciafaura.com\/es\/mur-cortina-i-tancaments-de-garcia-faura-en-un-dels-edificis-del-nou-complex-doficines-del-22\/"},"author":{"name":"David Achell","@id":"https:\/\/www.garciafaura.com\/fr\/#\/schema\/person\/b4b75e69b33fac3446071909bec106b0"},"headline":"Muro cortina y cerramientos de GARCIA FAURA en uno de los edificios del nuevo complejo de oficinas del 22@","datePublished":"2022-03-14T09:34:37+00:00","dateModified":"2022-03-14T09:42:18+00:00","mainEntityOfPage":{"@id":"https:\/\/www.garciafaura.com\/es\/mur-cortina-i-tancaments-de-garcia-faura-en-un-dels-edificis-del-nou-complex-doficines-del-22\/"},"wordCount":250,"publisher":{"@id":"https:\/\/www.garciafaura.com\/fr\/#organization"},"image":{"@id":"https:\/\/www.garciafaura.com\/es\/mur-cortina-i-tancaments-de-garcia-faura-en-un-dels-edificis-del-nou-complex-doficines-del-22\/#primaryimage"},"thumbnailUrl":"https:\/\/www.garciafaura.com\/wp-content\/uploads\/2021\/10\/SedeOficinasFR_22arrobabona.jpg","articleSection":["Actualidad"],"inLanguage":"es"},{"@type":"WebPage","@id":"https:\/\/www.garciafaura.com\/es\/mur-cortina-i-tancaments-de-garcia-faura-en-un-dels-edificis-del-nou-complex-doficines-del-22\/","url":"https:\/\/www.garciafaura.com\/es\/mur-cortina-i-tancaments-de-garcia-faura-en-un-dels-edificis-del-nou-complex-doficines-del-22\/","name":"Muro cortina y cerramientos de GARCIA FAURA en uno de los edificios del nuevo complejo de oficinas del 22@ - GARCIA FAURA","isPartOf":{"@id":"https:\/\/www.garciafaura.com\/fr\/#website"},"primaryImageOfPage":{"@id":"https:\/\/www.garciafaura.com\/es\/mur-cortina-i-tancaments-de-garcia-faura-en-un-dels-edificis-del-nou-complex-doficines-del-22\/#primaryimage"},"image":{"@id":"https:\/\/www.garciafaura.com\/es\/mur-cortina-i-tancaments-de-garcia-faura-en-un-dels-edificis-del-nou-complex-doficines-del-22\/#primaryimage"},"thumbnailUrl":"https:\/\/www.garciafaura.com\/wp-content\/uploads\/2021\/10\/SedeOficinasFR_22arrobabona.jpg","datePublished":"2022-03-14T09:34:37+00:00","dateModified":"2022-03-14T09:42:18+00:00","description":"Arquitectura en Alumini, Inox, Ferro i Vidre","breadcrumb":{"@id":"https:\/\/www.garciafaura.com\/es\/mur-cortina-i-tancaments-de-garcia-faura-en-un-dels-edificis-del-nou-complex-doficines-del-22\/#breadcrumb"},"inLanguage":"es","potentialAction":[{"@type":"ReadAction","target":["https:\/\/www.garciafaura.com\/es\/mur-cortina-i-tancaments-de-garcia-faura-en-un-dels-edificis-del-nou-complex-doficines-del-22\/"]}]},{"@type":"ImageObject","inLanguage":"es","@id":"https:\/\/www.garciafaura.com\/es\/mur-cortina-i-tancaments-de-garcia-faura-en-un-dels-edificis-del-nou-complex-doficines-del-22\/#primaryimage","url":"https:\/\/www.garciafaura.com\/wp-content\/uploads\/2021\/10\/SedeOficinasFR_22arrobabona.jpg","contentUrl":"https:\/\/www.garciafaura.com\/wp-content\/uploads\/2021\/10\/SedeOficinasFR_22arrobabona.jpg","width":1200,"height":628,"caption":"Oficines 22@ Barcelona Garcia Faura"},{"@type":"BreadcrumbList","@id":"https:\/\/www.garciafaura.com\/es\/mur-cortina-i-tancaments-de-garcia-faura-en-un-dels-edificis-del-nou-complex-doficines-del-22\/#breadcrumb","itemListElement":[{"@type":"ListItem","position":1,"name":"Inici","item":"https:\/\/www.garciafaura.com\/es\/"},{"@type":"ListItem","position":2,"name":"Muro cortina y cerramientos de GARCIA FAURA en uno de los edificios del nuevo complejo de oficinas del 22@"}]},{"@type":"WebSite","@id":"https:\/\/www.garciafaura.com\/fr\/#website","url":"https:\/\/www.garciafaura.com\/fr\/","name":"GARCIA FAURA","description":"Arquitectura en Alumini, Inox, Ferro i Vidre","publisher":{"@id":"https:\/\/www.garciafaura.com\/fr\/#organization"},"potentialAction":[{"@type":"SearchAction","target":{"@type":"EntryPoint","urlTemplate":"https:\/\/www.garciafaura.com\/fr\/?s={search_term_string}"},"query-input":{"@type":"PropertyValueSpecification","valueRequired":true,"valueName":"search_term_string"}}],"inLanguage":"es"},{"@type":"Organization","@id":"https:\/\/www.garciafaura.com\/fr\/#organization","name":"GARCIA FAURA","url":"https:\/\/www.garciafaura.com\/fr\/","logo":{"@type":"ImageObject","inLanguage":"es","@id":"https:\/\/www.garciafaura.com\/fr\/#\/schema\/logo\/image\/","url":"https:\/\/www.garciafaura.com\/wp-content\/uploads\/2018\/09\/Garcia-Faura.png","contentUrl":"https:\/\/www.garciafaura.com\/wp-content\/uploads\/2018\/09\/Garcia-Faura.png","width":512,"height":512,"caption":"GARCIA FAURA"},"image":{"@id":"https:\/\/www.garciafaura.com\/fr\/#\/schema\/logo\/image\/"},"sameAs":["https:\/\/www.youtube.com\/user\/GARCIAFAURA"]},{"@type":"Person","@id":"https:\/\/www.garciafaura.com\/fr\/#\/schema\/person\/b4b75e69b33fac3446071909bec106b0","name":"David Achell","image":{"@type":"ImageObject","inLanguage":"es","@id":"https:\/\/www.garciafaura.com\/fr\/#\/schema\/person\/image\/","url":"https:\/\/secure.gravatar.com\/avatar\/03900210afc1f61bce737bcb4a79c02e2c997f171e3eca839b5a4cbe03846c90?s=96&d=blank&r=g","contentUrl":"https:\/\/secure.gravatar.com\/avatar\/03900210afc1f61bce737bcb4a79c02e2c997f171e3eca839b5a4cbe03846c90?s=96&d=blank&r=g","caption":"David Achell"}}]}},"_links":{"self":[{"href":"https:\/\/www.garciafaura.com\/es\/wp-json\/wp\/v2\/posts\/29114","targetHints":{"allow":["GET"]}}],"collection":[{"href":"https:\/\/www.garciafaura.com\/es\/wp-json\/wp\/v2\/posts"}],"about":[{"href":"https:\/\/www.garciafaura.com\/es\/wp-json\/wp\/v2\/types\/post"}],"author":[{"embeddable":true,"href":"https:\/\/www.garciafaura.com\/es\/wp-json\/wp\/v2\/users\/3"}],"replies":[{"embeddable":true,"href":"https:\/\/www.garciafaura.com\/es\/wp-json\/wp\/v2\/comments?post=29114"}],"version-history":[{"count":3,"href":"https:\/\/www.garciafaura.com\/es\/wp-json\/wp\/v2\/posts\/29114\/revisions"}],"predecessor-version":[{"id":29120,"href":"https:\/\/www.garciafaura.com\/es\/wp-json\/wp\/v2\/posts\/29114\/revisions\/29120"}],"wp:featuredmedia":[{"embeddable":true,"href":"https:\/\/www.garciafaura.com\/es\/wp-json\/wp\/v2\/media\/28407"}],"wp:attachment":[{"href":"https:\/\/www.garciafaura.com\/es\/wp-json\/wp\/v2\/media?parent=29114"}],"wp:term":[{"taxonomy":"category","embeddable":true,"href":"https:\/\/www.garciafaura.com\/es\/wp-json\/wp\/v2\/categories?post=29114"},{"taxonomy":"post_tag","embeddable":true,"href":"https:\/\/www.garciafaura.com\/es\/wp-json\/wp\/v2\/tags?post=29114"},{"taxonomy":"post_series","embeddable":true,"href":"https:\/\/www.garciafaura.com\/es\/wp-json\/wp\/v2\/post_series?post=29114"}],"curies":[{"name":"wp","href":"https:\/\/api.w.org\/{rel}","templated":true}]}}