{"id":29082,"date":"2022-02-28T14:59:00","date_gmt":"2022-02-28T12:59:00","guid":{"rendered":"https:\/\/www.garciafaura.com\/garcia-faura-collabora-amb-onyx-solar-per-plantar-mes-de-cent-arbres-a-lamazonia\/"},"modified":"2022-02-28T15:01:27","modified_gmt":"2022-02-28T13:01:27","slug":"garcia-faura-collabora-amb-onyx-solar-per-plantar-mes-de-cent-arbres-a-lamazonia","status":"publish","type":"post","link":"https:\/\/www.garciafaura.com\/es\/garcia-faura-collabora-amb-onyx-solar-per-plantar-mes-de-cent-arbres-a-lamazonia\/","title":{"rendered":"GARCIA FAURA colabora con Onyx Solar para plantar m\u00e1s de cien \u00e1rboles en el Amazonas"},"content":{"rendered":"<p style=\"text-align: justify;\"><strong>Onyx Solar es la empresa l\u00edder mundial en la fabricaci\u00f3n de vidrio solar fotovoltaico. En 2020 la compa\u00f1\u00eda tom\u00f3 la iniciativa de plantar un \u00e1rbol por cada metro cuadrado de vidrio solar fotovoltaico fabricado. Los \u00e1rboles se plantan en zonas que necesitan un especial cuidado del medio ambiente, como la Amazonia, Indonesia o la India.<\/strong><\/p>\n<p style=\"text-align: justify;\">La actividad reciente de <strong>GARCIA FAURA<\/strong> ha permitido contribuir a este proyecto gracias a la participaci\u00f3n de la empresa en el proyecto de rehabilitaci\u00f3n del edificio de oficinas situado en la avenida Diagonal 525 de Barcelona, \u200b\u200bun inmueble que acoge la sede de Naturgy, la multinacional de la electricidad y el gas.<\/p>\n<p style=\"text-align: justify;\"><strong>GARCIA FAURA<\/strong> aport\u00f3 soluciones de cerramientos y fachada. En este \u00faltimo aspecto, se instalaron (integrados en una estructura de lamas de aluminio en la fachada sur del edificio) 132 m\u00f3dulos horizontales de vidrio solar fotovoltaico.<\/p>\n<p style=\"text-align: justify;\">Los paneles protegen del sol durante los meses de mayor calor y tambi\u00e9n permiten que el inmueble genere su propia energ\u00eda limpia para una parte del consumo. La contribuci\u00f3n de <strong>GARCIA FAURA<\/strong> al proyecto ha permitido a <a href=\"https:\/\/www.onyxsolar.es\/\" target=\"_blank\" rel=\"noopener\"><strong>Onyx Solar<\/strong><\/a> plantar un total de 160 \u00e1rboles en la Amazonia.<\/p>\n","protected":false},"excerpt":{"rendered":"<p>Onyx Solar es la empresa l\u00edder mundial en la fabricaci\u00f3n de vidrio solar fotovoltaico. En 2020 la compa\u00f1\u00eda tom\u00f3 la iniciativa de plantar un \u00e1rbol por cada metro cuadrado de vidrio solar fotovoltaico fabricado. Los \u00e1rboles se plantan en zonas&hellip;<\/p>\n","protected":false},"author":3,"featured_media":29078,"comment_status":"closed","ping_status":"open","sticky":false,"template":"","format":"standard","meta":{"footnotes":""},"categories":[3],"tags":[],"post_series":[],"class_list":["post-29082","post","type-post","status-publish","format-standard","has-post-thumbnail","hentry","category-actualidad","entry","has-media"],"yoast_head":"<!-- This site is optimized with the Yoast SEO plugin v26.7 - https:\/\/yoast.com\/wordpress\/plugins\/seo\/ -->\n<title>GARCIA FAURA colabora con Onyx Solar para plantar m\u00e1s de cien \u00e1rboles en el Amazonas - GARCIA FAURA<\/title>\n<meta name=\"description\" content=\"Arquitectura en Alumini, Inox, Ferro i Vidre\" \/>\n<meta name=\"robots\" content=\"index, follow, max-snippet:-1, max-image-preview:large, max-video-preview:-1\" \/>\n<link rel=\"canonical\" href=\"https:\/\/www.garciafaura.com\/es\/garcia-faura-collabora-amb-onyx-solar-per-plantar-mes-de-cent-arbres-a-lamazonia\/\" \/>\n<meta property=\"og:locale\" content=\"es_ES\" \/>\n<meta property=\"og:type\" content=\"article\" \/>\n<meta property=\"og:title\" content=\"GARCIA FAURA colabora con Onyx Solar para plantar m\u00e1s de cien \u00e1rboles en el Amazonas - GARCIA FAURA\" \/>\n<meta property=\"og:description\" content=\"Arquitectura en Alumini, Inox, Ferro i Vidre\" \/>\n<meta property=\"og:url\" content=\"https:\/\/www.garciafaura.com\/es\/garcia-faura-collabora-amb-onyx-solar-per-plantar-mes-de-cent-arbres-a-lamazonia\/\" \/>\n<meta property=\"og:site_name\" content=\"GARCIA FAURA\" \/>\n<meta property=\"article:published_time\" content=\"2022-02-28T12:59:00+00:00\" \/>\n<meta property=\"article:modified_time\" content=\"2022-02-28T13:01:27+00:00\" \/>\n<meta property=\"og:image\" content=\"https:\/\/www.garciafaura.com\/wp-content\/uploads\/2022\/02\/Onyx-Solar-1024x725.jpg\" \/>\n\t<meta property=\"og:image:width\" content=\"1024\" \/>\n\t<meta property=\"og:image:height\" content=\"725\" \/>\n\t<meta property=\"og:image:type\" content=\"image\/jpeg\" \/>\n<meta name=\"author\" content=\"David Achell\" \/>\n<meta name=\"twitter:card\" content=\"summary_large_image\" \/>\n<meta name=\"twitter:label1\" content=\"Escrito por\" \/>\n\t<meta name=\"twitter:data1\" content=\"David Achell\" \/>\n\t<meta name=\"twitter:label2\" content=\"Tiempo de lectura\" \/>\n\t<meta name=\"twitter:data2\" content=\"1 minuto\" \/>\n<script type=\"application\/ld+json\" class=\"yoast-schema-graph\">{\"@context\":\"https:\/\/schema.org\",\"@graph\":[{\"@type\":\"Article\",\"@id\":\"https:\/\/www.garciafaura.com\/es\/garcia-faura-collabora-amb-onyx-solar-per-plantar-mes-de-cent-arbres-a-lamazonia\/#article\",\"isPartOf\":{\"@id\":\"https:\/\/www.garciafaura.com\/es\/garcia-faura-collabora-amb-onyx-solar-per-plantar-mes-de-cent-arbres-a-lamazonia\/\"},\"author\":{\"name\":\"David Achell\",\"@id\":\"https:\/\/www.garciafaura.com\/fr\/#\/schema\/person\/b4b75e69b33fac3446071909bec106b0\"},\"headline\":\"GARCIA FAURA colabora con Onyx Solar para plantar m\u00e1s de cien \u00e1rboles en el Amazonas\",\"datePublished\":\"2022-02-28T12:59:00+00:00\",\"dateModified\":\"2022-02-28T13:01:27+00:00\",\"mainEntityOfPage\":{\"@id\":\"https:\/\/www.garciafaura.com\/es\/garcia-faura-collabora-amb-onyx-solar-per-plantar-mes-de-cent-arbres-a-lamazonia\/\"},\"wordCount\":211,\"publisher\":{\"@id\":\"https:\/\/www.garciafaura.com\/fr\/#organization\"},\"image\":{\"@id\":\"https:\/\/www.garciafaura.com\/es\/garcia-faura-collabora-amb-onyx-solar-per-plantar-mes-de-cent-arbres-a-lamazonia\/#primaryimage\"},\"thumbnailUrl\":\"https:\/\/www.garciafaura.com\/wp-content\/uploads\/2022\/02\/Onyx-Solar.jpg\",\"articleSection\":[\"Actualidad\"],\"inLanguage\":\"es\"},{\"@type\":\"WebPage\",\"@id\":\"https:\/\/www.garciafaura.com\/es\/garcia-faura-collabora-amb-onyx-solar-per-plantar-mes-de-cent-arbres-a-lamazonia\/\",\"url\":\"https:\/\/www.garciafaura.com\/es\/garcia-faura-collabora-amb-onyx-solar-per-plantar-mes-de-cent-arbres-a-lamazonia\/\",\"name\":\"GARCIA FAURA colabora con Onyx Solar para plantar m\u00e1s de cien \u00e1rboles en el Amazonas - GARCIA FAURA\",\"isPartOf\":{\"@id\":\"https:\/\/www.garciafaura.com\/fr\/#website\"},\"primaryImageOfPage\":{\"@id\":\"https:\/\/www.garciafaura.com\/es\/garcia-faura-collabora-amb-onyx-solar-per-plantar-mes-de-cent-arbres-a-lamazonia\/#primaryimage\"},\"image\":{\"@id\":\"https:\/\/www.garciafaura.com\/es\/garcia-faura-collabora-amb-onyx-solar-per-plantar-mes-de-cent-arbres-a-lamazonia\/#primaryimage\"},\"thumbnailUrl\":\"https:\/\/www.garciafaura.com\/wp-content\/uploads\/2022\/02\/Onyx-Solar.jpg\",\"datePublished\":\"2022-02-28T12:59:00+00:00\",\"dateModified\":\"2022-02-28T13:01:27+00:00\",\"description\":\"Arquitectura en Alumini, Inox, Ferro i Vidre\",\"breadcrumb\":{\"@id\":\"https:\/\/www.garciafaura.com\/es\/garcia-faura-collabora-amb-onyx-solar-per-plantar-mes-de-cent-arbres-a-lamazonia\/#breadcrumb\"},\"inLanguage\":\"es\",\"potentialAction\":[{\"@type\":\"ReadAction\",\"target\":[\"https:\/\/www.garciafaura.com\/es\/garcia-faura-collabora-amb-onyx-solar-per-plantar-mes-de-cent-arbres-a-lamazonia\/\"]}]},{\"@type\":\"ImageObject\",\"inLanguage\":\"es\",\"@id\":\"https:\/\/www.garciafaura.com\/es\/garcia-faura-collabora-amb-onyx-solar-per-plantar-mes-de-cent-arbres-a-lamazonia\/#primaryimage\",\"url\":\"https:\/\/www.garciafaura.com\/wp-content\/uploads\/2022\/02\/Onyx-Solar.jpg\",\"contentUrl\":\"https:\/\/www.garciafaura.com\/wp-content\/uploads\/2022\/02\/Onyx-Solar.jpg\",\"width\":1800,\"height\":1275},{\"@type\":\"BreadcrumbList\",\"@id\":\"https:\/\/www.garciafaura.com\/es\/garcia-faura-collabora-amb-onyx-solar-per-plantar-mes-de-cent-arbres-a-lamazonia\/#breadcrumb\",\"itemListElement\":[{\"@type\":\"ListItem\",\"position\":1,\"name\":\"Inici\",\"item\":\"https:\/\/www.garciafaura.com\/es\/\"},{\"@type\":\"ListItem\",\"position\":2,\"name\":\"GARCIA FAURA colabora con Onyx Solar para plantar m\u00e1s de cien \u00e1rboles en el Amazonas\"}]},{\"@type\":\"WebSite\",\"@id\":\"https:\/\/www.garciafaura.com\/fr\/#website\",\"url\":\"https:\/\/www.garciafaura.com\/fr\/\",\"name\":\"GARCIA FAURA\",\"description\":\"Arquitectura en Alumini, Inox, Ferro i Vidre\",\"publisher\":{\"@id\":\"https:\/\/www.garciafaura.com\/fr\/#organization\"},\"potentialAction\":[{\"@type\":\"SearchAction\",\"target\":{\"@type\":\"EntryPoint\",\"urlTemplate\":\"https:\/\/www.garciafaura.com\/fr\/?s={search_term_string}\"},\"query-input\":{\"@type\":\"PropertyValueSpecification\",\"valueRequired\":true,\"valueName\":\"search_term_string\"}}],\"inLanguage\":\"es\"},{\"@type\":\"Organization\",\"@id\":\"https:\/\/www.garciafaura.com\/fr\/#organization\",\"name\":\"GARCIA FAURA\",\"url\":\"https:\/\/www.garciafaura.com\/fr\/\",\"logo\":{\"@type\":\"ImageObject\",\"inLanguage\":\"es\",\"@id\":\"https:\/\/www.garciafaura.com\/fr\/#\/schema\/logo\/image\/\",\"url\":\"https:\/\/www.garciafaura.com\/wp-content\/uploads\/2018\/09\/Garcia-Faura.png\",\"contentUrl\":\"https:\/\/www.garciafaura.com\/wp-content\/uploads\/2018\/09\/Garcia-Faura.png\",\"width\":512,\"height\":512,\"caption\":\"GARCIA FAURA\"},\"image\":{\"@id\":\"https:\/\/www.garciafaura.com\/fr\/#\/schema\/logo\/image\/\"},\"sameAs\":[\"https:\/\/www.youtube.com\/user\/GARCIAFAURA\"]},{\"@type\":\"Person\",\"@id\":\"https:\/\/www.garciafaura.com\/fr\/#\/schema\/person\/b4b75e69b33fac3446071909bec106b0\",\"name\":\"David Achell\",\"image\":{\"@type\":\"ImageObject\",\"inLanguage\":\"es\",\"@id\":\"https:\/\/www.garciafaura.com\/fr\/#\/schema\/person\/image\/\",\"url\":\"https:\/\/secure.gravatar.com\/avatar\/03900210afc1f61bce737bcb4a79c02e2c997f171e3eca839b5a4cbe03846c90?s=96&d=blank&r=g\",\"contentUrl\":\"https:\/\/secure.gravatar.com\/avatar\/03900210afc1f61bce737bcb4a79c02e2c997f171e3eca839b5a4cbe03846c90?s=96&d=blank&r=g\",\"caption\":\"David Achell\"}}]}<\/script>\n<!-- \/ Yoast SEO plugin. -->","yoast_head_json":{"title":"GARCIA FAURA colabora con Onyx Solar para plantar m\u00e1s de cien \u00e1rboles en el Amazonas - GARCIA FAURA","description":"Arquitectura en Alumini, Inox, Ferro i Vidre","robots":{"index":"index","follow":"follow","max-snippet":"max-snippet:-1","max-image-preview":"max-image-preview:large","max-video-preview":"max-video-preview:-1"},"canonical":"https:\/\/www.garciafaura.com\/es\/garcia-faura-collabora-amb-onyx-solar-per-plantar-mes-de-cent-arbres-a-lamazonia\/","og_locale":"es_ES","og_type":"article","og_title":"GARCIA FAURA colabora con Onyx Solar para plantar m\u00e1s de cien \u00e1rboles en el Amazonas - GARCIA FAURA","og_description":"Arquitectura en Alumini, Inox, Ferro i Vidre","og_url":"https:\/\/www.garciafaura.com\/es\/garcia-faura-collabora-amb-onyx-solar-per-plantar-mes-de-cent-arbres-a-lamazonia\/","og_site_name":"GARCIA FAURA","article_published_time":"2022-02-28T12:59:00+00:00","article_modified_time":"2022-02-28T13:01:27+00:00","og_image":[{"width":1024,"height":725,"url":"https:\/\/www.garciafaura.com\/wp-content\/uploads\/2022\/02\/Onyx-Solar-1024x725.jpg","type":"image\/jpeg"}],"author":"David Achell","twitter_card":"summary_large_image","twitter_misc":{"Escrito por":"David Achell","Tiempo de lectura":"1 minuto"},"schema":{"@context":"https:\/\/schema.org","@graph":[{"@type":"Article","@id":"https:\/\/www.garciafaura.com\/es\/garcia-faura-collabora-amb-onyx-solar-per-plantar-mes-de-cent-arbres-a-lamazonia\/#article","isPartOf":{"@id":"https:\/\/www.garciafaura.com\/es\/garcia-faura-collabora-amb-onyx-solar-per-plantar-mes-de-cent-arbres-a-lamazonia\/"},"author":{"name":"David Achell","@id":"https:\/\/www.garciafaura.com\/fr\/#\/schema\/person\/b4b75e69b33fac3446071909bec106b0"},"headline":"GARCIA FAURA colabora con Onyx Solar para plantar m\u00e1s de cien \u00e1rboles en el Amazonas","datePublished":"2022-02-28T12:59:00+00:00","dateModified":"2022-02-28T13:01:27+00:00","mainEntityOfPage":{"@id":"https:\/\/www.garciafaura.com\/es\/garcia-faura-collabora-amb-onyx-solar-per-plantar-mes-de-cent-arbres-a-lamazonia\/"},"wordCount":211,"publisher":{"@id":"https:\/\/www.garciafaura.com\/fr\/#organization"},"image":{"@id":"https:\/\/www.garciafaura.com\/es\/garcia-faura-collabora-amb-onyx-solar-per-plantar-mes-de-cent-arbres-a-lamazonia\/#primaryimage"},"thumbnailUrl":"https:\/\/www.garciafaura.com\/wp-content\/uploads\/2022\/02\/Onyx-Solar.jpg","articleSection":["Actualidad"],"inLanguage":"es"},{"@type":"WebPage","@id":"https:\/\/www.garciafaura.com\/es\/garcia-faura-collabora-amb-onyx-solar-per-plantar-mes-de-cent-arbres-a-lamazonia\/","url":"https:\/\/www.garciafaura.com\/es\/garcia-faura-collabora-amb-onyx-solar-per-plantar-mes-de-cent-arbres-a-lamazonia\/","name":"GARCIA FAURA colabora con Onyx Solar para plantar m\u00e1s de cien \u00e1rboles en el Amazonas - GARCIA FAURA","isPartOf":{"@id":"https:\/\/www.garciafaura.com\/fr\/#website"},"primaryImageOfPage":{"@id":"https:\/\/www.garciafaura.com\/es\/garcia-faura-collabora-amb-onyx-solar-per-plantar-mes-de-cent-arbres-a-lamazonia\/#primaryimage"},"image":{"@id":"https:\/\/www.garciafaura.com\/es\/garcia-faura-collabora-amb-onyx-solar-per-plantar-mes-de-cent-arbres-a-lamazonia\/#primaryimage"},"thumbnailUrl":"https:\/\/www.garciafaura.com\/wp-content\/uploads\/2022\/02\/Onyx-Solar.jpg","datePublished":"2022-02-28T12:59:00+00:00","dateModified":"2022-02-28T13:01:27+00:00","description":"Arquitectura en Alumini, Inox, Ferro i Vidre","breadcrumb":{"@id":"https:\/\/www.garciafaura.com\/es\/garcia-faura-collabora-amb-onyx-solar-per-plantar-mes-de-cent-arbres-a-lamazonia\/#breadcrumb"},"inLanguage":"es","potentialAction":[{"@type":"ReadAction","target":["https:\/\/www.garciafaura.com\/es\/garcia-faura-collabora-amb-onyx-solar-per-plantar-mes-de-cent-arbres-a-lamazonia\/"]}]},{"@type":"ImageObject","inLanguage":"es","@id":"https:\/\/www.garciafaura.com\/es\/garcia-faura-collabora-amb-onyx-solar-per-plantar-mes-de-cent-arbres-a-lamazonia\/#primaryimage","url":"https:\/\/www.garciafaura.com\/wp-content\/uploads\/2022\/02\/Onyx-Solar.jpg","contentUrl":"https:\/\/www.garciafaura.com\/wp-content\/uploads\/2022\/02\/Onyx-Solar.jpg","width":1800,"height":1275},{"@type":"BreadcrumbList","@id":"https:\/\/www.garciafaura.com\/es\/garcia-faura-collabora-amb-onyx-solar-per-plantar-mes-de-cent-arbres-a-lamazonia\/#breadcrumb","itemListElement":[{"@type":"ListItem","position":1,"name":"Inici","item":"https:\/\/www.garciafaura.com\/es\/"},{"@type":"ListItem","position":2,"name":"GARCIA FAURA colabora con Onyx Solar para plantar m\u00e1s de cien \u00e1rboles en el Amazonas"}]},{"@type":"WebSite","@id":"https:\/\/www.garciafaura.com\/fr\/#website","url":"https:\/\/www.garciafaura.com\/fr\/","name":"GARCIA FAURA","description":"Arquitectura en Alumini, Inox, Ferro i Vidre","publisher":{"@id":"https:\/\/www.garciafaura.com\/fr\/#organization"},"potentialAction":[{"@type":"SearchAction","target":{"@type":"EntryPoint","urlTemplate":"https:\/\/www.garciafaura.com\/fr\/?s={search_term_string}"},"query-input":{"@type":"PropertyValueSpecification","valueRequired":true,"valueName":"search_term_string"}}],"inLanguage":"es"},{"@type":"Organization","@id":"https:\/\/www.garciafaura.com\/fr\/#organization","name":"GARCIA FAURA","url":"https:\/\/www.garciafaura.com\/fr\/","logo":{"@type":"ImageObject","inLanguage":"es","@id":"https:\/\/www.garciafaura.com\/fr\/#\/schema\/logo\/image\/","url":"https:\/\/www.garciafaura.com\/wp-content\/uploads\/2018\/09\/Garcia-Faura.png","contentUrl":"https:\/\/www.garciafaura.com\/wp-content\/uploads\/2018\/09\/Garcia-Faura.png","width":512,"height":512,"caption":"GARCIA FAURA"},"image":{"@id":"https:\/\/www.garciafaura.com\/fr\/#\/schema\/logo\/image\/"},"sameAs":["https:\/\/www.youtube.com\/user\/GARCIAFAURA"]},{"@type":"Person","@id":"https:\/\/www.garciafaura.com\/fr\/#\/schema\/person\/b4b75e69b33fac3446071909bec106b0","name":"David Achell","image":{"@type":"ImageObject","inLanguage":"es","@id":"https:\/\/www.garciafaura.com\/fr\/#\/schema\/person\/image\/","url":"https:\/\/secure.gravatar.com\/avatar\/03900210afc1f61bce737bcb4a79c02e2c997f171e3eca839b5a4cbe03846c90?s=96&d=blank&r=g","contentUrl":"https:\/\/secure.gravatar.com\/avatar\/03900210afc1f61bce737bcb4a79c02e2c997f171e3eca839b5a4cbe03846c90?s=96&d=blank&r=g","caption":"David Achell"}}]}},"_links":{"self":[{"href":"https:\/\/www.garciafaura.com\/es\/wp-json\/wp\/v2\/posts\/29082","targetHints":{"allow":["GET"]}}],"collection":[{"href":"https:\/\/www.garciafaura.com\/es\/wp-json\/wp\/v2\/posts"}],"about":[{"href":"https:\/\/www.garciafaura.com\/es\/wp-json\/wp\/v2\/types\/post"}],"author":[{"embeddable":true,"href":"https:\/\/www.garciafaura.com\/es\/wp-json\/wp\/v2\/users\/3"}],"replies":[{"embeddable":true,"href":"https:\/\/www.garciafaura.com\/es\/wp-json\/wp\/v2\/comments?post=29082"}],"version-history":[{"count":3,"href":"https:\/\/www.garciafaura.com\/es\/wp-json\/wp\/v2\/posts\/29082\/revisions"}],"predecessor-version":[{"id":29084,"href":"https:\/\/www.garciafaura.com\/es\/wp-json\/wp\/v2\/posts\/29082\/revisions\/29084"}],"wp:featuredmedia":[{"embeddable":true,"href":"https:\/\/www.garciafaura.com\/es\/wp-json\/wp\/v2\/media\/29078"}],"wp:attachment":[{"href":"https:\/\/www.garciafaura.com\/es\/wp-json\/wp\/v2\/media?parent=29082"}],"wp:term":[{"taxonomy":"category","embeddable":true,"href":"https:\/\/www.garciafaura.com\/es\/wp-json\/wp\/v2\/categories?post=29082"},{"taxonomy":"post_tag","embeddable":true,"href":"https:\/\/www.garciafaura.com\/es\/wp-json\/wp\/v2\/tags?post=29082"},{"taxonomy":"post_series","embeddable":true,"href":"https:\/\/www.garciafaura.com\/es\/wp-json\/wp\/v2\/post_series?post=29082"}],"curies":[{"name":"wp","href":"https:\/\/api.w.org\/{rel}","templated":true}]}}