{"id":29060,"date":"2022-02-09T16:50:57","date_gmt":"2022-02-09T14:50:57","guid":{"rendered":"https:\/\/www.garciafaura.com\/productes-i-serveis-en-favor-duna-construccio-sostenible-i-respectuosa-amb-el-medi-ambient\/"},"modified":"2022-02-09T16:59:59","modified_gmt":"2022-02-09T14:59:59","slug":"productes-i-serveis-en-favor-duna-construccio-sostenible-i-respectuosa-amb-el-medi-ambient","status":"publish","type":"post","link":"https:\/\/www.garciafaura.com\/es\/productes-i-serveis-en-favor-duna-construccio-sostenible-i-respectuosa-amb-el-medi-ambient\/","title":{"rendered":"Productos y servicios en favor de una construcci\u00f3n sostenible y respetuosa con el medio ambiente"},"content":{"rendered":"<p style=\"text-align: justify;\"><strong>En un mundo cada vez m\u00e1s preocupado por las consecuencias del cambio clim\u00e1tico, la construcci\u00f3n sostenible se convierte en uno de los principales elementos para contribuir a reducir el impacto sobre el medio ambiente que significa todo nuevo proyecto constructivo. Y, en este sentido, los productos y servicios que ofrece GARCIA FAURA tienen mucho que decir.<\/strong><\/p>\n<p style=\"text-align: justify;\">La construcci\u00f3n sostenible abarca todos los procesos del sector, desde el dise\u00f1o del proyecto hasta la construcci\u00f3n en s\u00ed misma, pasando por su puesta en funcionamiento y todo el per\u00edodo de vida \u00fatil del edificio. Todo ello con el objetivo de conseguir un edificio lo m\u00e1s &#8216;verde&#8217; posible y, por tanto, con el menor impacto ambiental.<\/p>\n<p style=\"text-align: justify;\">En <strong>GARCIA FAURA<\/strong> hace ya tiempo que sabemos qu\u00e9 significa trabajar para proyectos constructivos que buscan reducir su huella de carbono. As\u00ed, en los \u00faltimos a\u00f1os hemos hecho realidad edificios que potencian m\u00e1s que nunca la luz natural, que otorgan a la fachada un papel relevante como elemento de aislamiento t\u00e9rmico o que inciden en la revegetaci\u00f3n de espacios como elementos protagonistas.<\/p>\n<h3 style=\"text-align: justify;\">Eficiencia certificada con prestigio internacional<\/h3>\n<p style=\"text-align: justify;\"><strong>GARCIA FAURA<\/strong> est\u00e1 especializada en el desarrollo de fachadas, un elemento clave en proyectos que aspiran a obtener una certificaci\u00f3n internacional que avale su eficiencia ambiental. Un buen ejemplo de ello es la certificaci\u00f3n\u00a0LEED, que re\u00fane un conjunto de normas y requisitos que certifican que el edificio es sostenible y compatible con los est\u00e1ndares de ecoeficiencia en sostenibilidad, ahorro de agua, energ\u00eda y atm\u00f3sfera, materiales y recursos, y calidad ambiental de los interiores. <strong>GARCIA FAURA<\/strong> ha participado en proyectos recientes con certificaci\u00f3n LEED como la sede de Naturgy o de Cuatrecases, en Barcelona, \u200b\u200by varios edificios de oficinas, de nueva construcci\u00f3n o rehabilitados.<\/p>\n<p style=\"text-align: justify;\">La compa\u00f1\u00eda tambi\u00e9n ha desarrollado proyectos con certificaci\u00f3n (o criterios de\u00a0precertificaci\u00f3n)\u00a0BREEAM, que mide el grado de sostenibilidad ambiental de las edificaciones con la evaluaci\u00f3n de diez aspectos: gesti\u00f3n, salud y bienestar, energ\u00eda, transporte, agua, materiales, residuos, uso ecol\u00f3gico del suelo, contaminaci\u00f3n e innovaci\u00f3n. En este grupo, por ejemplo, se han finalizado proyectos como el edificio de oficinas Europa\u00a0Building, en Hospitalet de Llobregat, o el complejo empresarial\u00a0Archipi\u00e9lago, en las afueras de Par\u00eds.<\/p>\n<p style=\"text-align: justify;\">Actualmente, <strong>GARCIA FAURA<\/strong> est\u00e1 trabajando en el desarrollo de nuevos proyectos dise\u00f1ados tambi\u00e9n con criterios de certificaci\u00f3n ambiental, como son la promoci\u00f3n Selva de Mar, la Torre Nova Pla\u00e7a Europa o el edificio de oficinas Smart.<\/p>\n","protected":false},"excerpt":{"rendered":"<p>En un mundo cada vez m\u00e1s preocupado por las consecuencias del cambio clim\u00e1tico, la construcci\u00f3n sostenible se convierte en uno de los principales elementos para contribuir a reducir el impacto sobre el medio ambiente que significa todo nuevo proyecto constructivo.&hellip;<\/p>\n","protected":false},"author":3,"featured_media":29057,"comment_status":"closed","ping_status":"open","sticky":false,"template":"","format":"standard","meta":{"footnotes":""},"categories":[3],"tags":[],"post_series":[],"class_list":["post-29060","post","type-post","status-publish","format-standard","has-post-thumbnail","hentry","category-actualidad","entry","has-media"],"yoast_head":"<!-- This site is optimized with the Yoast SEO plugin v26.7 - https:\/\/yoast.com\/wordpress\/plugins\/seo\/ -->\n<title>Productos y servicios en favor de una construcci\u00f3n sostenible y respetuosa con el medio ambiente - GARCIA FAURA<\/title>\n<meta name=\"description\" content=\"Arquitectura en Alumini, Inox, Ferro i Vidre\" \/>\n<meta name=\"robots\" content=\"index, follow, max-snippet:-1, max-image-preview:large, max-video-preview:-1\" \/>\n<link rel=\"canonical\" href=\"https:\/\/www.garciafaura.com\/es\/productes-i-serveis-en-favor-duna-construccio-sostenible-i-respectuosa-amb-el-medi-ambient\/\" \/>\n<meta property=\"og:locale\" content=\"es_ES\" \/>\n<meta property=\"og:type\" content=\"article\" \/>\n<meta property=\"og:title\" content=\"Productos y servicios en favor de una construcci\u00f3n sostenible y respetuosa con el medio ambiente - GARCIA FAURA\" \/>\n<meta property=\"og:description\" content=\"Arquitectura en Alumini, Inox, Ferro i Vidre\" \/>\n<meta property=\"og:url\" content=\"https:\/\/www.garciafaura.com\/es\/productes-i-serveis-en-favor-duna-construccio-sostenible-i-respectuosa-amb-el-medi-ambient\/\" \/>\n<meta property=\"og:site_name\" content=\"GARCIA FAURA\" \/>\n<meta property=\"article:published_time\" content=\"2022-02-09T14:50:57+00:00\" \/>\n<meta property=\"article:modified_time\" content=\"2022-02-09T14:59:59+00:00\" \/>\n<meta property=\"og:image\" content=\"https:\/\/www.garciafaura.com\/wp-content\/uploads\/2022\/02\/Garcia-Faura-fac\u0327ana-vidre.jpg\" \/>\n\t<meta property=\"og:image:width\" content=\"900\" \/>\n\t<meta property=\"og:image:height\" content=\"600\" \/>\n\t<meta property=\"og:image:type\" content=\"image\/jpeg\" \/>\n<meta name=\"author\" content=\"David Achell\" \/>\n<meta name=\"twitter:card\" content=\"summary_large_image\" \/>\n<meta name=\"twitter:label1\" content=\"Escrito por\" \/>\n\t<meta name=\"twitter:data1\" content=\"David Achell\" \/>\n\t<meta name=\"twitter:label2\" content=\"Tiempo de lectura\" \/>\n\t<meta name=\"twitter:data2\" content=\"3 minutos\" \/>\n<script type=\"application\/ld+json\" class=\"yoast-schema-graph\">{\"@context\":\"https:\/\/schema.org\",\"@graph\":[{\"@type\":\"Article\",\"@id\":\"https:\/\/www.garciafaura.com\/es\/productes-i-serveis-en-favor-duna-construccio-sostenible-i-respectuosa-amb-el-medi-ambient\/#article\",\"isPartOf\":{\"@id\":\"https:\/\/www.garciafaura.com\/es\/productes-i-serveis-en-favor-duna-construccio-sostenible-i-respectuosa-amb-el-medi-ambient\/\"},\"author\":{\"name\":\"David Achell\",\"@id\":\"https:\/\/www.garciafaura.com\/fr\/#\/schema\/person\/b4b75e69b33fac3446071909bec106b0\"},\"headline\":\"Productos y servicios en favor de una construcci\u00f3n sostenible y respetuosa con el medio ambiente\",\"datePublished\":\"2022-02-09T14:50:57+00:00\",\"dateModified\":\"2022-02-09T14:59:59+00:00\",\"mainEntityOfPage\":{\"@id\":\"https:\/\/www.garciafaura.com\/es\/productes-i-serveis-en-favor-duna-construccio-sostenible-i-respectuosa-amb-el-medi-ambient\/\"},\"wordCount\":447,\"publisher\":{\"@id\":\"https:\/\/www.garciafaura.com\/fr\/#organization\"},\"image\":{\"@id\":\"https:\/\/www.garciafaura.com\/es\/productes-i-serveis-en-favor-duna-construccio-sostenible-i-respectuosa-amb-el-medi-ambient\/#primaryimage\"},\"thumbnailUrl\":\"https:\/\/www.garciafaura.com\/wp-content\/uploads\/2022\/02\/Garcia-Faura-fac\u0327ana-vidre.jpg\",\"articleSection\":[\"Actualidad\"],\"inLanguage\":\"es\"},{\"@type\":\"WebPage\",\"@id\":\"https:\/\/www.garciafaura.com\/es\/productes-i-serveis-en-favor-duna-construccio-sostenible-i-respectuosa-amb-el-medi-ambient\/\",\"url\":\"https:\/\/www.garciafaura.com\/es\/productes-i-serveis-en-favor-duna-construccio-sostenible-i-respectuosa-amb-el-medi-ambient\/\",\"name\":\"Productos y servicios en favor de una construcci\u00f3n sostenible y respetuosa con el medio ambiente - GARCIA FAURA\",\"isPartOf\":{\"@id\":\"https:\/\/www.garciafaura.com\/fr\/#website\"},\"primaryImageOfPage\":{\"@id\":\"https:\/\/www.garciafaura.com\/es\/productes-i-serveis-en-favor-duna-construccio-sostenible-i-respectuosa-amb-el-medi-ambient\/#primaryimage\"},\"image\":{\"@id\":\"https:\/\/www.garciafaura.com\/es\/productes-i-serveis-en-favor-duna-construccio-sostenible-i-respectuosa-amb-el-medi-ambient\/#primaryimage\"},\"thumbnailUrl\":\"https:\/\/www.garciafaura.com\/wp-content\/uploads\/2022\/02\/Garcia-Faura-fac\u0327ana-vidre.jpg\",\"datePublished\":\"2022-02-09T14:50:57+00:00\",\"dateModified\":\"2022-02-09T14:59:59+00:00\",\"description\":\"Arquitectura en Alumini, Inox, Ferro i Vidre\",\"breadcrumb\":{\"@id\":\"https:\/\/www.garciafaura.com\/es\/productes-i-serveis-en-favor-duna-construccio-sostenible-i-respectuosa-amb-el-medi-ambient\/#breadcrumb\"},\"inLanguage\":\"es\",\"potentialAction\":[{\"@type\":\"ReadAction\",\"target\":[\"https:\/\/www.garciafaura.com\/es\/productes-i-serveis-en-favor-duna-construccio-sostenible-i-respectuosa-amb-el-medi-ambient\/\"]}]},{\"@type\":\"ImageObject\",\"inLanguage\":\"es\",\"@id\":\"https:\/\/www.garciafaura.com\/es\/productes-i-serveis-en-favor-duna-construccio-sostenible-i-respectuosa-amb-el-medi-ambient\/#primaryimage\",\"url\":\"https:\/\/www.garciafaura.com\/wp-content\/uploads\/2022\/02\/Garcia-Faura-fac\u0327ana-vidre.jpg\",\"contentUrl\":\"https:\/\/www.garciafaura.com\/wp-content\/uploads\/2022\/02\/Garcia-Faura-fac\u0327ana-vidre.jpg\",\"width\":900,\"height\":600},{\"@type\":\"BreadcrumbList\",\"@id\":\"https:\/\/www.garciafaura.com\/es\/productes-i-serveis-en-favor-duna-construccio-sostenible-i-respectuosa-amb-el-medi-ambient\/#breadcrumb\",\"itemListElement\":[{\"@type\":\"ListItem\",\"position\":1,\"name\":\"Inici\",\"item\":\"https:\/\/www.garciafaura.com\/es\/\"},{\"@type\":\"ListItem\",\"position\":2,\"name\":\"Productos y servicios en favor de una construcci\u00f3n sostenible y respetuosa con el medio ambiente\"}]},{\"@type\":\"WebSite\",\"@id\":\"https:\/\/www.garciafaura.com\/fr\/#website\",\"url\":\"https:\/\/www.garciafaura.com\/fr\/\",\"name\":\"GARCIA FAURA\",\"description\":\"Arquitectura en Alumini, Inox, Ferro i Vidre\",\"publisher\":{\"@id\":\"https:\/\/www.garciafaura.com\/fr\/#organization\"},\"potentialAction\":[{\"@type\":\"SearchAction\",\"target\":{\"@type\":\"EntryPoint\",\"urlTemplate\":\"https:\/\/www.garciafaura.com\/fr\/?s={search_term_string}\"},\"query-input\":{\"@type\":\"PropertyValueSpecification\",\"valueRequired\":true,\"valueName\":\"search_term_string\"}}],\"inLanguage\":\"es\"},{\"@type\":\"Organization\",\"@id\":\"https:\/\/www.garciafaura.com\/fr\/#organization\",\"name\":\"GARCIA FAURA\",\"url\":\"https:\/\/www.garciafaura.com\/fr\/\",\"logo\":{\"@type\":\"ImageObject\",\"inLanguage\":\"es\",\"@id\":\"https:\/\/www.garciafaura.com\/fr\/#\/schema\/logo\/image\/\",\"url\":\"https:\/\/www.garciafaura.com\/wp-content\/uploads\/2018\/09\/Garcia-Faura.png\",\"contentUrl\":\"https:\/\/www.garciafaura.com\/wp-content\/uploads\/2018\/09\/Garcia-Faura.png\",\"width\":512,\"height\":512,\"caption\":\"GARCIA FAURA\"},\"image\":{\"@id\":\"https:\/\/www.garciafaura.com\/fr\/#\/schema\/logo\/image\/\"},\"sameAs\":[\"https:\/\/www.youtube.com\/user\/GARCIAFAURA\"]},{\"@type\":\"Person\",\"@id\":\"https:\/\/www.garciafaura.com\/fr\/#\/schema\/person\/b4b75e69b33fac3446071909bec106b0\",\"name\":\"David Achell\",\"image\":{\"@type\":\"ImageObject\",\"inLanguage\":\"es\",\"@id\":\"https:\/\/www.garciafaura.com\/fr\/#\/schema\/person\/image\/\",\"url\":\"https:\/\/secure.gravatar.com\/avatar\/03900210afc1f61bce737bcb4a79c02e2c997f171e3eca839b5a4cbe03846c90?s=96&d=blank&r=g\",\"contentUrl\":\"https:\/\/secure.gravatar.com\/avatar\/03900210afc1f61bce737bcb4a79c02e2c997f171e3eca839b5a4cbe03846c90?s=96&d=blank&r=g\",\"caption\":\"David Achell\"}}]}<\/script>\n<!-- \/ Yoast SEO plugin. -->","yoast_head_json":{"title":"Productos y servicios en favor de una construcci\u00f3n sostenible y respetuosa con el medio ambiente - GARCIA FAURA","description":"Arquitectura en Alumini, Inox, Ferro i Vidre","robots":{"index":"index","follow":"follow","max-snippet":"max-snippet:-1","max-image-preview":"max-image-preview:large","max-video-preview":"max-video-preview:-1"},"canonical":"https:\/\/www.garciafaura.com\/es\/productes-i-serveis-en-favor-duna-construccio-sostenible-i-respectuosa-amb-el-medi-ambient\/","og_locale":"es_ES","og_type":"article","og_title":"Productos y servicios en favor de una construcci\u00f3n sostenible y respetuosa con el medio ambiente - GARCIA FAURA","og_description":"Arquitectura en Alumini, Inox, Ferro i Vidre","og_url":"https:\/\/www.garciafaura.com\/es\/productes-i-serveis-en-favor-duna-construccio-sostenible-i-respectuosa-amb-el-medi-ambient\/","og_site_name":"GARCIA FAURA","article_published_time":"2022-02-09T14:50:57+00:00","article_modified_time":"2022-02-09T14:59:59+00:00","og_image":[{"width":900,"height":600,"url":"https:\/\/www.garciafaura.com\/wp-content\/uploads\/2022\/02\/Garcia-Faura-fac\u0327ana-vidre.jpg","type":"image\/jpeg"}],"author":"David Achell","twitter_card":"summary_large_image","twitter_misc":{"Escrito por":"David Achell","Tiempo de lectura":"3 minutos"},"schema":{"@context":"https:\/\/schema.org","@graph":[{"@type":"Article","@id":"https:\/\/www.garciafaura.com\/es\/productes-i-serveis-en-favor-duna-construccio-sostenible-i-respectuosa-amb-el-medi-ambient\/#article","isPartOf":{"@id":"https:\/\/www.garciafaura.com\/es\/productes-i-serveis-en-favor-duna-construccio-sostenible-i-respectuosa-amb-el-medi-ambient\/"},"author":{"name":"David Achell","@id":"https:\/\/www.garciafaura.com\/fr\/#\/schema\/person\/b4b75e69b33fac3446071909bec106b0"},"headline":"Productos y servicios en favor de una construcci\u00f3n sostenible y respetuosa con el medio ambiente","datePublished":"2022-02-09T14:50:57+00:00","dateModified":"2022-02-09T14:59:59+00:00","mainEntityOfPage":{"@id":"https:\/\/www.garciafaura.com\/es\/productes-i-serveis-en-favor-duna-construccio-sostenible-i-respectuosa-amb-el-medi-ambient\/"},"wordCount":447,"publisher":{"@id":"https:\/\/www.garciafaura.com\/fr\/#organization"},"image":{"@id":"https:\/\/www.garciafaura.com\/es\/productes-i-serveis-en-favor-duna-construccio-sostenible-i-respectuosa-amb-el-medi-ambient\/#primaryimage"},"thumbnailUrl":"https:\/\/www.garciafaura.com\/wp-content\/uploads\/2022\/02\/Garcia-Faura-fac\u0327ana-vidre.jpg","articleSection":["Actualidad"],"inLanguage":"es"},{"@type":"WebPage","@id":"https:\/\/www.garciafaura.com\/es\/productes-i-serveis-en-favor-duna-construccio-sostenible-i-respectuosa-amb-el-medi-ambient\/","url":"https:\/\/www.garciafaura.com\/es\/productes-i-serveis-en-favor-duna-construccio-sostenible-i-respectuosa-amb-el-medi-ambient\/","name":"Productos y servicios en favor de una construcci\u00f3n sostenible y respetuosa con el medio ambiente - GARCIA FAURA","isPartOf":{"@id":"https:\/\/www.garciafaura.com\/fr\/#website"},"primaryImageOfPage":{"@id":"https:\/\/www.garciafaura.com\/es\/productes-i-serveis-en-favor-duna-construccio-sostenible-i-respectuosa-amb-el-medi-ambient\/#primaryimage"},"image":{"@id":"https:\/\/www.garciafaura.com\/es\/productes-i-serveis-en-favor-duna-construccio-sostenible-i-respectuosa-amb-el-medi-ambient\/#primaryimage"},"thumbnailUrl":"https:\/\/www.garciafaura.com\/wp-content\/uploads\/2022\/02\/Garcia-Faura-fac\u0327ana-vidre.jpg","datePublished":"2022-02-09T14:50:57+00:00","dateModified":"2022-02-09T14:59:59+00:00","description":"Arquitectura en Alumini, Inox, Ferro i Vidre","breadcrumb":{"@id":"https:\/\/www.garciafaura.com\/es\/productes-i-serveis-en-favor-duna-construccio-sostenible-i-respectuosa-amb-el-medi-ambient\/#breadcrumb"},"inLanguage":"es","potentialAction":[{"@type":"ReadAction","target":["https:\/\/www.garciafaura.com\/es\/productes-i-serveis-en-favor-duna-construccio-sostenible-i-respectuosa-amb-el-medi-ambient\/"]}]},{"@type":"ImageObject","inLanguage":"es","@id":"https:\/\/www.garciafaura.com\/es\/productes-i-serveis-en-favor-duna-construccio-sostenible-i-respectuosa-amb-el-medi-ambient\/#primaryimage","url":"https:\/\/www.garciafaura.com\/wp-content\/uploads\/2022\/02\/Garcia-Faura-fac\u0327ana-vidre.jpg","contentUrl":"https:\/\/www.garciafaura.com\/wp-content\/uploads\/2022\/02\/Garcia-Faura-fac\u0327ana-vidre.jpg","width":900,"height":600},{"@type":"BreadcrumbList","@id":"https:\/\/www.garciafaura.com\/es\/productes-i-serveis-en-favor-duna-construccio-sostenible-i-respectuosa-amb-el-medi-ambient\/#breadcrumb","itemListElement":[{"@type":"ListItem","position":1,"name":"Inici","item":"https:\/\/www.garciafaura.com\/es\/"},{"@type":"ListItem","position":2,"name":"Productos y servicios en favor de una construcci\u00f3n sostenible y respetuosa con el medio ambiente"}]},{"@type":"WebSite","@id":"https:\/\/www.garciafaura.com\/fr\/#website","url":"https:\/\/www.garciafaura.com\/fr\/","name":"GARCIA FAURA","description":"Arquitectura en Alumini, Inox, Ferro i Vidre","publisher":{"@id":"https:\/\/www.garciafaura.com\/fr\/#organization"},"potentialAction":[{"@type":"SearchAction","target":{"@type":"EntryPoint","urlTemplate":"https:\/\/www.garciafaura.com\/fr\/?s={search_term_string}"},"query-input":{"@type":"PropertyValueSpecification","valueRequired":true,"valueName":"search_term_string"}}],"inLanguage":"es"},{"@type":"Organization","@id":"https:\/\/www.garciafaura.com\/fr\/#organization","name":"GARCIA FAURA","url":"https:\/\/www.garciafaura.com\/fr\/","logo":{"@type":"ImageObject","inLanguage":"es","@id":"https:\/\/www.garciafaura.com\/fr\/#\/schema\/logo\/image\/","url":"https:\/\/www.garciafaura.com\/wp-content\/uploads\/2018\/09\/Garcia-Faura.png","contentUrl":"https:\/\/www.garciafaura.com\/wp-content\/uploads\/2018\/09\/Garcia-Faura.png","width":512,"height":512,"caption":"GARCIA FAURA"},"image":{"@id":"https:\/\/www.garciafaura.com\/fr\/#\/schema\/logo\/image\/"},"sameAs":["https:\/\/www.youtube.com\/user\/GARCIAFAURA"]},{"@type":"Person","@id":"https:\/\/www.garciafaura.com\/fr\/#\/schema\/person\/b4b75e69b33fac3446071909bec106b0","name":"David Achell","image":{"@type":"ImageObject","inLanguage":"es","@id":"https:\/\/www.garciafaura.com\/fr\/#\/schema\/person\/image\/","url":"https:\/\/secure.gravatar.com\/avatar\/03900210afc1f61bce737bcb4a79c02e2c997f171e3eca839b5a4cbe03846c90?s=96&d=blank&r=g","contentUrl":"https:\/\/secure.gravatar.com\/avatar\/03900210afc1f61bce737bcb4a79c02e2c997f171e3eca839b5a4cbe03846c90?s=96&d=blank&r=g","caption":"David Achell"}}]}},"_links":{"self":[{"href":"https:\/\/www.garciafaura.com\/es\/wp-json\/wp\/v2\/posts\/29060","targetHints":{"allow":["GET"]}}],"collection":[{"href":"https:\/\/www.garciafaura.com\/es\/wp-json\/wp\/v2\/posts"}],"about":[{"href":"https:\/\/www.garciafaura.com\/es\/wp-json\/wp\/v2\/types\/post"}],"author":[{"embeddable":true,"href":"https:\/\/www.garciafaura.com\/es\/wp-json\/wp\/v2\/users\/3"}],"replies":[{"embeddable":true,"href":"https:\/\/www.garciafaura.com\/es\/wp-json\/wp\/v2\/comments?post=29060"}],"version-history":[{"count":3,"href":"https:\/\/www.garciafaura.com\/es\/wp-json\/wp\/v2\/posts\/29060\/revisions"}],"predecessor-version":[{"id":29067,"href":"https:\/\/www.garciafaura.com\/es\/wp-json\/wp\/v2\/posts\/29060\/revisions\/29067"}],"wp:featuredmedia":[{"embeddable":true,"href":"https:\/\/www.garciafaura.com\/es\/wp-json\/wp\/v2\/media\/29057"}],"wp:attachment":[{"href":"https:\/\/www.garciafaura.com\/es\/wp-json\/wp\/v2\/media?parent=29060"}],"wp:term":[{"taxonomy":"category","embeddable":true,"href":"https:\/\/www.garciafaura.com\/es\/wp-json\/wp\/v2\/categories?post=29060"},{"taxonomy":"post_tag","embeddable":true,"href":"https:\/\/www.garciafaura.com\/es\/wp-json\/wp\/v2\/tags?post=29060"},{"taxonomy":"post_series","embeddable":true,"href":"https:\/\/www.garciafaura.com\/es\/wp-json\/wp\/v2\/post_series?post=29060"}],"curies":[{"name":"wp","href":"https:\/\/api.w.org\/{rel}","templated":true}]}}