{"id":28973,"date":"2022-01-27T16:19:21","date_gmt":"2022-01-27T14:19:21","guid":{"rendered":"https:\/\/www.garciafaura.com\/garcia-faura-interve-en-lampliacio-de-les-oficines-centrals-de-lidl-a-espanya\/"},"modified":"2022-01-27T16:24:07","modified_gmt":"2022-01-27T14:24:07","slug":"garcia-faura-interve-en-lampliacio-de-les-oficines-centrals-de-lidl-a-espanya","status":"publish","type":"post","link":"https:\/\/www.garciafaura.com\/es\/garcia-faura-interve-en-lampliacio-de-les-oficines-centrals-de-lidl-a-espanya\/","title":{"rendered":"GARCIA FAURA interviene en la ampliaci\u00f3n de las oficinas centrales de Lidl en Espa\u00f1a"},"content":{"rendered":"<p style=\"text-align: justify;\"><strong>GARCIA FAURA participa en los trabajos de ampliaci\u00f3n de las oficinas centrales en Espa\u00f1a de Lidl, situadas en Montcada i Reixac (Barcelona). Las obras significar\u00e1n casi doblar la superficie del inmueble (de 15.000 a 27.000 m<sup>2<\/sup>) y se espera que est\u00e9n terminadas en verano de 2022.<\/strong><\/p>\n<p style=\"text-align: justify;\">Para este proyecto, <strong>GARCIA FAURA<\/strong> ejecuta la fabricaci\u00f3n e instalaci\u00f3n de 850 metros cuadrados de muro cortina y 1.090 metros cuadrados de cerramientos met\u00e1licos. Unos trabajos que se completan con el suministro de 32 puertas manuales y autom\u00e1ticas para el conjunto de instalaciones.<\/p>\n<p style=\"text-align: justify;\">La participaci\u00f3n de <strong>GARCIA FAURA<\/strong> en el proyecto tambi\u00e9n contempla la instalaci\u00f3n de 1.500 metros cuadrados de lamas de protecci\u00f3n solar (manuales y motorizadas) y los trabajos de revestimiento de fachada con panel composite, m\u00e1s de 2.000 metros cuadrados.<\/p>\n<p style=\"text-align: justify;\">Una vez terminadas las obras, <strong>Lidl<\/strong> subraya que el nuevo centro de trabajo en estas oficinas (desde donde gestiona toda su actividad en Espa\u00f1a), tendr\u00e1 una capacidad para acoger a m\u00e1s de un millar de trabajadores.<\/p>\n<p style=\"text-align: justify;\"><strong>Lidl<\/strong> cuenta con m\u00e1s de 630 puntos de venta y once plataformas log\u00edsticas en Espa\u00f1a. Hasta 2024, la multinacional alemana invertir\u00e1 en el Estado 1.500 millones de euros para abrir 120 tiendas y cuatro almacenes.<\/p>\n","protected":false},"excerpt":{"rendered":"<p>GARCIA FAURA participa en los trabajos de ampliaci\u00f3n de las oficinas centrales en Espa\u00f1a de Lidl, situadas en Montcada i Reixac (Barcelona). Las obras significar\u00e1n casi doblar la superficie del inmueble (de 15.000 a 27.000 m2) y se espera que&hellip;<\/p>\n","protected":false},"author":3,"featured_media":28968,"comment_status":"closed","ping_status":"open","sticky":false,"template":"","format":"gallery","meta":{"footnotes":""},"categories":[3],"tags":[],"post_series":[],"class_list":["post-28973","post","type-post","status-publish","format-gallery","has-post-thumbnail","hentry","category-actualidad","post_format-post-format-gallery","entry","has-media"],"yoast_head":"<!-- This site is optimized with the Yoast SEO plugin v26.7 - https:\/\/yoast.com\/wordpress\/plugins\/seo\/ -->\n<title>GARCIA FAURA interviene en la ampliaci\u00f3n de las oficinas centrales de Lidl en Espa\u00f1a - GARCIA FAURA<\/title>\n<meta name=\"description\" content=\"Arquitectura en Alumini, Inox, Ferro i Vidre\" \/>\n<meta name=\"robots\" content=\"index, follow, max-snippet:-1, max-image-preview:large, max-video-preview:-1\" \/>\n<link rel=\"canonical\" href=\"https:\/\/www.garciafaura.com\/es\/garcia-faura-interve-en-lampliacio-de-les-oficines-centrals-de-lidl-a-espanya\/\" \/>\n<meta property=\"og:locale\" content=\"es_ES\" \/>\n<meta property=\"og:type\" content=\"article\" \/>\n<meta property=\"og:title\" content=\"GARCIA FAURA interviene en la ampliaci\u00f3n de las oficinas centrales de Lidl en Espa\u00f1a - GARCIA FAURA\" \/>\n<meta property=\"og:description\" content=\"Arquitectura en Alumini, Inox, Ferro i Vidre\" \/>\n<meta property=\"og:url\" content=\"https:\/\/www.garciafaura.com\/es\/garcia-faura-interve-en-lampliacio-de-les-oficines-centrals-de-lidl-a-espanya\/\" \/>\n<meta property=\"og:site_name\" content=\"GARCIA FAURA\" \/>\n<meta property=\"article:published_time\" content=\"2022-01-27T14:19:21+00:00\" \/>\n<meta property=\"article:modified_time\" content=\"2022-01-27T14:24:07+00:00\" \/>\n<meta property=\"og:image\" content=\"https:\/\/www.garciafaura.com\/wp-content\/uploads\/2022\/01\/Oficines-centrals-Lidl-06.png\" \/>\n\t<meta property=\"og:image:width\" content=\"1219\" \/>\n\t<meta property=\"og:image:height\" content=\"686\" \/>\n\t<meta property=\"og:image:type\" content=\"image\/png\" \/>\n<meta name=\"author\" content=\"David Achell\" \/>\n<meta name=\"twitter:card\" content=\"summary_large_image\" \/>\n<meta name=\"twitter:label1\" content=\"Escrito por\" \/>\n\t<meta name=\"twitter:data1\" content=\"David Achell\" \/>\n\t<meta name=\"twitter:label2\" content=\"Tiempo de lectura\" \/>\n\t<meta name=\"twitter:data2\" content=\"2 minutos\" \/>\n<script type=\"application\/ld+json\" class=\"yoast-schema-graph\">{\"@context\":\"https:\/\/schema.org\",\"@graph\":[{\"@type\":\"Article\",\"@id\":\"https:\/\/www.garciafaura.com\/es\/garcia-faura-interve-en-lampliacio-de-les-oficines-centrals-de-lidl-a-espanya\/#article\",\"isPartOf\":{\"@id\":\"https:\/\/www.garciafaura.com\/es\/garcia-faura-interve-en-lampliacio-de-les-oficines-centrals-de-lidl-a-espanya\/\"},\"author\":{\"name\":\"David Achell\",\"@id\":\"https:\/\/www.garciafaura.com\/fr\/#\/schema\/person\/b4b75e69b33fac3446071909bec106b0\"},\"headline\":\"GARCIA FAURA interviene en la ampliaci\u00f3n de las oficinas centrales de Lidl en Espa\u00f1a\",\"datePublished\":\"2022-01-27T14:19:21+00:00\",\"dateModified\":\"2022-01-27T14:24:07+00:00\",\"mainEntityOfPage\":{\"@id\":\"https:\/\/www.garciafaura.com\/es\/garcia-faura-interve-en-lampliacio-de-les-oficines-centrals-de-lidl-a-espanya\/\"},\"wordCount\":221,\"publisher\":{\"@id\":\"https:\/\/www.garciafaura.com\/fr\/#organization\"},\"image\":{\"@id\":\"https:\/\/www.garciafaura.com\/es\/garcia-faura-interve-en-lampliacio-de-les-oficines-centrals-de-lidl-a-espanya\/#primaryimage\"},\"thumbnailUrl\":\"https:\/\/www.garciafaura.com\/wp-content\/uploads\/2022\/01\/Oficines-centrals-Lidl-06.png\",\"articleSection\":[\"Actualidad\"],\"inLanguage\":\"es\"},{\"@type\":\"WebPage\",\"@id\":\"https:\/\/www.garciafaura.com\/es\/garcia-faura-interve-en-lampliacio-de-les-oficines-centrals-de-lidl-a-espanya\/\",\"url\":\"https:\/\/www.garciafaura.com\/es\/garcia-faura-interve-en-lampliacio-de-les-oficines-centrals-de-lidl-a-espanya\/\",\"name\":\"GARCIA FAURA interviene en la ampliaci\u00f3n de las oficinas centrales de Lidl en Espa\u00f1a - GARCIA FAURA\",\"isPartOf\":{\"@id\":\"https:\/\/www.garciafaura.com\/fr\/#website\"},\"primaryImageOfPage\":{\"@id\":\"https:\/\/www.garciafaura.com\/es\/garcia-faura-interve-en-lampliacio-de-les-oficines-centrals-de-lidl-a-espanya\/#primaryimage\"},\"image\":{\"@id\":\"https:\/\/www.garciafaura.com\/es\/garcia-faura-interve-en-lampliacio-de-les-oficines-centrals-de-lidl-a-espanya\/#primaryimage\"},\"thumbnailUrl\":\"https:\/\/www.garciafaura.com\/wp-content\/uploads\/2022\/01\/Oficines-centrals-Lidl-06.png\",\"datePublished\":\"2022-01-27T14:19:21+00:00\",\"dateModified\":\"2022-01-27T14:24:07+00:00\",\"description\":\"Arquitectura en Alumini, Inox, Ferro i Vidre\",\"breadcrumb\":{\"@id\":\"https:\/\/www.garciafaura.com\/es\/garcia-faura-interve-en-lampliacio-de-les-oficines-centrals-de-lidl-a-espanya\/#breadcrumb\"},\"inLanguage\":\"es\",\"potentialAction\":[{\"@type\":\"ReadAction\",\"target\":[\"https:\/\/www.garciafaura.com\/es\/garcia-faura-interve-en-lampliacio-de-les-oficines-centrals-de-lidl-a-espanya\/\"]}]},{\"@type\":\"ImageObject\",\"inLanguage\":\"es\",\"@id\":\"https:\/\/www.garciafaura.com\/es\/garcia-faura-interve-en-lampliacio-de-les-oficines-centrals-de-lidl-a-espanya\/#primaryimage\",\"url\":\"https:\/\/www.garciafaura.com\/wp-content\/uploads\/2022\/01\/Oficines-centrals-Lidl-06.png\",\"contentUrl\":\"https:\/\/www.garciafaura.com\/wp-content\/uploads\/2022\/01\/Oficines-centrals-Lidl-06.png\",\"width\":1219,\"height\":686,\"caption\":\"Oficinas centrales de Lidl\"},{\"@type\":\"BreadcrumbList\",\"@id\":\"https:\/\/www.garciafaura.com\/es\/garcia-faura-interve-en-lampliacio-de-les-oficines-centrals-de-lidl-a-espanya\/#breadcrumb\",\"itemListElement\":[{\"@type\":\"ListItem\",\"position\":1,\"name\":\"Inici\",\"item\":\"https:\/\/www.garciafaura.com\/es\/\"},{\"@type\":\"ListItem\",\"position\":2,\"name\":\"GARCIA FAURA interviene en la ampliaci\u00f3n de las oficinas centrales de Lidl en Espa\u00f1a\"}]},{\"@type\":\"WebSite\",\"@id\":\"https:\/\/www.garciafaura.com\/fr\/#website\",\"url\":\"https:\/\/www.garciafaura.com\/fr\/\",\"name\":\"GARCIA FAURA\",\"description\":\"Arquitectura en Alumini, Inox, Ferro i Vidre\",\"publisher\":{\"@id\":\"https:\/\/www.garciafaura.com\/fr\/#organization\"},\"potentialAction\":[{\"@type\":\"SearchAction\",\"target\":{\"@type\":\"EntryPoint\",\"urlTemplate\":\"https:\/\/www.garciafaura.com\/fr\/?s={search_term_string}\"},\"query-input\":{\"@type\":\"PropertyValueSpecification\",\"valueRequired\":true,\"valueName\":\"search_term_string\"}}],\"inLanguage\":\"es\"},{\"@type\":\"Organization\",\"@id\":\"https:\/\/www.garciafaura.com\/fr\/#organization\",\"name\":\"GARCIA FAURA\",\"url\":\"https:\/\/www.garciafaura.com\/fr\/\",\"logo\":{\"@type\":\"ImageObject\",\"inLanguage\":\"es\",\"@id\":\"https:\/\/www.garciafaura.com\/fr\/#\/schema\/logo\/image\/\",\"url\":\"https:\/\/www.garciafaura.com\/wp-content\/uploads\/2018\/09\/Garcia-Faura.png\",\"contentUrl\":\"https:\/\/www.garciafaura.com\/wp-content\/uploads\/2018\/09\/Garcia-Faura.png\",\"width\":512,\"height\":512,\"caption\":\"GARCIA FAURA\"},\"image\":{\"@id\":\"https:\/\/www.garciafaura.com\/fr\/#\/schema\/logo\/image\/\"},\"sameAs\":[\"https:\/\/www.youtube.com\/user\/GARCIAFAURA\"]},{\"@type\":\"Person\",\"@id\":\"https:\/\/www.garciafaura.com\/fr\/#\/schema\/person\/b4b75e69b33fac3446071909bec106b0\",\"name\":\"David Achell\",\"image\":{\"@type\":\"ImageObject\",\"inLanguage\":\"es\",\"@id\":\"https:\/\/www.garciafaura.com\/fr\/#\/schema\/person\/image\/\",\"url\":\"https:\/\/secure.gravatar.com\/avatar\/03900210afc1f61bce737bcb4a79c02e2c997f171e3eca839b5a4cbe03846c90?s=96&d=blank&r=g\",\"contentUrl\":\"https:\/\/secure.gravatar.com\/avatar\/03900210afc1f61bce737bcb4a79c02e2c997f171e3eca839b5a4cbe03846c90?s=96&d=blank&r=g\",\"caption\":\"David Achell\"}}]}<\/script>\n<!-- \/ Yoast SEO plugin. -->","yoast_head_json":{"title":"GARCIA FAURA interviene en la ampliaci\u00f3n de las oficinas centrales de Lidl en Espa\u00f1a - GARCIA FAURA","description":"Arquitectura en Alumini, Inox, Ferro i Vidre","robots":{"index":"index","follow":"follow","max-snippet":"max-snippet:-1","max-image-preview":"max-image-preview:large","max-video-preview":"max-video-preview:-1"},"canonical":"https:\/\/www.garciafaura.com\/es\/garcia-faura-interve-en-lampliacio-de-les-oficines-centrals-de-lidl-a-espanya\/","og_locale":"es_ES","og_type":"article","og_title":"GARCIA FAURA interviene en la ampliaci\u00f3n de las oficinas centrales de Lidl en Espa\u00f1a - GARCIA FAURA","og_description":"Arquitectura en Alumini, Inox, Ferro i Vidre","og_url":"https:\/\/www.garciafaura.com\/es\/garcia-faura-interve-en-lampliacio-de-les-oficines-centrals-de-lidl-a-espanya\/","og_site_name":"GARCIA FAURA","article_published_time":"2022-01-27T14:19:21+00:00","article_modified_time":"2022-01-27T14:24:07+00:00","og_image":[{"width":1219,"height":686,"url":"https:\/\/www.garciafaura.com\/wp-content\/uploads\/2022\/01\/Oficines-centrals-Lidl-06.png","type":"image\/png"}],"author":"David Achell","twitter_card":"summary_large_image","twitter_misc":{"Escrito por":"David Achell","Tiempo de lectura":"2 minutos"},"schema":{"@context":"https:\/\/schema.org","@graph":[{"@type":"Article","@id":"https:\/\/www.garciafaura.com\/es\/garcia-faura-interve-en-lampliacio-de-les-oficines-centrals-de-lidl-a-espanya\/#article","isPartOf":{"@id":"https:\/\/www.garciafaura.com\/es\/garcia-faura-interve-en-lampliacio-de-les-oficines-centrals-de-lidl-a-espanya\/"},"author":{"name":"David Achell","@id":"https:\/\/www.garciafaura.com\/fr\/#\/schema\/person\/b4b75e69b33fac3446071909bec106b0"},"headline":"GARCIA FAURA interviene en la ampliaci\u00f3n de las oficinas centrales de Lidl en Espa\u00f1a","datePublished":"2022-01-27T14:19:21+00:00","dateModified":"2022-01-27T14:24:07+00:00","mainEntityOfPage":{"@id":"https:\/\/www.garciafaura.com\/es\/garcia-faura-interve-en-lampliacio-de-les-oficines-centrals-de-lidl-a-espanya\/"},"wordCount":221,"publisher":{"@id":"https:\/\/www.garciafaura.com\/fr\/#organization"},"image":{"@id":"https:\/\/www.garciafaura.com\/es\/garcia-faura-interve-en-lampliacio-de-les-oficines-centrals-de-lidl-a-espanya\/#primaryimage"},"thumbnailUrl":"https:\/\/www.garciafaura.com\/wp-content\/uploads\/2022\/01\/Oficines-centrals-Lidl-06.png","articleSection":["Actualidad"],"inLanguage":"es"},{"@type":"WebPage","@id":"https:\/\/www.garciafaura.com\/es\/garcia-faura-interve-en-lampliacio-de-les-oficines-centrals-de-lidl-a-espanya\/","url":"https:\/\/www.garciafaura.com\/es\/garcia-faura-interve-en-lampliacio-de-les-oficines-centrals-de-lidl-a-espanya\/","name":"GARCIA FAURA interviene en la ampliaci\u00f3n de las oficinas centrales de Lidl en Espa\u00f1a - GARCIA FAURA","isPartOf":{"@id":"https:\/\/www.garciafaura.com\/fr\/#website"},"primaryImageOfPage":{"@id":"https:\/\/www.garciafaura.com\/es\/garcia-faura-interve-en-lampliacio-de-les-oficines-centrals-de-lidl-a-espanya\/#primaryimage"},"image":{"@id":"https:\/\/www.garciafaura.com\/es\/garcia-faura-interve-en-lampliacio-de-les-oficines-centrals-de-lidl-a-espanya\/#primaryimage"},"thumbnailUrl":"https:\/\/www.garciafaura.com\/wp-content\/uploads\/2022\/01\/Oficines-centrals-Lidl-06.png","datePublished":"2022-01-27T14:19:21+00:00","dateModified":"2022-01-27T14:24:07+00:00","description":"Arquitectura en Alumini, Inox, Ferro i Vidre","breadcrumb":{"@id":"https:\/\/www.garciafaura.com\/es\/garcia-faura-interve-en-lampliacio-de-les-oficines-centrals-de-lidl-a-espanya\/#breadcrumb"},"inLanguage":"es","potentialAction":[{"@type":"ReadAction","target":["https:\/\/www.garciafaura.com\/es\/garcia-faura-interve-en-lampliacio-de-les-oficines-centrals-de-lidl-a-espanya\/"]}]},{"@type":"ImageObject","inLanguage":"es","@id":"https:\/\/www.garciafaura.com\/es\/garcia-faura-interve-en-lampliacio-de-les-oficines-centrals-de-lidl-a-espanya\/#primaryimage","url":"https:\/\/www.garciafaura.com\/wp-content\/uploads\/2022\/01\/Oficines-centrals-Lidl-06.png","contentUrl":"https:\/\/www.garciafaura.com\/wp-content\/uploads\/2022\/01\/Oficines-centrals-Lidl-06.png","width":1219,"height":686,"caption":"Oficinas centrales de Lidl"},{"@type":"BreadcrumbList","@id":"https:\/\/www.garciafaura.com\/es\/garcia-faura-interve-en-lampliacio-de-les-oficines-centrals-de-lidl-a-espanya\/#breadcrumb","itemListElement":[{"@type":"ListItem","position":1,"name":"Inici","item":"https:\/\/www.garciafaura.com\/es\/"},{"@type":"ListItem","position":2,"name":"GARCIA FAURA interviene en la ampliaci\u00f3n de las oficinas centrales de Lidl en Espa\u00f1a"}]},{"@type":"WebSite","@id":"https:\/\/www.garciafaura.com\/fr\/#website","url":"https:\/\/www.garciafaura.com\/fr\/","name":"GARCIA FAURA","description":"Arquitectura en Alumini, Inox, Ferro i Vidre","publisher":{"@id":"https:\/\/www.garciafaura.com\/fr\/#organization"},"potentialAction":[{"@type":"SearchAction","target":{"@type":"EntryPoint","urlTemplate":"https:\/\/www.garciafaura.com\/fr\/?s={search_term_string}"},"query-input":{"@type":"PropertyValueSpecification","valueRequired":true,"valueName":"search_term_string"}}],"inLanguage":"es"},{"@type":"Organization","@id":"https:\/\/www.garciafaura.com\/fr\/#organization","name":"GARCIA FAURA","url":"https:\/\/www.garciafaura.com\/fr\/","logo":{"@type":"ImageObject","inLanguage":"es","@id":"https:\/\/www.garciafaura.com\/fr\/#\/schema\/logo\/image\/","url":"https:\/\/www.garciafaura.com\/wp-content\/uploads\/2018\/09\/Garcia-Faura.png","contentUrl":"https:\/\/www.garciafaura.com\/wp-content\/uploads\/2018\/09\/Garcia-Faura.png","width":512,"height":512,"caption":"GARCIA FAURA"},"image":{"@id":"https:\/\/www.garciafaura.com\/fr\/#\/schema\/logo\/image\/"},"sameAs":["https:\/\/www.youtube.com\/user\/GARCIAFAURA"]},{"@type":"Person","@id":"https:\/\/www.garciafaura.com\/fr\/#\/schema\/person\/b4b75e69b33fac3446071909bec106b0","name":"David Achell","image":{"@type":"ImageObject","inLanguage":"es","@id":"https:\/\/www.garciafaura.com\/fr\/#\/schema\/person\/image\/","url":"https:\/\/secure.gravatar.com\/avatar\/03900210afc1f61bce737bcb4a79c02e2c997f171e3eca839b5a4cbe03846c90?s=96&d=blank&r=g","contentUrl":"https:\/\/secure.gravatar.com\/avatar\/03900210afc1f61bce737bcb4a79c02e2c997f171e3eca839b5a4cbe03846c90?s=96&d=blank&r=g","caption":"David Achell"}}]}},"_links":{"self":[{"href":"https:\/\/www.garciafaura.com\/es\/wp-json\/wp\/v2\/posts\/28973","targetHints":{"allow":["GET"]}}],"collection":[{"href":"https:\/\/www.garciafaura.com\/es\/wp-json\/wp\/v2\/posts"}],"about":[{"href":"https:\/\/www.garciafaura.com\/es\/wp-json\/wp\/v2\/types\/post"}],"author":[{"embeddable":true,"href":"https:\/\/www.garciafaura.com\/es\/wp-json\/wp\/v2\/users\/3"}],"replies":[{"embeddable":true,"href":"https:\/\/www.garciafaura.com\/es\/wp-json\/wp\/v2\/comments?post=28973"}],"version-history":[{"count":2,"href":"https:\/\/www.garciafaura.com\/es\/wp-json\/wp\/v2\/posts\/28973\/revisions"}],"predecessor-version":[{"id":28975,"href":"https:\/\/www.garciafaura.com\/es\/wp-json\/wp\/v2\/posts\/28973\/revisions\/28975"}],"wp:featuredmedia":[{"embeddable":true,"href":"https:\/\/www.garciafaura.com\/es\/wp-json\/wp\/v2\/media\/28968"}],"wp:attachment":[{"href":"https:\/\/www.garciafaura.com\/es\/wp-json\/wp\/v2\/media?parent=28973"}],"wp:term":[{"taxonomy":"category","embeddable":true,"href":"https:\/\/www.garciafaura.com\/es\/wp-json\/wp\/v2\/categories?post=28973"},{"taxonomy":"post_tag","embeddable":true,"href":"https:\/\/www.garciafaura.com\/es\/wp-json\/wp\/v2\/tags?post=28973"},{"taxonomy":"post_series","embeddable":true,"href":"https:\/\/www.garciafaura.com\/es\/wp-json\/wp\/v2\/post_series?post=28973"}],"curies":[{"name":"wp","href":"https:\/\/api.w.org\/{rel}","templated":true}]}}