{"id":28901,"date":"2022-01-11T10:00:09","date_gmt":"2022-01-11T08:00:09","guid":{"rendered":"https:\/\/www.garciafaura.com\/?p=28901"},"modified":"2022-01-10T16:39:18","modified_gmt":"2022-01-10T14:39:18","slug":"tancaments-i-mur-cortina-de-garcia-faura-al-nou-centre-logistic-damazon-a-figueres","status":"publish","type":"post","link":"https:\/\/www.garciafaura.com\/es\/tancaments-i-mur-cortina-de-garcia-faura-al-nou-centre-logistic-damazon-a-figueres\/","title":{"rendered":"Cerramientos y muro cortina de GARCIA FAURA en el nuevo centro log\u00edstico de Amazon en Figueres"},"content":{"rendered":"<p style=\"text-align: justify;\"><strong>La compa\u00f1\u00eda participa en la construcci\u00f3n del nuevo centro log\u00edstico de Amazon en Far d&#8217;Empord\u00e0 (Girona), a poca distancia de Figueres, y que se prev\u00e9 que entre en funcionamiento durante el primer trimestre de este a\u00f1o.<\/strong><\/p>\n<p style=\"text-align: justify;\">Empezado a construir la pasada primavera, el centro log\u00edstico tiene m\u00e1s de 160.000 metros cuadrados y est\u00e1 localizado en el pol\u00edgono industrial Logis Empord\u00e0. Se espera que genere unos 200 puestos de trabajo.<\/p>\n<p style=\"text-align: justify;\">Para este proyecto, <strong>GARCIA FAURA<\/strong> ha fabricado y est\u00e1 instalando 1.600 metros cuadrados de cerramientos fijos corridos de aluminio y acristalamiento, fabricados a partir de un sistema industrial que ofrece un gran rendimiento t\u00e9rmico y ac\u00fastico.<\/p>\n<p style=\"text-align: justify;\">Tambi\u00e9n se desarrollan 30 unidades de cierres motorizados, en este caso con un sistema de perfiler\u00eda industrial, que aporta unas prestaciones de aislamiento que contribuye a reducir el consumo energ\u00e9tico de la instalaci\u00f3n.<\/p>\n<p style=\"text-align: justify;\">Por \u00faltimo, <strong>GARCIA FAURA<\/strong> tambi\u00e9n ha dotado al centro log\u00edstico de Amazon en Figueres de 360 \u200b\u200bmetros cuadrados de muro cortina con un sistema de fachada ligera y diez puertas de acceso de aluminio y vidrio.<\/p>\n<p style=\"text-align: justify;\">El almac\u00e9n ser\u00e1 uno de los centros de referencia de Amazon no s\u00f3lo en Espa\u00f1a, sino tambi\u00e9n en el sur de Francia. Con \u00e9l, la compa\u00f1\u00eda estadounidense tendr\u00e1 m\u00e1s de 30 centros en el estado, un tercio de ellos en Catalunya.<\/p>\n","protected":false},"excerpt":{"rendered":"<p>La compa\u00f1\u00eda participa en la construcci\u00f3n del nuevo centro log\u00edstico de Amazon en Far d&#8217;Empord\u00e0 (Girona), a poca distancia de Figueres, y que se prev\u00e9 que entre en funcionamiento durante el primer trimestre de este a\u00f1o. Empezado a construir la&hellip;<\/p>\n","protected":false},"author":3,"featured_media":28919,"comment_status":"closed","ping_status":"open","sticky":false,"template":"","format":"gallery","meta":{"footnotes":""},"categories":[3],"tags":[],"post_series":[],"class_list":["post-28901","post","type-post","status-publish","format-gallery","has-post-thumbnail","hentry","category-actualidad","post_format-post-format-gallery","entry","has-media"],"yoast_head":"<!-- This site is optimized with the Yoast SEO plugin v26.7 - https:\/\/yoast.com\/wordpress\/plugins\/seo\/ -->\n<title>Cerramientos y muro cortina de GARCIA FAURA en el nuevo centro log\u00edstico de Amazon en Figueres - GARCIA FAURA<\/title>\n<meta name=\"description\" content=\"Arquitectura en Alumini, Inox, Ferro i Vidre\" \/>\n<meta name=\"robots\" content=\"index, follow, max-snippet:-1, max-image-preview:large, max-video-preview:-1\" \/>\n<link rel=\"canonical\" href=\"https:\/\/www.garciafaura.com\/tancaments-i-mur-cortina-de-garcia-faura-al-nou-centre-logistic-damazon-a-figueres\/\" \/>\n<meta property=\"og:locale\" content=\"es_ES\" \/>\n<meta property=\"og:type\" content=\"article\" \/>\n<meta property=\"og:title\" content=\"Cerramientos y muro cortina de GARCIA FAURA en el nuevo centro log\u00edstico de Amazon en Figueres - GARCIA FAURA\" \/>\n<meta property=\"og:description\" content=\"Arquitectura en Alumini, Inox, Ferro i Vidre\" \/>\n<meta property=\"og:url\" content=\"https:\/\/www.garciafaura.com\/tancaments-i-mur-cortina-de-garcia-faura-al-nou-centre-logistic-damazon-a-figueres\/\" \/>\n<meta property=\"og:site_name\" content=\"GARCIA FAURA\" \/>\n<meta property=\"article:published_time\" content=\"2022-01-11T08:00:09+00:00\" \/>\n<meta property=\"og:image\" content=\"https:\/\/www.garciafaura.com\/wp-content\/uploads\/2022\/01\/Amazon-Figueres-05.jpg\" \/>\n\t<meta property=\"og:image:width\" content=\"1920\" \/>\n\t<meta property=\"og:image:height\" content=\"1102\" \/>\n\t<meta property=\"og:image:type\" content=\"image\/jpeg\" \/>\n<meta name=\"author\" content=\"David Achell\" \/>\n<meta name=\"twitter:card\" content=\"summary_large_image\" \/>\n<meta name=\"twitter:label1\" content=\"Escrito por\" \/>\n\t<meta name=\"twitter:data1\" content=\"David Achell\" \/>\n\t<meta name=\"twitter:label2\" content=\"Tiempo de lectura\" \/>\n\t<meta name=\"twitter:data2\" content=\"2 minutos\" \/>\n<script type=\"application\/ld+json\" class=\"yoast-schema-graph\">{\"@context\":\"https:\/\/schema.org\",\"@graph\":[{\"@type\":\"Article\",\"@id\":\"https:\/\/www.garciafaura.com\/tancaments-i-mur-cortina-de-garcia-faura-al-nou-centre-logistic-damazon-a-figueres\/#article\",\"isPartOf\":{\"@id\":\"https:\/\/www.garciafaura.com\/tancaments-i-mur-cortina-de-garcia-faura-al-nou-centre-logistic-damazon-a-figueres\/\"},\"author\":{\"name\":\"David Achell\",\"@id\":\"https:\/\/www.garciafaura.com\/fr\/#\/schema\/person\/b4b75e69b33fac3446071909bec106b0\"},\"headline\":\"Cerramientos y muro cortina de GARCIA FAURA en el nuevo centro log\u00edstico de Amazon en Figueres\",\"datePublished\":\"2022-01-11T08:00:09+00:00\",\"mainEntityOfPage\":{\"@id\":\"https:\/\/www.garciafaura.com\/tancaments-i-mur-cortina-de-garcia-faura-al-nou-centre-logistic-damazon-a-figueres\/\"},\"wordCount\":248,\"publisher\":{\"@id\":\"https:\/\/www.garciafaura.com\/fr\/#organization\"},\"image\":{\"@id\":\"https:\/\/www.garciafaura.com\/tancaments-i-mur-cortina-de-garcia-faura-al-nou-centre-logistic-damazon-a-figueres\/#primaryimage\"},\"thumbnailUrl\":\"https:\/\/www.garciafaura.com\/wp-content\/uploads\/2022\/01\/Amazon-Figueres-05.jpg\",\"articleSection\":[\"Actualidad\"],\"inLanguage\":\"es\"},{\"@type\":\"WebPage\",\"@id\":\"https:\/\/www.garciafaura.com\/tancaments-i-mur-cortina-de-garcia-faura-al-nou-centre-logistic-damazon-a-figueres\/\",\"url\":\"https:\/\/www.garciafaura.com\/tancaments-i-mur-cortina-de-garcia-faura-al-nou-centre-logistic-damazon-a-figueres\/\",\"name\":\"Cerramientos y muro cortina de GARCIA FAURA en el nuevo centro log\u00edstico de Amazon en Figueres - GARCIA FAURA\",\"isPartOf\":{\"@id\":\"https:\/\/www.garciafaura.com\/fr\/#website\"},\"primaryImageOfPage\":{\"@id\":\"https:\/\/www.garciafaura.com\/tancaments-i-mur-cortina-de-garcia-faura-al-nou-centre-logistic-damazon-a-figueres\/#primaryimage\"},\"image\":{\"@id\":\"https:\/\/www.garciafaura.com\/tancaments-i-mur-cortina-de-garcia-faura-al-nou-centre-logistic-damazon-a-figueres\/#primaryimage\"},\"thumbnailUrl\":\"https:\/\/www.garciafaura.com\/wp-content\/uploads\/2022\/01\/Amazon-Figueres-05.jpg\",\"datePublished\":\"2022-01-11T08:00:09+00:00\",\"description\":\"Arquitectura en Alumini, Inox, Ferro i Vidre\",\"breadcrumb\":{\"@id\":\"https:\/\/www.garciafaura.com\/tancaments-i-mur-cortina-de-garcia-faura-al-nou-centre-logistic-damazon-a-figueres\/#breadcrumb\"},\"inLanguage\":\"es\",\"potentialAction\":[{\"@type\":\"ReadAction\",\"target\":[\"https:\/\/www.garciafaura.com\/tancaments-i-mur-cortina-de-garcia-faura-al-nou-centre-logistic-damazon-a-figueres\/\"]}]},{\"@type\":\"ImageObject\",\"inLanguage\":\"es\",\"@id\":\"https:\/\/www.garciafaura.com\/tancaments-i-mur-cortina-de-garcia-faura-al-nou-centre-logistic-damazon-a-figueres\/#primaryimage\",\"url\":\"https:\/\/www.garciafaura.com\/wp-content\/uploads\/2022\/01\/Amazon-Figueres-05.jpg\",\"contentUrl\":\"https:\/\/www.garciafaura.com\/wp-content\/uploads\/2022\/01\/Amazon-Figueres-05.jpg\",\"width\":1920,\"height\":1102},{\"@type\":\"BreadcrumbList\",\"@id\":\"https:\/\/www.garciafaura.com\/tancaments-i-mur-cortina-de-garcia-faura-al-nou-centre-logistic-damazon-a-figueres\/#breadcrumb\",\"itemListElement\":[{\"@type\":\"ListItem\",\"position\":1,\"name\":\"Inici\",\"item\":\"https:\/\/www.garciafaura.com\/es\/\"},{\"@type\":\"ListItem\",\"position\":2,\"name\":\"Cerramientos y muro cortina de GARCIA FAURA en el nuevo centro log\u00edstico de Amazon en Figueres\"}]},{\"@type\":\"WebSite\",\"@id\":\"https:\/\/www.garciafaura.com\/fr\/#website\",\"url\":\"https:\/\/www.garciafaura.com\/fr\/\",\"name\":\"GARCIA FAURA\",\"description\":\"Arquitectura en Alumini, Inox, Ferro i Vidre\",\"publisher\":{\"@id\":\"https:\/\/www.garciafaura.com\/fr\/#organization\"},\"potentialAction\":[{\"@type\":\"SearchAction\",\"target\":{\"@type\":\"EntryPoint\",\"urlTemplate\":\"https:\/\/www.garciafaura.com\/fr\/?s={search_term_string}\"},\"query-input\":{\"@type\":\"PropertyValueSpecification\",\"valueRequired\":true,\"valueName\":\"search_term_string\"}}],\"inLanguage\":\"es\"},{\"@type\":\"Organization\",\"@id\":\"https:\/\/www.garciafaura.com\/fr\/#organization\",\"name\":\"GARCIA FAURA\",\"url\":\"https:\/\/www.garciafaura.com\/fr\/\",\"logo\":{\"@type\":\"ImageObject\",\"inLanguage\":\"es\",\"@id\":\"https:\/\/www.garciafaura.com\/fr\/#\/schema\/logo\/image\/\",\"url\":\"https:\/\/www.garciafaura.com\/wp-content\/uploads\/2018\/09\/Garcia-Faura.png\",\"contentUrl\":\"https:\/\/www.garciafaura.com\/wp-content\/uploads\/2018\/09\/Garcia-Faura.png\",\"width\":512,\"height\":512,\"caption\":\"GARCIA FAURA\"},\"image\":{\"@id\":\"https:\/\/www.garciafaura.com\/fr\/#\/schema\/logo\/image\/\"},\"sameAs\":[\"https:\/\/www.youtube.com\/user\/GARCIAFAURA\"]},{\"@type\":\"Person\",\"@id\":\"https:\/\/www.garciafaura.com\/fr\/#\/schema\/person\/b4b75e69b33fac3446071909bec106b0\",\"name\":\"David Achell\",\"image\":{\"@type\":\"ImageObject\",\"inLanguage\":\"es\",\"@id\":\"https:\/\/www.garciafaura.com\/fr\/#\/schema\/person\/image\/\",\"url\":\"https:\/\/secure.gravatar.com\/avatar\/03900210afc1f61bce737bcb4a79c02e2c997f171e3eca839b5a4cbe03846c90?s=96&d=blank&r=g\",\"contentUrl\":\"https:\/\/secure.gravatar.com\/avatar\/03900210afc1f61bce737bcb4a79c02e2c997f171e3eca839b5a4cbe03846c90?s=96&d=blank&r=g\",\"caption\":\"David Achell\"}}]}<\/script>\n<!-- \/ Yoast SEO plugin. -->","yoast_head_json":{"title":"Cerramientos y muro cortina de GARCIA FAURA en el nuevo centro log\u00edstico de Amazon en Figueres - GARCIA FAURA","description":"Arquitectura en Alumini, Inox, Ferro i Vidre","robots":{"index":"index","follow":"follow","max-snippet":"max-snippet:-1","max-image-preview":"max-image-preview:large","max-video-preview":"max-video-preview:-1"},"canonical":"https:\/\/www.garciafaura.com\/tancaments-i-mur-cortina-de-garcia-faura-al-nou-centre-logistic-damazon-a-figueres\/","og_locale":"es_ES","og_type":"article","og_title":"Cerramientos y muro cortina de GARCIA FAURA en el nuevo centro log\u00edstico de Amazon en Figueres - GARCIA FAURA","og_description":"Arquitectura en Alumini, Inox, Ferro i Vidre","og_url":"https:\/\/www.garciafaura.com\/tancaments-i-mur-cortina-de-garcia-faura-al-nou-centre-logistic-damazon-a-figueres\/","og_site_name":"GARCIA FAURA","article_published_time":"2022-01-11T08:00:09+00:00","og_image":[{"width":1920,"height":1102,"url":"https:\/\/www.garciafaura.com\/wp-content\/uploads\/2022\/01\/Amazon-Figueres-05.jpg","type":"image\/jpeg"}],"author":"David Achell","twitter_card":"summary_large_image","twitter_misc":{"Escrito por":"David Achell","Tiempo de lectura":"2 minutos"},"schema":{"@context":"https:\/\/schema.org","@graph":[{"@type":"Article","@id":"https:\/\/www.garciafaura.com\/tancaments-i-mur-cortina-de-garcia-faura-al-nou-centre-logistic-damazon-a-figueres\/#article","isPartOf":{"@id":"https:\/\/www.garciafaura.com\/tancaments-i-mur-cortina-de-garcia-faura-al-nou-centre-logistic-damazon-a-figueres\/"},"author":{"name":"David Achell","@id":"https:\/\/www.garciafaura.com\/fr\/#\/schema\/person\/b4b75e69b33fac3446071909bec106b0"},"headline":"Cerramientos y muro cortina de GARCIA FAURA en el nuevo centro log\u00edstico de Amazon en Figueres","datePublished":"2022-01-11T08:00:09+00:00","mainEntityOfPage":{"@id":"https:\/\/www.garciafaura.com\/tancaments-i-mur-cortina-de-garcia-faura-al-nou-centre-logistic-damazon-a-figueres\/"},"wordCount":248,"publisher":{"@id":"https:\/\/www.garciafaura.com\/fr\/#organization"},"image":{"@id":"https:\/\/www.garciafaura.com\/tancaments-i-mur-cortina-de-garcia-faura-al-nou-centre-logistic-damazon-a-figueres\/#primaryimage"},"thumbnailUrl":"https:\/\/www.garciafaura.com\/wp-content\/uploads\/2022\/01\/Amazon-Figueres-05.jpg","articleSection":["Actualidad"],"inLanguage":"es"},{"@type":"WebPage","@id":"https:\/\/www.garciafaura.com\/tancaments-i-mur-cortina-de-garcia-faura-al-nou-centre-logistic-damazon-a-figueres\/","url":"https:\/\/www.garciafaura.com\/tancaments-i-mur-cortina-de-garcia-faura-al-nou-centre-logistic-damazon-a-figueres\/","name":"Cerramientos y muro cortina de GARCIA FAURA en el nuevo centro log\u00edstico de Amazon en Figueres - GARCIA FAURA","isPartOf":{"@id":"https:\/\/www.garciafaura.com\/fr\/#website"},"primaryImageOfPage":{"@id":"https:\/\/www.garciafaura.com\/tancaments-i-mur-cortina-de-garcia-faura-al-nou-centre-logistic-damazon-a-figueres\/#primaryimage"},"image":{"@id":"https:\/\/www.garciafaura.com\/tancaments-i-mur-cortina-de-garcia-faura-al-nou-centre-logistic-damazon-a-figueres\/#primaryimage"},"thumbnailUrl":"https:\/\/www.garciafaura.com\/wp-content\/uploads\/2022\/01\/Amazon-Figueres-05.jpg","datePublished":"2022-01-11T08:00:09+00:00","description":"Arquitectura en Alumini, Inox, Ferro i Vidre","breadcrumb":{"@id":"https:\/\/www.garciafaura.com\/tancaments-i-mur-cortina-de-garcia-faura-al-nou-centre-logistic-damazon-a-figueres\/#breadcrumb"},"inLanguage":"es","potentialAction":[{"@type":"ReadAction","target":["https:\/\/www.garciafaura.com\/tancaments-i-mur-cortina-de-garcia-faura-al-nou-centre-logistic-damazon-a-figueres\/"]}]},{"@type":"ImageObject","inLanguage":"es","@id":"https:\/\/www.garciafaura.com\/tancaments-i-mur-cortina-de-garcia-faura-al-nou-centre-logistic-damazon-a-figueres\/#primaryimage","url":"https:\/\/www.garciafaura.com\/wp-content\/uploads\/2022\/01\/Amazon-Figueres-05.jpg","contentUrl":"https:\/\/www.garciafaura.com\/wp-content\/uploads\/2022\/01\/Amazon-Figueres-05.jpg","width":1920,"height":1102},{"@type":"BreadcrumbList","@id":"https:\/\/www.garciafaura.com\/tancaments-i-mur-cortina-de-garcia-faura-al-nou-centre-logistic-damazon-a-figueres\/#breadcrumb","itemListElement":[{"@type":"ListItem","position":1,"name":"Inici","item":"https:\/\/www.garciafaura.com\/es\/"},{"@type":"ListItem","position":2,"name":"Cerramientos y muro cortina de GARCIA FAURA en el nuevo centro log\u00edstico de Amazon en Figueres"}]},{"@type":"WebSite","@id":"https:\/\/www.garciafaura.com\/fr\/#website","url":"https:\/\/www.garciafaura.com\/fr\/","name":"GARCIA FAURA","description":"Arquitectura en Alumini, Inox, Ferro i Vidre","publisher":{"@id":"https:\/\/www.garciafaura.com\/fr\/#organization"},"potentialAction":[{"@type":"SearchAction","target":{"@type":"EntryPoint","urlTemplate":"https:\/\/www.garciafaura.com\/fr\/?s={search_term_string}"},"query-input":{"@type":"PropertyValueSpecification","valueRequired":true,"valueName":"search_term_string"}}],"inLanguage":"es"},{"@type":"Organization","@id":"https:\/\/www.garciafaura.com\/fr\/#organization","name":"GARCIA FAURA","url":"https:\/\/www.garciafaura.com\/fr\/","logo":{"@type":"ImageObject","inLanguage":"es","@id":"https:\/\/www.garciafaura.com\/fr\/#\/schema\/logo\/image\/","url":"https:\/\/www.garciafaura.com\/wp-content\/uploads\/2018\/09\/Garcia-Faura.png","contentUrl":"https:\/\/www.garciafaura.com\/wp-content\/uploads\/2018\/09\/Garcia-Faura.png","width":512,"height":512,"caption":"GARCIA FAURA"},"image":{"@id":"https:\/\/www.garciafaura.com\/fr\/#\/schema\/logo\/image\/"},"sameAs":["https:\/\/www.youtube.com\/user\/GARCIAFAURA"]},{"@type":"Person","@id":"https:\/\/www.garciafaura.com\/fr\/#\/schema\/person\/b4b75e69b33fac3446071909bec106b0","name":"David Achell","image":{"@type":"ImageObject","inLanguage":"es","@id":"https:\/\/www.garciafaura.com\/fr\/#\/schema\/person\/image\/","url":"https:\/\/secure.gravatar.com\/avatar\/03900210afc1f61bce737bcb4a79c02e2c997f171e3eca839b5a4cbe03846c90?s=96&d=blank&r=g","contentUrl":"https:\/\/secure.gravatar.com\/avatar\/03900210afc1f61bce737bcb4a79c02e2c997f171e3eca839b5a4cbe03846c90?s=96&d=blank&r=g","caption":"David Achell"}}]}},"_links":{"self":[{"href":"https:\/\/www.garciafaura.com\/es\/wp-json\/wp\/v2\/posts\/28901","targetHints":{"allow":["GET"]}}],"collection":[{"href":"https:\/\/www.garciafaura.com\/es\/wp-json\/wp\/v2\/posts"}],"about":[{"href":"https:\/\/www.garciafaura.com\/es\/wp-json\/wp\/v2\/types\/post"}],"author":[{"embeddable":true,"href":"https:\/\/www.garciafaura.com\/es\/wp-json\/wp\/v2\/users\/3"}],"replies":[{"embeddable":true,"href":"https:\/\/www.garciafaura.com\/es\/wp-json\/wp\/v2\/comments?post=28901"}],"version-history":[{"count":2,"href":"https:\/\/www.garciafaura.com\/es\/wp-json\/wp\/v2\/posts\/28901\/revisions"}],"predecessor-version":[{"id":28902,"href":"https:\/\/www.garciafaura.com\/es\/wp-json\/wp\/v2\/posts\/28901\/revisions\/28902"}],"wp:featuredmedia":[{"embeddable":true,"href":"https:\/\/www.garciafaura.com\/es\/wp-json\/wp\/v2\/media\/28919"}],"wp:attachment":[{"href":"https:\/\/www.garciafaura.com\/es\/wp-json\/wp\/v2\/media?parent=28901"}],"wp:term":[{"taxonomy":"category","embeddable":true,"href":"https:\/\/www.garciafaura.com\/es\/wp-json\/wp\/v2\/categories?post=28901"},{"taxonomy":"post_tag","embeddable":true,"href":"https:\/\/www.garciafaura.com\/es\/wp-json\/wp\/v2\/tags?post=28901"},{"taxonomy":"post_series","embeddable":true,"href":"https:\/\/www.garciafaura.com\/es\/wp-json\/wp\/v2\/post_series?post=28901"}],"curies":[{"name":"wp","href":"https:\/\/api.w.org\/{rel}","templated":true}]}}