{"id":28845,"date":"2021-12-10T10:00:00","date_gmt":"2021-12-10T08:00:00","guid":{"rendered":"https:\/\/www.garciafaura.com\/?p=28845"},"modified":"2021-12-09T11:52:37","modified_gmt":"2021-12-09T09:52:37","slug":"garcia-faura-assolira-els-395-milions-deuros-de-facturacio-aquest-2021","status":"publish","type":"post","link":"https:\/\/www.garciafaura.com\/es\/garcia-faura-assolira-els-395-milions-deuros-de-facturacio-aquest-2021\/","title":{"rendered":"GARCIA FAURA alcanzar\u00e1 los 39,5 millones de euros de facturaci\u00f3n este 2021"},"content":{"rendered":"<p style=\"text-align: justify;\"><strong>La cifra pr\u00e1cticamente igualar\u00e1 el volumen de negocio del pasado ejercicio y mantiene la tendencia de crecimiento continuado y sostenido de los \u00faltimos a\u00f1os. La compa\u00f1\u00eda mantiene presencia en Espa\u00f1a, Francia y Luxemburgo, y cerrar\u00e1 el a\u00f1o con poco m\u00e1s de 400 proyectos ejecutados, un n\u00famero similar al de los a\u00f1os 2018 y 2019.<\/strong><\/p>\n<p style=\"text-align: justify;\"><strong>GARCIA FAURA<\/strong> cerrar\u00e1 el ejercicio 2021 con una cifra de negocio cercana a los 40 millones de euros, consolidando el volumen de facturaci\u00f3n de 2020 y creciendo un 14% respecto a 2019, en la etapa pre-pandemia. Un buen balance, dadas las circunstancias derivadas todav\u00eda de la crisis sanitaria y econ\u00f3mica de la Covid-19 y las consecuencias globales del incremento de los precios de las materias primas y los suministros.<\/p>\n<p style=\"text-align: justify;\">El principal mercado de negocio de <strong>GARCIA FAURA<\/strong> sigue siendo Espa\u00f1a, concentrado alrededor de Barcelona y Madrid. El porcentaje de facturaci\u00f3n generado en los mercados exteriores este a\u00f1o representar\u00e1 un 20% del volumen anual, a trav\u00e9s de los proyectos que la compa\u00f1\u00eda ha ejecutado \u2013o est\u00e1 ejecutando todav\u00eda\u2013 principalmente en Par\u00eds y Luxemburgo. En total, el conjunto de divisiones de negocio de la compa\u00f1\u00eda habr\u00e1n ejecutado en 2021 un total de 400 proyectos constructivos, tanto de obra nueva, de rehabilitaci\u00f3n o residencial.<\/p>\n<p><strong>Optimismo, perseverancia y garant\u00eda de futuro<\/strong><\/p>\n<p style=\"text-align: justify;\">Son innegables las dificultades que atraviesa todav\u00eda la econom\u00eda mundial y la incertidumbre de la evoluci\u00f3n de los mercados debido a la escalada de precios de suministros como la electricidad, combustibles o materias primas. Una situaci\u00f3n que, en menor o mayor medida, dibuja a diario escenarios de gran complejidad para cualquier compa\u00f1\u00eda. Superados los embates que puedan haber surgido, y preparados para superar a los que puedan surgir en cualquier momento, <strong>GARCIA FAURA<\/strong> se mantiene confiada en el futuro.<\/p>\n<p style=\"text-align: justify;\">Por ello, la compa\u00f1\u00eda mantiene sus planes de inversi\u00f3n y desarrollo para el pr\u00f3ximo ejercicio. En este sentido, siguen adelante los programas de digitalizaci\u00f3n y automatizaci\u00f3n de procesos que la empresa inici\u00f3 en 2018, priorizando estos ejes en su plan de gesti\u00f3n interna. Tambi\u00e9n este a\u00f1o se ha puesto en marcha el nuevo <em>showroom<\/em> Residencial de <strong>GARCIA FAURA<\/strong>, que la compa\u00f1\u00eda seguir\u00e1 desarrollando y potenciando en los pr\u00f3ximos meses.<\/p>\n<p style=\"text-align: justify;\"><strong>GARCIA FAURA<\/strong> combinar\u00e1 esta pol\u00edtica de desarrollo con la sensatez que requiere la situaci\u00f3n actual, realizando un seguimiento permanente de la evoluci\u00f3n de los mercados y ajustando el gasto de inversi\u00f3n a las necesidades de cada momento.<\/p>\n\n\n<p><\/p>\n","protected":false},"excerpt":{"rendered":"<p>La cifra pr\u00e1cticamente igualar\u00e1 el volumen de negocio del pasado ejercicio y mantiene la tendencia de crecimiento continuado y sostenido de los \u00faltimos a\u00f1os. La compa\u00f1\u00eda mantiene presencia en Espa\u00f1a, Francia y Luxemburgo, y cerrar\u00e1 el a\u00f1o con poco m\u00e1s&hellip;<\/p>\n","protected":false},"author":3,"featured_media":28868,"comment_status":"closed","ping_status":"open","sticky":false,"template":"","format":"standard","meta":{"footnotes":""},"categories":[3],"tags":[],"post_series":[],"class_list":["post-28845","post","type-post","status-publish","format-standard","has-post-thumbnail","hentry","category-actualidad","entry","has-media"],"yoast_head":"<!-- This site is optimized with the Yoast SEO plugin v26.7 - https:\/\/yoast.com\/wordpress\/plugins\/seo\/ -->\n<title>GARCIA FAURA alcanzar\u00e1 los 39,5 millones de euros de facturaci\u00f3n este 2021 - GARCIA FAURA<\/title>\n<meta name=\"description\" content=\"Arquitectura en Alumini, Inox, Ferro i Vidre\" \/>\n<meta name=\"robots\" content=\"index, follow, max-snippet:-1, max-image-preview:large, max-video-preview:-1\" \/>\n<link rel=\"canonical\" href=\"https:\/\/www.garciafaura.com\/es\/garcia-faura-assolira-els-395-milions-deuros-de-facturacio-aquest-2021\/\" \/>\n<meta property=\"og:locale\" content=\"es_ES\" \/>\n<meta property=\"og:type\" content=\"article\" \/>\n<meta property=\"og:title\" content=\"GARCIA FAURA alcanzar\u00e1 los 39,5 millones de euros de facturaci\u00f3n este 2021 - GARCIA FAURA\" \/>\n<meta property=\"og:description\" content=\"Arquitectura en Alumini, Inox, Ferro i Vidre\" \/>\n<meta property=\"og:url\" content=\"https:\/\/www.garciafaura.com\/es\/garcia-faura-assolira-els-395-milions-deuros-de-facturacio-aquest-2021\/\" \/>\n<meta property=\"og:site_name\" content=\"GARCIA FAURA\" \/>\n<meta property=\"article:published_time\" content=\"2021-12-10T08:00:00+00:00\" \/>\n<meta property=\"og:image\" content=\"https:\/\/www.garciafaura.com\/wp-content\/uploads\/2021\/12\/GF-headquarters-scaled.jpg\" \/>\n\t<meta property=\"og:image:width\" content=\"2560\" \/>\n\t<meta property=\"og:image:height\" content=\"1307\" \/>\n\t<meta property=\"og:image:type\" content=\"image\/jpeg\" \/>\n<meta name=\"author\" content=\"David Achell\" \/>\n<meta name=\"twitter:card\" content=\"summary_large_image\" \/>\n<meta name=\"twitter:label1\" content=\"Escrito por\" \/>\n\t<meta name=\"twitter:data1\" content=\"David Achell\" \/>\n\t<meta name=\"twitter:label2\" content=\"Tiempo de lectura\" \/>\n\t<meta name=\"twitter:data2\" content=\"2 minutos\" \/>\n<script type=\"application\/ld+json\" class=\"yoast-schema-graph\">{\"@context\":\"https:\/\/schema.org\",\"@graph\":[{\"@type\":\"Article\",\"@id\":\"https:\/\/www.garciafaura.com\/es\/garcia-faura-assolira-els-395-milions-deuros-de-facturacio-aquest-2021\/#article\",\"isPartOf\":{\"@id\":\"https:\/\/www.garciafaura.com\/es\/garcia-faura-assolira-els-395-milions-deuros-de-facturacio-aquest-2021\/\"},\"author\":{\"name\":\"David Achell\",\"@id\":\"https:\/\/www.garciafaura.com\/fr\/#\/schema\/person\/b4b75e69b33fac3446071909bec106b0\"},\"headline\":\"GARCIA FAURA alcanzar\u00e1 los 39,5 millones de euros de facturaci\u00f3n este 2021\",\"datePublished\":\"2021-12-10T08:00:00+00:00\",\"mainEntityOfPage\":{\"@id\":\"https:\/\/www.garciafaura.com\/es\/garcia-faura-assolira-els-395-milions-deuros-de-facturacio-aquest-2021\/\"},\"wordCount\":436,\"publisher\":{\"@id\":\"https:\/\/www.garciafaura.com\/fr\/#organization\"},\"image\":{\"@id\":\"https:\/\/www.garciafaura.com\/es\/garcia-faura-assolira-els-395-milions-deuros-de-facturacio-aquest-2021\/#primaryimage\"},\"thumbnailUrl\":\"https:\/\/www.garciafaura.com\/wp-content\/uploads\/2021\/12\/GF-headquarters-scaled.jpg\",\"articleSection\":[\"Actualidad\"],\"inLanguage\":\"es\"},{\"@type\":\"WebPage\",\"@id\":\"https:\/\/www.garciafaura.com\/es\/garcia-faura-assolira-els-395-milions-deuros-de-facturacio-aquest-2021\/\",\"url\":\"https:\/\/www.garciafaura.com\/es\/garcia-faura-assolira-els-395-milions-deuros-de-facturacio-aquest-2021\/\",\"name\":\"GARCIA FAURA alcanzar\u00e1 los 39,5 millones de euros de facturaci\u00f3n este 2021 - GARCIA FAURA\",\"isPartOf\":{\"@id\":\"https:\/\/www.garciafaura.com\/fr\/#website\"},\"primaryImageOfPage\":{\"@id\":\"https:\/\/www.garciafaura.com\/es\/garcia-faura-assolira-els-395-milions-deuros-de-facturacio-aquest-2021\/#primaryimage\"},\"image\":{\"@id\":\"https:\/\/www.garciafaura.com\/es\/garcia-faura-assolira-els-395-milions-deuros-de-facturacio-aquest-2021\/#primaryimage\"},\"thumbnailUrl\":\"https:\/\/www.garciafaura.com\/wp-content\/uploads\/2021\/12\/GF-headquarters-scaled.jpg\",\"datePublished\":\"2021-12-10T08:00:00+00:00\",\"description\":\"Arquitectura en Alumini, Inox, Ferro i Vidre\",\"breadcrumb\":{\"@id\":\"https:\/\/www.garciafaura.com\/es\/garcia-faura-assolira-els-395-milions-deuros-de-facturacio-aquest-2021\/#breadcrumb\"},\"inLanguage\":\"es\",\"potentialAction\":[{\"@type\":\"ReadAction\",\"target\":[\"https:\/\/www.garciafaura.com\/es\/garcia-faura-assolira-els-395-milions-deuros-de-facturacio-aquest-2021\/\"]}]},{\"@type\":\"ImageObject\",\"inLanguage\":\"es\",\"@id\":\"https:\/\/www.garciafaura.com\/es\/garcia-faura-assolira-els-395-milions-deuros-de-facturacio-aquest-2021\/#primaryimage\",\"url\":\"https:\/\/www.garciafaura.com\/wp-content\/uploads\/2021\/12\/GF-headquarters-scaled.jpg\",\"contentUrl\":\"https:\/\/www.garciafaura.com\/wp-content\/uploads\/2021\/12\/GF-headquarters-scaled.jpg\",\"width\":2560,\"height\":1307,\"caption\":\"SONY DSC\"},{\"@type\":\"BreadcrumbList\",\"@id\":\"https:\/\/www.garciafaura.com\/es\/garcia-faura-assolira-els-395-milions-deuros-de-facturacio-aquest-2021\/#breadcrumb\",\"itemListElement\":[{\"@type\":\"ListItem\",\"position\":1,\"name\":\"Inici\",\"item\":\"https:\/\/www.garciafaura.com\/es\/\"},{\"@type\":\"ListItem\",\"position\":2,\"name\":\"GARCIA FAURA alcanzar\u00e1 los 39,5 millones de euros de facturaci\u00f3n este 2021\"}]},{\"@type\":\"WebSite\",\"@id\":\"https:\/\/www.garciafaura.com\/fr\/#website\",\"url\":\"https:\/\/www.garciafaura.com\/fr\/\",\"name\":\"GARCIA FAURA\",\"description\":\"Arquitectura en Alumini, Inox, Ferro i Vidre\",\"publisher\":{\"@id\":\"https:\/\/www.garciafaura.com\/fr\/#organization\"},\"potentialAction\":[{\"@type\":\"SearchAction\",\"target\":{\"@type\":\"EntryPoint\",\"urlTemplate\":\"https:\/\/www.garciafaura.com\/fr\/?s={search_term_string}\"},\"query-input\":{\"@type\":\"PropertyValueSpecification\",\"valueRequired\":true,\"valueName\":\"search_term_string\"}}],\"inLanguage\":\"es\"},{\"@type\":\"Organization\",\"@id\":\"https:\/\/www.garciafaura.com\/fr\/#organization\",\"name\":\"GARCIA FAURA\",\"url\":\"https:\/\/www.garciafaura.com\/fr\/\",\"logo\":{\"@type\":\"ImageObject\",\"inLanguage\":\"es\",\"@id\":\"https:\/\/www.garciafaura.com\/fr\/#\/schema\/logo\/image\/\",\"url\":\"https:\/\/www.garciafaura.com\/wp-content\/uploads\/2018\/09\/Garcia-Faura.png\",\"contentUrl\":\"https:\/\/www.garciafaura.com\/wp-content\/uploads\/2018\/09\/Garcia-Faura.png\",\"width\":512,\"height\":512,\"caption\":\"GARCIA FAURA\"},\"image\":{\"@id\":\"https:\/\/www.garciafaura.com\/fr\/#\/schema\/logo\/image\/\"},\"sameAs\":[\"https:\/\/www.youtube.com\/user\/GARCIAFAURA\"]},{\"@type\":\"Person\",\"@id\":\"https:\/\/www.garciafaura.com\/fr\/#\/schema\/person\/b4b75e69b33fac3446071909bec106b0\",\"name\":\"David Achell\",\"image\":{\"@type\":\"ImageObject\",\"inLanguage\":\"es\",\"@id\":\"https:\/\/www.garciafaura.com\/fr\/#\/schema\/person\/image\/\",\"url\":\"https:\/\/secure.gravatar.com\/avatar\/03900210afc1f61bce737bcb4a79c02e2c997f171e3eca839b5a4cbe03846c90?s=96&d=blank&r=g\",\"contentUrl\":\"https:\/\/secure.gravatar.com\/avatar\/03900210afc1f61bce737bcb4a79c02e2c997f171e3eca839b5a4cbe03846c90?s=96&d=blank&r=g\",\"caption\":\"David Achell\"}}]}<\/script>\n<!-- \/ Yoast SEO plugin. -->","yoast_head_json":{"title":"GARCIA FAURA alcanzar\u00e1 los 39,5 millones de euros de facturaci\u00f3n este 2021 - GARCIA FAURA","description":"Arquitectura en Alumini, Inox, Ferro i Vidre","robots":{"index":"index","follow":"follow","max-snippet":"max-snippet:-1","max-image-preview":"max-image-preview:large","max-video-preview":"max-video-preview:-1"},"canonical":"https:\/\/www.garciafaura.com\/es\/garcia-faura-assolira-els-395-milions-deuros-de-facturacio-aquest-2021\/","og_locale":"es_ES","og_type":"article","og_title":"GARCIA FAURA alcanzar\u00e1 los 39,5 millones de euros de facturaci\u00f3n este 2021 - GARCIA FAURA","og_description":"Arquitectura en Alumini, Inox, Ferro i Vidre","og_url":"https:\/\/www.garciafaura.com\/es\/garcia-faura-assolira-els-395-milions-deuros-de-facturacio-aquest-2021\/","og_site_name":"GARCIA FAURA","article_published_time":"2021-12-10T08:00:00+00:00","og_image":[{"width":2560,"height":1307,"url":"https:\/\/www.garciafaura.com\/wp-content\/uploads\/2021\/12\/GF-headquarters-scaled.jpg","type":"image\/jpeg"}],"author":"David Achell","twitter_card":"summary_large_image","twitter_misc":{"Escrito por":"David Achell","Tiempo de lectura":"2 minutos"},"schema":{"@context":"https:\/\/schema.org","@graph":[{"@type":"Article","@id":"https:\/\/www.garciafaura.com\/es\/garcia-faura-assolira-els-395-milions-deuros-de-facturacio-aquest-2021\/#article","isPartOf":{"@id":"https:\/\/www.garciafaura.com\/es\/garcia-faura-assolira-els-395-milions-deuros-de-facturacio-aquest-2021\/"},"author":{"name":"David Achell","@id":"https:\/\/www.garciafaura.com\/fr\/#\/schema\/person\/b4b75e69b33fac3446071909bec106b0"},"headline":"GARCIA FAURA alcanzar\u00e1 los 39,5 millones de euros de facturaci\u00f3n este 2021","datePublished":"2021-12-10T08:00:00+00:00","mainEntityOfPage":{"@id":"https:\/\/www.garciafaura.com\/es\/garcia-faura-assolira-els-395-milions-deuros-de-facturacio-aquest-2021\/"},"wordCount":436,"publisher":{"@id":"https:\/\/www.garciafaura.com\/fr\/#organization"},"image":{"@id":"https:\/\/www.garciafaura.com\/es\/garcia-faura-assolira-els-395-milions-deuros-de-facturacio-aquest-2021\/#primaryimage"},"thumbnailUrl":"https:\/\/www.garciafaura.com\/wp-content\/uploads\/2021\/12\/GF-headquarters-scaled.jpg","articleSection":["Actualidad"],"inLanguage":"es"},{"@type":"WebPage","@id":"https:\/\/www.garciafaura.com\/es\/garcia-faura-assolira-els-395-milions-deuros-de-facturacio-aquest-2021\/","url":"https:\/\/www.garciafaura.com\/es\/garcia-faura-assolira-els-395-milions-deuros-de-facturacio-aquest-2021\/","name":"GARCIA FAURA alcanzar\u00e1 los 39,5 millones de euros de facturaci\u00f3n este 2021 - GARCIA FAURA","isPartOf":{"@id":"https:\/\/www.garciafaura.com\/fr\/#website"},"primaryImageOfPage":{"@id":"https:\/\/www.garciafaura.com\/es\/garcia-faura-assolira-els-395-milions-deuros-de-facturacio-aquest-2021\/#primaryimage"},"image":{"@id":"https:\/\/www.garciafaura.com\/es\/garcia-faura-assolira-els-395-milions-deuros-de-facturacio-aquest-2021\/#primaryimage"},"thumbnailUrl":"https:\/\/www.garciafaura.com\/wp-content\/uploads\/2021\/12\/GF-headquarters-scaled.jpg","datePublished":"2021-12-10T08:00:00+00:00","description":"Arquitectura en Alumini, Inox, Ferro i Vidre","breadcrumb":{"@id":"https:\/\/www.garciafaura.com\/es\/garcia-faura-assolira-els-395-milions-deuros-de-facturacio-aquest-2021\/#breadcrumb"},"inLanguage":"es","potentialAction":[{"@type":"ReadAction","target":["https:\/\/www.garciafaura.com\/es\/garcia-faura-assolira-els-395-milions-deuros-de-facturacio-aquest-2021\/"]}]},{"@type":"ImageObject","inLanguage":"es","@id":"https:\/\/www.garciafaura.com\/es\/garcia-faura-assolira-els-395-milions-deuros-de-facturacio-aquest-2021\/#primaryimage","url":"https:\/\/www.garciafaura.com\/wp-content\/uploads\/2021\/12\/GF-headquarters-scaled.jpg","contentUrl":"https:\/\/www.garciafaura.com\/wp-content\/uploads\/2021\/12\/GF-headquarters-scaled.jpg","width":2560,"height":1307,"caption":"SONY DSC"},{"@type":"BreadcrumbList","@id":"https:\/\/www.garciafaura.com\/es\/garcia-faura-assolira-els-395-milions-deuros-de-facturacio-aquest-2021\/#breadcrumb","itemListElement":[{"@type":"ListItem","position":1,"name":"Inici","item":"https:\/\/www.garciafaura.com\/es\/"},{"@type":"ListItem","position":2,"name":"GARCIA FAURA alcanzar\u00e1 los 39,5 millones de euros de facturaci\u00f3n este 2021"}]},{"@type":"WebSite","@id":"https:\/\/www.garciafaura.com\/fr\/#website","url":"https:\/\/www.garciafaura.com\/fr\/","name":"GARCIA FAURA","description":"Arquitectura en Alumini, Inox, Ferro i Vidre","publisher":{"@id":"https:\/\/www.garciafaura.com\/fr\/#organization"},"potentialAction":[{"@type":"SearchAction","target":{"@type":"EntryPoint","urlTemplate":"https:\/\/www.garciafaura.com\/fr\/?s={search_term_string}"},"query-input":{"@type":"PropertyValueSpecification","valueRequired":true,"valueName":"search_term_string"}}],"inLanguage":"es"},{"@type":"Organization","@id":"https:\/\/www.garciafaura.com\/fr\/#organization","name":"GARCIA FAURA","url":"https:\/\/www.garciafaura.com\/fr\/","logo":{"@type":"ImageObject","inLanguage":"es","@id":"https:\/\/www.garciafaura.com\/fr\/#\/schema\/logo\/image\/","url":"https:\/\/www.garciafaura.com\/wp-content\/uploads\/2018\/09\/Garcia-Faura.png","contentUrl":"https:\/\/www.garciafaura.com\/wp-content\/uploads\/2018\/09\/Garcia-Faura.png","width":512,"height":512,"caption":"GARCIA FAURA"},"image":{"@id":"https:\/\/www.garciafaura.com\/fr\/#\/schema\/logo\/image\/"},"sameAs":["https:\/\/www.youtube.com\/user\/GARCIAFAURA"]},{"@type":"Person","@id":"https:\/\/www.garciafaura.com\/fr\/#\/schema\/person\/b4b75e69b33fac3446071909bec106b0","name":"David Achell","image":{"@type":"ImageObject","inLanguage":"es","@id":"https:\/\/www.garciafaura.com\/fr\/#\/schema\/person\/image\/","url":"https:\/\/secure.gravatar.com\/avatar\/03900210afc1f61bce737bcb4a79c02e2c997f171e3eca839b5a4cbe03846c90?s=96&d=blank&r=g","contentUrl":"https:\/\/secure.gravatar.com\/avatar\/03900210afc1f61bce737bcb4a79c02e2c997f171e3eca839b5a4cbe03846c90?s=96&d=blank&r=g","caption":"David Achell"}}]}},"_links":{"self":[{"href":"https:\/\/www.garciafaura.com\/es\/wp-json\/wp\/v2\/posts\/28845","targetHints":{"allow":["GET"]}}],"collection":[{"href":"https:\/\/www.garciafaura.com\/es\/wp-json\/wp\/v2\/posts"}],"about":[{"href":"https:\/\/www.garciafaura.com\/es\/wp-json\/wp\/v2\/types\/post"}],"author":[{"embeddable":true,"href":"https:\/\/www.garciafaura.com\/es\/wp-json\/wp\/v2\/users\/3"}],"replies":[{"embeddable":true,"href":"https:\/\/www.garciafaura.com\/es\/wp-json\/wp\/v2\/comments?post=28845"}],"version-history":[{"count":2,"href":"https:\/\/www.garciafaura.com\/es\/wp-json\/wp\/v2\/posts\/28845\/revisions"}],"predecessor-version":[{"id":28858,"href":"https:\/\/www.garciafaura.com\/es\/wp-json\/wp\/v2\/posts\/28845\/revisions\/28858"}],"wp:featuredmedia":[{"embeddable":true,"href":"https:\/\/www.garciafaura.com\/es\/wp-json\/wp\/v2\/media\/28868"}],"wp:attachment":[{"href":"https:\/\/www.garciafaura.com\/es\/wp-json\/wp\/v2\/media?parent=28845"}],"wp:term":[{"taxonomy":"category","embeddable":true,"href":"https:\/\/www.garciafaura.com\/es\/wp-json\/wp\/v2\/categories?post=28845"},{"taxonomy":"post_tag","embeddable":true,"href":"https:\/\/www.garciafaura.com\/es\/wp-json\/wp\/v2\/tags?post=28845"},{"taxonomy":"post_series","embeddable":true,"href":"https:\/\/www.garciafaura.com\/es\/wp-json\/wp\/v2\/post_series?post=28845"}],"curies":[{"name":"wp","href":"https:\/\/api.w.org\/{rel}","templated":true}]}}