{"id":28657,"date":"2021-11-04T10:00:00","date_gmt":"2021-11-04T08:00:00","guid":{"rendered":"https:\/\/www.garciafaura.com\/?p=28657"},"modified":"2021-11-03T13:48:35","modified_gmt":"2021-11-03T11:48:35","slug":"garcia-faura-finalitza-la-intervencio-al-projecte-frances-larchipel","status":"publish","type":"post","link":"https:\/\/www.garciafaura.com\/es\/garcia-faura-finalitza-la-intervencio-al-projecte-frances-larchipel\/","title":{"rendered":"GARCIA FAURA finaliza la intervenci\u00f3n en el proyecto franc\u00e9s L\u2019Archipel"},"content":{"rendered":"\n<p style=\"text-align:justify\"><strong>Est\u00e1 a punto de finalizar una de las obras m\u00e1s singulares en la que ha participado hasta el momento GARCIA FAURA en Francia. Se trata del complejo L&#8217;Archipel, un conjunto de edificios que ya ha entrado en funcionamiento como la nueva sede corporativa de <a href=\"https:\/\/www.vinci.com\/vinci.nsf\/fr\/index.htm\" target=\"_blank\" rel=\"noreferrer noopener\">Vinci<\/a>, uno de los mayores grupos industriales franceses dedicados a la construcci\u00f3n y otros negocios afines.<\/strong><\/p>\n\n\n\n<p style=\"text-align:justify\">El complejo <a href=\"https:\/\/www.vinci.com\/vinci.nsf\/fr\/actualites\/pages\/l_archipel_nouveau_siege_et_nouvelles_ambitions_pour_vinci.htm\" target=\"_blank\" rel=\"noreferrer noopener\">L&#8217;Archipel<\/a> est\u00e1 ubicado en Nanterre, en el noroeste de Par\u00eds, en lo que es la prolongaci\u00f3n del distrito de negocios de La D\u00e9fense, una zona de la capital francesa caracterizada por los numerosos edificios de oficinas y que est\u00e1 conectada con la avenida de los Campos El\u00edseos y la plaza de la Concordia.<\/p>\n\n\n\n<p style=\"text-align:justify\"><strong>GARCIA FAURA<\/strong> ha intervenido en dos de los cinco edificios de los que consta el complejo <strong>L&#8217;Archipel<\/strong>, una serie de construcciones independientes e interconectadas equipadas con carpinter\u00eda de aluminio, doble piel con cristales y chapa perforada y pasarelas de mantenimiento con estructura de hierro.<\/p>\n\n\n\n<p style=\"text-align:justify\">La empresa catalana tambi\u00e9n ha fabricado e instalado en este proyecto franc\u00e9s muros cortina <em>stick<\/em> de aluminio con tapetas, muros cortina sobre perfiles de madera y revestimientos de panel composite.<\/p>\n\n\n\n<p style=\"text-align:justify\">Adem\u00e1s, para desarrollar este proyecto, <strong>GARCIA FAURA<\/strong> ha obtenido dos <a href=\"https:\/\/www.garciafaura.com\/es\/garcia-faura-obte-les-seves-primeres-certificacions-tecniques-dinnovacio-a-franca\/\" target=\"_blank\" rel=\"noreferrer noopener\">certificados ATEx<\/a>, los sellos de calidad otorgados por un grupo de expertos franceses despu\u00e9s de unos controles estrictos para validar las soluciones t\u00e9cnicas innovadoras y exclusivas que la empresa realiz\u00f3 durante la obra.<\/p>\n","protected":false},"excerpt":{"rendered":"<p>Est\u00e1 a punto de finalizar una de las obras m\u00e1s singulares en la que ha participado hasta el momento GARCIA FAURA en Francia. Se trata del complejo L&#8217;Archipel, un conjunto de edificios que ya ha entrado en funcionamiento como la&hellip;<\/p>\n","protected":false},"author":3,"featured_media":28668,"comment_status":"closed","ping_status":"open","sticky":false,"template":"","format":"standard","meta":{"footnotes":""},"categories":[3],"tags":[],"post_series":[],"class_list":["post-28657","post","type-post","status-publish","format-standard","has-post-thumbnail","hentry","category-actualidad","entry","has-media"],"yoast_head":"<!-- This site is optimized with the Yoast SEO plugin v26.7 - https:\/\/yoast.com\/wordpress\/plugins\/seo\/ -->\n<title>GARCIA FAURA finaliza la intervenci\u00f3n en el proyecto franc\u00e9s L\u2019Archipel - GARCIA FAURA<\/title>\n<meta name=\"description\" content=\"Arquitectura en Alumini, Inox, Ferro i Vidre\" \/>\n<meta name=\"robots\" content=\"index, follow, max-snippet:-1, max-image-preview:large, max-video-preview:-1\" \/>\n<link rel=\"canonical\" href=\"https:\/\/www.garciafaura.com\/es\/garcia-faura-finalitza-la-intervencio-al-projecte-frances-larchipel\/\" \/>\n<meta property=\"og:locale\" content=\"es_ES\" \/>\n<meta property=\"og:type\" content=\"article\" \/>\n<meta property=\"og:title\" content=\"GARCIA FAURA finaliza la intervenci\u00f3n en el proyecto franc\u00e9s L\u2019Archipel - GARCIA FAURA\" \/>\n<meta property=\"og:description\" content=\"Arquitectura en Alumini, Inox, Ferro i Vidre\" \/>\n<meta property=\"og:url\" content=\"https:\/\/www.garciafaura.com\/es\/garcia-faura-finalitza-la-intervencio-al-projecte-frances-larchipel\/\" \/>\n<meta property=\"og:site_name\" content=\"GARCIA FAURA\" \/>\n<meta property=\"article:published_time\" content=\"2021-11-04T08:00:00+00:00\" \/>\n<meta property=\"og:image\" content=\"https:\/\/www.garciafaura.com\/wp-content\/uploads\/2021\/11\/Archipel-Nanterre-Garcia-Faura-Vinci-01-scaled.jpg\" \/>\n\t<meta property=\"og:image:width\" content=\"2560\" \/>\n\t<meta property=\"og:image:height\" content=\"1356\" \/>\n\t<meta property=\"og:image:type\" content=\"image\/jpeg\" \/>\n<meta name=\"author\" content=\"David Achell\" \/>\n<meta name=\"twitter:card\" content=\"summary_large_image\" \/>\n<meta name=\"twitter:label1\" content=\"Escrito por\" \/>\n\t<meta name=\"twitter:data1\" content=\"David Achell\" \/>\n\t<meta name=\"twitter:label2\" content=\"Tiempo de lectura\" \/>\n\t<meta name=\"twitter:data2\" content=\"2 minutos\" \/>\n<script type=\"application\/ld+json\" class=\"yoast-schema-graph\">{\"@context\":\"https:\/\/schema.org\",\"@graph\":[{\"@type\":\"Article\",\"@id\":\"https:\/\/www.garciafaura.com\/es\/garcia-faura-finalitza-la-intervencio-al-projecte-frances-larchipel\/#article\",\"isPartOf\":{\"@id\":\"https:\/\/www.garciafaura.com\/es\/garcia-faura-finalitza-la-intervencio-al-projecte-frances-larchipel\/\"},\"author\":{\"name\":\"David Achell\",\"@id\":\"https:\/\/www.garciafaura.com\/fr\/#\/schema\/person\/b4b75e69b33fac3446071909bec106b0\"},\"headline\":\"GARCIA FAURA finaliza la intervenci\u00f3n en el proyecto franc\u00e9s L\u2019Archipel\",\"datePublished\":\"2021-11-04T08:00:00+00:00\",\"mainEntityOfPage\":{\"@id\":\"https:\/\/www.garciafaura.com\/es\/garcia-faura-finalitza-la-intervencio-al-projecte-frances-larchipel\/\"},\"wordCount\":260,\"publisher\":{\"@id\":\"https:\/\/www.garciafaura.com\/fr\/#organization\"},\"image\":{\"@id\":\"https:\/\/www.garciafaura.com\/es\/garcia-faura-finalitza-la-intervencio-al-projecte-frances-larchipel\/#primaryimage\"},\"thumbnailUrl\":\"https:\/\/www.garciafaura.com\/wp-content\/uploads\/2021\/11\/Archipel-Nanterre-Garcia-Faura-Vinci-01-scaled.jpg\",\"articleSection\":[\"Actualidad\"],\"inLanguage\":\"es\"},{\"@type\":\"WebPage\",\"@id\":\"https:\/\/www.garciafaura.com\/es\/garcia-faura-finalitza-la-intervencio-al-projecte-frances-larchipel\/\",\"url\":\"https:\/\/www.garciafaura.com\/es\/garcia-faura-finalitza-la-intervencio-al-projecte-frances-larchipel\/\",\"name\":\"GARCIA FAURA finaliza la intervenci\u00f3n en el proyecto franc\u00e9s L\u2019Archipel - GARCIA FAURA\",\"isPartOf\":{\"@id\":\"https:\/\/www.garciafaura.com\/fr\/#website\"},\"primaryImageOfPage\":{\"@id\":\"https:\/\/www.garciafaura.com\/es\/garcia-faura-finalitza-la-intervencio-al-projecte-frances-larchipel\/#primaryimage\"},\"image\":{\"@id\":\"https:\/\/www.garciafaura.com\/es\/garcia-faura-finalitza-la-intervencio-al-projecte-frances-larchipel\/#primaryimage\"},\"thumbnailUrl\":\"https:\/\/www.garciafaura.com\/wp-content\/uploads\/2021\/11\/Archipel-Nanterre-Garcia-Faura-Vinci-01-scaled.jpg\",\"datePublished\":\"2021-11-04T08:00:00+00:00\",\"description\":\"Arquitectura en Alumini, Inox, Ferro i Vidre\",\"breadcrumb\":{\"@id\":\"https:\/\/www.garciafaura.com\/es\/garcia-faura-finalitza-la-intervencio-al-projecte-frances-larchipel\/#breadcrumb\"},\"inLanguage\":\"es\",\"potentialAction\":[{\"@type\":\"ReadAction\",\"target\":[\"https:\/\/www.garciafaura.com\/es\/garcia-faura-finalitza-la-intervencio-al-projecte-frances-larchipel\/\"]}]},{\"@type\":\"ImageObject\",\"inLanguage\":\"es\",\"@id\":\"https:\/\/www.garciafaura.com\/es\/garcia-faura-finalitza-la-intervencio-al-projecte-frances-larchipel\/#primaryimage\",\"url\":\"https:\/\/www.garciafaura.com\/wp-content\/uploads\/2021\/11\/Archipel-Nanterre-Garcia-Faura-Vinci-01-scaled.jpg\",\"contentUrl\":\"https:\/\/www.garciafaura.com\/wp-content\/uploads\/2021\/11\/Archipel-Nanterre-Garcia-Faura-Vinci-01-scaled.jpg\",\"width\":2560,\"height\":1356,\"caption\":\"Archipel Nanterre Garcia Faura Vinci-01\"},{\"@type\":\"BreadcrumbList\",\"@id\":\"https:\/\/www.garciafaura.com\/es\/garcia-faura-finalitza-la-intervencio-al-projecte-frances-larchipel\/#breadcrumb\",\"itemListElement\":[{\"@type\":\"ListItem\",\"position\":1,\"name\":\"Inici\",\"item\":\"https:\/\/www.garciafaura.com\/es\/\"},{\"@type\":\"ListItem\",\"position\":2,\"name\":\"GARCIA FAURA finaliza la intervenci\u00f3n en el proyecto franc\u00e9s L\u2019Archipel\"}]},{\"@type\":\"WebSite\",\"@id\":\"https:\/\/www.garciafaura.com\/fr\/#website\",\"url\":\"https:\/\/www.garciafaura.com\/fr\/\",\"name\":\"GARCIA FAURA\",\"description\":\"Arquitectura en Alumini, Inox, Ferro i Vidre\",\"publisher\":{\"@id\":\"https:\/\/www.garciafaura.com\/fr\/#organization\"},\"potentialAction\":[{\"@type\":\"SearchAction\",\"target\":{\"@type\":\"EntryPoint\",\"urlTemplate\":\"https:\/\/www.garciafaura.com\/fr\/?s={search_term_string}\"},\"query-input\":{\"@type\":\"PropertyValueSpecification\",\"valueRequired\":true,\"valueName\":\"search_term_string\"}}],\"inLanguage\":\"es\"},{\"@type\":\"Organization\",\"@id\":\"https:\/\/www.garciafaura.com\/fr\/#organization\",\"name\":\"GARCIA FAURA\",\"url\":\"https:\/\/www.garciafaura.com\/fr\/\",\"logo\":{\"@type\":\"ImageObject\",\"inLanguage\":\"es\",\"@id\":\"https:\/\/www.garciafaura.com\/fr\/#\/schema\/logo\/image\/\",\"url\":\"https:\/\/www.garciafaura.com\/wp-content\/uploads\/2018\/09\/Garcia-Faura.png\",\"contentUrl\":\"https:\/\/www.garciafaura.com\/wp-content\/uploads\/2018\/09\/Garcia-Faura.png\",\"width\":512,\"height\":512,\"caption\":\"GARCIA FAURA\"},\"image\":{\"@id\":\"https:\/\/www.garciafaura.com\/fr\/#\/schema\/logo\/image\/\"},\"sameAs\":[\"https:\/\/www.youtube.com\/user\/GARCIAFAURA\"]},{\"@type\":\"Person\",\"@id\":\"https:\/\/www.garciafaura.com\/fr\/#\/schema\/person\/b4b75e69b33fac3446071909bec106b0\",\"name\":\"David Achell\",\"image\":{\"@type\":\"ImageObject\",\"inLanguage\":\"es\",\"@id\":\"https:\/\/www.garciafaura.com\/fr\/#\/schema\/person\/image\/\",\"url\":\"https:\/\/secure.gravatar.com\/avatar\/03900210afc1f61bce737bcb4a79c02e2c997f171e3eca839b5a4cbe03846c90?s=96&d=blank&r=g\",\"contentUrl\":\"https:\/\/secure.gravatar.com\/avatar\/03900210afc1f61bce737bcb4a79c02e2c997f171e3eca839b5a4cbe03846c90?s=96&d=blank&r=g\",\"caption\":\"David Achell\"}}]}<\/script>\n<!-- \/ Yoast SEO plugin. -->","yoast_head_json":{"title":"GARCIA FAURA finaliza la intervenci\u00f3n en el proyecto franc\u00e9s L\u2019Archipel - GARCIA FAURA","description":"Arquitectura en Alumini, Inox, Ferro i Vidre","robots":{"index":"index","follow":"follow","max-snippet":"max-snippet:-1","max-image-preview":"max-image-preview:large","max-video-preview":"max-video-preview:-1"},"canonical":"https:\/\/www.garciafaura.com\/es\/garcia-faura-finalitza-la-intervencio-al-projecte-frances-larchipel\/","og_locale":"es_ES","og_type":"article","og_title":"GARCIA FAURA finaliza la intervenci\u00f3n en el proyecto franc\u00e9s L\u2019Archipel - GARCIA FAURA","og_description":"Arquitectura en Alumini, Inox, Ferro i Vidre","og_url":"https:\/\/www.garciafaura.com\/es\/garcia-faura-finalitza-la-intervencio-al-projecte-frances-larchipel\/","og_site_name":"GARCIA FAURA","article_published_time":"2021-11-04T08:00:00+00:00","og_image":[{"width":2560,"height":1356,"url":"https:\/\/www.garciafaura.com\/wp-content\/uploads\/2021\/11\/Archipel-Nanterre-Garcia-Faura-Vinci-01-scaled.jpg","type":"image\/jpeg"}],"author":"David Achell","twitter_card":"summary_large_image","twitter_misc":{"Escrito por":"David Achell","Tiempo de lectura":"2 minutos"},"schema":{"@context":"https:\/\/schema.org","@graph":[{"@type":"Article","@id":"https:\/\/www.garciafaura.com\/es\/garcia-faura-finalitza-la-intervencio-al-projecte-frances-larchipel\/#article","isPartOf":{"@id":"https:\/\/www.garciafaura.com\/es\/garcia-faura-finalitza-la-intervencio-al-projecte-frances-larchipel\/"},"author":{"name":"David Achell","@id":"https:\/\/www.garciafaura.com\/fr\/#\/schema\/person\/b4b75e69b33fac3446071909bec106b0"},"headline":"GARCIA FAURA finaliza la intervenci\u00f3n en el proyecto franc\u00e9s L\u2019Archipel","datePublished":"2021-11-04T08:00:00+00:00","mainEntityOfPage":{"@id":"https:\/\/www.garciafaura.com\/es\/garcia-faura-finalitza-la-intervencio-al-projecte-frances-larchipel\/"},"wordCount":260,"publisher":{"@id":"https:\/\/www.garciafaura.com\/fr\/#organization"},"image":{"@id":"https:\/\/www.garciafaura.com\/es\/garcia-faura-finalitza-la-intervencio-al-projecte-frances-larchipel\/#primaryimage"},"thumbnailUrl":"https:\/\/www.garciafaura.com\/wp-content\/uploads\/2021\/11\/Archipel-Nanterre-Garcia-Faura-Vinci-01-scaled.jpg","articleSection":["Actualidad"],"inLanguage":"es"},{"@type":"WebPage","@id":"https:\/\/www.garciafaura.com\/es\/garcia-faura-finalitza-la-intervencio-al-projecte-frances-larchipel\/","url":"https:\/\/www.garciafaura.com\/es\/garcia-faura-finalitza-la-intervencio-al-projecte-frances-larchipel\/","name":"GARCIA FAURA finaliza la intervenci\u00f3n en el proyecto franc\u00e9s L\u2019Archipel - GARCIA FAURA","isPartOf":{"@id":"https:\/\/www.garciafaura.com\/fr\/#website"},"primaryImageOfPage":{"@id":"https:\/\/www.garciafaura.com\/es\/garcia-faura-finalitza-la-intervencio-al-projecte-frances-larchipel\/#primaryimage"},"image":{"@id":"https:\/\/www.garciafaura.com\/es\/garcia-faura-finalitza-la-intervencio-al-projecte-frances-larchipel\/#primaryimage"},"thumbnailUrl":"https:\/\/www.garciafaura.com\/wp-content\/uploads\/2021\/11\/Archipel-Nanterre-Garcia-Faura-Vinci-01-scaled.jpg","datePublished":"2021-11-04T08:00:00+00:00","description":"Arquitectura en Alumini, Inox, Ferro i Vidre","breadcrumb":{"@id":"https:\/\/www.garciafaura.com\/es\/garcia-faura-finalitza-la-intervencio-al-projecte-frances-larchipel\/#breadcrumb"},"inLanguage":"es","potentialAction":[{"@type":"ReadAction","target":["https:\/\/www.garciafaura.com\/es\/garcia-faura-finalitza-la-intervencio-al-projecte-frances-larchipel\/"]}]},{"@type":"ImageObject","inLanguage":"es","@id":"https:\/\/www.garciafaura.com\/es\/garcia-faura-finalitza-la-intervencio-al-projecte-frances-larchipel\/#primaryimage","url":"https:\/\/www.garciafaura.com\/wp-content\/uploads\/2021\/11\/Archipel-Nanterre-Garcia-Faura-Vinci-01-scaled.jpg","contentUrl":"https:\/\/www.garciafaura.com\/wp-content\/uploads\/2021\/11\/Archipel-Nanterre-Garcia-Faura-Vinci-01-scaled.jpg","width":2560,"height":1356,"caption":"Archipel Nanterre Garcia Faura Vinci-01"},{"@type":"BreadcrumbList","@id":"https:\/\/www.garciafaura.com\/es\/garcia-faura-finalitza-la-intervencio-al-projecte-frances-larchipel\/#breadcrumb","itemListElement":[{"@type":"ListItem","position":1,"name":"Inici","item":"https:\/\/www.garciafaura.com\/es\/"},{"@type":"ListItem","position":2,"name":"GARCIA FAURA finaliza la intervenci\u00f3n en el proyecto franc\u00e9s L\u2019Archipel"}]},{"@type":"WebSite","@id":"https:\/\/www.garciafaura.com\/fr\/#website","url":"https:\/\/www.garciafaura.com\/fr\/","name":"GARCIA FAURA","description":"Arquitectura en Alumini, Inox, Ferro i Vidre","publisher":{"@id":"https:\/\/www.garciafaura.com\/fr\/#organization"},"potentialAction":[{"@type":"SearchAction","target":{"@type":"EntryPoint","urlTemplate":"https:\/\/www.garciafaura.com\/fr\/?s={search_term_string}"},"query-input":{"@type":"PropertyValueSpecification","valueRequired":true,"valueName":"search_term_string"}}],"inLanguage":"es"},{"@type":"Organization","@id":"https:\/\/www.garciafaura.com\/fr\/#organization","name":"GARCIA FAURA","url":"https:\/\/www.garciafaura.com\/fr\/","logo":{"@type":"ImageObject","inLanguage":"es","@id":"https:\/\/www.garciafaura.com\/fr\/#\/schema\/logo\/image\/","url":"https:\/\/www.garciafaura.com\/wp-content\/uploads\/2018\/09\/Garcia-Faura.png","contentUrl":"https:\/\/www.garciafaura.com\/wp-content\/uploads\/2018\/09\/Garcia-Faura.png","width":512,"height":512,"caption":"GARCIA FAURA"},"image":{"@id":"https:\/\/www.garciafaura.com\/fr\/#\/schema\/logo\/image\/"},"sameAs":["https:\/\/www.youtube.com\/user\/GARCIAFAURA"]},{"@type":"Person","@id":"https:\/\/www.garciafaura.com\/fr\/#\/schema\/person\/b4b75e69b33fac3446071909bec106b0","name":"David Achell","image":{"@type":"ImageObject","inLanguage":"es","@id":"https:\/\/www.garciafaura.com\/fr\/#\/schema\/person\/image\/","url":"https:\/\/secure.gravatar.com\/avatar\/03900210afc1f61bce737bcb4a79c02e2c997f171e3eca839b5a4cbe03846c90?s=96&d=blank&r=g","contentUrl":"https:\/\/secure.gravatar.com\/avatar\/03900210afc1f61bce737bcb4a79c02e2c997f171e3eca839b5a4cbe03846c90?s=96&d=blank&r=g","caption":"David Achell"}}]}},"_links":{"self":[{"href":"https:\/\/www.garciafaura.com\/es\/wp-json\/wp\/v2\/posts\/28657","targetHints":{"allow":["GET"]}}],"collection":[{"href":"https:\/\/www.garciafaura.com\/es\/wp-json\/wp\/v2\/posts"}],"about":[{"href":"https:\/\/www.garciafaura.com\/es\/wp-json\/wp\/v2\/types\/post"}],"author":[{"embeddable":true,"href":"https:\/\/www.garciafaura.com\/es\/wp-json\/wp\/v2\/users\/3"}],"replies":[{"embeddable":true,"href":"https:\/\/www.garciafaura.com\/es\/wp-json\/wp\/v2\/comments?post=28657"}],"version-history":[{"count":8,"href":"https:\/\/www.garciafaura.com\/es\/wp-json\/wp\/v2\/posts\/28657\/revisions"}],"predecessor-version":[{"id":28708,"href":"https:\/\/www.garciafaura.com\/es\/wp-json\/wp\/v2\/posts\/28657\/revisions\/28708"}],"wp:featuredmedia":[{"embeddable":true,"href":"https:\/\/www.garciafaura.com\/es\/wp-json\/wp\/v2\/media\/28668"}],"wp:attachment":[{"href":"https:\/\/www.garciafaura.com\/es\/wp-json\/wp\/v2\/media?parent=28657"}],"wp:term":[{"taxonomy":"category","embeddable":true,"href":"https:\/\/www.garciafaura.com\/es\/wp-json\/wp\/v2\/categories?post=28657"},{"taxonomy":"post_tag","embeddable":true,"href":"https:\/\/www.garciafaura.com\/es\/wp-json\/wp\/v2\/tags?post=28657"},{"taxonomy":"post_series","embeddable":true,"href":"https:\/\/www.garciafaura.com\/es\/wp-json\/wp\/v2\/post_series?post=28657"}],"curies":[{"name":"wp","href":"https:\/\/api.w.org\/{rel}","templated":true}]}}