{"id":28627,"date":"2021-10-19T09:12:04","date_gmt":"2021-10-19T07:12:04","guid":{"rendered":"https:\/\/www.garciafaura.com\/tancaments-de-garcia-faura-per-al-nou-aparthotel-de-4-estrelles-de-barcelona\/"},"modified":"2024-05-06T12:59:17","modified_gmt":"2024-05-06T10:59:17","slug":"tancaments-de-garcia-faura-per-al-nou-aparthotel-de-4-estrelles-de-barcelona","status":"publish","type":"post","link":"https:\/\/www.garciafaura.com\/es\/tancaments-de-garcia-faura-per-al-nou-aparthotel-de-4-estrelles-de-barcelona\/","title":{"rendered":"Cerramientos de GARCIA FAURA para el nuevo aparthotel de 4 estrellas de Barcelona"},"content":{"rendered":"\n<p><strong>El Tembo BCN Suites ser\u00e1 un aparthotel de cuatro estrellas que se levantar\u00e1 en Port Forum, a caballo entre Barcelona y Sant Adri\u00e0 de Bes\u00f2s. Contar\u00e1 con m\u00e1s de 300 apartamentos con vistas al mar repartidos en 18 plantas. La previsi\u00f3n es que el inmueble sea inaugurado a lo largo de 2023. <\/strong> <\/p>\n\n\n\n<p>El hotel tendr\u00e1 una superficie de m\u00e1s de 20.000 metros cuadrados gracias a las dos torres de que constar\u00e1. Las torres estar\u00e1n separadas por un atrio de unos 60 metros de altura construido con madera. La funci\u00f3n de este atrio ser\u00e1 la de regular las condiciones clim\u00e1ticas y de conexi\u00f3n entre los apartamentos.<\/p>\n\n\n\n<p><strong>GARCIA FAURA<\/strong> fabrica e instala los cerramientos de todo el edificio con aluminio de altas prestaciones y con rotura de puente t\u00e9rmico. Se trata de casi 5.000 metros cuadrados de cerramientos con aperturas correderas y practicables que se podr\u00e1n encontrar tanto en los apartamentos como en la planta baja, las zonas comunes y los n\u00facleos de escalera.<\/p>\n\n\n\n<p>El <strong>Tembo BCN Suites<\/strong> incluir\u00e1 salas de convenciones, restaurantes, guarder\u00eda, biblioteca, zona de reuniones e incluso una terraza con piscina, entre otros espacios. Todo el inmueble est\u00e1 levantando con criterios de sostenibilidad tanto en cuanto a los materiales usados \u200b\u200bcomo los sistemas de construcci\u00f3n.<\/p>\n","protected":false},"excerpt":{"rendered":"<p>El Tembo BCN Suites ser\u00e1 un aparthotel de cuatro estrellas que se levantar\u00e1 en Port Forum, a caballo entre Barcelona y Sant Adri\u00e0 de Bes\u00f2s. Contar\u00e1 con m\u00e1s de 300 apartamentos con vistas al mar repartidos en 18 plantas. La&hellip;<\/p>\n","protected":false},"author":3,"featured_media":28609,"comment_status":"closed","ping_status":"open","sticky":false,"template":"","format":"gallery","meta":{"footnotes":""},"categories":[3],"tags":[],"post_series":[],"class_list":["post-28627","post","type-post","status-publish","format-gallery","has-post-thumbnail","hentry","category-actualidad","post_format-post-format-gallery","entry","has-media"],"yoast_head":"<!-- This site is optimized with the Yoast SEO plugin v26.7 - https:\/\/yoast.com\/wordpress\/plugins\/seo\/ -->\n<title>Cerramientos de GARCIA FAURA para el nuevo aparthotel de 4 estrellas de Barcelona - GARCIA FAURA<\/title>\n<meta name=\"description\" content=\"Arquitectura en Alumini, Inox, Ferro i Vidre\" \/>\n<meta name=\"robots\" content=\"index, follow, max-snippet:-1, max-image-preview:large, max-video-preview:-1\" \/>\n<link rel=\"canonical\" href=\"https:\/\/www.garciafaura.com\/es\/tancaments-de-garcia-faura-per-al-nou-aparthotel-de-4-estrelles-de-barcelona\/\" \/>\n<meta property=\"og:locale\" content=\"es_ES\" \/>\n<meta property=\"og:type\" content=\"article\" \/>\n<meta property=\"og:title\" content=\"Cerramientos de GARCIA FAURA para el nuevo aparthotel de 4 estrellas de Barcelona - GARCIA FAURA\" \/>\n<meta property=\"og:description\" content=\"Arquitectura en Alumini, Inox, Ferro i Vidre\" \/>\n<meta property=\"og:url\" content=\"https:\/\/www.garciafaura.com\/es\/tancaments-de-garcia-faura-per-al-nou-aparthotel-de-4-estrelles-de-barcelona\/\" \/>\n<meta property=\"og:site_name\" content=\"GARCIA FAURA\" \/>\n<meta property=\"article:published_time\" content=\"2021-10-19T07:12:04+00:00\" \/>\n<meta property=\"article:modified_time\" content=\"2024-05-06T10:59:17+00:00\" \/>\n<meta property=\"og:image\" content=\"https:\/\/www.garciafaura.com\/wp-content\/uploads\/2021\/10\/Tembo-Suites-03.jpg\" \/>\n\t<meta property=\"og:image:width\" content=\"1549\" \/>\n\t<meta property=\"og:image:height\" content=\"1290\" \/>\n\t<meta property=\"og:image:type\" content=\"image\/jpeg\" \/>\n<meta name=\"author\" content=\"David Achell\" \/>\n<meta name=\"twitter:card\" content=\"summary_large_image\" \/>\n<meta name=\"twitter:label1\" content=\"Escrito por\" \/>\n\t<meta name=\"twitter:data1\" content=\"David Achell\" \/>\n\t<meta name=\"twitter:label2\" content=\"Tiempo de lectura\" \/>\n\t<meta name=\"twitter:data2\" content=\"1 minuto\" \/>\n<script type=\"application\/ld+json\" class=\"yoast-schema-graph\">{\"@context\":\"https:\/\/schema.org\",\"@graph\":[{\"@type\":\"Article\",\"@id\":\"https:\/\/www.garciafaura.com\/es\/tancaments-de-garcia-faura-per-al-nou-aparthotel-de-4-estrelles-de-barcelona\/#article\",\"isPartOf\":{\"@id\":\"https:\/\/www.garciafaura.com\/es\/tancaments-de-garcia-faura-per-al-nou-aparthotel-de-4-estrelles-de-barcelona\/\"},\"author\":{\"name\":\"David Achell\",\"@id\":\"https:\/\/www.garciafaura.com\/fr\/#\/schema\/person\/b4b75e69b33fac3446071909bec106b0\"},\"headline\":\"Cerramientos de GARCIA FAURA para el nuevo aparthotel de 4 estrellas de Barcelona\",\"datePublished\":\"2021-10-19T07:12:04+00:00\",\"dateModified\":\"2024-05-06T10:59:17+00:00\",\"mainEntityOfPage\":{\"@id\":\"https:\/\/www.garciafaura.com\/es\/tancaments-de-garcia-faura-per-al-nou-aparthotel-de-4-estrelles-de-barcelona\/\"},\"wordCount\":225,\"publisher\":{\"@id\":\"https:\/\/www.garciafaura.com\/fr\/#organization\"},\"image\":{\"@id\":\"https:\/\/www.garciafaura.com\/es\/tancaments-de-garcia-faura-per-al-nou-aparthotel-de-4-estrelles-de-barcelona\/#primaryimage\"},\"thumbnailUrl\":\"https:\/\/www.garciafaura.com\/wp-content\/uploads\/2021\/10\/Tembo-Suites-03.jpg\",\"articleSection\":[\"Actualidad\"],\"inLanguage\":\"es\"},{\"@type\":\"WebPage\",\"@id\":\"https:\/\/www.garciafaura.com\/es\/tancaments-de-garcia-faura-per-al-nou-aparthotel-de-4-estrelles-de-barcelona\/\",\"url\":\"https:\/\/www.garciafaura.com\/es\/tancaments-de-garcia-faura-per-al-nou-aparthotel-de-4-estrelles-de-barcelona\/\",\"name\":\"Cerramientos de GARCIA FAURA para el nuevo aparthotel de 4 estrellas de Barcelona - GARCIA FAURA\",\"isPartOf\":{\"@id\":\"https:\/\/www.garciafaura.com\/fr\/#website\"},\"primaryImageOfPage\":{\"@id\":\"https:\/\/www.garciafaura.com\/es\/tancaments-de-garcia-faura-per-al-nou-aparthotel-de-4-estrelles-de-barcelona\/#primaryimage\"},\"image\":{\"@id\":\"https:\/\/www.garciafaura.com\/es\/tancaments-de-garcia-faura-per-al-nou-aparthotel-de-4-estrelles-de-barcelona\/#primaryimage\"},\"thumbnailUrl\":\"https:\/\/www.garciafaura.com\/wp-content\/uploads\/2021\/10\/Tembo-Suites-03.jpg\",\"datePublished\":\"2021-10-19T07:12:04+00:00\",\"dateModified\":\"2024-05-06T10:59:17+00:00\",\"description\":\"Arquitectura en Alumini, Inox, Ferro i Vidre\",\"breadcrumb\":{\"@id\":\"https:\/\/www.garciafaura.com\/es\/tancaments-de-garcia-faura-per-al-nou-aparthotel-de-4-estrelles-de-barcelona\/#breadcrumb\"},\"inLanguage\":\"es\",\"potentialAction\":[{\"@type\":\"ReadAction\",\"target\":[\"https:\/\/www.garciafaura.com\/es\/tancaments-de-garcia-faura-per-al-nou-aparthotel-de-4-estrelles-de-barcelona\/\"]}]},{\"@type\":\"ImageObject\",\"inLanguage\":\"es\",\"@id\":\"https:\/\/www.garciafaura.com\/es\/tancaments-de-garcia-faura-per-al-nou-aparthotel-de-4-estrelles-de-barcelona\/#primaryimage\",\"url\":\"https:\/\/www.garciafaura.com\/wp-content\/uploads\/2021\/10\/Tembo-Suites-03.jpg\",\"contentUrl\":\"https:\/\/www.garciafaura.com\/wp-content\/uploads\/2021\/10\/Tembo-Suites-03.jpg\",\"width\":1549,\"height\":1290,\"caption\":\"Tembo BCN Suites Garcia Faura\"},{\"@type\":\"BreadcrumbList\",\"@id\":\"https:\/\/www.garciafaura.com\/es\/tancaments-de-garcia-faura-per-al-nou-aparthotel-de-4-estrelles-de-barcelona\/#breadcrumb\",\"itemListElement\":[{\"@type\":\"ListItem\",\"position\":1,\"name\":\"Inici\",\"item\":\"https:\/\/www.garciafaura.com\/es\/\"},{\"@type\":\"ListItem\",\"position\":2,\"name\":\"Cerramientos de GARCIA FAURA para el nuevo aparthotel de 4 estrellas de Barcelona\"}]},{\"@type\":\"WebSite\",\"@id\":\"https:\/\/www.garciafaura.com\/fr\/#website\",\"url\":\"https:\/\/www.garciafaura.com\/fr\/\",\"name\":\"GARCIA FAURA\",\"description\":\"Arquitectura en Alumini, Inox, Ferro i Vidre\",\"publisher\":{\"@id\":\"https:\/\/www.garciafaura.com\/fr\/#organization\"},\"potentialAction\":[{\"@type\":\"SearchAction\",\"target\":{\"@type\":\"EntryPoint\",\"urlTemplate\":\"https:\/\/www.garciafaura.com\/fr\/?s={search_term_string}\"},\"query-input\":{\"@type\":\"PropertyValueSpecification\",\"valueRequired\":true,\"valueName\":\"search_term_string\"}}],\"inLanguage\":\"es\"},{\"@type\":\"Organization\",\"@id\":\"https:\/\/www.garciafaura.com\/fr\/#organization\",\"name\":\"GARCIA FAURA\",\"url\":\"https:\/\/www.garciafaura.com\/fr\/\",\"logo\":{\"@type\":\"ImageObject\",\"inLanguage\":\"es\",\"@id\":\"https:\/\/www.garciafaura.com\/fr\/#\/schema\/logo\/image\/\",\"url\":\"https:\/\/www.garciafaura.com\/wp-content\/uploads\/2018\/09\/Garcia-Faura.png\",\"contentUrl\":\"https:\/\/www.garciafaura.com\/wp-content\/uploads\/2018\/09\/Garcia-Faura.png\",\"width\":512,\"height\":512,\"caption\":\"GARCIA FAURA\"},\"image\":{\"@id\":\"https:\/\/www.garciafaura.com\/fr\/#\/schema\/logo\/image\/\"},\"sameAs\":[\"https:\/\/www.youtube.com\/user\/GARCIAFAURA\"]},{\"@type\":\"Person\",\"@id\":\"https:\/\/www.garciafaura.com\/fr\/#\/schema\/person\/b4b75e69b33fac3446071909bec106b0\",\"name\":\"David Achell\",\"image\":{\"@type\":\"ImageObject\",\"inLanguage\":\"es\",\"@id\":\"https:\/\/www.garciafaura.com\/fr\/#\/schema\/person\/image\/\",\"url\":\"https:\/\/secure.gravatar.com\/avatar\/03900210afc1f61bce737bcb4a79c02e2c997f171e3eca839b5a4cbe03846c90?s=96&d=blank&r=g\",\"contentUrl\":\"https:\/\/secure.gravatar.com\/avatar\/03900210afc1f61bce737bcb4a79c02e2c997f171e3eca839b5a4cbe03846c90?s=96&d=blank&r=g\",\"caption\":\"David Achell\"}}]}<\/script>\n<!-- \/ Yoast SEO plugin. -->","yoast_head_json":{"title":"Cerramientos de GARCIA FAURA para el nuevo aparthotel de 4 estrellas de Barcelona - GARCIA FAURA","description":"Arquitectura en Alumini, Inox, Ferro i Vidre","robots":{"index":"index","follow":"follow","max-snippet":"max-snippet:-1","max-image-preview":"max-image-preview:large","max-video-preview":"max-video-preview:-1"},"canonical":"https:\/\/www.garciafaura.com\/es\/tancaments-de-garcia-faura-per-al-nou-aparthotel-de-4-estrelles-de-barcelona\/","og_locale":"es_ES","og_type":"article","og_title":"Cerramientos de GARCIA FAURA para el nuevo aparthotel de 4 estrellas de Barcelona - GARCIA FAURA","og_description":"Arquitectura en Alumini, Inox, Ferro i Vidre","og_url":"https:\/\/www.garciafaura.com\/es\/tancaments-de-garcia-faura-per-al-nou-aparthotel-de-4-estrelles-de-barcelona\/","og_site_name":"GARCIA FAURA","article_published_time":"2021-10-19T07:12:04+00:00","article_modified_time":"2024-05-06T10:59:17+00:00","og_image":[{"width":1549,"height":1290,"url":"https:\/\/www.garciafaura.com\/wp-content\/uploads\/2021\/10\/Tembo-Suites-03.jpg","type":"image\/jpeg"}],"author":"David Achell","twitter_card":"summary_large_image","twitter_misc":{"Escrito por":"David Achell","Tiempo de lectura":"1 minuto"},"schema":{"@context":"https:\/\/schema.org","@graph":[{"@type":"Article","@id":"https:\/\/www.garciafaura.com\/es\/tancaments-de-garcia-faura-per-al-nou-aparthotel-de-4-estrelles-de-barcelona\/#article","isPartOf":{"@id":"https:\/\/www.garciafaura.com\/es\/tancaments-de-garcia-faura-per-al-nou-aparthotel-de-4-estrelles-de-barcelona\/"},"author":{"name":"David Achell","@id":"https:\/\/www.garciafaura.com\/fr\/#\/schema\/person\/b4b75e69b33fac3446071909bec106b0"},"headline":"Cerramientos de GARCIA FAURA para el nuevo aparthotel de 4 estrellas de Barcelona","datePublished":"2021-10-19T07:12:04+00:00","dateModified":"2024-05-06T10:59:17+00:00","mainEntityOfPage":{"@id":"https:\/\/www.garciafaura.com\/es\/tancaments-de-garcia-faura-per-al-nou-aparthotel-de-4-estrelles-de-barcelona\/"},"wordCount":225,"publisher":{"@id":"https:\/\/www.garciafaura.com\/fr\/#organization"},"image":{"@id":"https:\/\/www.garciafaura.com\/es\/tancaments-de-garcia-faura-per-al-nou-aparthotel-de-4-estrelles-de-barcelona\/#primaryimage"},"thumbnailUrl":"https:\/\/www.garciafaura.com\/wp-content\/uploads\/2021\/10\/Tembo-Suites-03.jpg","articleSection":["Actualidad"],"inLanguage":"es"},{"@type":"WebPage","@id":"https:\/\/www.garciafaura.com\/es\/tancaments-de-garcia-faura-per-al-nou-aparthotel-de-4-estrelles-de-barcelona\/","url":"https:\/\/www.garciafaura.com\/es\/tancaments-de-garcia-faura-per-al-nou-aparthotel-de-4-estrelles-de-barcelona\/","name":"Cerramientos de GARCIA FAURA para el nuevo aparthotel de 4 estrellas de Barcelona - GARCIA FAURA","isPartOf":{"@id":"https:\/\/www.garciafaura.com\/fr\/#website"},"primaryImageOfPage":{"@id":"https:\/\/www.garciafaura.com\/es\/tancaments-de-garcia-faura-per-al-nou-aparthotel-de-4-estrelles-de-barcelona\/#primaryimage"},"image":{"@id":"https:\/\/www.garciafaura.com\/es\/tancaments-de-garcia-faura-per-al-nou-aparthotel-de-4-estrelles-de-barcelona\/#primaryimage"},"thumbnailUrl":"https:\/\/www.garciafaura.com\/wp-content\/uploads\/2021\/10\/Tembo-Suites-03.jpg","datePublished":"2021-10-19T07:12:04+00:00","dateModified":"2024-05-06T10:59:17+00:00","description":"Arquitectura en Alumini, Inox, Ferro i Vidre","breadcrumb":{"@id":"https:\/\/www.garciafaura.com\/es\/tancaments-de-garcia-faura-per-al-nou-aparthotel-de-4-estrelles-de-barcelona\/#breadcrumb"},"inLanguage":"es","potentialAction":[{"@type":"ReadAction","target":["https:\/\/www.garciafaura.com\/es\/tancaments-de-garcia-faura-per-al-nou-aparthotel-de-4-estrelles-de-barcelona\/"]}]},{"@type":"ImageObject","inLanguage":"es","@id":"https:\/\/www.garciafaura.com\/es\/tancaments-de-garcia-faura-per-al-nou-aparthotel-de-4-estrelles-de-barcelona\/#primaryimage","url":"https:\/\/www.garciafaura.com\/wp-content\/uploads\/2021\/10\/Tembo-Suites-03.jpg","contentUrl":"https:\/\/www.garciafaura.com\/wp-content\/uploads\/2021\/10\/Tembo-Suites-03.jpg","width":1549,"height":1290,"caption":"Tembo BCN Suites Garcia Faura"},{"@type":"BreadcrumbList","@id":"https:\/\/www.garciafaura.com\/es\/tancaments-de-garcia-faura-per-al-nou-aparthotel-de-4-estrelles-de-barcelona\/#breadcrumb","itemListElement":[{"@type":"ListItem","position":1,"name":"Inici","item":"https:\/\/www.garciafaura.com\/es\/"},{"@type":"ListItem","position":2,"name":"Cerramientos de GARCIA FAURA para el nuevo aparthotel de 4 estrellas de Barcelona"}]},{"@type":"WebSite","@id":"https:\/\/www.garciafaura.com\/fr\/#website","url":"https:\/\/www.garciafaura.com\/fr\/","name":"GARCIA FAURA","description":"Arquitectura en Alumini, Inox, Ferro i Vidre","publisher":{"@id":"https:\/\/www.garciafaura.com\/fr\/#organization"},"potentialAction":[{"@type":"SearchAction","target":{"@type":"EntryPoint","urlTemplate":"https:\/\/www.garciafaura.com\/fr\/?s={search_term_string}"},"query-input":{"@type":"PropertyValueSpecification","valueRequired":true,"valueName":"search_term_string"}}],"inLanguage":"es"},{"@type":"Organization","@id":"https:\/\/www.garciafaura.com\/fr\/#organization","name":"GARCIA FAURA","url":"https:\/\/www.garciafaura.com\/fr\/","logo":{"@type":"ImageObject","inLanguage":"es","@id":"https:\/\/www.garciafaura.com\/fr\/#\/schema\/logo\/image\/","url":"https:\/\/www.garciafaura.com\/wp-content\/uploads\/2018\/09\/Garcia-Faura.png","contentUrl":"https:\/\/www.garciafaura.com\/wp-content\/uploads\/2018\/09\/Garcia-Faura.png","width":512,"height":512,"caption":"GARCIA FAURA"},"image":{"@id":"https:\/\/www.garciafaura.com\/fr\/#\/schema\/logo\/image\/"},"sameAs":["https:\/\/www.youtube.com\/user\/GARCIAFAURA"]},{"@type":"Person","@id":"https:\/\/www.garciafaura.com\/fr\/#\/schema\/person\/b4b75e69b33fac3446071909bec106b0","name":"David Achell","image":{"@type":"ImageObject","inLanguage":"es","@id":"https:\/\/www.garciafaura.com\/fr\/#\/schema\/person\/image\/","url":"https:\/\/secure.gravatar.com\/avatar\/03900210afc1f61bce737bcb4a79c02e2c997f171e3eca839b5a4cbe03846c90?s=96&d=blank&r=g","contentUrl":"https:\/\/secure.gravatar.com\/avatar\/03900210afc1f61bce737bcb4a79c02e2c997f171e3eca839b5a4cbe03846c90?s=96&d=blank&r=g","caption":"David Achell"}}]}},"_links":{"self":[{"href":"https:\/\/www.garciafaura.com\/es\/wp-json\/wp\/v2\/posts\/28627","targetHints":{"allow":["GET"]}}],"collection":[{"href":"https:\/\/www.garciafaura.com\/es\/wp-json\/wp\/v2\/posts"}],"about":[{"href":"https:\/\/www.garciafaura.com\/es\/wp-json\/wp\/v2\/types\/post"}],"author":[{"embeddable":true,"href":"https:\/\/www.garciafaura.com\/es\/wp-json\/wp\/v2\/users\/3"}],"replies":[{"embeddable":true,"href":"https:\/\/www.garciafaura.com\/es\/wp-json\/wp\/v2\/comments?post=28627"}],"version-history":[{"count":1,"href":"https:\/\/www.garciafaura.com\/es\/wp-json\/wp\/v2\/posts\/28627\/revisions"}],"predecessor-version":[{"id":28629,"href":"https:\/\/www.garciafaura.com\/es\/wp-json\/wp\/v2\/posts\/28627\/revisions\/28629"}],"wp:featuredmedia":[{"embeddable":true,"href":"https:\/\/www.garciafaura.com\/es\/wp-json\/wp\/v2\/media\/28609"}],"wp:attachment":[{"href":"https:\/\/www.garciafaura.com\/es\/wp-json\/wp\/v2\/media?parent=28627"}],"wp:term":[{"taxonomy":"category","embeddable":true,"href":"https:\/\/www.garciafaura.com\/es\/wp-json\/wp\/v2\/categories?post=28627"},{"taxonomy":"post_tag","embeddable":true,"href":"https:\/\/www.garciafaura.com\/es\/wp-json\/wp\/v2\/tags?post=28627"},{"taxonomy":"post_series","embeddable":true,"href":"https:\/\/www.garciafaura.com\/es\/wp-json\/wp\/v2\/post_series?post=28627"}],"curies":[{"name":"wp","href":"https:\/\/api.w.org\/{rel}","templated":true}]}}