{"id":28392,"date":"2021-10-06T09:38:42","date_gmt":"2021-10-06T07:38:42","guid":{"rendered":"https:\/\/www.garciafaura.com\/finalitzada-la-intervencio-a-la-nova-seu-del-banc-italia-intesa-sanpaolo-a-luxemburg\/"},"modified":"2021-10-06T09:47:24","modified_gmt":"2021-10-06T07:47:24","slug":"finalitzada-la-intervencio-a-la-nova-seu-del-banc-italia-intesa-sanpaolo-a-luxemburg","status":"publish","type":"post","link":"https:\/\/www.garciafaura.com\/es\/finalitzada-la-intervencio-a-la-nova-seu-del-banc-italia-intesa-sanpaolo-a-luxemburg\/","title":{"rendered":"Finaliza la intervenci\u00f3n en la nueva sede del banco italiano Intesa Sanpaolo en Luxemburgo"},"content":{"rendered":"\n<p><strong>La nueva sede del banco Intesa Sanpaolo en Luxemburgo est\u00e1 preparada para entrar en servicio. Se trata de un edificio de m\u00e1s de 10.000 metros cuadrados y ocho plantas de oficinas, que ha contado con la intervenci\u00f3n de los equipos de la Divisi\u00f3n Internacional de GARCIA FAURA.<\/strong><\/p>\n\n\n\n<p>La flamante nueva sede del banco italiano en Luxemburgo est\u00e1 situada en el barrio de la Cloche d&#8217;Or, una zona emergente de la capital del pa\u00eds centro-europeo que empieza a acoger servicios y viviendas que integran los retos que plantea el desarrollo sostenible.<\/p>\n\n\n\n<p>As\u00ed, la sede de <a href=\"https:\/\/www.intesasanpaolobankluxembourg.lu\/\" target=\"_blank\" rel=\"noreferrer noopener\"><strong>Intesa Sanpaolo<\/strong><\/a> dispone del <a href=\"https:\/\/breeam.es\/breeam-espana\/\" target=\"_blank\" rel=\"noreferrer noopener\">certificado BREEAM<\/a> de respeto a las exigencias medioambientales. El edificio es de piedra natural de color claro combinada con carpinter\u00edas de aluminio de grises oscuros, con toda una zona de fachada de vidrio en la planta baja.<\/p>\n\n\n\n<p>Es en esta zona donde se concentra el grueso de la intervenci\u00f3n de <strong>GARCIA FAURA<\/strong>, que ha desarrollado, fabricado e instalado el muro cortina inferior, de unos 445 metros cuadrados, con una docena de puertas integradas que ofrecen un alto nivel de aislamiento t\u00e9rmico, al aire y al agua.<\/p>\n\n\n\n<p>La empresa catalana tambi\u00e9n ha fabricado e instalado el conjunto de puertas autom\u00e1ticas y 300 metros cuadrados de revestimientos met\u00e1licos con chapa de aluminio para los pilares de la planta baja, m\u00e1s 235 metros cuadrados de muro cortina para los <em>loggies<\/em> de las plantas superiores.<\/p>\n","protected":false},"excerpt":{"rendered":"<p>La nueva sede del banco Intesa Sanpaolo en Luxemburgo est\u00e1 preparada para entrar en servicio. Se trata de un edificio de m\u00e1s de 10.000 metros cuadrados y ocho plantas de oficinas, que ha contado con la intervenci\u00f3n de los equipos&hellip;<\/p>\n","protected":false},"author":3,"featured_media":28385,"comment_status":"closed","ping_status":"open","sticky":false,"template":"","format":"gallery","meta":{"footnotes":""},"categories":[3],"tags":[],"post_series":[],"class_list":["post-28392","post","type-post","status-publish","format-gallery","has-post-thumbnail","hentry","category-actualidad","post_format-post-format-gallery","entry","has-media"],"yoast_head":"<!-- This site is optimized with the Yoast SEO plugin v26.7 - https:\/\/yoast.com\/wordpress\/plugins\/seo\/ -->\n<title>Finaliza la intervenci\u00f3n en la nueva sede del banco italiano Intesa Sanpaolo en Luxemburgo - GARCIA FAURA<\/title>\n<meta name=\"description\" content=\"Arquitectura en Alumini, Inox, Ferro i Vidre\" \/>\n<meta name=\"robots\" content=\"index, follow, max-snippet:-1, max-image-preview:large, max-video-preview:-1\" \/>\n<link rel=\"canonical\" href=\"https:\/\/www.garciafaura.com\/es\/finalitzada-la-intervencio-a-la-nova-seu-del-banc-italia-intesa-sanpaolo-a-luxemburg\/\" \/>\n<meta property=\"og:locale\" content=\"es_ES\" \/>\n<meta property=\"og:type\" content=\"article\" \/>\n<meta property=\"og:title\" content=\"Finaliza la intervenci\u00f3n en la nueva sede del banco italiano Intesa Sanpaolo en Luxemburgo - GARCIA FAURA\" \/>\n<meta property=\"og:description\" content=\"Arquitectura en Alumini, Inox, Ferro i Vidre\" \/>\n<meta property=\"og:url\" content=\"https:\/\/www.garciafaura.com\/es\/finalitzada-la-intervencio-a-la-nova-seu-del-banc-italia-intesa-sanpaolo-a-luxemburg\/\" \/>\n<meta property=\"og:site_name\" content=\"GARCIA FAURA\" \/>\n<meta property=\"article:published_time\" content=\"2021-10-06T07:38:42+00:00\" \/>\n<meta property=\"article:modified_time\" content=\"2021-10-06T07:47:24+00:00\" \/>\n<meta property=\"og:image\" content=\"https:\/\/www.garciafaura.com\/wp-content\/uploads\/2021\/10\/BancoSanpaolo1-1.jpg\" \/>\n\t<meta property=\"og:image:width\" content=\"1600\" \/>\n\t<meta property=\"og:image:height\" content=\"1200\" \/>\n\t<meta property=\"og:image:type\" content=\"image\/jpeg\" \/>\n<meta name=\"author\" content=\"David Achell\" \/>\n<meta name=\"twitter:card\" content=\"summary_large_image\" \/>\n<meta name=\"twitter:label1\" content=\"Escrito por\" \/>\n\t<meta name=\"twitter:data1\" content=\"David Achell\" \/>\n\t<meta name=\"twitter:label2\" content=\"Tiempo de lectura\" \/>\n\t<meta name=\"twitter:data2\" content=\"2 minutos\" \/>\n<script type=\"application\/ld+json\" class=\"yoast-schema-graph\">{\"@context\":\"https:\/\/schema.org\",\"@graph\":[{\"@type\":\"Article\",\"@id\":\"https:\/\/www.garciafaura.com\/es\/finalitzada-la-intervencio-a-la-nova-seu-del-banc-italia-intesa-sanpaolo-a-luxemburg\/#article\",\"isPartOf\":{\"@id\":\"https:\/\/www.garciafaura.com\/es\/finalitzada-la-intervencio-a-la-nova-seu-del-banc-italia-intesa-sanpaolo-a-luxemburg\/\"},\"author\":{\"name\":\"David Achell\",\"@id\":\"https:\/\/www.garciafaura.com\/fr\/#\/schema\/person\/b4b75e69b33fac3446071909bec106b0\"},\"headline\":\"Finaliza la intervenci\u00f3n en la nueva sede del banco italiano Intesa Sanpaolo en Luxemburgo\",\"datePublished\":\"2021-10-06T07:38:42+00:00\",\"dateModified\":\"2021-10-06T07:47:24+00:00\",\"mainEntityOfPage\":{\"@id\":\"https:\/\/www.garciafaura.com\/es\/finalitzada-la-intervencio-a-la-nova-seu-del-banc-italia-intesa-sanpaolo-a-luxemburg\/\"},\"wordCount\":252,\"publisher\":{\"@id\":\"https:\/\/www.garciafaura.com\/fr\/#organization\"},\"image\":{\"@id\":\"https:\/\/www.garciafaura.com\/es\/finalitzada-la-intervencio-a-la-nova-seu-del-banc-italia-intesa-sanpaolo-a-luxemburg\/#primaryimage\"},\"thumbnailUrl\":\"https:\/\/www.garciafaura.com\/wp-content\/uploads\/2021\/10\/BancoSanpaolo1-1.jpg\",\"articleSection\":[\"Actualidad\"],\"inLanguage\":\"es\"},{\"@type\":\"WebPage\",\"@id\":\"https:\/\/www.garciafaura.com\/es\/finalitzada-la-intervencio-a-la-nova-seu-del-banc-italia-intesa-sanpaolo-a-luxemburg\/\",\"url\":\"https:\/\/www.garciafaura.com\/es\/finalitzada-la-intervencio-a-la-nova-seu-del-banc-italia-intesa-sanpaolo-a-luxemburg\/\",\"name\":\"Finaliza la intervenci\u00f3n en la nueva sede del banco italiano Intesa Sanpaolo en Luxemburgo - GARCIA FAURA\",\"isPartOf\":{\"@id\":\"https:\/\/www.garciafaura.com\/fr\/#website\"},\"primaryImageOfPage\":{\"@id\":\"https:\/\/www.garciafaura.com\/es\/finalitzada-la-intervencio-a-la-nova-seu-del-banc-italia-intesa-sanpaolo-a-luxemburg\/#primaryimage\"},\"image\":{\"@id\":\"https:\/\/www.garciafaura.com\/es\/finalitzada-la-intervencio-a-la-nova-seu-del-banc-italia-intesa-sanpaolo-a-luxemburg\/#primaryimage\"},\"thumbnailUrl\":\"https:\/\/www.garciafaura.com\/wp-content\/uploads\/2021\/10\/BancoSanpaolo1-1.jpg\",\"datePublished\":\"2021-10-06T07:38:42+00:00\",\"dateModified\":\"2021-10-06T07:47:24+00:00\",\"description\":\"Arquitectura en Alumini, Inox, Ferro i Vidre\",\"breadcrumb\":{\"@id\":\"https:\/\/www.garciafaura.com\/es\/finalitzada-la-intervencio-a-la-nova-seu-del-banc-italia-intesa-sanpaolo-a-luxemburg\/#breadcrumb\"},\"inLanguage\":\"es\",\"potentialAction\":[{\"@type\":\"ReadAction\",\"target\":[\"https:\/\/www.garciafaura.com\/es\/finalitzada-la-intervencio-a-la-nova-seu-del-banc-italia-intesa-sanpaolo-a-luxemburg\/\"]}]},{\"@type\":\"ImageObject\",\"inLanguage\":\"es\",\"@id\":\"https:\/\/www.garciafaura.com\/es\/finalitzada-la-intervencio-a-la-nova-seu-del-banc-italia-intesa-sanpaolo-a-luxemburg\/#primaryimage\",\"url\":\"https:\/\/www.garciafaura.com\/wp-content\/uploads\/2021\/10\/BancoSanpaolo1-1.jpg\",\"contentUrl\":\"https:\/\/www.garciafaura.com\/wp-content\/uploads\/2021\/10\/BancoSanpaolo1-1.jpg\",\"width\":1600,\"height\":1200,\"caption\":\"Intesa San\"},{\"@type\":\"BreadcrumbList\",\"@id\":\"https:\/\/www.garciafaura.com\/es\/finalitzada-la-intervencio-a-la-nova-seu-del-banc-italia-intesa-sanpaolo-a-luxemburg\/#breadcrumb\",\"itemListElement\":[{\"@type\":\"ListItem\",\"position\":1,\"name\":\"Inici\",\"item\":\"https:\/\/www.garciafaura.com\/es\/\"},{\"@type\":\"ListItem\",\"position\":2,\"name\":\"Finaliza la intervenci\u00f3n en la nueva sede del banco italiano Intesa Sanpaolo en Luxemburgo\"}]},{\"@type\":\"WebSite\",\"@id\":\"https:\/\/www.garciafaura.com\/fr\/#website\",\"url\":\"https:\/\/www.garciafaura.com\/fr\/\",\"name\":\"GARCIA FAURA\",\"description\":\"Arquitectura en Alumini, Inox, Ferro i Vidre\",\"publisher\":{\"@id\":\"https:\/\/www.garciafaura.com\/fr\/#organization\"},\"potentialAction\":[{\"@type\":\"SearchAction\",\"target\":{\"@type\":\"EntryPoint\",\"urlTemplate\":\"https:\/\/www.garciafaura.com\/fr\/?s={search_term_string}\"},\"query-input\":{\"@type\":\"PropertyValueSpecification\",\"valueRequired\":true,\"valueName\":\"search_term_string\"}}],\"inLanguage\":\"es\"},{\"@type\":\"Organization\",\"@id\":\"https:\/\/www.garciafaura.com\/fr\/#organization\",\"name\":\"GARCIA FAURA\",\"url\":\"https:\/\/www.garciafaura.com\/fr\/\",\"logo\":{\"@type\":\"ImageObject\",\"inLanguage\":\"es\",\"@id\":\"https:\/\/www.garciafaura.com\/fr\/#\/schema\/logo\/image\/\",\"url\":\"https:\/\/www.garciafaura.com\/wp-content\/uploads\/2018\/09\/Garcia-Faura.png\",\"contentUrl\":\"https:\/\/www.garciafaura.com\/wp-content\/uploads\/2018\/09\/Garcia-Faura.png\",\"width\":512,\"height\":512,\"caption\":\"GARCIA FAURA\"},\"image\":{\"@id\":\"https:\/\/www.garciafaura.com\/fr\/#\/schema\/logo\/image\/\"},\"sameAs\":[\"https:\/\/www.youtube.com\/user\/GARCIAFAURA\"]},{\"@type\":\"Person\",\"@id\":\"https:\/\/www.garciafaura.com\/fr\/#\/schema\/person\/b4b75e69b33fac3446071909bec106b0\",\"name\":\"David Achell\",\"image\":{\"@type\":\"ImageObject\",\"inLanguage\":\"es\",\"@id\":\"https:\/\/www.garciafaura.com\/fr\/#\/schema\/person\/image\/\",\"url\":\"https:\/\/secure.gravatar.com\/avatar\/03900210afc1f61bce737bcb4a79c02e2c997f171e3eca839b5a4cbe03846c90?s=96&d=blank&r=g\",\"contentUrl\":\"https:\/\/secure.gravatar.com\/avatar\/03900210afc1f61bce737bcb4a79c02e2c997f171e3eca839b5a4cbe03846c90?s=96&d=blank&r=g\",\"caption\":\"David Achell\"}}]}<\/script>\n<!-- \/ Yoast SEO plugin. -->","yoast_head_json":{"title":"Finaliza la intervenci\u00f3n en la nueva sede del banco italiano Intesa Sanpaolo en Luxemburgo - GARCIA FAURA","description":"Arquitectura en Alumini, Inox, Ferro i Vidre","robots":{"index":"index","follow":"follow","max-snippet":"max-snippet:-1","max-image-preview":"max-image-preview:large","max-video-preview":"max-video-preview:-1"},"canonical":"https:\/\/www.garciafaura.com\/es\/finalitzada-la-intervencio-a-la-nova-seu-del-banc-italia-intesa-sanpaolo-a-luxemburg\/","og_locale":"es_ES","og_type":"article","og_title":"Finaliza la intervenci\u00f3n en la nueva sede del banco italiano Intesa Sanpaolo en Luxemburgo - GARCIA FAURA","og_description":"Arquitectura en Alumini, Inox, Ferro i Vidre","og_url":"https:\/\/www.garciafaura.com\/es\/finalitzada-la-intervencio-a-la-nova-seu-del-banc-italia-intesa-sanpaolo-a-luxemburg\/","og_site_name":"GARCIA FAURA","article_published_time":"2021-10-06T07:38:42+00:00","article_modified_time":"2021-10-06T07:47:24+00:00","og_image":[{"width":1600,"height":1200,"url":"https:\/\/www.garciafaura.com\/wp-content\/uploads\/2021\/10\/BancoSanpaolo1-1.jpg","type":"image\/jpeg"}],"author":"David Achell","twitter_card":"summary_large_image","twitter_misc":{"Escrito por":"David Achell","Tiempo de lectura":"2 minutos"},"schema":{"@context":"https:\/\/schema.org","@graph":[{"@type":"Article","@id":"https:\/\/www.garciafaura.com\/es\/finalitzada-la-intervencio-a-la-nova-seu-del-banc-italia-intesa-sanpaolo-a-luxemburg\/#article","isPartOf":{"@id":"https:\/\/www.garciafaura.com\/es\/finalitzada-la-intervencio-a-la-nova-seu-del-banc-italia-intesa-sanpaolo-a-luxemburg\/"},"author":{"name":"David Achell","@id":"https:\/\/www.garciafaura.com\/fr\/#\/schema\/person\/b4b75e69b33fac3446071909bec106b0"},"headline":"Finaliza la intervenci\u00f3n en la nueva sede del banco italiano Intesa Sanpaolo en Luxemburgo","datePublished":"2021-10-06T07:38:42+00:00","dateModified":"2021-10-06T07:47:24+00:00","mainEntityOfPage":{"@id":"https:\/\/www.garciafaura.com\/es\/finalitzada-la-intervencio-a-la-nova-seu-del-banc-italia-intesa-sanpaolo-a-luxemburg\/"},"wordCount":252,"publisher":{"@id":"https:\/\/www.garciafaura.com\/fr\/#organization"},"image":{"@id":"https:\/\/www.garciafaura.com\/es\/finalitzada-la-intervencio-a-la-nova-seu-del-banc-italia-intesa-sanpaolo-a-luxemburg\/#primaryimage"},"thumbnailUrl":"https:\/\/www.garciafaura.com\/wp-content\/uploads\/2021\/10\/BancoSanpaolo1-1.jpg","articleSection":["Actualidad"],"inLanguage":"es"},{"@type":"WebPage","@id":"https:\/\/www.garciafaura.com\/es\/finalitzada-la-intervencio-a-la-nova-seu-del-banc-italia-intesa-sanpaolo-a-luxemburg\/","url":"https:\/\/www.garciafaura.com\/es\/finalitzada-la-intervencio-a-la-nova-seu-del-banc-italia-intesa-sanpaolo-a-luxemburg\/","name":"Finaliza la intervenci\u00f3n en la nueva sede del banco italiano Intesa Sanpaolo en Luxemburgo - GARCIA FAURA","isPartOf":{"@id":"https:\/\/www.garciafaura.com\/fr\/#website"},"primaryImageOfPage":{"@id":"https:\/\/www.garciafaura.com\/es\/finalitzada-la-intervencio-a-la-nova-seu-del-banc-italia-intesa-sanpaolo-a-luxemburg\/#primaryimage"},"image":{"@id":"https:\/\/www.garciafaura.com\/es\/finalitzada-la-intervencio-a-la-nova-seu-del-banc-italia-intesa-sanpaolo-a-luxemburg\/#primaryimage"},"thumbnailUrl":"https:\/\/www.garciafaura.com\/wp-content\/uploads\/2021\/10\/BancoSanpaolo1-1.jpg","datePublished":"2021-10-06T07:38:42+00:00","dateModified":"2021-10-06T07:47:24+00:00","description":"Arquitectura en Alumini, Inox, Ferro i Vidre","breadcrumb":{"@id":"https:\/\/www.garciafaura.com\/es\/finalitzada-la-intervencio-a-la-nova-seu-del-banc-italia-intesa-sanpaolo-a-luxemburg\/#breadcrumb"},"inLanguage":"es","potentialAction":[{"@type":"ReadAction","target":["https:\/\/www.garciafaura.com\/es\/finalitzada-la-intervencio-a-la-nova-seu-del-banc-italia-intesa-sanpaolo-a-luxemburg\/"]}]},{"@type":"ImageObject","inLanguage":"es","@id":"https:\/\/www.garciafaura.com\/es\/finalitzada-la-intervencio-a-la-nova-seu-del-banc-italia-intesa-sanpaolo-a-luxemburg\/#primaryimage","url":"https:\/\/www.garciafaura.com\/wp-content\/uploads\/2021\/10\/BancoSanpaolo1-1.jpg","contentUrl":"https:\/\/www.garciafaura.com\/wp-content\/uploads\/2021\/10\/BancoSanpaolo1-1.jpg","width":1600,"height":1200,"caption":"Intesa San"},{"@type":"BreadcrumbList","@id":"https:\/\/www.garciafaura.com\/es\/finalitzada-la-intervencio-a-la-nova-seu-del-banc-italia-intesa-sanpaolo-a-luxemburg\/#breadcrumb","itemListElement":[{"@type":"ListItem","position":1,"name":"Inici","item":"https:\/\/www.garciafaura.com\/es\/"},{"@type":"ListItem","position":2,"name":"Finaliza la intervenci\u00f3n en la nueva sede del banco italiano Intesa Sanpaolo en Luxemburgo"}]},{"@type":"WebSite","@id":"https:\/\/www.garciafaura.com\/fr\/#website","url":"https:\/\/www.garciafaura.com\/fr\/","name":"GARCIA FAURA","description":"Arquitectura en Alumini, Inox, Ferro i Vidre","publisher":{"@id":"https:\/\/www.garciafaura.com\/fr\/#organization"},"potentialAction":[{"@type":"SearchAction","target":{"@type":"EntryPoint","urlTemplate":"https:\/\/www.garciafaura.com\/fr\/?s={search_term_string}"},"query-input":{"@type":"PropertyValueSpecification","valueRequired":true,"valueName":"search_term_string"}}],"inLanguage":"es"},{"@type":"Organization","@id":"https:\/\/www.garciafaura.com\/fr\/#organization","name":"GARCIA FAURA","url":"https:\/\/www.garciafaura.com\/fr\/","logo":{"@type":"ImageObject","inLanguage":"es","@id":"https:\/\/www.garciafaura.com\/fr\/#\/schema\/logo\/image\/","url":"https:\/\/www.garciafaura.com\/wp-content\/uploads\/2018\/09\/Garcia-Faura.png","contentUrl":"https:\/\/www.garciafaura.com\/wp-content\/uploads\/2018\/09\/Garcia-Faura.png","width":512,"height":512,"caption":"GARCIA FAURA"},"image":{"@id":"https:\/\/www.garciafaura.com\/fr\/#\/schema\/logo\/image\/"},"sameAs":["https:\/\/www.youtube.com\/user\/GARCIAFAURA"]},{"@type":"Person","@id":"https:\/\/www.garciafaura.com\/fr\/#\/schema\/person\/b4b75e69b33fac3446071909bec106b0","name":"David Achell","image":{"@type":"ImageObject","inLanguage":"es","@id":"https:\/\/www.garciafaura.com\/fr\/#\/schema\/person\/image\/","url":"https:\/\/secure.gravatar.com\/avatar\/03900210afc1f61bce737bcb4a79c02e2c997f171e3eca839b5a4cbe03846c90?s=96&d=blank&r=g","contentUrl":"https:\/\/secure.gravatar.com\/avatar\/03900210afc1f61bce737bcb4a79c02e2c997f171e3eca839b5a4cbe03846c90?s=96&d=blank&r=g","caption":"David Achell"}}]}},"_links":{"self":[{"href":"https:\/\/www.garciafaura.com\/es\/wp-json\/wp\/v2\/posts\/28392","targetHints":{"allow":["GET"]}}],"collection":[{"href":"https:\/\/www.garciafaura.com\/es\/wp-json\/wp\/v2\/posts"}],"about":[{"href":"https:\/\/www.garciafaura.com\/es\/wp-json\/wp\/v2\/types\/post"}],"author":[{"embeddable":true,"href":"https:\/\/www.garciafaura.com\/es\/wp-json\/wp\/v2\/users\/3"}],"replies":[{"embeddable":true,"href":"https:\/\/www.garciafaura.com\/es\/wp-json\/wp\/v2\/comments?post=28392"}],"version-history":[{"count":1,"href":"https:\/\/www.garciafaura.com\/es\/wp-json\/wp\/v2\/posts\/28392\/revisions"}],"predecessor-version":[{"id":28394,"href":"https:\/\/www.garciafaura.com\/es\/wp-json\/wp\/v2\/posts\/28392\/revisions\/28394"}],"wp:featuredmedia":[{"embeddable":true,"href":"https:\/\/www.garciafaura.com\/es\/wp-json\/wp\/v2\/media\/28385"}],"wp:attachment":[{"href":"https:\/\/www.garciafaura.com\/es\/wp-json\/wp\/v2\/media?parent=28392"}],"wp:term":[{"taxonomy":"category","embeddable":true,"href":"https:\/\/www.garciafaura.com\/es\/wp-json\/wp\/v2\/categories?post=28392"},{"taxonomy":"post_tag","embeddable":true,"href":"https:\/\/www.garciafaura.com\/es\/wp-json\/wp\/v2\/tags?post=28392"},{"taxonomy":"post_series","embeddable":true,"href":"https:\/\/www.garciafaura.com\/es\/wp-json\/wp\/v2\/post_series?post=28392"}],"curies":[{"name":"wp","href":"https:\/\/api.w.org\/{rel}","templated":true}]}}