{"id":28361,"date":"2021-09-23T11:37:45","date_gmt":"2021-09-23T09:37:45","guid":{"rendered":"https:\/\/www.garciafaura.com\/garcia-faura-present-en-diversos-projectes-innovadors-al-districte-tecnologic-22-de-barcelona\/"},"modified":"2021-09-23T11:57:10","modified_gmt":"2021-09-23T09:57:10","slug":"garcia-faura-present-en-diversos-projectes-innovadors-al-districte-tecnologic-22-de-barcelona","status":"publish","type":"post","link":"https:\/\/www.garciafaura.com\/es\/garcia-faura-present-en-diversos-projectes-innovadors-al-districte-tecnologic-22-de-barcelona\/","title":{"rendered":"GARCIA FAURA, presente en varios proyectos innovadores en el distrito tecnol\u00f3gico 22@ de Barcelona"},"content":{"rendered":"\n<p><strong>GARCIA FAURA participa en varios proyectos constructivos en el 22@, el distrito barcelon\u00e9s donde conviven empresas, centros de investigaci\u00f3n y ense\u00f1anza con viviendas, equipamientos y zonas verdes. Un espacio que ya se ha consolidado como polo econ\u00f3mico y de conocimiento de la capital catalana.<\/strong><\/p>\n\n\n\n<p>El <strong><a href=\"https:\/\/ajuntament.barcelona.cat\/ecologiaurbana\/22barcelona\/es\/\" target=\"_blank\" rel=\"noreferrer noopener\">distrito 22@<\/a><\/strong> se extiende por unas 200 hect\u00e1reas del Poblenou, un barrio barcelon\u00e9s de tradici\u00f3n industrial que desde hace a\u00f1os se est\u00e1 reconvirtiendo en un polo de concentraci\u00f3n estrat\u00e9gica de actividades intensivas en conocimiento con la ubicaci\u00f3n de oficinas o residencias de estudiantes, entre otros equipamientos.<\/p>\n\n\n\n<p>Unos nuevos equipamientos que, en algunos casos, cuentan con la participaci\u00f3n de <strong>GARCIA FAURA<\/strong>. Especialmente en la calle Pallars, donde la empresa est\u00e1 desarrollando la fachada y los cierres met\u00e1licos de un <strong><a href=\"https:\/\/www.garciafaura.com\/es\/portfolio-item\/oficines-pallars-180\/\" target=\"_blank\" rel=\"noreferrer noopener\">edificio de oficinas<\/a><\/strong> de siete plantas y situado muy cerca del centro neur\u00e1lgico de la ciudad como es la plaza de las Gl\u00f2ries o la avenida Diagonal.<\/p>\n\n\n\n<p>Muy cerca de este edificio de oficinas, concretamente en la calle Pere IV, <strong>GARCIA FAURA<\/strong> tambi\u00e9n participa en el <strong><a href=\"https:\/\/www.garciafaura.com\/es\/garcia-faura-interve-en-el-futur-complex-doficines-mes-sostenible-de-barcelona\/\" target=\"_blank\" rel=\"noreferrer noopener\">complejo Smart<\/a><\/strong>, un inmueble llamado a ser el complejo de oficinas m\u00e1s sostenible de <strong>Barcelona<\/strong> y un referente en sostenibilidad y eficiencia energ\u00e9tica. La empresa realizar\u00e1 8.900 metros cuadrados de muro cortina y 1.100 metros cuadrados de cerramientos de aluminio de diferentes tipolog\u00edas.<\/p>\n\n\n\n<p>Y en la calle Selva de Mar, la empresa tambi\u00e9n est\u00e1 ejecutando la instalaci\u00f3n de las fachadas y los cierres de otro <strong><a href=\"https:\/\/www.garciafaura.com\/es\/portfolio-item\/complejo-selva-de-mar\/\" target=\"_blank\" rel=\"noreferrer noopener\">complejo de grandes dimensiones<\/a><\/strong> que acoger\u00e1 edificios corporativos y de servicios.<\/p>\n\n\n\n<p><strong>Residencias de estudiantes<\/strong><\/p>\n\n\n\n<p>En este distrito tecnol\u00f3gico de <strong>Barcelona<\/strong> tambi\u00e9n se ubican instalaciones universitarias de la Universidad Pompeu Fabra (UPF) o de la Universidad Abierta de Catalu\u00f1a (UOC), entre otros, por lo que es un centro de acogida de residencias de estudiantes. Actualmente, <strong>GARCIA FAURA<\/strong> participa en la construcci\u00f3n de tres de estos equipamientos.<\/p>\n\n\n\n<p>Uno de ellos es el que se prev\u00e9 construir en la calle Puigcerd\u00e0 sobre un solar de unos 15.400 metros cuadrados e impulsado por el grupo estadounidense <strong>Valeo Group<\/strong>. Y dos residencias m\u00e1s se encuentran en la calle Pallars. Para una de ellas, la que ser\u00e1 <strong><a href=\"https:\/\/www.garciafaura.com\/es\/portfolio-item\/residencia-pallars-433\/\" target=\"_blank\" rel=\"noreferrer noopener\">la m\u00e1s grande de Barcelona<\/a><\/strong>, \u200b\u200b<strong>GARCIA FAURA<\/strong> desarrollar\u00e1 la fachada y los cierres met\u00e1licos.<\/p>\n\n\n\n<p>Este complejo, que tendr\u00e1 m\u00e1s de 26.000 metros cuadrados repartidos en un ala de cuatro plantas y cuatro edificios de ocho plantas, acoger\u00e1 a m\u00e1s de 700 residentes y se espera que se inaugure el pr\u00f3ximo a\u00f1o, al igual que la otra residencia que se prev\u00e9 levantar en la calle Pallars, concretamente en el n\u00famero 489.<\/p>\n\n\n\n<p>Se trata de un inmueble de 4.550 metros cuadrados situado muy cerca del campus de la UPF y que tendr\u00e1 una capacidad de 257 apartamentos (con un total de 265 camas) m\u00e1s zonas de coworking, piscina y gimnasio.<\/p>\n","protected":false},"excerpt":{"rendered":"<p>GARCIA FAURA participa en varios proyectos constructivos en el 22@, el distrito barcelon\u00e9s donde conviven empresas, centros de investigaci\u00f3n y ense\u00f1anza con viviendas, equipamientos y zonas verdes. Un espacio que ya se ha consolidado como polo econ\u00f3mico y de conocimiento&hellip;<\/p>\n","protected":false},"author":3,"featured_media":0,"comment_status":"closed","ping_status":"open","sticky":false,"template":"","format":"gallery","meta":{"footnotes":""},"categories":[3],"tags":[],"post_series":[],"class_list":["post-28361","post","type-post","status-publish","format-gallery","hentry","category-actualidad","post_format-post-format-gallery","entry","has-media"],"yoast_head":"<!-- This site is optimized with the Yoast SEO plugin v26.7 - https:\/\/yoast.com\/wordpress\/plugins\/seo\/ -->\n<title>GARCIA FAURA, presente en varios proyectos innovadores en el distrito tecnol\u00f3gico 22@ de Barcelona - GARCIA FAURA<\/title>\n<meta name=\"description\" content=\"Arquitectura en Alumini, Inox, Ferro i Vidre\" \/>\n<meta name=\"robots\" content=\"index, follow, max-snippet:-1, max-image-preview:large, max-video-preview:-1\" \/>\n<link rel=\"canonical\" href=\"https:\/\/www.garciafaura.com\/es\/garcia-faura-present-en-diversos-projectes-innovadors-al-districte-tecnologic-22-de-barcelona\/\" \/>\n<meta property=\"og:locale\" content=\"es_ES\" \/>\n<meta property=\"og:type\" content=\"article\" \/>\n<meta property=\"og:title\" content=\"GARCIA FAURA, presente en varios proyectos innovadores en el distrito tecnol\u00f3gico 22@ de Barcelona - GARCIA FAURA\" \/>\n<meta property=\"og:description\" content=\"Arquitectura en Alumini, Inox, Ferro i Vidre\" \/>\n<meta property=\"og:url\" content=\"https:\/\/www.garciafaura.com\/es\/garcia-faura-present-en-diversos-projectes-innovadors-al-districte-tecnologic-22-de-barcelona\/\" \/>\n<meta property=\"og:site_name\" content=\"GARCIA FAURA\" \/>\n<meta property=\"article:published_time\" content=\"2021-09-23T09:37:45+00:00\" \/>\n<meta property=\"article:modified_time\" content=\"2021-09-23T09:57:10+00:00\" \/>\n<meta property=\"og:image\" content=\"https:\/\/www.garciafaura.com\/wp-content\/uploads\/2021\/08\/Residencia-Pallars-433.jpg\" \/>\n\t<meta property=\"og:image:width\" content=\"1200\" \/>\n\t<meta property=\"og:image:height\" content=\"628\" \/>\n\t<meta property=\"og:image:type\" content=\"image\/jpeg\" \/>\n<meta name=\"author\" content=\"David Achell\" \/>\n<meta name=\"twitter:card\" content=\"summary_large_image\" \/>\n<meta name=\"twitter:label1\" content=\"Escrito por\" \/>\n\t<meta name=\"twitter:data1\" content=\"David Achell\" \/>\n\t<meta name=\"twitter:label2\" content=\"Tiempo de lectura\" \/>\n\t<meta name=\"twitter:data2\" content=\"2 minutos\" \/>\n<script type=\"application\/ld+json\" class=\"yoast-schema-graph\">{\"@context\":\"https:\/\/schema.org\",\"@graph\":[{\"@type\":\"Article\",\"@id\":\"https:\/\/www.garciafaura.com\/es\/garcia-faura-present-en-diversos-projectes-innovadors-al-districte-tecnologic-22-de-barcelona\/#article\",\"isPartOf\":{\"@id\":\"https:\/\/www.garciafaura.com\/es\/garcia-faura-present-en-diversos-projectes-innovadors-al-districte-tecnologic-22-de-barcelona\/\"},\"author\":{\"name\":\"David Achell\",\"@id\":\"https:\/\/www.garciafaura.com\/fr\/#\/schema\/person\/b4b75e69b33fac3446071909bec106b0\"},\"headline\":\"GARCIA FAURA, presente en varios proyectos innovadores en el distrito tecnol\u00f3gico 22@ de Barcelona\",\"datePublished\":\"2021-09-23T09:37:45+00:00\",\"dateModified\":\"2021-09-23T09:57:10+00:00\",\"mainEntityOfPage\":{\"@id\":\"https:\/\/www.garciafaura.com\/es\/garcia-faura-present-en-diversos-projectes-innovadors-al-districte-tecnologic-22-de-barcelona\/\"},\"wordCount\":489,\"publisher\":{\"@id\":\"https:\/\/www.garciafaura.com\/fr\/#organization\"},\"articleSection\":[\"Actualidad\"],\"inLanguage\":\"es\"},{\"@type\":\"WebPage\",\"@id\":\"https:\/\/www.garciafaura.com\/es\/garcia-faura-present-en-diversos-projectes-innovadors-al-districte-tecnologic-22-de-barcelona\/\",\"url\":\"https:\/\/www.garciafaura.com\/es\/garcia-faura-present-en-diversos-projectes-innovadors-al-districte-tecnologic-22-de-barcelona\/\",\"name\":\"GARCIA FAURA, presente en varios proyectos innovadores en el distrito tecnol\u00f3gico 22@ de Barcelona - GARCIA FAURA\",\"isPartOf\":{\"@id\":\"https:\/\/www.garciafaura.com\/fr\/#website\"},\"datePublished\":\"2021-09-23T09:37:45+00:00\",\"dateModified\":\"2021-09-23T09:57:10+00:00\",\"description\":\"Arquitectura en Alumini, Inox, Ferro i Vidre\",\"breadcrumb\":{\"@id\":\"https:\/\/www.garciafaura.com\/es\/garcia-faura-present-en-diversos-projectes-innovadors-al-districte-tecnologic-22-de-barcelona\/#breadcrumb\"},\"inLanguage\":\"es\",\"potentialAction\":[{\"@type\":\"ReadAction\",\"target\":[\"https:\/\/www.garciafaura.com\/es\/garcia-faura-present-en-diversos-projectes-innovadors-al-districte-tecnologic-22-de-barcelona\/\"]}]},{\"@type\":\"BreadcrumbList\",\"@id\":\"https:\/\/www.garciafaura.com\/es\/garcia-faura-present-en-diversos-projectes-innovadors-al-districte-tecnologic-22-de-barcelona\/#breadcrumb\",\"itemListElement\":[{\"@type\":\"ListItem\",\"position\":1,\"name\":\"Inici\",\"item\":\"https:\/\/www.garciafaura.com\/es\/\"},{\"@type\":\"ListItem\",\"position\":2,\"name\":\"GARCIA FAURA, presente en varios proyectos innovadores en el distrito tecnol\u00f3gico 22@ de Barcelona\"}]},{\"@type\":\"WebSite\",\"@id\":\"https:\/\/www.garciafaura.com\/fr\/#website\",\"url\":\"https:\/\/www.garciafaura.com\/fr\/\",\"name\":\"GARCIA FAURA\",\"description\":\"Arquitectura en Alumini, Inox, Ferro i Vidre\",\"publisher\":{\"@id\":\"https:\/\/www.garciafaura.com\/fr\/#organization\"},\"potentialAction\":[{\"@type\":\"SearchAction\",\"target\":{\"@type\":\"EntryPoint\",\"urlTemplate\":\"https:\/\/www.garciafaura.com\/fr\/?s={search_term_string}\"},\"query-input\":{\"@type\":\"PropertyValueSpecification\",\"valueRequired\":true,\"valueName\":\"search_term_string\"}}],\"inLanguage\":\"es\"},{\"@type\":\"Organization\",\"@id\":\"https:\/\/www.garciafaura.com\/fr\/#organization\",\"name\":\"GARCIA FAURA\",\"url\":\"https:\/\/www.garciafaura.com\/fr\/\",\"logo\":{\"@type\":\"ImageObject\",\"inLanguage\":\"es\",\"@id\":\"https:\/\/www.garciafaura.com\/fr\/#\/schema\/logo\/image\/\",\"url\":\"https:\/\/www.garciafaura.com\/wp-content\/uploads\/2018\/09\/Garcia-Faura.png\",\"contentUrl\":\"https:\/\/www.garciafaura.com\/wp-content\/uploads\/2018\/09\/Garcia-Faura.png\",\"width\":512,\"height\":512,\"caption\":\"GARCIA FAURA\"},\"image\":{\"@id\":\"https:\/\/www.garciafaura.com\/fr\/#\/schema\/logo\/image\/\"},\"sameAs\":[\"https:\/\/www.youtube.com\/user\/GARCIAFAURA\"]},{\"@type\":\"Person\",\"@id\":\"https:\/\/www.garciafaura.com\/fr\/#\/schema\/person\/b4b75e69b33fac3446071909bec106b0\",\"name\":\"David Achell\",\"image\":{\"@type\":\"ImageObject\",\"inLanguage\":\"es\",\"@id\":\"https:\/\/www.garciafaura.com\/fr\/#\/schema\/person\/image\/\",\"url\":\"https:\/\/secure.gravatar.com\/avatar\/03900210afc1f61bce737bcb4a79c02e2c997f171e3eca839b5a4cbe03846c90?s=96&d=blank&r=g\",\"contentUrl\":\"https:\/\/secure.gravatar.com\/avatar\/03900210afc1f61bce737bcb4a79c02e2c997f171e3eca839b5a4cbe03846c90?s=96&d=blank&r=g\",\"caption\":\"David Achell\"}}]}<\/script>\n<!-- \/ Yoast SEO plugin. -->","yoast_head_json":{"title":"GARCIA FAURA, presente en varios proyectos innovadores en el distrito tecnol\u00f3gico 22@ de Barcelona - GARCIA FAURA","description":"Arquitectura en Alumini, Inox, Ferro i Vidre","robots":{"index":"index","follow":"follow","max-snippet":"max-snippet:-1","max-image-preview":"max-image-preview:large","max-video-preview":"max-video-preview:-1"},"canonical":"https:\/\/www.garciafaura.com\/es\/garcia-faura-present-en-diversos-projectes-innovadors-al-districte-tecnologic-22-de-barcelona\/","og_locale":"es_ES","og_type":"article","og_title":"GARCIA FAURA, presente en varios proyectos innovadores en el distrito tecnol\u00f3gico 22@ de Barcelona - GARCIA FAURA","og_description":"Arquitectura en Alumini, Inox, Ferro i Vidre","og_url":"https:\/\/www.garciafaura.com\/es\/garcia-faura-present-en-diversos-projectes-innovadors-al-districte-tecnologic-22-de-barcelona\/","og_site_name":"GARCIA FAURA","article_published_time":"2021-09-23T09:37:45+00:00","article_modified_time":"2021-09-23T09:57:10+00:00","og_image":[{"width":1200,"height":628,"url":"https:\/\/www.garciafaura.com\/wp-content\/uploads\/2021\/08\/Residencia-Pallars-433.jpg","type":"image\/jpeg"}],"author":"David Achell","twitter_card":"summary_large_image","twitter_misc":{"Escrito por":"David Achell","Tiempo de lectura":"2 minutos"},"schema":{"@context":"https:\/\/schema.org","@graph":[{"@type":"Article","@id":"https:\/\/www.garciafaura.com\/es\/garcia-faura-present-en-diversos-projectes-innovadors-al-districte-tecnologic-22-de-barcelona\/#article","isPartOf":{"@id":"https:\/\/www.garciafaura.com\/es\/garcia-faura-present-en-diversos-projectes-innovadors-al-districte-tecnologic-22-de-barcelona\/"},"author":{"name":"David Achell","@id":"https:\/\/www.garciafaura.com\/fr\/#\/schema\/person\/b4b75e69b33fac3446071909bec106b0"},"headline":"GARCIA FAURA, presente en varios proyectos innovadores en el distrito tecnol\u00f3gico 22@ de Barcelona","datePublished":"2021-09-23T09:37:45+00:00","dateModified":"2021-09-23T09:57:10+00:00","mainEntityOfPage":{"@id":"https:\/\/www.garciafaura.com\/es\/garcia-faura-present-en-diversos-projectes-innovadors-al-districte-tecnologic-22-de-barcelona\/"},"wordCount":489,"publisher":{"@id":"https:\/\/www.garciafaura.com\/fr\/#organization"},"articleSection":["Actualidad"],"inLanguage":"es"},{"@type":"WebPage","@id":"https:\/\/www.garciafaura.com\/es\/garcia-faura-present-en-diversos-projectes-innovadors-al-districte-tecnologic-22-de-barcelona\/","url":"https:\/\/www.garciafaura.com\/es\/garcia-faura-present-en-diversos-projectes-innovadors-al-districte-tecnologic-22-de-barcelona\/","name":"GARCIA FAURA, presente en varios proyectos innovadores en el distrito tecnol\u00f3gico 22@ de Barcelona - GARCIA FAURA","isPartOf":{"@id":"https:\/\/www.garciafaura.com\/fr\/#website"},"datePublished":"2021-09-23T09:37:45+00:00","dateModified":"2021-09-23T09:57:10+00:00","description":"Arquitectura en Alumini, Inox, Ferro i Vidre","breadcrumb":{"@id":"https:\/\/www.garciafaura.com\/es\/garcia-faura-present-en-diversos-projectes-innovadors-al-districte-tecnologic-22-de-barcelona\/#breadcrumb"},"inLanguage":"es","potentialAction":[{"@type":"ReadAction","target":["https:\/\/www.garciafaura.com\/es\/garcia-faura-present-en-diversos-projectes-innovadors-al-districte-tecnologic-22-de-barcelona\/"]}]},{"@type":"BreadcrumbList","@id":"https:\/\/www.garciafaura.com\/es\/garcia-faura-present-en-diversos-projectes-innovadors-al-districte-tecnologic-22-de-barcelona\/#breadcrumb","itemListElement":[{"@type":"ListItem","position":1,"name":"Inici","item":"https:\/\/www.garciafaura.com\/es\/"},{"@type":"ListItem","position":2,"name":"GARCIA FAURA, presente en varios proyectos innovadores en el distrito tecnol\u00f3gico 22@ de Barcelona"}]},{"@type":"WebSite","@id":"https:\/\/www.garciafaura.com\/fr\/#website","url":"https:\/\/www.garciafaura.com\/fr\/","name":"GARCIA FAURA","description":"Arquitectura en Alumini, Inox, Ferro i Vidre","publisher":{"@id":"https:\/\/www.garciafaura.com\/fr\/#organization"},"potentialAction":[{"@type":"SearchAction","target":{"@type":"EntryPoint","urlTemplate":"https:\/\/www.garciafaura.com\/fr\/?s={search_term_string}"},"query-input":{"@type":"PropertyValueSpecification","valueRequired":true,"valueName":"search_term_string"}}],"inLanguage":"es"},{"@type":"Organization","@id":"https:\/\/www.garciafaura.com\/fr\/#organization","name":"GARCIA FAURA","url":"https:\/\/www.garciafaura.com\/fr\/","logo":{"@type":"ImageObject","inLanguage":"es","@id":"https:\/\/www.garciafaura.com\/fr\/#\/schema\/logo\/image\/","url":"https:\/\/www.garciafaura.com\/wp-content\/uploads\/2018\/09\/Garcia-Faura.png","contentUrl":"https:\/\/www.garciafaura.com\/wp-content\/uploads\/2018\/09\/Garcia-Faura.png","width":512,"height":512,"caption":"GARCIA FAURA"},"image":{"@id":"https:\/\/www.garciafaura.com\/fr\/#\/schema\/logo\/image\/"},"sameAs":["https:\/\/www.youtube.com\/user\/GARCIAFAURA"]},{"@type":"Person","@id":"https:\/\/www.garciafaura.com\/fr\/#\/schema\/person\/b4b75e69b33fac3446071909bec106b0","name":"David Achell","image":{"@type":"ImageObject","inLanguage":"es","@id":"https:\/\/www.garciafaura.com\/fr\/#\/schema\/person\/image\/","url":"https:\/\/secure.gravatar.com\/avatar\/03900210afc1f61bce737bcb4a79c02e2c997f171e3eca839b5a4cbe03846c90?s=96&d=blank&r=g","contentUrl":"https:\/\/secure.gravatar.com\/avatar\/03900210afc1f61bce737bcb4a79c02e2c997f171e3eca839b5a4cbe03846c90?s=96&d=blank&r=g","caption":"David Achell"}}]}},"_links":{"self":[{"href":"https:\/\/www.garciafaura.com\/es\/wp-json\/wp\/v2\/posts\/28361","targetHints":{"allow":["GET"]}}],"collection":[{"href":"https:\/\/www.garciafaura.com\/es\/wp-json\/wp\/v2\/posts"}],"about":[{"href":"https:\/\/www.garciafaura.com\/es\/wp-json\/wp\/v2\/types\/post"}],"author":[{"embeddable":true,"href":"https:\/\/www.garciafaura.com\/es\/wp-json\/wp\/v2\/users\/3"}],"replies":[{"embeddable":true,"href":"https:\/\/www.garciafaura.com\/es\/wp-json\/wp\/v2\/comments?post=28361"}],"version-history":[{"count":2,"href":"https:\/\/www.garciafaura.com\/es\/wp-json\/wp\/v2\/posts\/28361\/revisions"}],"predecessor-version":[{"id":28368,"href":"https:\/\/www.garciafaura.com\/es\/wp-json\/wp\/v2\/posts\/28361\/revisions\/28368"}],"wp:attachment":[{"href":"https:\/\/www.garciafaura.com\/es\/wp-json\/wp\/v2\/media?parent=28361"}],"wp:term":[{"taxonomy":"category","embeddable":true,"href":"https:\/\/www.garciafaura.com\/es\/wp-json\/wp\/v2\/categories?post=28361"},{"taxonomy":"post_tag","embeddable":true,"href":"https:\/\/www.garciafaura.com\/es\/wp-json\/wp\/v2\/tags?post=28361"},{"taxonomy":"post_series","embeddable":true,"href":"https:\/\/www.garciafaura.com\/es\/wp-json\/wp\/v2\/post_series?post=28361"}],"curies":[{"name":"wp","href":"https:\/\/api.w.org\/{rel}","templated":true}]}}