{"id":27910,"date":"2021-08-12T12:00:29","date_gmt":"2021-08-12T10:00:29","guid":{"rendered":"https:\/\/www.garciafaura.com\/?p=27910"},"modified":"2021-08-12T12:10:15","modified_gmt":"2021-08-12T10:10:15","slug":"el-hierro-en-garcia-faura-un-producto-con-mucha-personalidad","status":"publish","type":"post","link":"https:\/\/www.garciafaura.com\/es\/el-hierro-en-garcia-faura-un-producto-con-mucha-personalidad\/","title":{"rendered":"El hierro en GARCIA FAURA: un producto con mucha personalidad"},"content":{"rendered":"<h3 style=\"text-align: justify;\">La divisi\u00f3n de hierro y acero de GARCIA FAURA es mucho m\u00e1s que un trabajo manual muy bien hecho. Tambi\u00e9n es la seguridad y la garant\u00eda de obtener un producto con las mejores prestaciones para los proyectos constructivos, resistente a los elementos y con la eficiencia energ\u00e9tica que piden las normativas.<\/h3>\n<p style=\"text-align: justify;\">Si se quiere dar un toque diferencial a una construcci\u00f3n, el <strong>hierro<\/strong> es sin ning\u00fan tipo de duda uno de los materiales que m\u00e1s contribuyen a definir el talante de un inmueble. Y es que el <strong>hierro<\/strong> tiene personalidad propia, rezuma un car\u00e1cter artesanal que otorga una\u00a0prestancia\u00a0\u00fanica en los edificios.<\/p>\n<p style=\"text-align: justify;\">Poco a poco, los elementos elaborados con <strong>hierro<\/strong> (como ventanas o barandillas) est\u00e1n ganando terreno gracias a la versatilidad de este material, puesto que se puede trabajar desde cero y de una forma totalmente manual (a diferencia del <strong>aluminio<\/strong>, que dispone de unos sistemas predise\u00f1ados).<\/p>\n<p style=\"text-align: justify;\">Adem\u00e1s, el <strong>hierro<\/strong> tiene las mismas prestaciones o, incluso, un poco superiores al <strong>aluminio<\/strong>: tiene una alta capacidad de resistencia a los agentes meteorol\u00f3gicos (luz del sol, aire y agua), a los agentes qu\u00edmicos o a los golpes, por lo que es el material ideal para aquellos elementos constructivos que necesiten destacar la seguridad.<\/p>\n<p style=\"text-align: justify;\">El trabajo con el <strong>hierro<\/strong> es en <strong>GARCIA FAURA<\/strong> totalmente manual, realizado por unos t\u00e9cnicos especializados que adaptan sus productos a los requisitos t\u00e9cnicos de la Oficina T\u00e9cnica de la empresa, un hecho que aporta a la empresa un valor distintivo y diferenciado de la competencia.<\/p>\n<p style=\"text-align: justify;\">En <strong>GARCIA FAURA<\/strong> ofrecemos el asesoramiento profesional en aspectos como la adecuaci\u00f3n de los elementos en la construcci\u00f3n, en los tipos de cerramientos o los cristales id\u00f3neos, o bien en los sistemas de mejora de la eficiencia t\u00e9rmica o ac\u00fastica.<\/p>\n","protected":false},"excerpt":{"rendered":"<p>La divisi\u00f3n de hierro y acero de GARCIA FAURA es mucho m\u00e1s que un trabajo manual muy bien hecho. Tambi\u00e9n es la seguridad y la garant\u00eda de obtener un producto con las mejores prestaciones para los proyectos constructivos, resistente a&hellip;<\/p>\n","protected":false},"author":3,"featured_media":27908,"comment_status":"closed","ping_status":"open","sticky":false,"template":"","format":"gallery","meta":{"footnotes":""},"categories":[3],"tags":[],"post_series":[],"class_list":["post-27910","post","type-post","status-publish","format-gallery","has-post-thumbnail","hentry","category-actualidad","post_format-post-format-gallery","entry","has-media"],"yoast_head":"<!-- This site is optimized with the Yoast SEO plugin v26.7 - https:\/\/yoast.com\/wordpress\/plugins\/seo\/ -->\n<title>El hierro en GARCIA FAURA: un producto con mucha personalidad - GARCIA FAURA<\/title>\n<meta name=\"description\" content=\"Arquitectura en Alumini, Inox, Ferro i Vidre\" \/>\n<meta name=\"robots\" content=\"index, follow, max-snippet:-1, max-image-preview:large, max-video-preview:-1\" \/>\n<link rel=\"canonical\" href=\"https:\/\/www.garciafaura.com\/es\/el-hierro-en-garcia-faura-un-producto-con-mucha-personalidad\/\" \/>\n<meta property=\"og:locale\" content=\"es_ES\" \/>\n<meta property=\"og:type\" content=\"article\" \/>\n<meta property=\"og:title\" content=\"El hierro en GARCIA FAURA: un producto con mucha personalidad - GARCIA FAURA\" \/>\n<meta property=\"og:description\" content=\"Arquitectura en Alumini, Inox, Ferro i Vidre\" \/>\n<meta property=\"og:url\" content=\"https:\/\/www.garciafaura.com\/es\/el-hierro-en-garcia-faura-un-producto-con-mucha-personalidad\/\" \/>\n<meta property=\"og:site_name\" content=\"GARCIA FAURA\" \/>\n<meta property=\"article:published_time\" content=\"2021-08-12T10:00:29+00:00\" \/>\n<meta property=\"article:modified_time\" content=\"2021-08-12T10:10:15+00:00\" \/>\n<meta property=\"og:image\" content=\"https:\/\/www.garciafaura.com\/wp-content\/uploads\/2021\/08\/Taller-Ferro-06.jpg\" \/>\n\t<meta property=\"og:image:width\" content=\"1440\" \/>\n\t<meta property=\"og:image:height\" content=\"906\" \/>\n\t<meta property=\"og:image:type\" content=\"image\/jpeg\" \/>\n<meta name=\"author\" content=\"David Achell\" \/>\n<meta name=\"twitter:card\" content=\"summary_large_image\" \/>\n<meta name=\"twitter:label1\" content=\"Escrito por\" \/>\n\t<meta name=\"twitter:data1\" content=\"David Achell\" \/>\n\t<meta name=\"twitter:label2\" content=\"Tiempo de lectura\" \/>\n\t<meta name=\"twitter:data2\" content=\"2 minutos\" \/>\n<script type=\"application\/ld+json\" class=\"yoast-schema-graph\">{\"@context\":\"https:\/\/schema.org\",\"@graph\":[{\"@type\":\"Article\",\"@id\":\"https:\/\/www.garciafaura.com\/es\/el-hierro-en-garcia-faura-un-producto-con-mucha-personalidad\/#article\",\"isPartOf\":{\"@id\":\"https:\/\/www.garciafaura.com\/es\/el-hierro-en-garcia-faura-un-producto-con-mucha-personalidad\/\"},\"author\":{\"name\":\"David Achell\",\"@id\":\"https:\/\/www.garciafaura.com\/fr\/#\/schema\/person\/b4b75e69b33fac3446071909bec106b0\"},\"headline\":\"El hierro en GARCIA FAURA: un producto con mucha personalidad\",\"datePublished\":\"2021-08-12T10:00:29+00:00\",\"dateModified\":\"2021-08-12T10:10:15+00:00\",\"mainEntityOfPage\":{\"@id\":\"https:\/\/www.garciafaura.com\/es\/el-hierro-en-garcia-faura-un-producto-con-mucha-personalidad\/\"},\"wordCount\":320,\"publisher\":{\"@id\":\"https:\/\/www.garciafaura.com\/fr\/#organization\"},\"image\":{\"@id\":\"https:\/\/www.garciafaura.com\/es\/el-hierro-en-garcia-faura-un-producto-con-mucha-personalidad\/#primaryimage\"},\"thumbnailUrl\":\"https:\/\/www.garciafaura.com\/wp-content\/uploads\/2021\/08\/Taller-Ferro-06.jpg\",\"articleSection\":[\"Actualidad\"],\"inLanguage\":\"es\"},{\"@type\":\"WebPage\",\"@id\":\"https:\/\/www.garciafaura.com\/es\/el-hierro-en-garcia-faura-un-producto-con-mucha-personalidad\/\",\"url\":\"https:\/\/www.garciafaura.com\/es\/el-hierro-en-garcia-faura-un-producto-con-mucha-personalidad\/\",\"name\":\"El hierro en GARCIA FAURA: un producto con mucha personalidad - GARCIA FAURA\",\"isPartOf\":{\"@id\":\"https:\/\/www.garciafaura.com\/fr\/#website\"},\"primaryImageOfPage\":{\"@id\":\"https:\/\/www.garciafaura.com\/es\/el-hierro-en-garcia-faura-un-producto-con-mucha-personalidad\/#primaryimage\"},\"image\":{\"@id\":\"https:\/\/www.garciafaura.com\/es\/el-hierro-en-garcia-faura-un-producto-con-mucha-personalidad\/#primaryimage\"},\"thumbnailUrl\":\"https:\/\/www.garciafaura.com\/wp-content\/uploads\/2021\/08\/Taller-Ferro-06.jpg\",\"datePublished\":\"2021-08-12T10:00:29+00:00\",\"dateModified\":\"2021-08-12T10:10:15+00:00\",\"description\":\"Arquitectura en Alumini, Inox, Ferro i Vidre\",\"breadcrumb\":{\"@id\":\"https:\/\/www.garciafaura.com\/es\/el-hierro-en-garcia-faura-un-producto-con-mucha-personalidad\/#breadcrumb\"},\"inLanguage\":\"es\",\"potentialAction\":[{\"@type\":\"ReadAction\",\"target\":[\"https:\/\/www.garciafaura.com\/es\/el-hierro-en-garcia-faura-un-producto-con-mucha-personalidad\/\"]}]},{\"@type\":\"ImageObject\",\"inLanguage\":\"es\",\"@id\":\"https:\/\/www.garciafaura.com\/es\/el-hierro-en-garcia-faura-un-producto-con-mucha-personalidad\/#primaryimage\",\"url\":\"https:\/\/www.garciafaura.com\/wp-content\/uploads\/2021\/08\/Taller-Ferro-06.jpg\",\"contentUrl\":\"https:\/\/www.garciafaura.com\/wp-content\/uploads\/2021\/08\/Taller-Ferro-06.jpg\",\"width\":1440,\"height\":906,\"caption\":\"Taller Ferro Hierro Garcia Faura\"},{\"@type\":\"BreadcrumbList\",\"@id\":\"https:\/\/www.garciafaura.com\/es\/el-hierro-en-garcia-faura-un-producto-con-mucha-personalidad\/#breadcrumb\",\"itemListElement\":[{\"@type\":\"ListItem\",\"position\":1,\"name\":\"Inici\",\"item\":\"https:\/\/www.garciafaura.com\/es\/\"},{\"@type\":\"ListItem\",\"position\":2,\"name\":\"El hierro en GARCIA FAURA: un producto con mucha personalidad\"}]},{\"@type\":\"WebSite\",\"@id\":\"https:\/\/www.garciafaura.com\/fr\/#website\",\"url\":\"https:\/\/www.garciafaura.com\/fr\/\",\"name\":\"GARCIA FAURA\",\"description\":\"Arquitectura en Alumini, Inox, Ferro i Vidre\",\"publisher\":{\"@id\":\"https:\/\/www.garciafaura.com\/fr\/#organization\"},\"potentialAction\":[{\"@type\":\"SearchAction\",\"target\":{\"@type\":\"EntryPoint\",\"urlTemplate\":\"https:\/\/www.garciafaura.com\/fr\/?s={search_term_string}\"},\"query-input\":{\"@type\":\"PropertyValueSpecification\",\"valueRequired\":true,\"valueName\":\"search_term_string\"}}],\"inLanguage\":\"es\"},{\"@type\":\"Organization\",\"@id\":\"https:\/\/www.garciafaura.com\/fr\/#organization\",\"name\":\"GARCIA FAURA\",\"url\":\"https:\/\/www.garciafaura.com\/fr\/\",\"logo\":{\"@type\":\"ImageObject\",\"inLanguage\":\"es\",\"@id\":\"https:\/\/www.garciafaura.com\/fr\/#\/schema\/logo\/image\/\",\"url\":\"https:\/\/www.garciafaura.com\/wp-content\/uploads\/2018\/09\/Garcia-Faura.png\",\"contentUrl\":\"https:\/\/www.garciafaura.com\/wp-content\/uploads\/2018\/09\/Garcia-Faura.png\",\"width\":512,\"height\":512,\"caption\":\"GARCIA FAURA\"},\"image\":{\"@id\":\"https:\/\/www.garciafaura.com\/fr\/#\/schema\/logo\/image\/\"},\"sameAs\":[\"https:\/\/www.youtube.com\/user\/GARCIAFAURA\"]},{\"@type\":\"Person\",\"@id\":\"https:\/\/www.garciafaura.com\/fr\/#\/schema\/person\/b4b75e69b33fac3446071909bec106b0\",\"name\":\"David Achell\",\"image\":{\"@type\":\"ImageObject\",\"inLanguage\":\"es\",\"@id\":\"https:\/\/www.garciafaura.com\/fr\/#\/schema\/person\/image\/\",\"url\":\"https:\/\/secure.gravatar.com\/avatar\/03900210afc1f61bce737bcb4a79c02e2c997f171e3eca839b5a4cbe03846c90?s=96&d=blank&r=g\",\"contentUrl\":\"https:\/\/secure.gravatar.com\/avatar\/03900210afc1f61bce737bcb4a79c02e2c997f171e3eca839b5a4cbe03846c90?s=96&d=blank&r=g\",\"caption\":\"David Achell\"}}]}<\/script>\n<!-- \/ Yoast SEO plugin. -->","yoast_head_json":{"title":"El hierro en GARCIA FAURA: un producto con mucha personalidad - GARCIA FAURA","description":"Arquitectura en Alumini, Inox, Ferro i Vidre","robots":{"index":"index","follow":"follow","max-snippet":"max-snippet:-1","max-image-preview":"max-image-preview:large","max-video-preview":"max-video-preview:-1"},"canonical":"https:\/\/www.garciafaura.com\/es\/el-hierro-en-garcia-faura-un-producto-con-mucha-personalidad\/","og_locale":"es_ES","og_type":"article","og_title":"El hierro en GARCIA FAURA: un producto con mucha personalidad - GARCIA FAURA","og_description":"Arquitectura en Alumini, Inox, Ferro i Vidre","og_url":"https:\/\/www.garciafaura.com\/es\/el-hierro-en-garcia-faura-un-producto-con-mucha-personalidad\/","og_site_name":"GARCIA FAURA","article_published_time":"2021-08-12T10:00:29+00:00","article_modified_time":"2021-08-12T10:10:15+00:00","og_image":[{"width":1440,"height":906,"url":"https:\/\/www.garciafaura.com\/wp-content\/uploads\/2021\/08\/Taller-Ferro-06.jpg","type":"image\/jpeg"}],"author":"David Achell","twitter_card":"summary_large_image","twitter_misc":{"Escrito por":"David Achell","Tiempo de lectura":"2 minutos"},"schema":{"@context":"https:\/\/schema.org","@graph":[{"@type":"Article","@id":"https:\/\/www.garciafaura.com\/es\/el-hierro-en-garcia-faura-un-producto-con-mucha-personalidad\/#article","isPartOf":{"@id":"https:\/\/www.garciafaura.com\/es\/el-hierro-en-garcia-faura-un-producto-con-mucha-personalidad\/"},"author":{"name":"David Achell","@id":"https:\/\/www.garciafaura.com\/fr\/#\/schema\/person\/b4b75e69b33fac3446071909bec106b0"},"headline":"El hierro en GARCIA FAURA: un producto con mucha personalidad","datePublished":"2021-08-12T10:00:29+00:00","dateModified":"2021-08-12T10:10:15+00:00","mainEntityOfPage":{"@id":"https:\/\/www.garciafaura.com\/es\/el-hierro-en-garcia-faura-un-producto-con-mucha-personalidad\/"},"wordCount":320,"publisher":{"@id":"https:\/\/www.garciafaura.com\/fr\/#organization"},"image":{"@id":"https:\/\/www.garciafaura.com\/es\/el-hierro-en-garcia-faura-un-producto-con-mucha-personalidad\/#primaryimage"},"thumbnailUrl":"https:\/\/www.garciafaura.com\/wp-content\/uploads\/2021\/08\/Taller-Ferro-06.jpg","articleSection":["Actualidad"],"inLanguage":"es"},{"@type":"WebPage","@id":"https:\/\/www.garciafaura.com\/es\/el-hierro-en-garcia-faura-un-producto-con-mucha-personalidad\/","url":"https:\/\/www.garciafaura.com\/es\/el-hierro-en-garcia-faura-un-producto-con-mucha-personalidad\/","name":"El hierro en GARCIA FAURA: un producto con mucha personalidad - GARCIA FAURA","isPartOf":{"@id":"https:\/\/www.garciafaura.com\/fr\/#website"},"primaryImageOfPage":{"@id":"https:\/\/www.garciafaura.com\/es\/el-hierro-en-garcia-faura-un-producto-con-mucha-personalidad\/#primaryimage"},"image":{"@id":"https:\/\/www.garciafaura.com\/es\/el-hierro-en-garcia-faura-un-producto-con-mucha-personalidad\/#primaryimage"},"thumbnailUrl":"https:\/\/www.garciafaura.com\/wp-content\/uploads\/2021\/08\/Taller-Ferro-06.jpg","datePublished":"2021-08-12T10:00:29+00:00","dateModified":"2021-08-12T10:10:15+00:00","description":"Arquitectura en Alumini, Inox, Ferro i Vidre","breadcrumb":{"@id":"https:\/\/www.garciafaura.com\/es\/el-hierro-en-garcia-faura-un-producto-con-mucha-personalidad\/#breadcrumb"},"inLanguage":"es","potentialAction":[{"@type":"ReadAction","target":["https:\/\/www.garciafaura.com\/es\/el-hierro-en-garcia-faura-un-producto-con-mucha-personalidad\/"]}]},{"@type":"ImageObject","inLanguage":"es","@id":"https:\/\/www.garciafaura.com\/es\/el-hierro-en-garcia-faura-un-producto-con-mucha-personalidad\/#primaryimage","url":"https:\/\/www.garciafaura.com\/wp-content\/uploads\/2021\/08\/Taller-Ferro-06.jpg","contentUrl":"https:\/\/www.garciafaura.com\/wp-content\/uploads\/2021\/08\/Taller-Ferro-06.jpg","width":1440,"height":906,"caption":"Taller Ferro Hierro Garcia Faura"},{"@type":"BreadcrumbList","@id":"https:\/\/www.garciafaura.com\/es\/el-hierro-en-garcia-faura-un-producto-con-mucha-personalidad\/#breadcrumb","itemListElement":[{"@type":"ListItem","position":1,"name":"Inici","item":"https:\/\/www.garciafaura.com\/es\/"},{"@type":"ListItem","position":2,"name":"El hierro en GARCIA FAURA: un producto con mucha personalidad"}]},{"@type":"WebSite","@id":"https:\/\/www.garciafaura.com\/fr\/#website","url":"https:\/\/www.garciafaura.com\/fr\/","name":"GARCIA FAURA","description":"Arquitectura en Alumini, Inox, Ferro i Vidre","publisher":{"@id":"https:\/\/www.garciafaura.com\/fr\/#organization"},"potentialAction":[{"@type":"SearchAction","target":{"@type":"EntryPoint","urlTemplate":"https:\/\/www.garciafaura.com\/fr\/?s={search_term_string}"},"query-input":{"@type":"PropertyValueSpecification","valueRequired":true,"valueName":"search_term_string"}}],"inLanguage":"es"},{"@type":"Organization","@id":"https:\/\/www.garciafaura.com\/fr\/#organization","name":"GARCIA FAURA","url":"https:\/\/www.garciafaura.com\/fr\/","logo":{"@type":"ImageObject","inLanguage":"es","@id":"https:\/\/www.garciafaura.com\/fr\/#\/schema\/logo\/image\/","url":"https:\/\/www.garciafaura.com\/wp-content\/uploads\/2018\/09\/Garcia-Faura.png","contentUrl":"https:\/\/www.garciafaura.com\/wp-content\/uploads\/2018\/09\/Garcia-Faura.png","width":512,"height":512,"caption":"GARCIA FAURA"},"image":{"@id":"https:\/\/www.garciafaura.com\/fr\/#\/schema\/logo\/image\/"},"sameAs":["https:\/\/www.youtube.com\/user\/GARCIAFAURA"]},{"@type":"Person","@id":"https:\/\/www.garciafaura.com\/fr\/#\/schema\/person\/b4b75e69b33fac3446071909bec106b0","name":"David Achell","image":{"@type":"ImageObject","inLanguage":"es","@id":"https:\/\/www.garciafaura.com\/fr\/#\/schema\/person\/image\/","url":"https:\/\/secure.gravatar.com\/avatar\/03900210afc1f61bce737bcb4a79c02e2c997f171e3eca839b5a4cbe03846c90?s=96&d=blank&r=g","contentUrl":"https:\/\/secure.gravatar.com\/avatar\/03900210afc1f61bce737bcb4a79c02e2c997f171e3eca839b5a4cbe03846c90?s=96&d=blank&r=g","caption":"David Achell"}}]}},"_links":{"self":[{"href":"https:\/\/www.garciafaura.com\/es\/wp-json\/wp\/v2\/posts\/27910","targetHints":{"allow":["GET"]}}],"collection":[{"href":"https:\/\/www.garciafaura.com\/es\/wp-json\/wp\/v2\/posts"}],"about":[{"href":"https:\/\/www.garciafaura.com\/es\/wp-json\/wp\/v2\/types\/post"}],"author":[{"embeddable":true,"href":"https:\/\/www.garciafaura.com\/es\/wp-json\/wp\/v2\/users\/3"}],"replies":[{"embeddable":true,"href":"https:\/\/www.garciafaura.com\/es\/wp-json\/wp\/v2\/comments?post=27910"}],"version-history":[{"count":1,"href":"https:\/\/www.garciafaura.com\/es\/wp-json\/wp\/v2\/posts\/27910\/revisions"}],"predecessor-version":[{"id":27911,"href":"https:\/\/www.garciafaura.com\/es\/wp-json\/wp\/v2\/posts\/27910\/revisions\/27911"}],"wp:featuredmedia":[{"embeddable":true,"href":"https:\/\/www.garciafaura.com\/es\/wp-json\/wp\/v2\/media\/27908"}],"wp:attachment":[{"href":"https:\/\/www.garciafaura.com\/es\/wp-json\/wp\/v2\/media?parent=27910"}],"wp:term":[{"taxonomy":"category","embeddable":true,"href":"https:\/\/www.garciafaura.com\/es\/wp-json\/wp\/v2\/categories?post=27910"},{"taxonomy":"post_tag","embeddable":true,"href":"https:\/\/www.garciafaura.com\/es\/wp-json\/wp\/v2\/tags?post=27910"},{"taxonomy":"post_series","embeddable":true,"href":"https:\/\/www.garciafaura.com\/es\/wp-json\/wp\/v2\/post_series?post=27910"}],"curies":[{"name":"wp","href":"https:\/\/api.w.org\/{rel}","templated":true}]}}