{"id":27845,"date":"2021-07-28T09:02:53","date_gmt":"2021-07-28T07:02:53","guid":{"rendered":"https:\/\/www.garciafaura.com\/garcia-faura-firma-la-facana-dun-renovat-edifici-doficines-a-madrid\/"},"modified":"2021-07-28T09:22:28","modified_gmt":"2021-07-28T07:22:28","slug":"garcia-faura-firma-la-facana-dun-renovat-edifici-doficines-a-madrid","status":"publish","type":"post","link":"https:\/\/www.garciafaura.com\/es\/garcia-faura-firma-la-facana-dun-renovat-edifici-doficines-a-madrid\/","title":{"rendered":"GARCIA FAURA firma la fachada de un renovado edificio de oficinas en Madrid"},"content":{"rendered":"<h3 style=\"text-align: justify;\">GARCIA FAURA participa en el proyecto de remodelaci\u00f3n integral de un edificio corporativo en Madrid. Se trata de la conversi\u00f3n a edificio de oficinas de una antigua sede corporativa de unos 23.500 metros cuadrados y siete plantas de altura, de la que se est\u00e1n remodelando tanto la fachada como los interiores para adecuarlos a las necesidades del mercado actual del alquiler de oficinas.<\/h3>\n<p style=\"text-align: justify;\">La actuaci\u00f3n m\u00e1s importante en este inmueble se realiza en la <strong>fachada<\/strong>, con la instalaci\u00f3n de un <strong>nuevo revestimiento m\u00e1s eficiente energ\u00e9ticamente<\/strong>. Se trata de 3.300 metros cuadrados de <strong>muro cortina<\/strong> desarrollado e instalado por <strong>GARCIA FAURA<\/strong>, completado con un parasol vertical especial de 400 mil\u00edmetros.<\/p>\n<p style=\"text-align: justify;\">Adem\u00e1s, <strong>GARCIA FAURA<\/strong> tambi\u00e9n se encarga de completar el aligeramiento de la envolvente arquitect\u00f3nica del edificio, con una zona de <strong>fachada ventilada<\/strong> <strong>de panel composite<\/strong>, de unos 2.000 metros cuadrados.<\/p>\n<p style=\"text-align: justify;\">Completar\u00e1 la intervenci\u00f3n la fabricaci\u00f3n e instalaci\u00f3n de 1.400 metros cuadrados de <strong>carpinter\u00eda de aluminio de altas prestaciones t\u00e9cnicas<\/strong>.<\/p>\n<p style=\"text-align: justify;\">El edificio se encuentra situado en la calle V\u00eda de los Poblados, en el sector llamado Campo de las Naciones, una de las zonas de oficinas con mayor demanda de la capital espa\u00f1ola y rodeado de otras infraestructuras importantes como el Palacio Municipal de Congresos de Madrid o el recinto ferial de IFEMA.<\/p>\n<p style=\"text-align: justify;\">El proyecto de reforma lo firma el equipo de arquitectura del <a href=\"https:\/\/www.lamela.com\/\" target=\"_blank\" rel=\"noopener\"><strong>Estudio Lamela<\/strong><\/a>, con la asesor\u00eda de <strong>fachadas<\/strong> de <a href=\"https:\/\/www.envolventesarquitectonicas.es\/\" target=\"_blank\" rel=\"noopener\"><strong>Envolventes Arquitect\u00f3nica (ENAR)<\/strong><\/a>.<\/p>\n","protected":false},"excerpt":{"rendered":"<p>GARCIA FAURA participa en el proyecto de remodelaci\u00f3n integral de un edificio corporativo en Madrid. Se trata de la conversi\u00f3n a edificio de oficinas de una antigua sede corporativa de unos 23.500 metros cuadrados y siete plantas de altura, de&hellip;<\/p>\n","protected":false},"author":3,"featured_media":27838,"comment_status":"closed","ping_status":"open","sticky":false,"template":"","format":"gallery","meta":{"footnotes":""},"categories":[3],"tags":[],"post_series":[],"class_list":["post-27845","post","type-post","status-publish","format-gallery","has-post-thumbnail","hentry","category-actualidad","post_format-post-format-gallery","entry","has-media"],"yoast_head":"<!-- This site is optimized with the Yoast SEO plugin v26.7 - https:\/\/yoast.com\/wordpress\/plugins\/seo\/ -->\n<title>GARCIA FAURA firma la fachada de un renovado edificio de oficinas en Madrid - GARCIA FAURA<\/title>\n<meta name=\"description\" content=\"Arquitectura en Alumini, Inox, Ferro i Vidre\" \/>\n<meta name=\"robots\" content=\"index, follow, max-snippet:-1, max-image-preview:large, max-video-preview:-1\" \/>\n<link rel=\"canonical\" href=\"https:\/\/www.garciafaura.com\/es\/garcia-faura-firma-la-facana-dun-renovat-edifici-doficines-a-madrid\/\" \/>\n<meta property=\"og:locale\" content=\"es_ES\" \/>\n<meta property=\"og:type\" content=\"article\" \/>\n<meta property=\"og:title\" content=\"GARCIA FAURA firma la fachada de un renovado edificio de oficinas en Madrid - GARCIA FAURA\" \/>\n<meta property=\"og:description\" content=\"Arquitectura en Alumini, Inox, Ferro i Vidre\" \/>\n<meta property=\"og:url\" content=\"https:\/\/www.garciafaura.com\/es\/garcia-faura-firma-la-facana-dun-renovat-edifici-doficines-a-madrid\/\" \/>\n<meta property=\"og:site_name\" content=\"GARCIA FAURA\" \/>\n<meta property=\"article:published_time\" content=\"2021-07-28T07:02:53+00:00\" \/>\n<meta property=\"article:modified_time\" content=\"2021-07-28T07:22:28+00:00\" \/>\n<meta property=\"og:image\" content=\"https:\/\/www.garciafaura.com\/wp-content\/uploads\/2021\/07\/Garcia-Faura-Via-Poblados-Madrid-03-1024x576.jpg\" \/>\n\t<meta property=\"og:image:width\" content=\"1024\" \/>\n\t<meta property=\"og:image:height\" content=\"576\" \/>\n\t<meta property=\"og:image:type\" content=\"image\/jpeg\" \/>\n<meta name=\"author\" content=\"David Achell\" \/>\n<meta name=\"twitter:card\" content=\"summary_large_image\" \/>\n<meta name=\"twitter:label1\" content=\"Escrito por\" \/>\n\t<meta name=\"twitter:data1\" content=\"David Achell\" \/>\n\t<meta name=\"twitter:label2\" content=\"Tiempo de lectura\" \/>\n\t<meta name=\"twitter:data2\" content=\"1 minuto\" \/>\n<script type=\"application\/ld+json\" class=\"yoast-schema-graph\">{\"@context\":\"https:\/\/schema.org\",\"@graph\":[{\"@type\":\"Article\",\"@id\":\"https:\/\/www.garciafaura.com\/es\/garcia-faura-firma-la-facana-dun-renovat-edifici-doficines-a-madrid\/#article\",\"isPartOf\":{\"@id\":\"https:\/\/www.garciafaura.com\/es\/garcia-faura-firma-la-facana-dun-renovat-edifici-doficines-a-madrid\/\"},\"author\":{\"name\":\"David Achell\",\"@id\":\"https:\/\/www.garciafaura.com\/fr\/#\/schema\/person\/b4b75e69b33fac3446071909bec106b0\"},\"headline\":\"GARCIA FAURA firma la fachada de un renovado edificio de oficinas en Madrid\",\"datePublished\":\"2021-07-28T07:02:53+00:00\",\"dateModified\":\"2021-07-28T07:22:28+00:00\",\"mainEntityOfPage\":{\"@id\":\"https:\/\/www.garciafaura.com\/es\/garcia-faura-firma-la-facana-dun-renovat-edifici-doficines-a-madrid\/\"},\"wordCount\":262,\"publisher\":{\"@id\":\"https:\/\/www.garciafaura.com\/fr\/#organization\"},\"image\":{\"@id\":\"https:\/\/www.garciafaura.com\/es\/garcia-faura-firma-la-facana-dun-renovat-edifici-doficines-a-madrid\/#primaryimage\"},\"thumbnailUrl\":\"https:\/\/www.garciafaura.com\/wp-content\/uploads\/2021\/07\/Garcia-Faura-Via-Poblados-Madrid-03.jpg\",\"articleSection\":[\"Actualidad\"],\"inLanguage\":\"es\"},{\"@type\":\"WebPage\",\"@id\":\"https:\/\/www.garciafaura.com\/es\/garcia-faura-firma-la-facana-dun-renovat-edifici-doficines-a-madrid\/\",\"url\":\"https:\/\/www.garciafaura.com\/es\/garcia-faura-firma-la-facana-dun-renovat-edifici-doficines-a-madrid\/\",\"name\":\"GARCIA FAURA firma la fachada de un renovado edificio de oficinas en Madrid - GARCIA FAURA\",\"isPartOf\":{\"@id\":\"https:\/\/www.garciafaura.com\/fr\/#website\"},\"primaryImageOfPage\":{\"@id\":\"https:\/\/www.garciafaura.com\/es\/garcia-faura-firma-la-facana-dun-renovat-edifici-doficines-a-madrid\/#primaryimage\"},\"image\":{\"@id\":\"https:\/\/www.garciafaura.com\/es\/garcia-faura-firma-la-facana-dun-renovat-edifici-doficines-a-madrid\/#primaryimage\"},\"thumbnailUrl\":\"https:\/\/www.garciafaura.com\/wp-content\/uploads\/2021\/07\/Garcia-Faura-Via-Poblados-Madrid-03.jpg\",\"datePublished\":\"2021-07-28T07:02:53+00:00\",\"dateModified\":\"2021-07-28T07:22:28+00:00\",\"description\":\"Arquitectura en Alumini, Inox, Ferro i Vidre\",\"breadcrumb\":{\"@id\":\"https:\/\/www.garciafaura.com\/es\/garcia-faura-firma-la-facana-dun-renovat-edifici-doficines-a-madrid\/#breadcrumb\"},\"inLanguage\":\"es\",\"potentialAction\":[{\"@type\":\"ReadAction\",\"target\":[\"https:\/\/www.garciafaura.com\/es\/garcia-faura-firma-la-facana-dun-renovat-edifici-doficines-a-madrid\/\"]}]},{\"@type\":\"ImageObject\",\"inLanguage\":\"es\",\"@id\":\"https:\/\/www.garciafaura.com\/es\/garcia-faura-firma-la-facana-dun-renovat-edifici-doficines-a-madrid\/#primaryimage\",\"url\":\"https:\/\/www.garciafaura.com\/wp-content\/uploads\/2021\/07\/Garcia-Faura-Via-Poblados-Madrid-03.jpg\",\"contentUrl\":\"https:\/\/www.garciafaura.com\/wp-content\/uploads\/2021\/07\/Garcia-Faura-Via-Poblados-Madrid-03.jpg\",\"width\":3200,\"height\":1800,\"caption\":\"Garcia Faura Via Poblados Madrid\"},{\"@type\":\"BreadcrumbList\",\"@id\":\"https:\/\/www.garciafaura.com\/es\/garcia-faura-firma-la-facana-dun-renovat-edifici-doficines-a-madrid\/#breadcrumb\",\"itemListElement\":[{\"@type\":\"ListItem\",\"position\":1,\"name\":\"Inici\",\"item\":\"https:\/\/www.garciafaura.com\/es\/\"},{\"@type\":\"ListItem\",\"position\":2,\"name\":\"GARCIA FAURA firma la fachada de un renovado edificio de oficinas en Madrid\"}]},{\"@type\":\"WebSite\",\"@id\":\"https:\/\/www.garciafaura.com\/fr\/#website\",\"url\":\"https:\/\/www.garciafaura.com\/fr\/\",\"name\":\"GARCIA FAURA\",\"description\":\"Arquitectura en Alumini, Inox, Ferro i Vidre\",\"publisher\":{\"@id\":\"https:\/\/www.garciafaura.com\/fr\/#organization\"},\"potentialAction\":[{\"@type\":\"SearchAction\",\"target\":{\"@type\":\"EntryPoint\",\"urlTemplate\":\"https:\/\/www.garciafaura.com\/fr\/?s={search_term_string}\"},\"query-input\":{\"@type\":\"PropertyValueSpecification\",\"valueRequired\":true,\"valueName\":\"search_term_string\"}}],\"inLanguage\":\"es\"},{\"@type\":\"Organization\",\"@id\":\"https:\/\/www.garciafaura.com\/fr\/#organization\",\"name\":\"GARCIA FAURA\",\"url\":\"https:\/\/www.garciafaura.com\/fr\/\",\"logo\":{\"@type\":\"ImageObject\",\"inLanguage\":\"es\",\"@id\":\"https:\/\/www.garciafaura.com\/fr\/#\/schema\/logo\/image\/\",\"url\":\"https:\/\/www.garciafaura.com\/wp-content\/uploads\/2018\/09\/Garcia-Faura.png\",\"contentUrl\":\"https:\/\/www.garciafaura.com\/wp-content\/uploads\/2018\/09\/Garcia-Faura.png\",\"width\":512,\"height\":512,\"caption\":\"GARCIA FAURA\"},\"image\":{\"@id\":\"https:\/\/www.garciafaura.com\/fr\/#\/schema\/logo\/image\/\"},\"sameAs\":[\"https:\/\/www.youtube.com\/user\/GARCIAFAURA\"]},{\"@type\":\"Person\",\"@id\":\"https:\/\/www.garciafaura.com\/fr\/#\/schema\/person\/b4b75e69b33fac3446071909bec106b0\",\"name\":\"David Achell\",\"image\":{\"@type\":\"ImageObject\",\"inLanguage\":\"es\",\"@id\":\"https:\/\/www.garciafaura.com\/fr\/#\/schema\/person\/image\/\",\"url\":\"https:\/\/secure.gravatar.com\/avatar\/03900210afc1f61bce737bcb4a79c02e2c997f171e3eca839b5a4cbe03846c90?s=96&d=blank&r=g\",\"contentUrl\":\"https:\/\/secure.gravatar.com\/avatar\/03900210afc1f61bce737bcb4a79c02e2c997f171e3eca839b5a4cbe03846c90?s=96&d=blank&r=g\",\"caption\":\"David Achell\"}}]}<\/script>\n<!-- \/ Yoast SEO plugin. -->","yoast_head_json":{"title":"GARCIA FAURA firma la fachada de un renovado edificio de oficinas en Madrid - GARCIA FAURA","description":"Arquitectura en Alumini, Inox, Ferro i Vidre","robots":{"index":"index","follow":"follow","max-snippet":"max-snippet:-1","max-image-preview":"max-image-preview:large","max-video-preview":"max-video-preview:-1"},"canonical":"https:\/\/www.garciafaura.com\/es\/garcia-faura-firma-la-facana-dun-renovat-edifici-doficines-a-madrid\/","og_locale":"es_ES","og_type":"article","og_title":"GARCIA FAURA firma la fachada de un renovado edificio de oficinas en Madrid - GARCIA FAURA","og_description":"Arquitectura en Alumini, Inox, Ferro i Vidre","og_url":"https:\/\/www.garciafaura.com\/es\/garcia-faura-firma-la-facana-dun-renovat-edifici-doficines-a-madrid\/","og_site_name":"GARCIA FAURA","article_published_time":"2021-07-28T07:02:53+00:00","article_modified_time":"2021-07-28T07:22:28+00:00","og_image":[{"width":1024,"height":576,"url":"https:\/\/www.garciafaura.com\/wp-content\/uploads\/2021\/07\/Garcia-Faura-Via-Poblados-Madrid-03-1024x576.jpg","type":"image\/jpeg"}],"author":"David Achell","twitter_card":"summary_large_image","twitter_misc":{"Escrito por":"David Achell","Tiempo de lectura":"1 minuto"},"schema":{"@context":"https:\/\/schema.org","@graph":[{"@type":"Article","@id":"https:\/\/www.garciafaura.com\/es\/garcia-faura-firma-la-facana-dun-renovat-edifici-doficines-a-madrid\/#article","isPartOf":{"@id":"https:\/\/www.garciafaura.com\/es\/garcia-faura-firma-la-facana-dun-renovat-edifici-doficines-a-madrid\/"},"author":{"name":"David Achell","@id":"https:\/\/www.garciafaura.com\/fr\/#\/schema\/person\/b4b75e69b33fac3446071909bec106b0"},"headline":"GARCIA FAURA firma la fachada de un renovado edificio de oficinas en Madrid","datePublished":"2021-07-28T07:02:53+00:00","dateModified":"2021-07-28T07:22:28+00:00","mainEntityOfPage":{"@id":"https:\/\/www.garciafaura.com\/es\/garcia-faura-firma-la-facana-dun-renovat-edifici-doficines-a-madrid\/"},"wordCount":262,"publisher":{"@id":"https:\/\/www.garciafaura.com\/fr\/#organization"},"image":{"@id":"https:\/\/www.garciafaura.com\/es\/garcia-faura-firma-la-facana-dun-renovat-edifici-doficines-a-madrid\/#primaryimage"},"thumbnailUrl":"https:\/\/www.garciafaura.com\/wp-content\/uploads\/2021\/07\/Garcia-Faura-Via-Poblados-Madrid-03.jpg","articleSection":["Actualidad"],"inLanguage":"es"},{"@type":"WebPage","@id":"https:\/\/www.garciafaura.com\/es\/garcia-faura-firma-la-facana-dun-renovat-edifici-doficines-a-madrid\/","url":"https:\/\/www.garciafaura.com\/es\/garcia-faura-firma-la-facana-dun-renovat-edifici-doficines-a-madrid\/","name":"GARCIA FAURA firma la fachada de un renovado edificio de oficinas en Madrid - GARCIA FAURA","isPartOf":{"@id":"https:\/\/www.garciafaura.com\/fr\/#website"},"primaryImageOfPage":{"@id":"https:\/\/www.garciafaura.com\/es\/garcia-faura-firma-la-facana-dun-renovat-edifici-doficines-a-madrid\/#primaryimage"},"image":{"@id":"https:\/\/www.garciafaura.com\/es\/garcia-faura-firma-la-facana-dun-renovat-edifici-doficines-a-madrid\/#primaryimage"},"thumbnailUrl":"https:\/\/www.garciafaura.com\/wp-content\/uploads\/2021\/07\/Garcia-Faura-Via-Poblados-Madrid-03.jpg","datePublished":"2021-07-28T07:02:53+00:00","dateModified":"2021-07-28T07:22:28+00:00","description":"Arquitectura en Alumini, Inox, Ferro i Vidre","breadcrumb":{"@id":"https:\/\/www.garciafaura.com\/es\/garcia-faura-firma-la-facana-dun-renovat-edifici-doficines-a-madrid\/#breadcrumb"},"inLanguage":"es","potentialAction":[{"@type":"ReadAction","target":["https:\/\/www.garciafaura.com\/es\/garcia-faura-firma-la-facana-dun-renovat-edifici-doficines-a-madrid\/"]}]},{"@type":"ImageObject","inLanguage":"es","@id":"https:\/\/www.garciafaura.com\/es\/garcia-faura-firma-la-facana-dun-renovat-edifici-doficines-a-madrid\/#primaryimage","url":"https:\/\/www.garciafaura.com\/wp-content\/uploads\/2021\/07\/Garcia-Faura-Via-Poblados-Madrid-03.jpg","contentUrl":"https:\/\/www.garciafaura.com\/wp-content\/uploads\/2021\/07\/Garcia-Faura-Via-Poblados-Madrid-03.jpg","width":3200,"height":1800,"caption":"Garcia Faura Via Poblados Madrid"},{"@type":"BreadcrumbList","@id":"https:\/\/www.garciafaura.com\/es\/garcia-faura-firma-la-facana-dun-renovat-edifici-doficines-a-madrid\/#breadcrumb","itemListElement":[{"@type":"ListItem","position":1,"name":"Inici","item":"https:\/\/www.garciafaura.com\/es\/"},{"@type":"ListItem","position":2,"name":"GARCIA FAURA firma la fachada de un renovado edificio de oficinas en Madrid"}]},{"@type":"WebSite","@id":"https:\/\/www.garciafaura.com\/fr\/#website","url":"https:\/\/www.garciafaura.com\/fr\/","name":"GARCIA FAURA","description":"Arquitectura en Alumini, Inox, Ferro i Vidre","publisher":{"@id":"https:\/\/www.garciafaura.com\/fr\/#organization"},"potentialAction":[{"@type":"SearchAction","target":{"@type":"EntryPoint","urlTemplate":"https:\/\/www.garciafaura.com\/fr\/?s={search_term_string}"},"query-input":{"@type":"PropertyValueSpecification","valueRequired":true,"valueName":"search_term_string"}}],"inLanguage":"es"},{"@type":"Organization","@id":"https:\/\/www.garciafaura.com\/fr\/#organization","name":"GARCIA FAURA","url":"https:\/\/www.garciafaura.com\/fr\/","logo":{"@type":"ImageObject","inLanguage":"es","@id":"https:\/\/www.garciafaura.com\/fr\/#\/schema\/logo\/image\/","url":"https:\/\/www.garciafaura.com\/wp-content\/uploads\/2018\/09\/Garcia-Faura.png","contentUrl":"https:\/\/www.garciafaura.com\/wp-content\/uploads\/2018\/09\/Garcia-Faura.png","width":512,"height":512,"caption":"GARCIA FAURA"},"image":{"@id":"https:\/\/www.garciafaura.com\/fr\/#\/schema\/logo\/image\/"},"sameAs":["https:\/\/www.youtube.com\/user\/GARCIAFAURA"]},{"@type":"Person","@id":"https:\/\/www.garciafaura.com\/fr\/#\/schema\/person\/b4b75e69b33fac3446071909bec106b0","name":"David Achell","image":{"@type":"ImageObject","inLanguage":"es","@id":"https:\/\/www.garciafaura.com\/fr\/#\/schema\/person\/image\/","url":"https:\/\/secure.gravatar.com\/avatar\/03900210afc1f61bce737bcb4a79c02e2c997f171e3eca839b5a4cbe03846c90?s=96&d=blank&r=g","contentUrl":"https:\/\/secure.gravatar.com\/avatar\/03900210afc1f61bce737bcb4a79c02e2c997f171e3eca839b5a4cbe03846c90?s=96&d=blank&r=g","caption":"David Achell"}}]}},"_links":{"self":[{"href":"https:\/\/www.garciafaura.com\/es\/wp-json\/wp\/v2\/posts\/27845","targetHints":{"allow":["GET"]}}],"collection":[{"href":"https:\/\/www.garciafaura.com\/es\/wp-json\/wp\/v2\/posts"}],"about":[{"href":"https:\/\/www.garciafaura.com\/es\/wp-json\/wp\/v2\/types\/post"}],"author":[{"embeddable":true,"href":"https:\/\/www.garciafaura.com\/es\/wp-json\/wp\/v2\/users\/3"}],"replies":[{"embeddable":true,"href":"https:\/\/www.garciafaura.com\/es\/wp-json\/wp\/v2\/comments?post=27845"}],"version-history":[{"count":3,"href":"https:\/\/www.garciafaura.com\/es\/wp-json\/wp\/v2\/posts\/27845\/revisions"}],"predecessor-version":[{"id":27851,"href":"https:\/\/www.garciafaura.com\/es\/wp-json\/wp\/v2\/posts\/27845\/revisions\/27851"}],"wp:featuredmedia":[{"embeddable":true,"href":"https:\/\/www.garciafaura.com\/es\/wp-json\/wp\/v2\/media\/27838"}],"wp:attachment":[{"href":"https:\/\/www.garciafaura.com\/es\/wp-json\/wp\/v2\/media?parent=27845"}],"wp:term":[{"taxonomy":"category","embeddable":true,"href":"https:\/\/www.garciafaura.com\/es\/wp-json\/wp\/v2\/categories?post=27845"},{"taxonomy":"post_tag","embeddable":true,"href":"https:\/\/www.garciafaura.com\/es\/wp-json\/wp\/v2\/tags?post=27845"},{"taxonomy":"post_series","embeddable":true,"href":"https:\/\/www.garciafaura.com\/es\/wp-json\/wp\/v2\/post_series?post=27845"}],"curies":[{"name":"wp","href":"https:\/\/api.w.org\/{rel}","templated":true}]}}