{"id":27677,"date":"2021-07-08T12:32:54","date_gmt":"2021-07-08T10:32:54","guid":{"rendered":"https:\/\/www.garciafaura.com\/garcia-faura-obre-un-web-especific-de-finestres-per-al-sector-residencial\/"},"modified":"2021-07-08T12:44:18","modified_gmt":"2021-07-08T10:44:18","slug":"garcia-faura-obre-un-web-especific-de-finestres-per-al-sector-residencial","status":"publish","type":"post","link":"https:\/\/www.garciafaura.com\/es\/garcia-faura-obre-un-web-especific-de-finestres-per-al-sector-residencial\/","title":{"rendered":"GARCIA FAURA abre una web espec\u00edfica de ventanas para el sector residencial"},"content":{"rendered":"<h3 style=\"text-align: justify;\">GARCIA FAURA pone en marcha un nuevo espacio web para el sector residencial. En ventanasdecasa.com se pueden encontrar las mejores soluciones de ventanas para cualquier tipo de vivienda y con las m\u00e1ximas garant\u00edas de confort, aislamiento t\u00e9rmico y ac\u00fastico, seguridad y dise\u00f1o.<\/h3>\n<p style=\"text-align: justify;\">La web ofrece un <strong>amplio cat\u00e1logo de sistemas de ventana<\/strong> seg\u00fan la calidad que se busque, una gama diversa que da respuesta a todas las necesidades de soluciones constructivas, tipo de apertura y acabados, sea fabricadas en aluminio o en hierro, y con ejemplos de proyectos reales que sirvan de inspiraci\u00f3n.<\/p>\n<p style=\"text-align: justify;\">Todos los sistemas mostrados tienen la garant\u00eda de las mejores marcas del mercado, y vienen acompa\u00f1ados de todos los datos t\u00e9cnicos necesarios para elegir el tipo de ventana adecuado a cada proyecto constructivo con la fiabilidad mayor y precisi\u00f3n seg\u00fan las necesidades requeridas.<\/p>\n<p style=\"text-align: justify;\">Adem\u00e1s, <strong>GARCIA FAURA<\/strong> ofrece la posibilidad de hacer una visita presencial a su nuevo <em>showroom<\/em> de Gav\u00e0, donde un equipo de t\u00e9cnicos especializados podr\u00e1n presentar las mejores soluciones t\u00e9cnicas y asesorar con la m\u00e1xima garant\u00eda y fiabilidad. Pronto esta visita al <em>showroom<\/em> se podr\u00e1 hacer tambi\u00e9n de forma virtual en <a href=\"https:\/\/ventanasdecasa.com\/\" target=\"_blank\" rel=\"noopener\"><strong>ventanasdecasa.com<\/strong><\/a>.<\/p>\n","protected":false},"excerpt":{"rendered":"<p>GARCIA FAURA pone en marcha un nuevo espacio web para el sector residencial. En ventanasdecasa.com se pueden encontrar las mejores soluciones de ventanas para cualquier tipo de vivienda y con las m\u00e1ximas garant\u00edas de confort, aislamiento t\u00e9rmico y ac\u00fastico, seguridad&hellip;<\/p>\n","protected":false},"author":3,"featured_media":27657,"comment_status":"closed","ping_status":"open","sticky":false,"template":"","format":"gallery","meta":{"footnotes":""},"categories":[3],"tags":[],"post_series":[],"class_list":["post-27677","post","type-post","status-publish","format-gallery","has-post-thumbnail","hentry","category-actualidad","post_format-post-format-gallery","entry","has-media"],"yoast_head":"<!-- This site is optimized with the Yoast SEO plugin v26.7 - https:\/\/yoast.com\/wordpress\/plugins\/seo\/ -->\n<title>GARCIA FAURA abre una web espec\u00edfica de ventanas para el sector residencial - GARCIA FAURA<\/title>\n<meta name=\"description\" content=\"Arquitectura en Alumini, Inox, Ferro i Vidre\" \/>\n<meta name=\"robots\" content=\"index, follow, max-snippet:-1, max-image-preview:large, max-video-preview:-1\" \/>\n<link rel=\"canonical\" href=\"https:\/\/www.garciafaura.com\/es\/garcia-faura-obre-un-web-especific-de-finestres-per-al-sector-residencial\/\" \/>\n<meta property=\"og:locale\" content=\"es_ES\" \/>\n<meta property=\"og:type\" content=\"article\" \/>\n<meta property=\"og:title\" content=\"GARCIA FAURA abre una web espec\u00edfica de ventanas para el sector residencial - GARCIA FAURA\" \/>\n<meta property=\"og:description\" content=\"Arquitectura en Alumini, Inox, Ferro i Vidre\" \/>\n<meta property=\"og:url\" content=\"https:\/\/www.garciafaura.com\/es\/garcia-faura-obre-un-web-especific-de-finestres-per-al-sector-residencial\/\" \/>\n<meta property=\"og:site_name\" content=\"GARCIA FAURA\" \/>\n<meta property=\"article:published_time\" content=\"2021-07-08T10:32:54+00:00\" \/>\n<meta property=\"article:modified_time\" content=\"2021-07-08T10:44:18+00:00\" \/>\n<meta property=\"og:image\" content=\"https:\/\/www.garciafaura.com\/wp-content\/uploads\/2021\/07\/Portada-castella.png\" \/>\n\t<meta property=\"og:image:width\" content=\"1370\" \/>\n\t<meta property=\"og:image:height\" content=\"812\" \/>\n\t<meta property=\"og:image:type\" content=\"image\/png\" \/>\n<meta name=\"author\" content=\"David Achell\" \/>\n<meta name=\"twitter:card\" content=\"summary_large_image\" \/>\n<meta name=\"twitter:label1\" content=\"Escrito por\" \/>\n\t<meta name=\"twitter:data1\" content=\"David Achell\" \/>\n\t<meta name=\"twitter:label2\" content=\"Tiempo de lectura\" \/>\n\t<meta name=\"twitter:data2\" content=\"1 minuto\" \/>\n<script type=\"application\/ld+json\" class=\"yoast-schema-graph\">{\"@context\":\"https:\/\/schema.org\",\"@graph\":[{\"@type\":\"Article\",\"@id\":\"https:\/\/www.garciafaura.com\/es\/garcia-faura-obre-un-web-especific-de-finestres-per-al-sector-residencial\/#article\",\"isPartOf\":{\"@id\":\"https:\/\/www.garciafaura.com\/es\/garcia-faura-obre-un-web-especific-de-finestres-per-al-sector-residencial\/\"},\"author\":{\"name\":\"David Achell\",\"@id\":\"https:\/\/www.garciafaura.com\/fr\/#\/schema\/person\/b4b75e69b33fac3446071909bec106b0\"},\"headline\":\"GARCIA FAURA abre una web espec\u00edfica de ventanas para el sector residencial\",\"datePublished\":\"2021-07-08T10:32:54+00:00\",\"dateModified\":\"2021-07-08T10:44:18+00:00\",\"mainEntityOfPage\":{\"@id\":\"https:\/\/www.garciafaura.com\/es\/garcia-faura-obre-un-web-especific-de-finestres-per-al-sector-residencial\/\"},\"wordCount\":222,\"publisher\":{\"@id\":\"https:\/\/www.garciafaura.com\/fr\/#organization\"},\"image\":{\"@id\":\"https:\/\/www.garciafaura.com\/es\/garcia-faura-obre-un-web-especific-de-finestres-per-al-sector-residencial\/#primaryimage\"},\"thumbnailUrl\":\"https:\/\/www.garciafaura.com\/wp-content\/uploads\/2021\/07\/Portada-castella.png\",\"articleSection\":[\"Actualidad\"],\"inLanguage\":\"es\"},{\"@type\":\"WebPage\",\"@id\":\"https:\/\/www.garciafaura.com\/es\/garcia-faura-obre-un-web-especific-de-finestres-per-al-sector-residencial\/\",\"url\":\"https:\/\/www.garciafaura.com\/es\/garcia-faura-obre-un-web-especific-de-finestres-per-al-sector-residencial\/\",\"name\":\"GARCIA FAURA abre una web espec\u00edfica de ventanas para el sector residencial - GARCIA FAURA\",\"isPartOf\":{\"@id\":\"https:\/\/www.garciafaura.com\/fr\/#website\"},\"primaryImageOfPage\":{\"@id\":\"https:\/\/www.garciafaura.com\/es\/garcia-faura-obre-un-web-especific-de-finestres-per-al-sector-residencial\/#primaryimage\"},\"image\":{\"@id\":\"https:\/\/www.garciafaura.com\/es\/garcia-faura-obre-un-web-especific-de-finestres-per-al-sector-residencial\/#primaryimage\"},\"thumbnailUrl\":\"https:\/\/www.garciafaura.com\/wp-content\/uploads\/2021\/07\/Portada-castella.png\",\"datePublished\":\"2021-07-08T10:32:54+00:00\",\"dateModified\":\"2021-07-08T10:44:18+00:00\",\"description\":\"Arquitectura en Alumini, Inox, Ferro i Vidre\",\"breadcrumb\":{\"@id\":\"https:\/\/www.garciafaura.com\/es\/garcia-faura-obre-un-web-especific-de-finestres-per-al-sector-residencial\/#breadcrumb\"},\"inLanguage\":\"es\",\"potentialAction\":[{\"@type\":\"ReadAction\",\"target\":[\"https:\/\/www.garciafaura.com\/es\/garcia-faura-obre-un-web-especific-de-finestres-per-al-sector-residencial\/\"]}]},{\"@type\":\"ImageObject\",\"inLanguage\":\"es\",\"@id\":\"https:\/\/www.garciafaura.com\/es\/garcia-faura-obre-un-web-especific-de-finestres-per-al-sector-residencial\/#primaryimage\",\"url\":\"https:\/\/www.garciafaura.com\/wp-content\/uploads\/2021\/07\/Portada-castella.png\",\"contentUrl\":\"https:\/\/www.garciafaura.com\/wp-content\/uploads\/2021\/07\/Portada-castella.png\",\"width\":1370,\"height\":812,\"caption\":\"Garcia Faura ventanasdecasa.com\"},{\"@type\":\"BreadcrumbList\",\"@id\":\"https:\/\/www.garciafaura.com\/es\/garcia-faura-obre-un-web-especific-de-finestres-per-al-sector-residencial\/#breadcrumb\",\"itemListElement\":[{\"@type\":\"ListItem\",\"position\":1,\"name\":\"Inici\",\"item\":\"https:\/\/www.garciafaura.com\/es\/\"},{\"@type\":\"ListItem\",\"position\":2,\"name\":\"GARCIA FAURA abre una web espec\u00edfica de ventanas para el sector residencial\"}]},{\"@type\":\"WebSite\",\"@id\":\"https:\/\/www.garciafaura.com\/fr\/#website\",\"url\":\"https:\/\/www.garciafaura.com\/fr\/\",\"name\":\"GARCIA FAURA\",\"description\":\"Arquitectura en Alumini, Inox, Ferro i Vidre\",\"publisher\":{\"@id\":\"https:\/\/www.garciafaura.com\/fr\/#organization\"},\"potentialAction\":[{\"@type\":\"SearchAction\",\"target\":{\"@type\":\"EntryPoint\",\"urlTemplate\":\"https:\/\/www.garciafaura.com\/fr\/?s={search_term_string}\"},\"query-input\":{\"@type\":\"PropertyValueSpecification\",\"valueRequired\":true,\"valueName\":\"search_term_string\"}}],\"inLanguage\":\"es\"},{\"@type\":\"Organization\",\"@id\":\"https:\/\/www.garciafaura.com\/fr\/#organization\",\"name\":\"GARCIA FAURA\",\"url\":\"https:\/\/www.garciafaura.com\/fr\/\",\"logo\":{\"@type\":\"ImageObject\",\"inLanguage\":\"es\",\"@id\":\"https:\/\/www.garciafaura.com\/fr\/#\/schema\/logo\/image\/\",\"url\":\"https:\/\/www.garciafaura.com\/wp-content\/uploads\/2018\/09\/Garcia-Faura.png\",\"contentUrl\":\"https:\/\/www.garciafaura.com\/wp-content\/uploads\/2018\/09\/Garcia-Faura.png\",\"width\":512,\"height\":512,\"caption\":\"GARCIA FAURA\"},\"image\":{\"@id\":\"https:\/\/www.garciafaura.com\/fr\/#\/schema\/logo\/image\/\"},\"sameAs\":[\"https:\/\/www.youtube.com\/user\/GARCIAFAURA\"]},{\"@type\":\"Person\",\"@id\":\"https:\/\/www.garciafaura.com\/fr\/#\/schema\/person\/b4b75e69b33fac3446071909bec106b0\",\"name\":\"David Achell\",\"image\":{\"@type\":\"ImageObject\",\"inLanguage\":\"es\",\"@id\":\"https:\/\/www.garciafaura.com\/fr\/#\/schema\/person\/image\/\",\"url\":\"https:\/\/secure.gravatar.com\/avatar\/03900210afc1f61bce737bcb4a79c02e2c997f171e3eca839b5a4cbe03846c90?s=96&d=blank&r=g\",\"contentUrl\":\"https:\/\/secure.gravatar.com\/avatar\/03900210afc1f61bce737bcb4a79c02e2c997f171e3eca839b5a4cbe03846c90?s=96&d=blank&r=g\",\"caption\":\"David Achell\"}}]}<\/script>\n<!-- \/ Yoast SEO plugin. -->","yoast_head_json":{"title":"GARCIA FAURA abre una web espec\u00edfica de ventanas para el sector residencial - GARCIA FAURA","description":"Arquitectura en Alumini, Inox, Ferro i Vidre","robots":{"index":"index","follow":"follow","max-snippet":"max-snippet:-1","max-image-preview":"max-image-preview:large","max-video-preview":"max-video-preview:-1"},"canonical":"https:\/\/www.garciafaura.com\/es\/garcia-faura-obre-un-web-especific-de-finestres-per-al-sector-residencial\/","og_locale":"es_ES","og_type":"article","og_title":"GARCIA FAURA abre una web espec\u00edfica de ventanas para el sector residencial - GARCIA FAURA","og_description":"Arquitectura en Alumini, Inox, Ferro i Vidre","og_url":"https:\/\/www.garciafaura.com\/es\/garcia-faura-obre-un-web-especific-de-finestres-per-al-sector-residencial\/","og_site_name":"GARCIA FAURA","article_published_time":"2021-07-08T10:32:54+00:00","article_modified_time":"2021-07-08T10:44:18+00:00","og_image":[{"width":1370,"height":812,"url":"https:\/\/www.garciafaura.com\/wp-content\/uploads\/2021\/07\/Portada-castella.png","type":"image\/png"}],"author":"David Achell","twitter_card":"summary_large_image","twitter_misc":{"Escrito por":"David Achell","Tiempo de lectura":"1 minuto"},"schema":{"@context":"https:\/\/schema.org","@graph":[{"@type":"Article","@id":"https:\/\/www.garciafaura.com\/es\/garcia-faura-obre-un-web-especific-de-finestres-per-al-sector-residencial\/#article","isPartOf":{"@id":"https:\/\/www.garciafaura.com\/es\/garcia-faura-obre-un-web-especific-de-finestres-per-al-sector-residencial\/"},"author":{"name":"David Achell","@id":"https:\/\/www.garciafaura.com\/fr\/#\/schema\/person\/b4b75e69b33fac3446071909bec106b0"},"headline":"GARCIA FAURA abre una web espec\u00edfica de ventanas para el sector residencial","datePublished":"2021-07-08T10:32:54+00:00","dateModified":"2021-07-08T10:44:18+00:00","mainEntityOfPage":{"@id":"https:\/\/www.garciafaura.com\/es\/garcia-faura-obre-un-web-especific-de-finestres-per-al-sector-residencial\/"},"wordCount":222,"publisher":{"@id":"https:\/\/www.garciafaura.com\/fr\/#organization"},"image":{"@id":"https:\/\/www.garciafaura.com\/es\/garcia-faura-obre-un-web-especific-de-finestres-per-al-sector-residencial\/#primaryimage"},"thumbnailUrl":"https:\/\/www.garciafaura.com\/wp-content\/uploads\/2021\/07\/Portada-castella.png","articleSection":["Actualidad"],"inLanguage":"es"},{"@type":"WebPage","@id":"https:\/\/www.garciafaura.com\/es\/garcia-faura-obre-un-web-especific-de-finestres-per-al-sector-residencial\/","url":"https:\/\/www.garciafaura.com\/es\/garcia-faura-obre-un-web-especific-de-finestres-per-al-sector-residencial\/","name":"GARCIA FAURA abre una web espec\u00edfica de ventanas para el sector residencial - GARCIA FAURA","isPartOf":{"@id":"https:\/\/www.garciafaura.com\/fr\/#website"},"primaryImageOfPage":{"@id":"https:\/\/www.garciafaura.com\/es\/garcia-faura-obre-un-web-especific-de-finestres-per-al-sector-residencial\/#primaryimage"},"image":{"@id":"https:\/\/www.garciafaura.com\/es\/garcia-faura-obre-un-web-especific-de-finestres-per-al-sector-residencial\/#primaryimage"},"thumbnailUrl":"https:\/\/www.garciafaura.com\/wp-content\/uploads\/2021\/07\/Portada-castella.png","datePublished":"2021-07-08T10:32:54+00:00","dateModified":"2021-07-08T10:44:18+00:00","description":"Arquitectura en Alumini, Inox, Ferro i Vidre","breadcrumb":{"@id":"https:\/\/www.garciafaura.com\/es\/garcia-faura-obre-un-web-especific-de-finestres-per-al-sector-residencial\/#breadcrumb"},"inLanguage":"es","potentialAction":[{"@type":"ReadAction","target":["https:\/\/www.garciafaura.com\/es\/garcia-faura-obre-un-web-especific-de-finestres-per-al-sector-residencial\/"]}]},{"@type":"ImageObject","inLanguage":"es","@id":"https:\/\/www.garciafaura.com\/es\/garcia-faura-obre-un-web-especific-de-finestres-per-al-sector-residencial\/#primaryimage","url":"https:\/\/www.garciafaura.com\/wp-content\/uploads\/2021\/07\/Portada-castella.png","contentUrl":"https:\/\/www.garciafaura.com\/wp-content\/uploads\/2021\/07\/Portada-castella.png","width":1370,"height":812,"caption":"Garcia Faura ventanasdecasa.com"},{"@type":"BreadcrumbList","@id":"https:\/\/www.garciafaura.com\/es\/garcia-faura-obre-un-web-especific-de-finestres-per-al-sector-residencial\/#breadcrumb","itemListElement":[{"@type":"ListItem","position":1,"name":"Inici","item":"https:\/\/www.garciafaura.com\/es\/"},{"@type":"ListItem","position":2,"name":"GARCIA FAURA abre una web espec\u00edfica de ventanas para el sector residencial"}]},{"@type":"WebSite","@id":"https:\/\/www.garciafaura.com\/fr\/#website","url":"https:\/\/www.garciafaura.com\/fr\/","name":"GARCIA FAURA","description":"Arquitectura en Alumini, Inox, Ferro i Vidre","publisher":{"@id":"https:\/\/www.garciafaura.com\/fr\/#organization"},"potentialAction":[{"@type":"SearchAction","target":{"@type":"EntryPoint","urlTemplate":"https:\/\/www.garciafaura.com\/fr\/?s={search_term_string}"},"query-input":{"@type":"PropertyValueSpecification","valueRequired":true,"valueName":"search_term_string"}}],"inLanguage":"es"},{"@type":"Organization","@id":"https:\/\/www.garciafaura.com\/fr\/#organization","name":"GARCIA FAURA","url":"https:\/\/www.garciafaura.com\/fr\/","logo":{"@type":"ImageObject","inLanguage":"es","@id":"https:\/\/www.garciafaura.com\/fr\/#\/schema\/logo\/image\/","url":"https:\/\/www.garciafaura.com\/wp-content\/uploads\/2018\/09\/Garcia-Faura.png","contentUrl":"https:\/\/www.garciafaura.com\/wp-content\/uploads\/2018\/09\/Garcia-Faura.png","width":512,"height":512,"caption":"GARCIA FAURA"},"image":{"@id":"https:\/\/www.garciafaura.com\/fr\/#\/schema\/logo\/image\/"},"sameAs":["https:\/\/www.youtube.com\/user\/GARCIAFAURA"]},{"@type":"Person","@id":"https:\/\/www.garciafaura.com\/fr\/#\/schema\/person\/b4b75e69b33fac3446071909bec106b0","name":"David Achell","image":{"@type":"ImageObject","inLanguage":"es","@id":"https:\/\/www.garciafaura.com\/fr\/#\/schema\/person\/image\/","url":"https:\/\/secure.gravatar.com\/avatar\/03900210afc1f61bce737bcb4a79c02e2c997f171e3eca839b5a4cbe03846c90?s=96&d=blank&r=g","contentUrl":"https:\/\/secure.gravatar.com\/avatar\/03900210afc1f61bce737bcb4a79c02e2c997f171e3eca839b5a4cbe03846c90?s=96&d=blank&r=g","caption":"David Achell"}}]}},"_links":{"self":[{"href":"https:\/\/www.garciafaura.com\/es\/wp-json\/wp\/v2\/posts\/27677","targetHints":{"allow":["GET"]}}],"collection":[{"href":"https:\/\/www.garciafaura.com\/es\/wp-json\/wp\/v2\/posts"}],"about":[{"href":"https:\/\/www.garciafaura.com\/es\/wp-json\/wp\/v2\/types\/post"}],"author":[{"embeddable":true,"href":"https:\/\/www.garciafaura.com\/es\/wp-json\/wp\/v2\/users\/3"}],"replies":[{"embeddable":true,"href":"https:\/\/www.garciafaura.com\/es\/wp-json\/wp\/v2\/comments?post=27677"}],"version-history":[{"count":2,"href":"https:\/\/www.garciafaura.com\/es\/wp-json\/wp\/v2\/posts\/27677\/revisions"}],"predecessor-version":[{"id":27679,"href":"https:\/\/www.garciafaura.com\/es\/wp-json\/wp\/v2\/posts\/27677\/revisions\/27679"}],"wp:featuredmedia":[{"embeddable":true,"href":"https:\/\/www.garciafaura.com\/es\/wp-json\/wp\/v2\/media\/27657"}],"wp:attachment":[{"href":"https:\/\/www.garciafaura.com\/es\/wp-json\/wp\/v2\/media?parent=27677"}],"wp:term":[{"taxonomy":"category","embeddable":true,"href":"https:\/\/www.garciafaura.com\/es\/wp-json\/wp\/v2\/categories?post=27677"},{"taxonomy":"post_tag","embeddable":true,"href":"https:\/\/www.garciafaura.com\/es\/wp-json\/wp\/v2\/tags?post=27677"},{"taxonomy":"post_series","embeddable":true,"href":"https:\/\/www.garciafaura.com\/es\/wp-json\/wp\/v2\/post_series?post=27677"}],"curies":[{"name":"wp","href":"https:\/\/api.w.org\/{rel}","templated":true}]}}