{"id":27615,"date":"2021-06-29T12:00:14","date_gmt":"2021-06-29T10:00:14","guid":{"rendered":"https:\/\/www.garciafaura.com\/?p=27615"},"modified":"2021-06-29T13:04:39","modified_gmt":"2021-06-29T11:04:39","slug":"finalitza-el-projecte-de-foment-dinnovacio-i-talent-juvenil-metropolisfplab","status":"publish","type":"post","link":"https:\/\/www.garciafaura.com\/es\/finalitza-el-projecte-de-foment-dinnovacio-i-talent-juvenil-metropolisfplab\/","title":{"rendered":"Finaliza el proyecto de fomento de la innovaci\u00f3n y el talento juvenil Metr\u00f2polisFPLab"},"content":{"rendered":"<h3 style=\"text-align: justify;\">A lo largo de este curso escolar, GARCIA FAURA fue elegida como referente del \u00e1mbito industrial para participar del proyecto Metr\u00f2polisFPLab, impulsado por la Agencia de Desarrollo Econ\u00f3mico del \u00c1rea Metropolitana de Barcelona y la Fundaci\u00f3n BCN Formaci\u00f3n Profesional, con el apoyo de Innobaix, la agencia de innovaci\u00f3n del Baix Llobregat.<\/h3>\n<p style=\"text-align: justify;\">El proyecto <strong><a href=\"https:\/\/blogs.amb.cat\/innoamb\/ca\/metropolisfplab\/\" target=\"_blank\" rel=\"noopener\">Metr\u00f2polisFPLAb<\/a><\/strong> permite que j\u00f3venes estudiantes de formaci\u00f3n profesional del \u00e1rea metropolitana de Barcelona se enfrenten a la resoluci\u00f3n de retos empresariales de muy diversas caracter\u00edsticas. A lo largo de nueve meses, los estudiantes se organizan por equipos y eligen uno de los retos planteados por las empresas participantes. Deben estudiar cada caso, proponiendo soluciones viables, analizar los pros y contras de cada idea y terminar definiendo un prototipo que d\u00e9 respuesta a la mejor de las soluciones posibles.<\/p>\n<p style=\"text-align: justify;\">Entre las empresas participantes del <strong>Metr\u00f2polisFPLab<\/strong> de este a\u00f1o, adem\u00e1s de <a href=\"https:\/\/www.garciafaura.com\/es\/garcia-faura-per-la-promocio-del-talent-jove\/\" target=\"_blank\" rel=\"noopener\"><strong>GARCIA FAURA<\/strong><\/a>, ha habido Transportes Metropolitanos de Barcelona, \u200b\u200bel Puerto de Barcelona, \u200b\u200bel Instituto Catal\u00e1n de Oncolog\u00eda, el Circuito de Barcelona-Catalu\u00f1a o Aguas de Barcelona.<\/p>\n<p style=\"text-align: justify;\">Los y las estudiantes han tenido que enfrentarse a retos de tipo log\u00edstico, de marketing, de sostenibilidad o de gesti\u00f3n de recursos.<\/p>\n<h4 style=\"text-align: justify;\">La soluci\u00f3n ganadora<\/h4>\n<p style=\"text-align: justify;\"><strong>GARCIA FAURA<\/strong> planteaba un reto relacionado con el proceso de log\u00edstica y expedici\u00f3n de productos. La soluci\u00f3n ganadora ha sido planteada por un equipo formado por tres chicas del <a href=\"https:\/\/www.escolamassana.cat\/es\" target=\"_blank\" rel=\"noopener\"><strong>Centro de Arte y Dise\u00f1o Escuela Massana de Barcelona<\/strong><\/a>. El jurado valor\u00f3 su capacidad para identificar claramente el reto y afrontar su soluci\u00f3n desde una \u00f3ptica integral y bajo criterios de econom\u00eda circular.<\/p>\n<p style=\"text-align: justify;\">Las tres estudiantes recibir\u00e1n una beca de formaci\u00f3n que les permitir\u00e1 la realizaci\u00f3n de pr\u00e1cticas remuneradas durante 2 meses en la empresa, donde podr\u00e1n trabajar para llevar a cabo la soluci\u00f3n planteada, entre otras actividades que les permitir\u00e1n tener un primer contacto con el mundo laboral.<\/p>\n","protected":false},"excerpt":{"rendered":"<p>A lo largo de este curso escolar, GARCIA FAURA fue elegida como referente del \u00e1mbito industrial para participar del proyecto Metr\u00f2polisFPLab, impulsado por la Agencia de Desarrollo Econ\u00f3mico del \u00c1rea Metropolitana de Barcelona y la Fundaci\u00f3n BCN Formaci\u00f3n Profesional, con&hellip;<\/p>\n","protected":false},"author":3,"featured_media":27621,"comment_status":"closed","ping_status":"open","sticky":false,"template":"","format":"gallery","meta":{"footnotes":""},"categories":[3],"tags":[],"post_series":[],"class_list":["post-27615","post","type-post","status-publish","format-gallery","has-post-thumbnail","hentry","category-actualidad","post_format-post-format-gallery","entry","has-media"],"yoast_head":"<!-- This site is optimized with the Yoast SEO plugin v26.7 - https:\/\/yoast.com\/wordpress\/plugins\/seo\/ -->\n<title>Finaliza el proyecto de fomento de la innovaci\u00f3n y el talento juvenil Metr\u00f2polisFPLab - GARCIA FAURA<\/title>\n<meta name=\"description\" content=\"Arquitectura en Alumini, Inox, Ferro i Vidre\" \/>\n<meta name=\"robots\" content=\"index, follow, max-snippet:-1, max-image-preview:large, max-video-preview:-1\" \/>\n<link rel=\"canonical\" href=\"https:\/\/www.garciafaura.com\/es\/finalitza-el-projecte-de-foment-dinnovacio-i-talent-juvenil-metropolisfplab\/\" \/>\n<meta property=\"og:locale\" content=\"es_ES\" \/>\n<meta property=\"og:type\" content=\"article\" \/>\n<meta property=\"og:title\" content=\"Finaliza el proyecto de fomento de la innovaci\u00f3n y el talento juvenil Metr\u00f2polisFPLab - GARCIA FAURA\" \/>\n<meta property=\"og:description\" content=\"Arquitectura en Alumini, Inox, Ferro i Vidre\" \/>\n<meta property=\"og:url\" content=\"https:\/\/www.garciafaura.com\/es\/finalitza-el-projecte-de-foment-dinnovacio-i-talent-juvenil-metropolisfplab\/\" \/>\n<meta property=\"og:site_name\" content=\"GARCIA FAURA\" \/>\n<meta property=\"article:published_time\" content=\"2021-06-29T10:00:14+00:00\" \/>\n<meta property=\"article:modified_time\" content=\"2021-06-29T11:04:39+00:00\" \/>\n<meta property=\"og:image\" content=\"https:\/\/www.garciafaura.com\/wp-content\/uploads\/2021\/06\/GUANYADORES.jpeg\" \/>\n\t<meta property=\"og:image:width\" content=\"2048\" \/>\n\t<meta property=\"og:image:height\" content=\"1536\" \/>\n\t<meta property=\"og:image:type\" content=\"image\/jpeg\" \/>\n<meta name=\"author\" content=\"David Achell\" \/>\n<meta name=\"twitter:card\" content=\"summary_large_image\" \/>\n<meta name=\"twitter:label1\" content=\"Escrito por\" \/>\n\t<meta name=\"twitter:data1\" content=\"David Achell\" \/>\n\t<meta name=\"twitter:label2\" content=\"Tiempo de lectura\" \/>\n\t<meta name=\"twitter:data2\" content=\"2 minutos\" \/>\n<script type=\"application\/ld+json\" class=\"yoast-schema-graph\">{\"@context\":\"https:\/\/schema.org\",\"@graph\":[{\"@type\":\"Article\",\"@id\":\"https:\/\/www.garciafaura.com\/es\/finalitza-el-projecte-de-foment-dinnovacio-i-talent-juvenil-metropolisfplab\/#article\",\"isPartOf\":{\"@id\":\"https:\/\/www.garciafaura.com\/es\/finalitza-el-projecte-de-foment-dinnovacio-i-talent-juvenil-metropolisfplab\/\"},\"author\":{\"name\":\"David Achell\",\"@id\":\"https:\/\/www.garciafaura.com\/fr\/#\/schema\/person\/b4b75e69b33fac3446071909bec106b0\"},\"headline\":\"Finaliza el proyecto de fomento de la innovaci\u00f3n y el talento juvenil Metr\u00f2polisFPLab\",\"datePublished\":\"2021-06-29T10:00:14+00:00\",\"dateModified\":\"2021-06-29T11:04:39+00:00\",\"mainEntityOfPage\":{\"@id\":\"https:\/\/www.garciafaura.com\/es\/finalitza-el-projecte-de-foment-dinnovacio-i-talent-juvenil-metropolisfplab\/\"},\"wordCount\":346,\"publisher\":{\"@id\":\"https:\/\/www.garciafaura.com\/fr\/#organization\"},\"image\":{\"@id\":\"https:\/\/www.garciafaura.com\/es\/finalitza-el-projecte-de-foment-dinnovacio-i-talent-juvenil-metropolisfplab\/#primaryimage\"},\"thumbnailUrl\":\"https:\/\/www.garciafaura.com\/wp-content\/uploads\/2021\/06\/GUANYADORES.jpeg\",\"articleSection\":[\"Actualidad\"],\"inLanguage\":\"es\"},{\"@type\":\"WebPage\",\"@id\":\"https:\/\/www.garciafaura.com\/es\/finalitza-el-projecte-de-foment-dinnovacio-i-talent-juvenil-metropolisfplab\/\",\"url\":\"https:\/\/www.garciafaura.com\/es\/finalitza-el-projecte-de-foment-dinnovacio-i-talent-juvenil-metropolisfplab\/\",\"name\":\"Finaliza el proyecto de fomento de la innovaci\u00f3n y el talento juvenil Metr\u00f2polisFPLab - GARCIA FAURA\",\"isPartOf\":{\"@id\":\"https:\/\/www.garciafaura.com\/fr\/#website\"},\"primaryImageOfPage\":{\"@id\":\"https:\/\/www.garciafaura.com\/es\/finalitza-el-projecte-de-foment-dinnovacio-i-talent-juvenil-metropolisfplab\/#primaryimage\"},\"image\":{\"@id\":\"https:\/\/www.garciafaura.com\/es\/finalitza-el-projecte-de-foment-dinnovacio-i-talent-juvenil-metropolisfplab\/#primaryimage\"},\"thumbnailUrl\":\"https:\/\/www.garciafaura.com\/wp-content\/uploads\/2021\/06\/GUANYADORES.jpeg\",\"datePublished\":\"2021-06-29T10:00:14+00:00\",\"dateModified\":\"2021-06-29T11:04:39+00:00\",\"description\":\"Arquitectura en Alumini, Inox, Ferro i Vidre\",\"breadcrumb\":{\"@id\":\"https:\/\/www.garciafaura.com\/es\/finalitza-el-projecte-de-foment-dinnovacio-i-talent-juvenil-metropolisfplab\/#breadcrumb\"},\"inLanguage\":\"es\",\"potentialAction\":[{\"@type\":\"ReadAction\",\"target\":[\"https:\/\/www.garciafaura.com\/es\/finalitza-el-projecte-de-foment-dinnovacio-i-talent-juvenil-metropolisfplab\/\"]}]},{\"@type\":\"ImageObject\",\"inLanguage\":\"es\",\"@id\":\"https:\/\/www.garciafaura.com\/es\/finalitza-el-projecte-de-foment-dinnovacio-i-talent-juvenil-metropolisfplab\/#primaryimage\",\"url\":\"https:\/\/www.garciafaura.com\/wp-content\/uploads\/2021\/06\/GUANYADORES.jpeg\",\"contentUrl\":\"https:\/\/www.garciafaura.com\/wp-content\/uploads\/2021\/06\/GUANYADORES.jpeg\",\"width\":2048,\"height\":1536,\"caption\":\"Equipo ganador\"},{\"@type\":\"BreadcrumbList\",\"@id\":\"https:\/\/www.garciafaura.com\/es\/finalitza-el-projecte-de-foment-dinnovacio-i-talent-juvenil-metropolisfplab\/#breadcrumb\",\"itemListElement\":[{\"@type\":\"ListItem\",\"position\":1,\"name\":\"Inici\",\"item\":\"https:\/\/www.garciafaura.com\/es\/\"},{\"@type\":\"ListItem\",\"position\":2,\"name\":\"Finaliza el proyecto de fomento de la innovaci\u00f3n y el talento juvenil Metr\u00f2polisFPLab\"}]},{\"@type\":\"WebSite\",\"@id\":\"https:\/\/www.garciafaura.com\/fr\/#website\",\"url\":\"https:\/\/www.garciafaura.com\/fr\/\",\"name\":\"GARCIA FAURA\",\"description\":\"Arquitectura en Alumini, Inox, Ferro i Vidre\",\"publisher\":{\"@id\":\"https:\/\/www.garciafaura.com\/fr\/#organization\"},\"potentialAction\":[{\"@type\":\"SearchAction\",\"target\":{\"@type\":\"EntryPoint\",\"urlTemplate\":\"https:\/\/www.garciafaura.com\/fr\/?s={search_term_string}\"},\"query-input\":{\"@type\":\"PropertyValueSpecification\",\"valueRequired\":true,\"valueName\":\"search_term_string\"}}],\"inLanguage\":\"es\"},{\"@type\":\"Organization\",\"@id\":\"https:\/\/www.garciafaura.com\/fr\/#organization\",\"name\":\"GARCIA FAURA\",\"url\":\"https:\/\/www.garciafaura.com\/fr\/\",\"logo\":{\"@type\":\"ImageObject\",\"inLanguage\":\"es\",\"@id\":\"https:\/\/www.garciafaura.com\/fr\/#\/schema\/logo\/image\/\",\"url\":\"https:\/\/www.garciafaura.com\/wp-content\/uploads\/2018\/09\/Garcia-Faura.png\",\"contentUrl\":\"https:\/\/www.garciafaura.com\/wp-content\/uploads\/2018\/09\/Garcia-Faura.png\",\"width\":512,\"height\":512,\"caption\":\"GARCIA FAURA\"},\"image\":{\"@id\":\"https:\/\/www.garciafaura.com\/fr\/#\/schema\/logo\/image\/\"},\"sameAs\":[\"https:\/\/www.youtube.com\/user\/GARCIAFAURA\"]},{\"@type\":\"Person\",\"@id\":\"https:\/\/www.garciafaura.com\/fr\/#\/schema\/person\/b4b75e69b33fac3446071909bec106b0\",\"name\":\"David Achell\",\"image\":{\"@type\":\"ImageObject\",\"inLanguage\":\"es\",\"@id\":\"https:\/\/www.garciafaura.com\/fr\/#\/schema\/person\/image\/\",\"url\":\"https:\/\/secure.gravatar.com\/avatar\/03900210afc1f61bce737bcb4a79c02e2c997f171e3eca839b5a4cbe03846c90?s=96&d=blank&r=g\",\"contentUrl\":\"https:\/\/secure.gravatar.com\/avatar\/03900210afc1f61bce737bcb4a79c02e2c997f171e3eca839b5a4cbe03846c90?s=96&d=blank&r=g\",\"caption\":\"David Achell\"}}]}<\/script>\n<!-- \/ Yoast SEO plugin. -->","yoast_head_json":{"title":"Finaliza el proyecto de fomento de la innovaci\u00f3n y el talento juvenil Metr\u00f2polisFPLab - GARCIA FAURA","description":"Arquitectura en Alumini, Inox, Ferro i Vidre","robots":{"index":"index","follow":"follow","max-snippet":"max-snippet:-1","max-image-preview":"max-image-preview:large","max-video-preview":"max-video-preview:-1"},"canonical":"https:\/\/www.garciafaura.com\/es\/finalitza-el-projecte-de-foment-dinnovacio-i-talent-juvenil-metropolisfplab\/","og_locale":"es_ES","og_type":"article","og_title":"Finaliza el proyecto de fomento de la innovaci\u00f3n y el talento juvenil Metr\u00f2polisFPLab - GARCIA FAURA","og_description":"Arquitectura en Alumini, Inox, Ferro i Vidre","og_url":"https:\/\/www.garciafaura.com\/es\/finalitza-el-projecte-de-foment-dinnovacio-i-talent-juvenil-metropolisfplab\/","og_site_name":"GARCIA FAURA","article_published_time":"2021-06-29T10:00:14+00:00","article_modified_time":"2021-06-29T11:04:39+00:00","og_image":[{"width":2048,"height":1536,"url":"https:\/\/www.garciafaura.com\/wp-content\/uploads\/2021\/06\/GUANYADORES.jpeg","type":"image\/jpeg"}],"author":"David Achell","twitter_card":"summary_large_image","twitter_misc":{"Escrito por":"David Achell","Tiempo de lectura":"2 minutos"},"schema":{"@context":"https:\/\/schema.org","@graph":[{"@type":"Article","@id":"https:\/\/www.garciafaura.com\/es\/finalitza-el-projecte-de-foment-dinnovacio-i-talent-juvenil-metropolisfplab\/#article","isPartOf":{"@id":"https:\/\/www.garciafaura.com\/es\/finalitza-el-projecte-de-foment-dinnovacio-i-talent-juvenil-metropolisfplab\/"},"author":{"name":"David Achell","@id":"https:\/\/www.garciafaura.com\/fr\/#\/schema\/person\/b4b75e69b33fac3446071909bec106b0"},"headline":"Finaliza el proyecto de fomento de la innovaci\u00f3n y el talento juvenil Metr\u00f2polisFPLab","datePublished":"2021-06-29T10:00:14+00:00","dateModified":"2021-06-29T11:04:39+00:00","mainEntityOfPage":{"@id":"https:\/\/www.garciafaura.com\/es\/finalitza-el-projecte-de-foment-dinnovacio-i-talent-juvenil-metropolisfplab\/"},"wordCount":346,"publisher":{"@id":"https:\/\/www.garciafaura.com\/fr\/#organization"},"image":{"@id":"https:\/\/www.garciafaura.com\/es\/finalitza-el-projecte-de-foment-dinnovacio-i-talent-juvenil-metropolisfplab\/#primaryimage"},"thumbnailUrl":"https:\/\/www.garciafaura.com\/wp-content\/uploads\/2021\/06\/GUANYADORES.jpeg","articleSection":["Actualidad"],"inLanguage":"es"},{"@type":"WebPage","@id":"https:\/\/www.garciafaura.com\/es\/finalitza-el-projecte-de-foment-dinnovacio-i-talent-juvenil-metropolisfplab\/","url":"https:\/\/www.garciafaura.com\/es\/finalitza-el-projecte-de-foment-dinnovacio-i-talent-juvenil-metropolisfplab\/","name":"Finaliza el proyecto de fomento de la innovaci\u00f3n y el talento juvenil Metr\u00f2polisFPLab - GARCIA FAURA","isPartOf":{"@id":"https:\/\/www.garciafaura.com\/fr\/#website"},"primaryImageOfPage":{"@id":"https:\/\/www.garciafaura.com\/es\/finalitza-el-projecte-de-foment-dinnovacio-i-talent-juvenil-metropolisfplab\/#primaryimage"},"image":{"@id":"https:\/\/www.garciafaura.com\/es\/finalitza-el-projecte-de-foment-dinnovacio-i-talent-juvenil-metropolisfplab\/#primaryimage"},"thumbnailUrl":"https:\/\/www.garciafaura.com\/wp-content\/uploads\/2021\/06\/GUANYADORES.jpeg","datePublished":"2021-06-29T10:00:14+00:00","dateModified":"2021-06-29T11:04:39+00:00","description":"Arquitectura en Alumini, Inox, Ferro i Vidre","breadcrumb":{"@id":"https:\/\/www.garciafaura.com\/es\/finalitza-el-projecte-de-foment-dinnovacio-i-talent-juvenil-metropolisfplab\/#breadcrumb"},"inLanguage":"es","potentialAction":[{"@type":"ReadAction","target":["https:\/\/www.garciafaura.com\/es\/finalitza-el-projecte-de-foment-dinnovacio-i-talent-juvenil-metropolisfplab\/"]}]},{"@type":"ImageObject","inLanguage":"es","@id":"https:\/\/www.garciafaura.com\/es\/finalitza-el-projecte-de-foment-dinnovacio-i-talent-juvenil-metropolisfplab\/#primaryimage","url":"https:\/\/www.garciafaura.com\/wp-content\/uploads\/2021\/06\/GUANYADORES.jpeg","contentUrl":"https:\/\/www.garciafaura.com\/wp-content\/uploads\/2021\/06\/GUANYADORES.jpeg","width":2048,"height":1536,"caption":"Equipo ganador"},{"@type":"BreadcrumbList","@id":"https:\/\/www.garciafaura.com\/es\/finalitza-el-projecte-de-foment-dinnovacio-i-talent-juvenil-metropolisfplab\/#breadcrumb","itemListElement":[{"@type":"ListItem","position":1,"name":"Inici","item":"https:\/\/www.garciafaura.com\/es\/"},{"@type":"ListItem","position":2,"name":"Finaliza el proyecto de fomento de la innovaci\u00f3n y el talento juvenil Metr\u00f2polisFPLab"}]},{"@type":"WebSite","@id":"https:\/\/www.garciafaura.com\/fr\/#website","url":"https:\/\/www.garciafaura.com\/fr\/","name":"GARCIA FAURA","description":"Arquitectura en Alumini, Inox, Ferro i Vidre","publisher":{"@id":"https:\/\/www.garciafaura.com\/fr\/#organization"},"potentialAction":[{"@type":"SearchAction","target":{"@type":"EntryPoint","urlTemplate":"https:\/\/www.garciafaura.com\/fr\/?s={search_term_string}"},"query-input":{"@type":"PropertyValueSpecification","valueRequired":true,"valueName":"search_term_string"}}],"inLanguage":"es"},{"@type":"Organization","@id":"https:\/\/www.garciafaura.com\/fr\/#organization","name":"GARCIA FAURA","url":"https:\/\/www.garciafaura.com\/fr\/","logo":{"@type":"ImageObject","inLanguage":"es","@id":"https:\/\/www.garciafaura.com\/fr\/#\/schema\/logo\/image\/","url":"https:\/\/www.garciafaura.com\/wp-content\/uploads\/2018\/09\/Garcia-Faura.png","contentUrl":"https:\/\/www.garciafaura.com\/wp-content\/uploads\/2018\/09\/Garcia-Faura.png","width":512,"height":512,"caption":"GARCIA FAURA"},"image":{"@id":"https:\/\/www.garciafaura.com\/fr\/#\/schema\/logo\/image\/"},"sameAs":["https:\/\/www.youtube.com\/user\/GARCIAFAURA"]},{"@type":"Person","@id":"https:\/\/www.garciafaura.com\/fr\/#\/schema\/person\/b4b75e69b33fac3446071909bec106b0","name":"David Achell","image":{"@type":"ImageObject","inLanguage":"es","@id":"https:\/\/www.garciafaura.com\/fr\/#\/schema\/person\/image\/","url":"https:\/\/secure.gravatar.com\/avatar\/03900210afc1f61bce737bcb4a79c02e2c997f171e3eca839b5a4cbe03846c90?s=96&d=blank&r=g","contentUrl":"https:\/\/secure.gravatar.com\/avatar\/03900210afc1f61bce737bcb4a79c02e2c997f171e3eca839b5a4cbe03846c90?s=96&d=blank&r=g","caption":"David Achell"}}]}},"_links":{"self":[{"href":"https:\/\/www.garciafaura.com\/es\/wp-json\/wp\/v2\/posts\/27615","targetHints":{"allow":["GET"]}}],"collection":[{"href":"https:\/\/www.garciafaura.com\/es\/wp-json\/wp\/v2\/posts"}],"about":[{"href":"https:\/\/www.garciafaura.com\/es\/wp-json\/wp\/v2\/types\/post"}],"author":[{"embeddable":true,"href":"https:\/\/www.garciafaura.com\/es\/wp-json\/wp\/v2\/users\/3"}],"replies":[{"embeddable":true,"href":"https:\/\/www.garciafaura.com\/es\/wp-json\/wp\/v2\/comments?post=27615"}],"version-history":[{"count":3,"href":"https:\/\/www.garciafaura.com\/es\/wp-json\/wp\/v2\/posts\/27615\/revisions"}],"predecessor-version":[{"id":27616,"href":"https:\/\/www.garciafaura.com\/es\/wp-json\/wp\/v2\/posts\/27615\/revisions\/27616"}],"wp:featuredmedia":[{"embeddable":true,"href":"https:\/\/www.garciafaura.com\/es\/wp-json\/wp\/v2\/media\/27621"}],"wp:attachment":[{"href":"https:\/\/www.garciafaura.com\/es\/wp-json\/wp\/v2\/media?parent=27615"}],"wp:term":[{"taxonomy":"category","embeddable":true,"href":"https:\/\/www.garciafaura.com\/es\/wp-json\/wp\/v2\/categories?post=27615"},{"taxonomy":"post_tag","embeddable":true,"href":"https:\/\/www.garciafaura.com\/es\/wp-json\/wp\/v2\/tags?post=27615"},{"taxonomy":"post_series","embeddable":true,"href":"https:\/\/www.garciafaura.com\/es\/wp-json\/wp\/v2\/post_series?post=27615"}],"curies":[{"name":"wp","href":"https:\/\/api.w.org\/{rel}","templated":true}]}}