{"id":27585,"date":"2021-06-17T10:00:37","date_gmt":"2021-06-17T08:00:37","guid":{"rendered":"https:\/\/www.garciafaura.com\/?p=27585"},"modified":"2021-06-15T13:26:10","modified_gmt":"2021-06-15T11:26:10","slug":"garcia-faura-amplia-les-seves-installacions-de-gava-2","status":"publish","type":"post","link":"https:\/\/www.garciafaura.com\/es\/garcia-faura-amplia-les-seves-installacions-de-gava-2\/","title":{"rendered":"GARCIA FAURA ampl\u00eda sus instalaciones de Gav\u00e0"},"content":{"rendered":"<h3 style=\"text-align: justify;\">La compa\u00f1\u00eda ha reorganizado sus centros de producci\u00f3n en Gav\u00e0 y ya suma 16.000 metros cuadrados de superficie, distribuidos en tres naves dentro del pol\u00edgono Cam\u00ed Real. De esta manera se hace patente la apuesta de la empresa por la ciudad donde comenz\u00f3 su actividad, hace m\u00e1s de 130 a\u00f1os.<\/h3>\n<p style=\"text-align: justify;\"><strong>GARCIA FAURA<\/strong> contin\u00faa apostando por el centro de producci\u00f3n en <strong>Gav\u00e0<\/strong>. Con el objetivo de ampliar la capacidad de sus talleres especializados, la compa\u00f1\u00eda ha reorganizado sus centros de trabajo, distribuyendo sus espacios productivos y de oficinas.<\/p>\n<p style=\"text-align: justify;\">La nave central de la calle Raurell sigue acogiendo todos los servicios t\u00e9cnicos y administrativos, as\u00ed como el almac\u00e9n central y el Taller de Aluminio.<\/p>\n<p style=\"text-align: justify;\">En un segundo espacio, ubicado tambi\u00e9n en la calle Raurell, se ha habilitado una nave industrial de 4.000 metros cuadrados destinada en exclusiva a la manipulaci\u00f3n y acabados de paneles, cubiertas y chapa met\u00e1lica. Este Taller de Chapa va equipado con el conjunto de maquinaria destinada a las tareas propias de esta \u00e1rea productiva: sierras verticales de paneles, cizallas hidr\u00e1ulicas, plegadoras y prensas plegadoras hidr\u00e1ulicas.<\/p>\n<p style=\"text-align: justify;\">El Taller produce todos los elementos de chapa necesarios para complementar los productos que desarrolla y fabrica <strong>GARCIA FAURA<\/strong>, tanto en acero como en aluminio. Al mismo tiempo, la nave centraliza la producci\u00f3n de paneles y materiales para revestimientos exteriores y cobertura de fachadas.<\/p>\n<p style=\"text-align: justify;\">La compa\u00f1\u00eda cuenta con una tercera nave, ubicada en la calle de Isaac Peral, donde se ubica el Taller de Hierro y Acero inoxidable. Adem\u00e1s, esta nave centraliza desde hace unas semanas todos los servicios t\u00e9cnicos y comerciales de la Divisi\u00f3n Residencial, dedicada al desarrollo, fabricaci\u00f3n e instalaci\u00f3n de cerramientos para el sector particular. En este espacio se ubica el nuevo <strong>Showroom Residencial<\/strong> de la compa\u00f1\u00eda, una exposici\u00f3n abierta al p\u00fablico particular que se puede visitar previa concertaci\u00f3n de cita telef\u00f3nica o a trav\u00e9s del correo electr\u00f3nico <a href=\"mailto:residencial@garciafaura.com\">residencial@garciafaura.com<\/a>.<\/p>\n<h4 style=\"text-align: justify;\">M\u00e1s de 16.000 m\u00b2 en tres naves<\/h4>\n<p style=\"text-align: justify;\">Con esta reorganizaci\u00f3n de espacios, <strong>GARCIA FAURA<\/strong> ya dispone de m\u00e1s de 16.000 metros cuadrados distribuidos en tres naves industriales en un mismo pol\u00edgono econ\u00f3mico. Desde este polo productivo, <strong>GARCIA FAURA<\/strong> abastece a todos los productos que la compa\u00f1\u00eda desarrolla e instala en los pa\u00edses en los que est\u00e1 implantada.<\/p>\n<p style=\"text-align: justify;\">Actualmente los productos fabricados por la compa\u00f1\u00eda se env\u00edan desde <strong>Gav\u00e0<\/strong> a obras en construcci\u00f3n de toda Catalu\u00f1a, el resto de Espa\u00f1a, y tambi\u00e9n a Francia, Luxemburgo y B\u00e9lgica.<\/p>\n","protected":false},"excerpt":{"rendered":"<p>La compa\u00f1\u00eda ha reorganizado sus centros de producci\u00f3n en Gav\u00e0 y ya suma 16.000 metros cuadrados de superficie, distribuidos en tres naves dentro del pol\u00edgono Cam\u00ed Real. De esta manera se hace patente la apuesta de la empresa por la&hellip;<\/p>\n","protected":false},"author":3,"featured_media":27582,"comment_status":"closed","ping_status":"open","sticky":false,"template":"","format":"gallery","meta":{"footnotes":""},"categories":[3],"tags":[],"post_series":[],"class_list":["post-27585","post","type-post","status-publish","format-gallery","has-post-thumbnail","hentry","category-actualidad","post_format-post-format-gallery","entry","has-media"],"yoast_head":"<!-- This site is optimized with the Yoast SEO plugin v26.7 - https:\/\/yoast.com\/wordpress\/plugins\/seo\/ -->\n<title>GARCIA FAURA ampl\u00eda sus instalaciones de Gav\u00e0 - GARCIA FAURA<\/title>\n<meta name=\"description\" content=\"Arquitectura en Alumini, Inox, Ferro i Vidre\" \/>\n<meta name=\"robots\" content=\"index, follow, max-snippet:-1, max-image-preview:large, max-video-preview:-1\" \/>\n<link rel=\"canonical\" href=\"https:\/\/www.garciafaura.com\/es\/garcia-faura-amplia-les-seves-installacions-de-gava-2\/\" \/>\n<meta property=\"og:locale\" content=\"es_ES\" \/>\n<meta property=\"og:type\" content=\"article\" \/>\n<meta property=\"og:title\" content=\"GARCIA FAURA ampl\u00eda sus instalaciones de Gav\u00e0 - GARCIA FAURA\" \/>\n<meta property=\"og:description\" content=\"Arquitectura en Alumini, Inox, Ferro i Vidre\" \/>\n<meta property=\"og:url\" content=\"https:\/\/www.garciafaura.com\/es\/garcia-faura-amplia-les-seves-installacions-de-gava-2\/\" \/>\n<meta property=\"og:site_name\" content=\"GARCIA FAURA\" \/>\n<meta property=\"article:published_time\" content=\"2021-06-17T08:00:37+00:00\" \/>\n<meta property=\"og:image\" content=\"https:\/\/www.garciafaura.com\/wp-content\/uploads\/2021\/06\/Taller-xapa-03.jpg\" \/>\n\t<meta property=\"og:image:width\" content=\"2560\" \/>\n\t<meta property=\"og:image:height\" content=\"1440\" \/>\n\t<meta property=\"og:image:type\" content=\"image\/jpeg\" \/>\n<meta name=\"author\" content=\"David Achell\" \/>\n<meta name=\"twitter:card\" content=\"summary_large_image\" \/>\n<meta name=\"twitter:label1\" content=\"Escrito por\" \/>\n\t<meta name=\"twitter:data1\" content=\"David Achell\" \/>\n\t<meta name=\"twitter:label2\" content=\"Tiempo de lectura\" \/>\n\t<meta name=\"twitter:data2\" content=\"2 minutos\" \/>\n<script type=\"application\/ld+json\" class=\"yoast-schema-graph\">{\"@context\":\"https:\/\/schema.org\",\"@graph\":[{\"@type\":\"Article\",\"@id\":\"https:\/\/www.garciafaura.com\/es\/garcia-faura-amplia-les-seves-installacions-de-gava-2\/#article\",\"isPartOf\":{\"@id\":\"https:\/\/www.garciafaura.com\/es\/garcia-faura-amplia-les-seves-installacions-de-gava-2\/\"},\"author\":{\"name\":\"David Achell\",\"@id\":\"https:\/\/www.garciafaura.com\/fr\/#\/schema\/person\/b4b75e69b33fac3446071909bec106b0\"},\"headline\":\"GARCIA FAURA ampl\u00eda sus instalaciones de Gav\u00e0\",\"datePublished\":\"2021-06-17T08:00:37+00:00\",\"mainEntityOfPage\":{\"@id\":\"https:\/\/www.garciafaura.com\/es\/garcia-faura-amplia-les-seves-installacions-de-gava-2\/\"},\"wordCount\":443,\"publisher\":{\"@id\":\"https:\/\/www.garciafaura.com\/fr\/#organization\"},\"image\":{\"@id\":\"https:\/\/www.garciafaura.com\/es\/garcia-faura-amplia-les-seves-installacions-de-gava-2\/#primaryimage\"},\"thumbnailUrl\":\"https:\/\/www.garciafaura.com\/wp-content\/uploads\/2021\/06\/Taller-xapa-03.jpg\",\"articleSection\":[\"Actualidad\"],\"inLanguage\":\"es\"},{\"@type\":\"WebPage\",\"@id\":\"https:\/\/www.garciafaura.com\/es\/garcia-faura-amplia-les-seves-installacions-de-gava-2\/\",\"url\":\"https:\/\/www.garciafaura.com\/es\/garcia-faura-amplia-les-seves-installacions-de-gava-2\/\",\"name\":\"GARCIA FAURA ampl\u00eda sus instalaciones de Gav\u00e0 - GARCIA FAURA\",\"isPartOf\":{\"@id\":\"https:\/\/www.garciafaura.com\/fr\/#website\"},\"primaryImageOfPage\":{\"@id\":\"https:\/\/www.garciafaura.com\/es\/garcia-faura-amplia-les-seves-installacions-de-gava-2\/#primaryimage\"},\"image\":{\"@id\":\"https:\/\/www.garciafaura.com\/es\/garcia-faura-amplia-les-seves-installacions-de-gava-2\/#primaryimage\"},\"thumbnailUrl\":\"https:\/\/www.garciafaura.com\/wp-content\/uploads\/2021\/06\/Taller-xapa-03.jpg\",\"datePublished\":\"2021-06-17T08:00:37+00:00\",\"description\":\"Arquitectura en Alumini, Inox, Ferro i Vidre\",\"breadcrumb\":{\"@id\":\"https:\/\/www.garciafaura.com\/es\/garcia-faura-amplia-les-seves-installacions-de-gava-2\/#breadcrumb\"},\"inLanguage\":\"es\",\"potentialAction\":[{\"@type\":\"ReadAction\",\"target\":[\"https:\/\/www.garciafaura.com\/es\/garcia-faura-amplia-les-seves-installacions-de-gava-2\/\"]}]},{\"@type\":\"ImageObject\",\"inLanguage\":\"es\",\"@id\":\"https:\/\/www.garciafaura.com\/es\/garcia-faura-amplia-les-seves-installacions-de-gava-2\/#primaryimage\",\"url\":\"https:\/\/www.garciafaura.com\/wp-content\/uploads\/2021\/06\/Taller-xapa-03.jpg\",\"contentUrl\":\"https:\/\/www.garciafaura.com\/wp-content\/uploads\/2021\/06\/Taller-xapa-03.jpg\",\"width\":2560,\"height\":1440,\"caption\":\"Taller xapa Garcia Faura\"},{\"@type\":\"BreadcrumbList\",\"@id\":\"https:\/\/www.garciafaura.com\/es\/garcia-faura-amplia-les-seves-installacions-de-gava-2\/#breadcrumb\",\"itemListElement\":[{\"@type\":\"ListItem\",\"position\":1,\"name\":\"Inici\",\"item\":\"https:\/\/www.garciafaura.com\/es\/\"},{\"@type\":\"ListItem\",\"position\":2,\"name\":\"GARCIA FAURA ampl\u00eda sus instalaciones de Gav\u00e0\"}]},{\"@type\":\"WebSite\",\"@id\":\"https:\/\/www.garciafaura.com\/fr\/#website\",\"url\":\"https:\/\/www.garciafaura.com\/fr\/\",\"name\":\"GARCIA FAURA\",\"description\":\"Arquitectura en Alumini, Inox, Ferro i Vidre\",\"publisher\":{\"@id\":\"https:\/\/www.garciafaura.com\/fr\/#organization\"},\"potentialAction\":[{\"@type\":\"SearchAction\",\"target\":{\"@type\":\"EntryPoint\",\"urlTemplate\":\"https:\/\/www.garciafaura.com\/fr\/?s={search_term_string}\"},\"query-input\":{\"@type\":\"PropertyValueSpecification\",\"valueRequired\":true,\"valueName\":\"search_term_string\"}}],\"inLanguage\":\"es\"},{\"@type\":\"Organization\",\"@id\":\"https:\/\/www.garciafaura.com\/fr\/#organization\",\"name\":\"GARCIA FAURA\",\"url\":\"https:\/\/www.garciafaura.com\/fr\/\",\"logo\":{\"@type\":\"ImageObject\",\"inLanguage\":\"es\",\"@id\":\"https:\/\/www.garciafaura.com\/fr\/#\/schema\/logo\/image\/\",\"url\":\"https:\/\/www.garciafaura.com\/wp-content\/uploads\/2018\/09\/Garcia-Faura.png\",\"contentUrl\":\"https:\/\/www.garciafaura.com\/wp-content\/uploads\/2018\/09\/Garcia-Faura.png\",\"width\":512,\"height\":512,\"caption\":\"GARCIA FAURA\"},\"image\":{\"@id\":\"https:\/\/www.garciafaura.com\/fr\/#\/schema\/logo\/image\/\"},\"sameAs\":[\"https:\/\/www.youtube.com\/user\/GARCIAFAURA\"]},{\"@type\":\"Person\",\"@id\":\"https:\/\/www.garciafaura.com\/fr\/#\/schema\/person\/b4b75e69b33fac3446071909bec106b0\",\"name\":\"David Achell\",\"image\":{\"@type\":\"ImageObject\",\"inLanguage\":\"es\",\"@id\":\"https:\/\/www.garciafaura.com\/fr\/#\/schema\/person\/image\/\",\"url\":\"https:\/\/secure.gravatar.com\/avatar\/03900210afc1f61bce737bcb4a79c02e2c997f171e3eca839b5a4cbe03846c90?s=96&d=blank&r=g\",\"contentUrl\":\"https:\/\/secure.gravatar.com\/avatar\/03900210afc1f61bce737bcb4a79c02e2c997f171e3eca839b5a4cbe03846c90?s=96&d=blank&r=g\",\"caption\":\"David Achell\"}}]}<\/script>\n<!-- \/ Yoast SEO plugin. -->","yoast_head_json":{"title":"GARCIA FAURA ampl\u00eda sus instalaciones de Gav\u00e0 - GARCIA FAURA","description":"Arquitectura en Alumini, Inox, Ferro i Vidre","robots":{"index":"index","follow":"follow","max-snippet":"max-snippet:-1","max-image-preview":"max-image-preview:large","max-video-preview":"max-video-preview:-1"},"canonical":"https:\/\/www.garciafaura.com\/es\/garcia-faura-amplia-les-seves-installacions-de-gava-2\/","og_locale":"es_ES","og_type":"article","og_title":"GARCIA FAURA ampl\u00eda sus instalaciones de Gav\u00e0 - GARCIA FAURA","og_description":"Arquitectura en Alumini, Inox, Ferro i Vidre","og_url":"https:\/\/www.garciafaura.com\/es\/garcia-faura-amplia-les-seves-installacions-de-gava-2\/","og_site_name":"GARCIA FAURA","article_published_time":"2021-06-17T08:00:37+00:00","og_image":[{"width":2560,"height":1440,"url":"https:\/\/www.garciafaura.com\/wp-content\/uploads\/2021\/06\/Taller-xapa-03.jpg","type":"image\/jpeg"}],"author":"David Achell","twitter_card":"summary_large_image","twitter_misc":{"Escrito por":"David Achell","Tiempo de lectura":"2 minutos"},"schema":{"@context":"https:\/\/schema.org","@graph":[{"@type":"Article","@id":"https:\/\/www.garciafaura.com\/es\/garcia-faura-amplia-les-seves-installacions-de-gava-2\/#article","isPartOf":{"@id":"https:\/\/www.garciafaura.com\/es\/garcia-faura-amplia-les-seves-installacions-de-gava-2\/"},"author":{"name":"David Achell","@id":"https:\/\/www.garciafaura.com\/fr\/#\/schema\/person\/b4b75e69b33fac3446071909bec106b0"},"headline":"GARCIA FAURA ampl\u00eda sus instalaciones de Gav\u00e0","datePublished":"2021-06-17T08:00:37+00:00","mainEntityOfPage":{"@id":"https:\/\/www.garciafaura.com\/es\/garcia-faura-amplia-les-seves-installacions-de-gava-2\/"},"wordCount":443,"publisher":{"@id":"https:\/\/www.garciafaura.com\/fr\/#organization"},"image":{"@id":"https:\/\/www.garciafaura.com\/es\/garcia-faura-amplia-les-seves-installacions-de-gava-2\/#primaryimage"},"thumbnailUrl":"https:\/\/www.garciafaura.com\/wp-content\/uploads\/2021\/06\/Taller-xapa-03.jpg","articleSection":["Actualidad"],"inLanguage":"es"},{"@type":"WebPage","@id":"https:\/\/www.garciafaura.com\/es\/garcia-faura-amplia-les-seves-installacions-de-gava-2\/","url":"https:\/\/www.garciafaura.com\/es\/garcia-faura-amplia-les-seves-installacions-de-gava-2\/","name":"GARCIA FAURA ampl\u00eda sus instalaciones de Gav\u00e0 - GARCIA FAURA","isPartOf":{"@id":"https:\/\/www.garciafaura.com\/fr\/#website"},"primaryImageOfPage":{"@id":"https:\/\/www.garciafaura.com\/es\/garcia-faura-amplia-les-seves-installacions-de-gava-2\/#primaryimage"},"image":{"@id":"https:\/\/www.garciafaura.com\/es\/garcia-faura-amplia-les-seves-installacions-de-gava-2\/#primaryimage"},"thumbnailUrl":"https:\/\/www.garciafaura.com\/wp-content\/uploads\/2021\/06\/Taller-xapa-03.jpg","datePublished":"2021-06-17T08:00:37+00:00","description":"Arquitectura en Alumini, Inox, Ferro i Vidre","breadcrumb":{"@id":"https:\/\/www.garciafaura.com\/es\/garcia-faura-amplia-les-seves-installacions-de-gava-2\/#breadcrumb"},"inLanguage":"es","potentialAction":[{"@type":"ReadAction","target":["https:\/\/www.garciafaura.com\/es\/garcia-faura-amplia-les-seves-installacions-de-gava-2\/"]}]},{"@type":"ImageObject","inLanguage":"es","@id":"https:\/\/www.garciafaura.com\/es\/garcia-faura-amplia-les-seves-installacions-de-gava-2\/#primaryimage","url":"https:\/\/www.garciafaura.com\/wp-content\/uploads\/2021\/06\/Taller-xapa-03.jpg","contentUrl":"https:\/\/www.garciafaura.com\/wp-content\/uploads\/2021\/06\/Taller-xapa-03.jpg","width":2560,"height":1440,"caption":"Taller xapa Garcia Faura"},{"@type":"BreadcrumbList","@id":"https:\/\/www.garciafaura.com\/es\/garcia-faura-amplia-les-seves-installacions-de-gava-2\/#breadcrumb","itemListElement":[{"@type":"ListItem","position":1,"name":"Inici","item":"https:\/\/www.garciafaura.com\/es\/"},{"@type":"ListItem","position":2,"name":"GARCIA FAURA ampl\u00eda sus instalaciones de Gav\u00e0"}]},{"@type":"WebSite","@id":"https:\/\/www.garciafaura.com\/fr\/#website","url":"https:\/\/www.garciafaura.com\/fr\/","name":"GARCIA FAURA","description":"Arquitectura en Alumini, Inox, Ferro i Vidre","publisher":{"@id":"https:\/\/www.garciafaura.com\/fr\/#organization"},"potentialAction":[{"@type":"SearchAction","target":{"@type":"EntryPoint","urlTemplate":"https:\/\/www.garciafaura.com\/fr\/?s={search_term_string}"},"query-input":{"@type":"PropertyValueSpecification","valueRequired":true,"valueName":"search_term_string"}}],"inLanguage":"es"},{"@type":"Organization","@id":"https:\/\/www.garciafaura.com\/fr\/#organization","name":"GARCIA FAURA","url":"https:\/\/www.garciafaura.com\/fr\/","logo":{"@type":"ImageObject","inLanguage":"es","@id":"https:\/\/www.garciafaura.com\/fr\/#\/schema\/logo\/image\/","url":"https:\/\/www.garciafaura.com\/wp-content\/uploads\/2018\/09\/Garcia-Faura.png","contentUrl":"https:\/\/www.garciafaura.com\/wp-content\/uploads\/2018\/09\/Garcia-Faura.png","width":512,"height":512,"caption":"GARCIA FAURA"},"image":{"@id":"https:\/\/www.garciafaura.com\/fr\/#\/schema\/logo\/image\/"},"sameAs":["https:\/\/www.youtube.com\/user\/GARCIAFAURA"]},{"@type":"Person","@id":"https:\/\/www.garciafaura.com\/fr\/#\/schema\/person\/b4b75e69b33fac3446071909bec106b0","name":"David Achell","image":{"@type":"ImageObject","inLanguage":"es","@id":"https:\/\/www.garciafaura.com\/fr\/#\/schema\/person\/image\/","url":"https:\/\/secure.gravatar.com\/avatar\/03900210afc1f61bce737bcb4a79c02e2c997f171e3eca839b5a4cbe03846c90?s=96&d=blank&r=g","contentUrl":"https:\/\/secure.gravatar.com\/avatar\/03900210afc1f61bce737bcb4a79c02e2c997f171e3eca839b5a4cbe03846c90?s=96&d=blank&r=g","caption":"David Achell"}}]}},"_links":{"self":[{"href":"https:\/\/www.garciafaura.com\/es\/wp-json\/wp\/v2\/posts\/27585","targetHints":{"allow":["GET"]}}],"collection":[{"href":"https:\/\/www.garciafaura.com\/es\/wp-json\/wp\/v2\/posts"}],"about":[{"href":"https:\/\/www.garciafaura.com\/es\/wp-json\/wp\/v2\/types\/post"}],"author":[{"embeddable":true,"href":"https:\/\/www.garciafaura.com\/es\/wp-json\/wp\/v2\/users\/3"}],"replies":[{"embeddable":true,"href":"https:\/\/www.garciafaura.com\/es\/wp-json\/wp\/v2\/comments?post=27585"}],"version-history":[{"count":3,"href":"https:\/\/www.garciafaura.com\/es\/wp-json\/wp\/v2\/posts\/27585\/revisions"}],"predecessor-version":[{"id":27590,"href":"https:\/\/www.garciafaura.com\/es\/wp-json\/wp\/v2\/posts\/27585\/revisions\/27590"}],"wp:featuredmedia":[{"embeddable":true,"href":"https:\/\/www.garciafaura.com\/es\/wp-json\/wp\/v2\/media\/27582"}],"wp:attachment":[{"href":"https:\/\/www.garciafaura.com\/es\/wp-json\/wp\/v2\/media?parent=27585"}],"wp:term":[{"taxonomy":"category","embeddable":true,"href":"https:\/\/www.garciafaura.com\/es\/wp-json\/wp\/v2\/categories?post=27585"},{"taxonomy":"post_tag","embeddable":true,"href":"https:\/\/www.garciafaura.com\/es\/wp-json\/wp\/v2\/tags?post=27585"},{"taxonomy":"post_series","embeddable":true,"href":"https:\/\/www.garciafaura.com\/es\/wp-json\/wp\/v2\/post_series?post=27585"}],"curies":[{"name":"wp","href":"https:\/\/api.w.org\/{rel}","templated":true}]}}