{"id":27554,"date":"2021-06-09T11:16:28","date_gmt":"2021-06-09T09:16:28","guid":{"rendered":"https:\/\/www.garciafaura.com\/garcia-faura-deixa-la-seva-petjada-en-la-nova-icona-visual-de-tarragona\/"},"modified":"2021-06-09T11:25:08","modified_gmt":"2021-06-09T09:25:08","slug":"garcia-faura-deixa-la-seva-petjada-en-la-nova-icona-visual-de-tarragona","status":"publish","type":"post","link":"https:\/\/www.garciafaura.com\/es\/garcia-faura-deixa-la-seva-petjada-en-la-nova-icona-visual-de-tarragona\/","title":{"rendered":"GARCIA FAURA deja su huella en el nuevo icono visual de Tarragona"},"content":{"rendered":"<h3 style=\"text-align: justify;\">En Tarragona se est\u00e1 levantando una torre de 19 plantas residenciales que est\u00e1 llamada a ser un icono visual de la ciudad. Se trata de The Kube, un edificio que no s\u00f3lo modificar\u00e1 el <em>skyline<\/em> del municipio portuario catal\u00e1n, sino que tambi\u00e9n se convertir\u00e1 en un referente gracias al dise\u00f1o vanguardista de la fachada.<\/h3>\n<p style=\"text-align: justify;\"><strong>The Kube<\/strong> es un proyecto de obra es del estudio <a href=\"https:\/\/www.dna-barcelona.com\/\" target=\"_blank\" rel=\"noopener\"><strong>DNA Barcelona Architects<\/strong><\/a>, el cual ha ideado un complejo que incluir\u00e1 311 pisos de entre dos y cuatro dormitorios. Todos los apartamentos contar\u00e1n con plaza de aparcamiento y trasteros. Adem\u00e1s, la comunidad disfrutar\u00e1 de dos piscinas y un gimnasio.<\/p>\n<p style=\"text-align: justify;\">Para este proyecto, <strong>GARCIA FAURA<\/strong> fabricar\u00e1 e instalar\u00e1 alrededor de 6.500 metros de <strong>cerramientos de aluminio<\/strong>, tanto correderas como practicables de hoja oculta. Sistemas de aluminio que presentan unos elevados valores de aislamiento y confort, combinados con vidrios de altas prestaciones t\u00e9cnicas.<\/p>\n<p style=\"text-align: justify;\"><strong>The Kube<\/strong> estar\u00e1 situada cerca del centro de la ciudad y del puerto, en una zona de expansi\u00f3n urbana que cuenta con todos los servicios necesarios, adem\u00e1s de \u00e1reas verdes. De hecho, el innovador dise\u00f1o de la fachada, con una estructura en cubos que conforman un juego de vol\u00famenes, ser\u00e1 un v\u00ednculo continuo entre el exterior y el interior del edificio.<\/p>\n<p style=\"text-align: justify;\">Un edificio que dispondr\u00e1 de unos <strong>ventanales grandes<\/strong> y de unas <strong>terrazas amplias<\/strong> que permitir\u00e1n unas vistas espectaculares tanto de la ciudad como del mar Mediterr\u00e1neo, unas terrazas y balcones que tendr\u00e1n instaladas unas <strong>barandillas de vidrio<\/strong> fabricadas y colocadas por <strong>GARCIA FAURA<\/strong>, as\u00ed como todas las protecciones solares del conjunto.<\/p>\n","protected":false},"excerpt":{"rendered":"<p>En Tarragona se est\u00e1 levantando una torre de 19 plantas residenciales que est\u00e1 llamada a ser un icono visual de la ciudad. Se trata de The Kube, un edificio que no s\u00f3lo modificar\u00e1 el skyline del municipio portuario catal\u00e1n, sino&hellip;<\/p>\n","protected":false},"author":3,"featured_media":27523,"comment_status":"closed","ping_status":"open","sticky":false,"template":"","format":"gallery","meta":{"footnotes":""},"categories":[3],"tags":[],"post_series":[],"class_list":["post-27554","post","type-post","status-publish","format-gallery","has-post-thumbnail","hentry","category-actualidad","post_format-post-format-gallery","entry","has-media"],"yoast_head":"<!-- This site is optimized with the Yoast SEO plugin v26.7 - https:\/\/yoast.com\/wordpress\/plugins\/seo\/ -->\n<title>GARCIA FAURA deja su huella en el nuevo icono visual de Tarragona - GARCIA FAURA<\/title>\n<meta name=\"description\" content=\"Arquitectura en Alumini, Inox, Ferro i Vidre\" \/>\n<meta name=\"robots\" content=\"index, follow, max-snippet:-1, max-image-preview:large, max-video-preview:-1\" \/>\n<link rel=\"canonical\" href=\"https:\/\/www.garciafaura.com\/es\/garcia-faura-deixa-la-seva-petjada-en-la-nova-icona-visual-de-tarragona\/\" \/>\n<meta property=\"og:locale\" content=\"es_ES\" \/>\n<meta property=\"og:type\" content=\"article\" \/>\n<meta property=\"og:title\" content=\"GARCIA FAURA deja su huella en el nuevo icono visual de Tarragona - GARCIA FAURA\" \/>\n<meta property=\"og:description\" content=\"Arquitectura en Alumini, Inox, Ferro i Vidre\" \/>\n<meta property=\"og:url\" content=\"https:\/\/www.garciafaura.com\/es\/garcia-faura-deixa-la-seva-petjada-en-la-nova-icona-visual-de-tarragona\/\" \/>\n<meta property=\"og:site_name\" content=\"GARCIA FAURA\" \/>\n<meta property=\"article:published_time\" content=\"2021-06-09T09:16:28+00:00\" \/>\n<meta property=\"article:modified_time\" content=\"2021-06-09T09:25:08+00:00\" \/>\n<meta property=\"og:image\" content=\"https:\/\/www.garciafaura.com\/wp-content\/uploads\/2021\/06\/TheKube_1.jpeg\" \/>\n\t<meta property=\"og:image:width\" content=\"1600\" \/>\n\t<meta property=\"og:image:height\" content=\"900\" \/>\n\t<meta property=\"og:image:type\" content=\"image\/jpeg\" \/>\n<meta name=\"author\" content=\"David Achell\" \/>\n<meta name=\"twitter:card\" content=\"summary_large_image\" \/>\n<meta name=\"twitter:label1\" content=\"Escrito por\" \/>\n\t<meta name=\"twitter:data1\" content=\"David Achell\" \/>\n\t<meta name=\"twitter:label2\" content=\"Tiempo de lectura\" \/>\n\t<meta name=\"twitter:data2\" content=\"1 minuto\" \/>\n<script type=\"application\/ld+json\" class=\"yoast-schema-graph\">{\"@context\":\"https:\/\/schema.org\",\"@graph\":[{\"@type\":\"Article\",\"@id\":\"https:\/\/www.garciafaura.com\/es\/garcia-faura-deixa-la-seva-petjada-en-la-nova-icona-visual-de-tarragona\/#article\",\"isPartOf\":{\"@id\":\"https:\/\/www.garciafaura.com\/es\/garcia-faura-deixa-la-seva-petjada-en-la-nova-icona-visual-de-tarragona\/\"},\"author\":{\"name\":\"David Achell\",\"@id\":\"https:\/\/www.garciafaura.com\/fr\/#\/schema\/person\/b4b75e69b33fac3446071909bec106b0\"},\"headline\":\"GARCIA FAURA deja su huella en el nuevo icono visual de Tarragona\",\"datePublished\":\"2021-06-09T09:16:28+00:00\",\"dateModified\":\"2021-06-09T09:25:08+00:00\",\"mainEntityOfPage\":{\"@id\":\"https:\/\/www.garciafaura.com\/es\/garcia-faura-deixa-la-seva-petjada-en-la-nova-icona-visual-de-tarragona\/\"},\"wordCount\":281,\"publisher\":{\"@id\":\"https:\/\/www.garciafaura.com\/fr\/#organization\"},\"image\":{\"@id\":\"https:\/\/www.garciafaura.com\/es\/garcia-faura-deixa-la-seva-petjada-en-la-nova-icona-visual-de-tarragona\/#primaryimage\"},\"thumbnailUrl\":\"https:\/\/www.garciafaura.com\/wp-content\/uploads\/2021\/06\/TheKube_1.jpeg\",\"articleSection\":[\"Actualidad\"],\"inLanguage\":\"es\"},{\"@type\":\"WebPage\",\"@id\":\"https:\/\/www.garciafaura.com\/es\/garcia-faura-deixa-la-seva-petjada-en-la-nova-icona-visual-de-tarragona\/\",\"url\":\"https:\/\/www.garciafaura.com\/es\/garcia-faura-deixa-la-seva-petjada-en-la-nova-icona-visual-de-tarragona\/\",\"name\":\"GARCIA FAURA deja su huella en el nuevo icono visual de Tarragona - GARCIA FAURA\",\"isPartOf\":{\"@id\":\"https:\/\/www.garciafaura.com\/fr\/#website\"},\"primaryImageOfPage\":{\"@id\":\"https:\/\/www.garciafaura.com\/es\/garcia-faura-deixa-la-seva-petjada-en-la-nova-icona-visual-de-tarragona\/#primaryimage\"},\"image\":{\"@id\":\"https:\/\/www.garciafaura.com\/es\/garcia-faura-deixa-la-seva-petjada-en-la-nova-icona-visual-de-tarragona\/#primaryimage\"},\"thumbnailUrl\":\"https:\/\/www.garciafaura.com\/wp-content\/uploads\/2021\/06\/TheKube_1.jpeg\",\"datePublished\":\"2021-06-09T09:16:28+00:00\",\"dateModified\":\"2021-06-09T09:25:08+00:00\",\"description\":\"Arquitectura en Alumini, Inox, Ferro i Vidre\",\"breadcrumb\":{\"@id\":\"https:\/\/www.garciafaura.com\/es\/garcia-faura-deixa-la-seva-petjada-en-la-nova-icona-visual-de-tarragona\/#breadcrumb\"},\"inLanguage\":\"es\",\"potentialAction\":[{\"@type\":\"ReadAction\",\"target\":[\"https:\/\/www.garciafaura.com\/es\/garcia-faura-deixa-la-seva-petjada-en-la-nova-icona-visual-de-tarragona\/\"]}]},{\"@type\":\"ImageObject\",\"inLanguage\":\"es\",\"@id\":\"https:\/\/www.garciafaura.com\/es\/garcia-faura-deixa-la-seva-petjada-en-la-nova-icona-visual-de-tarragona\/#primaryimage\",\"url\":\"https:\/\/www.garciafaura.com\/wp-content\/uploads\/2021\/06\/TheKube_1.jpeg\",\"contentUrl\":\"https:\/\/www.garciafaura.com\/wp-content\/uploads\/2021\/06\/TheKube_1.jpeg\",\"width\":1600,\"height\":900},{\"@type\":\"BreadcrumbList\",\"@id\":\"https:\/\/www.garciafaura.com\/es\/garcia-faura-deixa-la-seva-petjada-en-la-nova-icona-visual-de-tarragona\/#breadcrumb\",\"itemListElement\":[{\"@type\":\"ListItem\",\"position\":1,\"name\":\"Inici\",\"item\":\"https:\/\/www.garciafaura.com\/es\/\"},{\"@type\":\"ListItem\",\"position\":2,\"name\":\"GARCIA FAURA deja su huella en el nuevo icono visual de Tarragona\"}]},{\"@type\":\"WebSite\",\"@id\":\"https:\/\/www.garciafaura.com\/fr\/#website\",\"url\":\"https:\/\/www.garciafaura.com\/fr\/\",\"name\":\"GARCIA FAURA\",\"description\":\"Arquitectura en Alumini, Inox, Ferro i Vidre\",\"publisher\":{\"@id\":\"https:\/\/www.garciafaura.com\/fr\/#organization\"},\"potentialAction\":[{\"@type\":\"SearchAction\",\"target\":{\"@type\":\"EntryPoint\",\"urlTemplate\":\"https:\/\/www.garciafaura.com\/fr\/?s={search_term_string}\"},\"query-input\":{\"@type\":\"PropertyValueSpecification\",\"valueRequired\":true,\"valueName\":\"search_term_string\"}}],\"inLanguage\":\"es\"},{\"@type\":\"Organization\",\"@id\":\"https:\/\/www.garciafaura.com\/fr\/#organization\",\"name\":\"GARCIA FAURA\",\"url\":\"https:\/\/www.garciafaura.com\/fr\/\",\"logo\":{\"@type\":\"ImageObject\",\"inLanguage\":\"es\",\"@id\":\"https:\/\/www.garciafaura.com\/fr\/#\/schema\/logo\/image\/\",\"url\":\"https:\/\/www.garciafaura.com\/wp-content\/uploads\/2018\/09\/Garcia-Faura.png\",\"contentUrl\":\"https:\/\/www.garciafaura.com\/wp-content\/uploads\/2018\/09\/Garcia-Faura.png\",\"width\":512,\"height\":512,\"caption\":\"GARCIA FAURA\"},\"image\":{\"@id\":\"https:\/\/www.garciafaura.com\/fr\/#\/schema\/logo\/image\/\"},\"sameAs\":[\"https:\/\/www.youtube.com\/user\/GARCIAFAURA\"]},{\"@type\":\"Person\",\"@id\":\"https:\/\/www.garciafaura.com\/fr\/#\/schema\/person\/b4b75e69b33fac3446071909bec106b0\",\"name\":\"David Achell\",\"image\":{\"@type\":\"ImageObject\",\"inLanguage\":\"es\",\"@id\":\"https:\/\/www.garciafaura.com\/fr\/#\/schema\/person\/image\/\",\"url\":\"https:\/\/secure.gravatar.com\/avatar\/03900210afc1f61bce737bcb4a79c02e2c997f171e3eca839b5a4cbe03846c90?s=96&d=blank&r=g\",\"contentUrl\":\"https:\/\/secure.gravatar.com\/avatar\/03900210afc1f61bce737bcb4a79c02e2c997f171e3eca839b5a4cbe03846c90?s=96&d=blank&r=g\",\"caption\":\"David Achell\"}}]}<\/script>\n<!-- \/ Yoast SEO plugin. -->","yoast_head_json":{"title":"GARCIA FAURA deja su huella en el nuevo icono visual de Tarragona - GARCIA FAURA","description":"Arquitectura en Alumini, Inox, Ferro i Vidre","robots":{"index":"index","follow":"follow","max-snippet":"max-snippet:-1","max-image-preview":"max-image-preview:large","max-video-preview":"max-video-preview:-1"},"canonical":"https:\/\/www.garciafaura.com\/es\/garcia-faura-deixa-la-seva-petjada-en-la-nova-icona-visual-de-tarragona\/","og_locale":"es_ES","og_type":"article","og_title":"GARCIA FAURA deja su huella en el nuevo icono visual de Tarragona - GARCIA FAURA","og_description":"Arquitectura en Alumini, Inox, Ferro i Vidre","og_url":"https:\/\/www.garciafaura.com\/es\/garcia-faura-deixa-la-seva-petjada-en-la-nova-icona-visual-de-tarragona\/","og_site_name":"GARCIA FAURA","article_published_time":"2021-06-09T09:16:28+00:00","article_modified_time":"2021-06-09T09:25:08+00:00","og_image":[{"width":1600,"height":900,"url":"https:\/\/www.garciafaura.com\/wp-content\/uploads\/2021\/06\/TheKube_1.jpeg","type":"image\/jpeg"}],"author":"David Achell","twitter_card":"summary_large_image","twitter_misc":{"Escrito por":"David Achell","Tiempo de lectura":"1 minuto"},"schema":{"@context":"https:\/\/schema.org","@graph":[{"@type":"Article","@id":"https:\/\/www.garciafaura.com\/es\/garcia-faura-deixa-la-seva-petjada-en-la-nova-icona-visual-de-tarragona\/#article","isPartOf":{"@id":"https:\/\/www.garciafaura.com\/es\/garcia-faura-deixa-la-seva-petjada-en-la-nova-icona-visual-de-tarragona\/"},"author":{"name":"David Achell","@id":"https:\/\/www.garciafaura.com\/fr\/#\/schema\/person\/b4b75e69b33fac3446071909bec106b0"},"headline":"GARCIA FAURA deja su huella en el nuevo icono visual de Tarragona","datePublished":"2021-06-09T09:16:28+00:00","dateModified":"2021-06-09T09:25:08+00:00","mainEntityOfPage":{"@id":"https:\/\/www.garciafaura.com\/es\/garcia-faura-deixa-la-seva-petjada-en-la-nova-icona-visual-de-tarragona\/"},"wordCount":281,"publisher":{"@id":"https:\/\/www.garciafaura.com\/fr\/#organization"},"image":{"@id":"https:\/\/www.garciafaura.com\/es\/garcia-faura-deixa-la-seva-petjada-en-la-nova-icona-visual-de-tarragona\/#primaryimage"},"thumbnailUrl":"https:\/\/www.garciafaura.com\/wp-content\/uploads\/2021\/06\/TheKube_1.jpeg","articleSection":["Actualidad"],"inLanguage":"es"},{"@type":"WebPage","@id":"https:\/\/www.garciafaura.com\/es\/garcia-faura-deixa-la-seva-petjada-en-la-nova-icona-visual-de-tarragona\/","url":"https:\/\/www.garciafaura.com\/es\/garcia-faura-deixa-la-seva-petjada-en-la-nova-icona-visual-de-tarragona\/","name":"GARCIA FAURA deja su huella en el nuevo icono visual de Tarragona - GARCIA FAURA","isPartOf":{"@id":"https:\/\/www.garciafaura.com\/fr\/#website"},"primaryImageOfPage":{"@id":"https:\/\/www.garciafaura.com\/es\/garcia-faura-deixa-la-seva-petjada-en-la-nova-icona-visual-de-tarragona\/#primaryimage"},"image":{"@id":"https:\/\/www.garciafaura.com\/es\/garcia-faura-deixa-la-seva-petjada-en-la-nova-icona-visual-de-tarragona\/#primaryimage"},"thumbnailUrl":"https:\/\/www.garciafaura.com\/wp-content\/uploads\/2021\/06\/TheKube_1.jpeg","datePublished":"2021-06-09T09:16:28+00:00","dateModified":"2021-06-09T09:25:08+00:00","description":"Arquitectura en Alumini, Inox, Ferro i Vidre","breadcrumb":{"@id":"https:\/\/www.garciafaura.com\/es\/garcia-faura-deixa-la-seva-petjada-en-la-nova-icona-visual-de-tarragona\/#breadcrumb"},"inLanguage":"es","potentialAction":[{"@type":"ReadAction","target":["https:\/\/www.garciafaura.com\/es\/garcia-faura-deixa-la-seva-petjada-en-la-nova-icona-visual-de-tarragona\/"]}]},{"@type":"ImageObject","inLanguage":"es","@id":"https:\/\/www.garciafaura.com\/es\/garcia-faura-deixa-la-seva-petjada-en-la-nova-icona-visual-de-tarragona\/#primaryimage","url":"https:\/\/www.garciafaura.com\/wp-content\/uploads\/2021\/06\/TheKube_1.jpeg","contentUrl":"https:\/\/www.garciafaura.com\/wp-content\/uploads\/2021\/06\/TheKube_1.jpeg","width":1600,"height":900},{"@type":"BreadcrumbList","@id":"https:\/\/www.garciafaura.com\/es\/garcia-faura-deixa-la-seva-petjada-en-la-nova-icona-visual-de-tarragona\/#breadcrumb","itemListElement":[{"@type":"ListItem","position":1,"name":"Inici","item":"https:\/\/www.garciafaura.com\/es\/"},{"@type":"ListItem","position":2,"name":"GARCIA FAURA deja su huella en el nuevo icono visual de Tarragona"}]},{"@type":"WebSite","@id":"https:\/\/www.garciafaura.com\/fr\/#website","url":"https:\/\/www.garciafaura.com\/fr\/","name":"GARCIA FAURA","description":"Arquitectura en Alumini, Inox, Ferro i Vidre","publisher":{"@id":"https:\/\/www.garciafaura.com\/fr\/#organization"},"potentialAction":[{"@type":"SearchAction","target":{"@type":"EntryPoint","urlTemplate":"https:\/\/www.garciafaura.com\/fr\/?s={search_term_string}"},"query-input":{"@type":"PropertyValueSpecification","valueRequired":true,"valueName":"search_term_string"}}],"inLanguage":"es"},{"@type":"Organization","@id":"https:\/\/www.garciafaura.com\/fr\/#organization","name":"GARCIA FAURA","url":"https:\/\/www.garciafaura.com\/fr\/","logo":{"@type":"ImageObject","inLanguage":"es","@id":"https:\/\/www.garciafaura.com\/fr\/#\/schema\/logo\/image\/","url":"https:\/\/www.garciafaura.com\/wp-content\/uploads\/2018\/09\/Garcia-Faura.png","contentUrl":"https:\/\/www.garciafaura.com\/wp-content\/uploads\/2018\/09\/Garcia-Faura.png","width":512,"height":512,"caption":"GARCIA FAURA"},"image":{"@id":"https:\/\/www.garciafaura.com\/fr\/#\/schema\/logo\/image\/"},"sameAs":["https:\/\/www.youtube.com\/user\/GARCIAFAURA"]},{"@type":"Person","@id":"https:\/\/www.garciafaura.com\/fr\/#\/schema\/person\/b4b75e69b33fac3446071909bec106b0","name":"David Achell","image":{"@type":"ImageObject","inLanguage":"es","@id":"https:\/\/www.garciafaura.com\/fr\/#\/schema\/person\/image\/","url":"https:\/\/secure.gravatar.com\/avatar\/03900210afc1f61bce737bcb4a79c02e2c997f171e3eca839b5a4cbe03846c90?s=96&d=blank&r=g","contentUrl":"https:\/\/secure.gravatar.com\/avatar\/03900210afc1f61bce737bcb4a79c02e2c997f171e3eca839b5a4cbe03846c90?s=96&d=blank&r=g","caption":"David Achell"}}]}},"_links":{"self":[{"href":"https:\/\/www.garciafaura.com\/es\/wp-json\/wp\/v2\/posts\/27554","targetHints":{"allow":["GET"]}}],"collection":[{"href":"https:\/\/www.garciafaura.com\/es\/wp-json\/wp\/v2\/posts"}],"about":[{"href":"https:\/\/www.garciafaura.com\/es\/wp-json\/wp\/v2\/types\/post"}],"author":[{"embeddable":true,"href":"https:\/\/www.garciafaura.com\/es\/wp-json\/wp\/v2\/users\/3"}],"replies":[{"embeddable":true,"href":"https:\/\/www.garciafaura.com\/es\/wp-json\/wp\/v2\/comments?post=27554"}],"version-history":[{"count":3,"href":"https:\/\/www.garciafaura.com\/es\/wp-json\/wp\/v2\/posts\/27554\/revisions"}],"predecessor-version":[{"id":27559,"href":"https:\/\/www.garciafaura.com\/es\/wp-json\/wp\/v2\/posts\/27554\/revisions\/27559"}],"wp:featuredmedia":[{"embeddable":true,"href":"https:\/\/www.garciafaura.com\/es\/wp-json\/wp\/v2\/media\/27523"}],"wp:attachment":[{"href":"https:\/\/www.garciafaura.com\/es\/wp-json\/wp\/v2\/media?parent=27554"}],"wp:term":[{"taxonomy":"category","embeddable":true,"href":"https:\/\/www.garciafaura.com\/es\/wp-json\/wp\/v2\/categories?post=27554"},{"taxonomy":"post_tag","embeddable":true,"href":"https:\/\/www.garciafaura.com\/es\/wp-json\/wp\/v2\/tags?post=27554"},{"taxonomy":"post_series","embeddable":true,"href":"https:\/\/www.garciafaura.com\/es\/wp-json\/wp\/v2\/post_series?post=27554"}],"curies":[{"name":"wp","href":"https:\/\/api.w.org\/{rel}","templated":true}]}}