{"id":27472,"date":"2021-04-30T10:44:51","date_gmt":"2021-04-30T08:44:51","guid":{"rendered":"https:\/\/www.garciafaura.com\/tancaments-de-garcia-faura-per-a-ledifici-doficines-diagonal-532-de-barcelona\/"},"modified":"2021-04-30T10:52:06","modified_gmt":"2021-04-30T08:52:06","slug":"tancaments-de-garcia-faura-per-a-ledifici-doficines-diagonal-532-de-barcelona","status":"publish","type":"post","link":"https:\/\/www.garciafaura.com\/es\/tancaments-de-garcia-faura-per-a-ledifici-doficines-diagonal-532-de-barcelona\/","title":{"rendered":"Cerramientos de GARCIA FAURA para el edificio de oficinas Diagonal 532 de Barcelona"},"content":{"rendered":"<p style=\"text-align: justify;\"><strong>En la avenida Diagonal de Barcelona 532 se encuentra uno de los edificios de oficinas y servicios empresariales m\u00e1s imponentes de la ciudad. Se trata de un inmueble de nueve plantas exteriores y di\u00e1fanas ideales para acoger oficinas y sedes corporativas y que actualmente se est\u00e1 rehabilitando con la colaboraci\u00f3n de GARCIA FAURA.<\/strong><\/p>\n<p style=\"text-align: justify;\">La empresa ha actuado en la fachada y los patios interiores del edificio, con la fabricaci\u00f3n e instalaci\u00f3n de 1.160 metros cuadrados de carpinter\u00edas corridas fijas y balconeras oscilobatientes, con cierres con rotura de puente t\u00e9rmico muy vers\u00e1tiles y de altas prestaciones.<\/p>\n<p style=\"text-align: justify;\">El dise\u00f1o de los cierres es de est\u00e9ticas rectas, las cuales contribuir\u00e1n a dar un aspecto m\u00e1s vanguardista a este inmueble situado en una de las v\u00edas m\u00e1s importantes de la capital catalana, rodeado de todos los servicios y muy bien comunicado tanto con la estaci\u00f3n de Sants como con el aeropuerto del Prat.<\/p>\n<p style=\"text-align: justify;\">Adem\u00e1s de los cerramientos, <strong>GARCIA FAURA<\/strong> tambi\u00e9n realizar\u00e1 650 metros cuadrados de paneles composite para forrados de fachada y revestimientos. Esta intervenci\u00f3n potenciar\u00e1 la certificaci\u00f3n Breeam de sostenibilidad ambiental que ya ostenta el inmueble (junto con otras instalaciones tecnol\u00f3gicamente avanzadas).<\/p>\n","protected":false},"excerpt":{"rendered":"<p>En la avenida Diagonal de Barcelona 532 se encuentra uno de los edificios de oficinas y servicios empresariales m\u00e1s imponentes de la ciudad. Se trata de un inmueble de nueve plantas exteriores y di\u00e1fanas ideales para acoger oficinas y sedes&hellip;<\/p>\n","protected":false},"author":3,"featured_media":27460,"comment_status":"closed","ping_status":"open","sticky":false,"template":"","format":"gallery","meta":{"footnotes":""},"categories":[3],"tags":[],"post_series":[],"class_list":["post-27472","post","type-post","status-publish","format-gallery","has-post-thumbnail","hentry","category-actualidad","post_format-post-format-gallery","entry","has-media"],"yoast_head":"<!-- This site is optimized with the Yoast SEO plugin v26.7 - https:\/\/yoast.com\/wordpress\/plugins\/seo\/ -->\n<title>Cerramientos de GARCIA FAURA para el edificio de oficinas Diagonal 532 de Barcelona - GARCIA FAURA<\/title>\n<meta name=\"description\" content=\"Arquitectura en Alumini, Inox, Ferro i Vidre\" \/>\n<meta name=\"robots\" content=\"index, follow, max-snippet:-1, max-image-preview:large, max-video-preview:-1\" \/>\n<link rel=\"canonical\" href=\"https:\/\/www.garciafaura.com\/es\/tancaments-de-garcia-faura-per-a-ledifici-doficines-diagonal-532-de-barcelona\/\" \/>\n<meta property=\"og:locale\" content=\"es_ES\" \/>\n<meta property=\"og:type\" content=\"article\" \/>\n<meta property=\"og:title\" content=\"Cerramientos de GARCIA FAURA para el edificio de oficinas Diagonal 532 de Barcelona - GARCIA FAURA\" \/>\n<meta property=\"og:description\" content=\"Arquitectura en Alumini, Inox, Ferro i Vidre\" \/>\n<meta property=\"og:url\" content=\"https:\/\/www.garciafaura.com\/es\/tancaments-de-garcia-faura-per-a-ledifici-doficines-diagonal-532-de-barcelona\/\" \/>\n<meta property=\"og:site_name\" content=\"GARCIA FAURA\" \/>\n<meta property=\"article:published_time\" content=\"2021-04-30T08:44:51+00:00\" \/>\n<meta property=\"article:modified_time\" content=\"2021-04-30T08:52:06+00:00\" \/>\n<meta property=\"og:image\" content=\"https:\/\/www.garciafaura.com\/wp-content\/uploads\/2021\/04\/Foto-Colonial-3-1024x618.png\" \/>\n\t<meta property=\"og:image:width\" content=\"1024\" \/>\n\t<meta property=\"og:image:height\" content=\"618\" \/>\n\t<meta property=\"og:image:type\" content=\"image\/png\" \/>\n<meta name=\"author\" content=\"David Achell\" \/>\n<meta name=\"twitter:card\" content=\"summary_large_image\" \/>\n<meta name=\"twitter:label1\" content=\"Escrito por\" \/>\n\t<meta name=\"twitter:data1\" content=\"David Achell\" \/>\n\t<meta name=\"twitter:label2\" content=\"Tiempo de lectura\" \/>\n\t<meta name=\"twitter:data2\" content=\"1 minuto\" \/>\n<script type=\"application\/ld+json\" class=\"yoast-schema-graph\">{\"@context\":\"https:\/\/schema.org\",\"@graph\":[{\"@type\":\"Article\",\"@id\":\"https:\/\/www.garciafaura.com\/es\/tancaments-de-garcia-faura-per-a-ledifici-doficines-diagonal-532-de-barcelona\/#article\",\"isPartOf\":{\"@id\":\"https:\/\/www.garciafaura.com\/es\/tancaments-de-garcia-faura-per-a-ledifici-doficines-diagonal-532-de-barcelona\/\"},\"author\":{\"name\":\"David Achell\",\"@id\":\"https:\/\/www.garciafaura.com\/fr\/#\/schema\/person\/b4b75e69b33fac3446071909bec106b0\"},\"headline\":\"Cerramientos de GARCIA FAURA para el edificio de oficinas Diagonal 532 de Barcelona\",\"datePublished\":\"2021-04-30T08:44:51+00:00\",\"dateModified\":\"2021-04-30T08:52:06+00:00\",\"mainEntityOfPage\":{\"@id\":\"https:\/\/www.garciafaura.com\/es\/tancaments-de-garcia-faura-per-a-ledifici-doficines-diagonal-532-de-barcelona\/\"},\"wordCount\":218,\"publisher\":{\"@id\":\"https:\/\/www.garciafaura.com\/fr\/#organization\"},\"image\":{\"@id\":\"https:\/\/www.garciafaura.com\/es\/tancaments-de-garcia-faura-per-a-ledifici-doficines-diagonal-532-de-barcelona\/#primaryimage\"},\"thumbnailUrl\":\"https:\/\/www.garciafaura.com\/wp-content\/uploads\/2021\/04\/Foto-Colonial-3.png\",\"articleSection\":[\"Actualidad\"],\"inLanguage\":\"es\"},{\"@type\":\"WebPage\",\"@id\":\"https:\/\/www.garciafaura.com\/es\/tancaments-de-garcia-faura-per-a-ledifici-doficines-diagonal-532-de-barcelona\/\",\"url\":\"https:\/\/www.garciafaura.com\/es\/tancaments-de-garcia-faura-per-a-ledifici-doficines-diagonal-532-de-barcelona\/\",\"name\":\"Cerramientos de GARCIA FAURA para el edificio de oficinas Diagonal 532 de Barcelona - GARCIA FAURA\",\"isPartOf\":{\"@id\":\"https:\/\/www.garciafaura.com\/fr\/#website\"},\"primaryImageOfPage\":{\"@id\":\"https:\/\/www.garciafaura.com\/es\/tancaments-de-garcia-faura-per-a-ledifici-doficines-diagonal-532-de-barcelona\/#primaryimage\"},\"image\":{\"@id\":\"https:\/\/www.garciafaura.com\/es\/tancaments-de-garcia-faura-per-a-ledifici-doficines-diagonal-532-de-barcelona\/#primaryimage\"},\"thumbnailUrl\":\"https:\/\/www.garciafaura.com\/wp-content\/uploads\/2021\/04\/Foto-Colonial-3.png\",\"datePublished\":\"2021-04-30T08:44:51+00:00\",\"dateModified\":\"2021-04-30T08:52:06+00:00\",\"description\":\"Arquitectura en Alumini, Inox, Ferro i Vidre\",\"breadcrumb\":{\"@id\":\"https:\/\/www.garciafaura.com\/es\/tancaments-de-garcia-faura-per-a-ledifici-doficines-diagonal-532-de-barcelona\/#breadcrumb\"},\"inLanguage\":\"es\",\"potentialAction\":[{\"@type\":\"ReadAction\",\"target\":[\"https:\/\/www.garciafaura.com\/es\/tancaments-de-garcia-faura-per-a-ledifici-doficines-diagonal-532-de-barcelona\/\"]}]},{\"@type\":\"ImageObject\",\"inLanguage\":\"es\",\"@id\":\"https:\/\/www.garciafaura.com\/es\/tancaments-de-garcia-faura-per-a-ledifici-doficines-diagonal-532-de-barcelona\/#primaryimage\",\"url\":\"https:\/\/www.garciafaura.com\/wp-content\/uploads\/2021\/04\/Foto-Colonial-3.png\",\"contentUrl\":\"https:\/\/www.garciafaura.com\/wp-content\/uploads\/2021\/04\/Foto-Colonial-3.png\",\"width\":4070,\"height\":2456},{\"@type\":\"BreadcrumbList\",\"@id\":\"https:\/\/www.garciafaura.com\/es\/tancaments-de-garcia-faura-per-a-ledifici-doficines-diagonal-532-de-barcelona\/#breadcrumb\",\"itemListElement\":[{\"@type\":\"ListItem\",\"position\":1,\"name\":\"Inici\",\"item\":\"https:\/\/www.garciafaura.com\/es\/\"},{\"@type\":\"ListItem\",\"position\":2,\"name\":\"Cerramientos de GARCIA FAURA para el edificio de oficinas Diagonal 532 de Barcelona\"}]},{\"@type\":\"WebSite\",\"@id\":\"https:\/\/www.garciafaura.com\/fr\/#website\",\"url\":\"https:\/\/www.garciafaura.com\/fr\/\",\"name\":\"GARCIA FAURA\",\"description\":\"Arquitectura en Alumini, Inox, Ferro i Vidre\",\"publisher\":{\"@id\":\"https:\/\/www.garciafaura.com\/fr\/#organization\"},\"potentialAction\":[{\"@type\":\"SearchAction\",\"target\":{\"@type\":\"EntryPoint\",\"urlTemplate\":\"https:\/\/www.garciafaura.com\/fr\/?s={search_term_string}\"},\"query-input\":{\"@type\":\"PropertyValueSpecification\",\"valueRequired\":true,\"valueName\":\"search_term_string\"}}],\"inLanguage\":\"es\"},{\"@type\":\"Organization\",\"@id\":\"https:\/\/www.garciafaura.com\/fr\/#organization\",\"name\":\"GARCIA FAURA\",\"url\":\"https:\/\/www.garciafaura.com\/fr\/\",\"logo\":{\"@type\":\"ImageObject\",\"inLanguage\":\"es\",\"@id\":\"https:\/\/www.garciafaura.com\/fr\/#\/schema\/logo\/image\/\",\"url\":\"https:\/\/www.garciafaura.com\/wp-content\/uploads\/2018\/09\/Garcia-Faura.png\",\"contentUrl\":\"https:\/\/www.garciafaura.com\/wp-content\/uploads\/2018\/09\/Garcia-Faura.png\",\"width\":512,\"height\":512,\"caption\":\"GARCIA FAURA\"},\"image\":{\"@id\":\"https:\/\/www.garciafaura.com\/fr\/#\/schema\/logo\/image\/\"},\"sameAs\":[\"https:\/\/www.youtube.com\/user\/GARCIAFAURA\"]},{\"@type\":\"Person\",\"@id\":\"https:\/\/www.garciafaura.com\/fr\/#\/schema\/person\/b4b75e69b33fac3446071909bec106b0\",\"name\":\"David Achell\",\"image\":{\"@type\":\"ImageObject\",\"inLanguage\":\"es\",\"@id\":\"https:\/\/www.garciafaura.com\/fr\/#\/schema\/person\/image\/\",\"url\":\"https:\/\/secure.gravatar.com\/avatar\/03900210afc1f61bce737bcb4a79c02e2c997f171e3eca839b5a4cbe03846c90?s=96&d=blank&r=g\",\"contentUrl\":\"https:\/\/secure.gravatar.com\/avatar\/03900210afc1f61bce737bcb4a79c02e2c997f171e3eca839b5a4cbe03846c90?s=96&d=blank&r=g\",\"caption\":\"David Achell\"}}]}<\/script>\n<!-- \/ Yoast SEO plugin. -->","yoast_head_json":{"title":"Cerramientos de GARCIA FAURA para el edificio de oficinas Diagonal 532 de Barcelona - GARCIA FAURA","description":"Arquitectura en Alumini, Inox, Ferro i Vidre","robots":{"index":"index","follow":"follow","max-snippet":"max-snippet:-1","max-image-preview":"max-image-preview:large","max-video-preview":"max-video-preview:-1"},"canonical":"https:\/\/www.garciafaura.com\/es\/tancaments-de-garcia-faura-per-a-ledifici-doficines-diagonal-532-de-barcelona\/","og_locale":"es_ES","og_type":"article","og_title":"Cerramientos de GARCIA FAURA para el edificio de oficinas Diagonal 532 de Barcelona - GARCIA FAURA","og_description":"Arquitectura en Alumini, Inox, Ferro i Vidre","og_url":"https:\/\/www.garciafaura.com\/es\/tancaments-de-garcia-faura-per-a-ledifici-doficines-diagonal-532-de-barcelona\/","og_site_name":"GARCIA FAURA","article_published_time":"2021-04-30T08:44:51+00:00","article_modified_time":"2021-04-30T08:52:06+00:00","og_image":[{"width":1024,"height":618,"url":"https:\/\/www.garciafaura.com\/wp-content\/uploads\/2021\/04\/Foto-Colonial-3-1024x618.png","type":"image\/png"}],"author":"David Achell","twitter_card":"summary_large_image","twitter_misc":{"Escrito por":"David Achell","Tiempo de lectura":"1 minuto"},"schema":{"@context":"https:\/\/schema.org","@graph":[{"@type":"Article","@id":"https:\/\/www.garciafaura.com\/es\/tancaments-de-garcia-faura-per-a-ledifici-doficines-diagonal-532-de-barcelona\/#article","isPartOf":{"@id":"https:\/\/www.garciafaura.com\/es\/tancaments-de-garcia-faura-per-a-ledifici-doficines-diagonal-532-de-barcelona\/"},"author":{"name":"David Achell","@id":"https:\/\/www.garciafaura.com\/fr\/#\/schema\/person\/b4b75e69b33fac3446071909bec106b0"},"headline":"Cerramientos de GARCIA FAURA para el edificio de oficinas Diagonal 532 de Barcelona","datePublished":"2021-04-30T08:44:51+00:00","dateModified":"2021-04-30T08:52:06+00:00","mainEntityOfPage":{"@id":"https:\/\/www.garciafaura.com\/es\/tancaments-de-garcia-faura-per-a-ledifici-doficines-diagonal-532-de-barcelona\/"},"wordCount":218,"publisher":{"@id":"https:\/\/www.garciafaura.com\/fr\/#organization"},"image":{"@id":"https:\/\/www.garciafaura.com\/es\/tancaments-de-garcia-faura-per-a-ledifici-doficines-diagonal-532-de-barcelona\/#primaryimage"},"thumbnailUrl":"https:\/\/www.garciafaura.com\/wp-content\/uploads\/2021\/04\/Foto-Colonial-3.png","articleSection":["Actualidad"],"inLanguage":"es"},{"@type":"WebPage","@id":"https:\/\/www.garciafaura.com\/es\/tancaments-de-garcia-faura-per-a-ledifici-doficines-diagonal-532-de-barcelona\/","url":"https:\/\/www.garciafaura.com\/es\/tancaments-de-garcia-faura-per-a-ledifici-doficines-diagonal-532-de-barcelona\/","name":"Cerramientos de GARCIA FAURA para el edificio de oficinas Diagonal 532 de Barcelona - GARCIA FAURA","isPartOf":{"@id":"https:\/\/www.garciafaura.com\/fr\/#website"},"primaryImageOfPage":{"@id":"https:\/\/www.garciafaura.com\/es\/tancaments-de-garcia-faura-per-a-ledifici-doficines-diagonal-532-de-barcelona\/#primaryimage"},"image":{"@id":"https:\/\/www.garciafaura.com\/es\/tancaments-de-garcia-faura-per-a-ledifici-doficines-diagonal-532-de-barcelona\/#primaryimage"},"thumbnailUrl":"https:\/\/www.garciafaura.com\/wp-content\/uploads\/2021\/04\/Foto-Colonial-3.png","datePublished":"2021-04-30T08:44:51+00:00","dateModified":"2021-04-30T08:52:06+00:00","description":"Arquitectura en Alumini, Inox, Ferro i Vidre","breadcrumb":{"@id":"https:\/\/www.garciafaura.com\/es\/tancaments-de-garcia-faura-per-a-ledifici-doficines-diagonal-532-de-barcelona\/#breadcrumb"},"inLanguage":"es","potentialAction":[{"@type":"ReadAction","target":["https:\/\/www.garciafaura.com\/es\/tancaments-de-garcia-faura-per-a-ledifici-doficines-diagonal-532-de-barcelona\/"]}]},{"@type":"ImageObject","inLanguage":"es","@id":"https:\/\/www.garciafaura.com\/es\/tancaments-de-garcia-faura-per-a-ledifici-doficines-diagonal-532-de-barcelona\/#primaryimage","url":"https:\/\/www.garciafaura.com\/wp-content\/uploads\/2021\/04\/Foto-Colonial-3.png","contentUrl":"https:\/\/www.garciafaura.com\/wp-content\/uploads\/2021\/04\/Foto-Colonial-3.png","width":4070,"height":2456},{"@type":"BreadcrumbList","@id":"https:\/\/www.garciafaura.com\/es\/tancaments-de-garcia-faura-per-a-ledifici-doficines-diagonal-532-de-barcelona\/#breadcrumb","itemListElement":[{"@type":"ListItem","position":1,"name":"Inici","item":"https:\/\/www.garciafaura.com\/es\/"},{"@type":"ListItem","position":2,"name":"Cerramientos de GARCIA FAURA para el edificio de oficinas Diagonal 532 de Barcelona"}]},{"@type":"WebSite","@id":"https:\/\/www.garciafaura.com\/fr\/#website","url":"https:\/\/www.garciafaura.com\/fr\/","name":"GARCIA FAURA","description":"Arquitectura en Alumini, Inox, Ferro i Vidre","publisher":{"@id":"https:\/\/www.garciafaura.com\/fr\/#organization"},"potentialAction":[{"@type":"SearchAction","target":{"@type":"EntryPoint","urlTemplate":"https:\/\/www.garciafaura.com\/fr\/?s={search_term_string}"},"query-input":{"@type":"PropertyValueSpecification","valueRequired":true,"valueName":"search_term_string"}}],"inLanguage":"es"},{"@type":"Organization","@id":"https:\/\/www.garciafaura.com\/fr\/#organization","name":"GARCIA FAURA","url":"https:\/\/www.garciafaura.com\/fr\/","logo":{"@type":"ImageObject","inLanguage":"es","@id":"https:\/\/www.garciafaura.com\/fr\/#\/schema\/logo\/image\/","url":"https:\/\/www.garciafaura.com\/wp-content\/uploads\/2018\/09\/Garcia-Faura.png","contentUrl":"https:\/\/www.garciafaura.com\/wp-content\/uploads\/2018\/09\/Garcia-Faura.png","width":512,"height":512,"caption":"GARCIA FAURA"},"image":{"@id":"https:\/\/www.garciafaura.com\/fr\/#\/schema\/logo\/image\/"},"sameAs":["https:\/\/www.youtube.com\/user\/GARCIAFAURA"]},{"@type":"Person","@id":"https:\/\/www.garciafaura.com\/fr\/#\/schema\/person\/b4b75e69b33fac3446071909bec106b0","name":"David Achell","image":{"@type":"ImageObject","inLanguage":"es","@id":"https:\/\/www.garciafaura.com\/fr\/#\/schema\/person\/image\/","url":"https:\/\/secure.gravatar.com\/avatar\/03900210afc1f61bce737bcb4a79c02e2c997f171e3eca839b5a4cbe03846c90?s=96&d=blank&r=g","contentUrl":"https:\/\/secure.gravatar.com\/avatar\/03900210afc1f61bce737bcb4a79c02e2c997f171e3eca839b5a4cbe03846c90?s=96&d=blank&r=g","caption":"David Achell"}}]}},"_links":{"self":[{"href":"https:\/\/www.garciafaura.com\/es\/wp-json\/wp\/v2\/posts\/27472","targetHints":{"allow":["GET"]}}],"collection":[{"href":"https:\/\/www.garciafaura.com\/es\/wp-json\/wp\/v2\/posts"}],"about":[{"href":"https:\/\/www.garciafaura.com\/es\/wp-json\/wp\/v2\/types\/post"}],"author":[{"embeddable":true,"href":"https:\/\/www.garciafaura.com\/es\/wp-json\/wp\/v2\/users\/3"}],"replies":[{"embeddable":true,"href":"https:\/\/www.garciafaura.com\/es\/wp-json\/wp\/v2\/comments?post=27472"}],"version-history":[{"count":4,"href":"https:\/\/www.garciafaura.com\/es\/wp-json\/wp\/v2\/posts\/27472\/revisions"}],"predecessor-version":[{"id":27483,"href":"https:\/\/www.garciafaura.com\/es\/wp-json\/wp\/v2\/posts\/27472\/revisions\/27483"}],"wp:featuredmedia":[{"embeddable":true,"href":"https:\/\/www.garciafaura.com\/es\/wp-json\/wp\/v2\/media\/27460"}],"wp:attachment":[{"href":"https:\/\/www.garciafaura.com\/es\/wp-json\/wp\/v2\/media?parent=27472"}],"wp:term":[{"taxonomy":"category","embeddable":true,"href":"https:\/\/www.garciafaura.com\/es\/wp-json\/wp\/v2\/categories?post=27472"},{"taxonomy":"post_tag","embeddable":true,"href":"https:\/\/www.garciafaura.com\/es\/wp-json\/wp\/v2\/tags?post=27472"},{"taxonomy":"post_series","embeddable":true,"href":"https:\/\/www.garciafaura.com\/es\/wp-json\/wp\/v2\/post_series?post=27472"}],"curies":[{"name":"wp","href":"https:\/\/api.w.org\/{rel}","templated":true}]}}