{"id":27408,"date":"2021-04-15T12:02:51","date_gmt":"2021-04-15T10:02:51","guid":{"rendered":"https:\/\/www.garciafaura.com\/garcia-faura-interve-en-el-futur-complex-doficines-mes-sostenible-de-barcelona\/"},"modified":"2021-04-15T12:26:00","modified_gmt":"2021-04-15T10:26:00","slug":"garcia-faura-interve-en-el-futur-complex-doficines-mes-sostenible-de-barcelona","status":"publish","type":"post","link":"https:\/\/www.garciafaura.com\/es\/garcia-faura-interve-en-el-futur-complex-doficines-mes-sostenible-de-barcelona\/","title":{"rendered":"GARCIA FAURA interviene en el futuro complejo de oficinas m\u00e1s sostenible de Barcelona"},"content":{"rendered":"<p style=\"text-align: justify;\"><strong><span style=\"font-family: 'Open Sans';\">En el 22 @, el distrito tecnol\u00f3gico de Barcelona que quiere ser un polo de atracci\u00f3n empresarial, se est\u00e1 levantando el edificio Smart, el complejo de oficinas llamado a ser el m\u00e1s sostenible de la capital catalana, un referente en sostenibilidad y eficiencia energ\u00e9tica. Y en esto, la intervenci\u00f3n de GARCIA FAURA ser\u00e1 clave.<\/span><\/strong><\/p>\n<p style=\"text-align: justify;\">En una superficie de 25.000 metros cuadrados se est\u00e1n construyendo los dos edificios que constituir\u00e1n el <strong>complejo Smart<\/strong>: uno de ellos de 12 plantas y otro de 9. <strong>GARCIA FAURA<\/strong>\u00a0realizar\u00e1 8.900 metros cuadrados de muro cortina de tipo Stick y 1.100 metros cuadrados de cerramientos de aluminio de diferentes tipolog\u00edas.<\/p>\n<p style=\"text-align: justify;\">Adem\u00e1s, la empresa tambi\u00e9n har\u00e1 una intervenci\u00f3n t\u00e9cnica en revestimientos y acabados de altas prestaciones como 7.200 metros cuadrados de revestimientos cer\u00e1micos (aplacado, <em>baguettes<\/em>, lamas&#8230;), 1.000 metros cuadrados de vidrios fotovoltaicos y 500 metros cuadrados de revestimiento Euronit.<\/p>\n<p style=\"text-align: justify;\">Todo ello debe contribuir a que el <strong>Smart<\/strong> acredite su sostenibilidad con el <strong>certificado LEED 4<\/strong>, un sello gestionado por una entidad norteamericana que promueve valores de eficiencia energ\u00e9tica en la construcci\u00f3n como el ahorro energ\u00e9tico, la gesti\u00f3n de los residuos o los materiales usados, entre otros.<\/p>\n<p style=\"text-align: justify;\">En este sentido, se espera que el <strong>Smart<\/strong> consiga un 10% en la reducci\u00f3n de emisiones de CO<sub>2<\/sub> o la generaci\u00f3n de energ\u00eda a trav\u00e9s de la captaci\u00f3n de la luz del sol por los cristales de las ventanas. Tambi\u00e9n quiere obtener el 75% de la gesti\u00f3n sostenible de los residuos, un 32% de ahorro energ\u00e9tico y un 45% en el consumo de agua.<\/p>\n<h3 style=\"text-align: justify;\">Confort para las personas usuarias de un complejo inteligente<\/h3>\n<p style=\"text-align: justify;\">Otra certificaci\u00f3n que pretende conseguir el complejo es el <strong>Well Platinum<\/strong> de salud y confort de las personas usuarias del <strong>Smart<\/strong>. El sello valora aspectos como la calidad del agua, la iluminaci\u00f3n o los filtros del sistema de ventilaci\u00f3n.<\/p>\n<p style=\"text-align: justify;\">Por si esto fuera poco, el complejo se conectar\u00e1 a <a href=\"http:\/\/www.districlima.com\/es\" target=\"_blank\" rel=\"noopener\"><strong>Districlima<\/strong><\/a>, una red urbana para la generaci\u00f3n de calefacci\u00f3n, aire acondicionado y agua caliente sanitaria a partir del vapor de la valoraci\u00f3n energ\u00e9tica de los residuos.<\/p>\n<p style=\"text-align: justify;\">Finalmente, cabe destacar que el <strong>Smart<\/strong> ser\u00e1 un complejo inteligente. Es decir, que a trav\u00e9s de una aplicaci\u00f3n en el m\u00f3vil se podr\u00e1 reservar plaza de aparcamiento, una sala para conferencias o reuniones, o bien entrar en las oficinas, entre otras acciones.<\/p>\n","protected":false},"excerpt":{"rendered":"<p>En el 22 @, el distrito tecnol\u00f3gico de Barcelona que quiere ser un polo de atracci\u00f3n empresarial, se est\u00e1 levantando el edificio Smart, el complejo de oficinas llamado a ser el m\u00e1s sostenible de la capital catalana, un referente en&hellip;<\/p>\n","protected":false},"author":3,"featured_media":27403,"comment_status":"closed","ping_status":"open","sticky":false,"template":"","format":"standard","meta":{"footnotes":""},"categories":[3],"tags":[],"post_series":[],"class_list":["post-27408","post","type-post","status-publish","format-standard","has-post-thumbnail","hentry","category-actualidad","entry","has-media"],"yoast_head":"<!-- This site is optimized with the Yoast SEO plugin v26.7 - https:\/\/yoast.com\/wordpress\/plugins\/seo\/ -->\n<title>GARCIA FAURA interviene en el futuro complejo de oficinas m\u00e1s sostenible de Barcelona - GARCIA FAURA<\/title>\n<meta name=\"description\" content=\"Arquitectura en Alumini, Inox, Ferro i Vidre\" \/>\n<meta name=\"robots\" content=\"index, follow, max-snippet:-1, max-image-preview:large, max-video-preview:-1\" \/>\n<link rel=\"canonical\" href=\"https:\/\/www.garciafaura.com\/es\/garcia-faura-interve-en-el-futur-complex-doficines-mes-sostenible-de-barcelona\/\" \/>\n<meta property=\"og:locale\" content=\"es_ES\" \/>\n<meta property=\"og:type\" content=\"article\" \/>\n<meta property=\"og:title\" content=\"GARCIA FAURA interviene en el futuro complejo de oficinas m\u00e1s sostenible de Barcelona - GARCIA FAURA\" \/>\n<meta property=\"og:description\" content=\"Arquitectura en Alumini, Inox, Ferro i Vidre\" \/>\n<meta property=\"og:url\" content=\"https:\/\/www.garciafaura.com\/es\/garcia-faura-interve-en-el-futur-complex-doficines-mes-sostenible-de-barcelona\/\" \/>\n<meta property=\"og:site_name\" content=\"GARCIA FAURA\" \/>\n<meta property=\"article:published_time\" content=\"2021-04-15T10:02:51+00:00\" \/>\n<meta property=\"article:modified_time\" content=\"2021-04-15T10:26:00+00:00\" \/>\n<meta property=\"og:image\" content=\"https:\/\/www.garciafaura.com\/wp-content\/uploads\/2021\/04\/Edifici-Smart.jpg\" \/>\n\t<meta property=\"og:image:width\" content=\"1920\" \/>\n\t<meta property=\"og:image:height\" content=\"1080\" \/>\n\t<meta property=\"og:image:type\" content=\"image\/jpeg\" \/>\n<meta name=\"author\" content=\"David Achell\" \/>\n<meta name=\"twitter:card\" content=\"summary_large_image\" \/>\n<meta name=\"twitter:label1\" content=\"Escrito por\" \/>\n\t<meta name=\"twitter:data1\" content=\"David Achell\" \/>\n\t<meta name=\"twitter:label2\" content=\"Tiempo de lectura\" \/>\n\t<meta name=\"twitter:data2\" content=\"2 minutos\" \/>\n<script type=\"application\/ld+json\" class=\"yoast-schema-graph\">{\"@context\":\"https:\/\/schema.org\",\"@graph\":[{\"@type\":\"Article\",\"@id\":\"https:\/\/www.garciafaura.com\/es\/garcia-faura-interve-en-el-futur-complex-doficines-mes-sostenible-de-barcelona\/#article\",\"isPartOf\":{\"@id\":\"https:\/\/www.garciafaura.com\/es\/garcia-faura-interve-en-el-futur-complex-doficines-mes-sostenible-de-barcelona\/\"},\"author\":{\"name\":\"David Achell\",\"@id\":\"https:\/\/www.garciafaura.com\/fr\/#\/schema\/person\/b4b75e69b33fac3446071909bec106b0\"},\"headline\":\"GARCIA FAURA interviene en el futuro complejo de oficinas m\u00e1s sostenible de Barcelona\",\"datePublished\":\"2021-04-15T10:02:51+00:00\",\"dateModified\":\"2021-04-15T10:26:00+00:00\",\"mainEntityOfPage\":{\"@id\":\"https:\/\/www.garciafaura.com\/es\/garcia-faura-interve-en-el-futur-complex-doficines-mes-sostenible-de-barcelona\/\"},\"wordCount\":414,\"publisher\":{\"@id\":\"https:\/\/www.garciafaura.com\/fr\/#organization\"},\"image\":{\"@id\":\"https:\/\/www.garciafaura.com\/es\/garcia-faura-interve-en-el-futur-complex-doficines-mes-sostenible-de-barcelona\/#primaryimage\"},\"thumbnailUrl\":\"https:\/\/www.garciafaura.com\/wp-content\/uploads\/2021\/04\/Edifici-Smart.jpg\",\"articleSection\":[\"Actualidad\"],\"inLanguage\":\"es\"},{\"@type\":\"WebPage\",\"@id\":\"https:\/\/www.garciafaura.com\/es\/garcia-faura-interve-en-el-futur-complex-doficines-mes-sostenible-de-barcelona\/\",\"url\":\"https:\/\/www.garciafaura.com\/es\/garcia-faura-interve-en-el-futur-complex-doficines-mes-sostenible-de-barcelona\/\",\"name\":\"GARCIA FAURA interviene en el futuro complejo de oficinas m\u00e1s sostenible de Barcelona - GARCIA FAURA\",\"isPartOf\":{\"@id\":\"https:\/\/www.garciafaura.com\/fr\/#website\"},\"primaryImageOfPage\":{\"@id\":\"https:\/\/www.garciafaura.com\/es\/garcia-faura-interve-en-el-futur-complex-doficines-mes-sostenible-de-barcelona\/#primaryimage\"},\"image\":{\"@id\":\"https:\/\/www.garciafaura.com\/es\/garcia-faura-interve-en-el-futur-complex-doficines-mes-sostenible-de-barcelona\/#primaryimage\"},\"thumbnailUrl\":\"https:\/\/www.garciafaura.com\/wp-content\/uploads\/2021\/04\/Edifici-Smart.jpg\",\"datePublished\":\"2021-04-15T10:02:51+00:00\",\"dateModified\":\"2021-04-15T10:26:00+00:00\",\"description\":\"Arquitectura en Alumini, Inox, Ferro i Vidre\",\"breadcrumb\":{\"@id\":\"https:\/\/www.garciafaura.com\/es\/garcia-faura-interve-en-el-futur-complex-doficines-mes-sostenible-de-barcelona\/#breadcrumb\"},\"inLanguage\":\"es\",\"potentialAction\":[{\"@type\":\"ReadAction\",\"target\":[\"https:\/\/www.garciafaura.com\/es\/garcia-faura-interve-en-el-futur-complex-doficines-mes-sostenible-de-barcelona\/\"]}]},{\"@type\":\"ImageObject\",\"inLanguage\":\"es\",\"@id\":\"https:\/\/www.garciafaura.com\/es\/garcia-faura-interve-en-el-futur-complex-doficines-mes-sostenible-de-barcelona\/#primaryimage\",\"url\":\"https:\/\/www.garciafaura.com\/wp-content\/uploads\/2021\/04\/Edifici-Smart.jpg\",\"contentUrl\":\"https:\/\/www.garciafaura.com\/wp-content\/uploads\/2021\/04\/Edifici-Smart.jpg\",\"width\":1920,\"height\":1080},{\"@type\":\"BreadcrumbList\",\"@id\":\"https:\/\/www.garciafaura.com\/es\/garcia-faura-interve-en-el-futur-complex-doficines-mes-sostenible-de-barcelona\/#breadcrumb\",\"itemListElement\":[{\"@type\":\"ListItem\",\"position\":1,\"name\":\"Inici\",\"item\":\"https:\/\/www.garciafaura.com\/es\/\"},{\"@type\":\"ListItem\",\"position\":2,\"name\":\"GARCIA FAURA interviene en el futuro complejo de oficinas m\u00e1s sostenible de Barcelona\"}]},{\"@type\":\"WebSite\",\"@id\":\"https:\/\/www.garciafaura.com\/fr\/#website\",\"url\":\"https:\/\/www.garciafaura.com\/fr\/\",\"name\":\"GARCIA FAURA\",\"description\":\"Arquitectura en Alumini, Inox, Ferro i Vidre\",\"publisher\":{\"@id\":\"https:\/\/www.garciafaura.com\/fr\/#organization\"},\"potentialAction\":[{\"@type\":\"SearchAction\",\"target\":{\"@type\":\"EntryPoint\",\"urlTemplate\":\"https:\/\/www.garciafaura.com\/fr\/?s={search_term_string}\"},\"query-input\":{\"@type\":\"PropertyValueSpecification\",\"valueRequired\":true,\"valueName\":\"search_term_string\"}}],\"inLanguage\":\"es\"},{\"@type\":\"Organization\",\"@id\":\"https:\/\/www.garciafaura.com\/fr\/#organization\",\"name\":\"GARCIA FAURA\",\"url\":\"https:\/\/www.garciafaura.com\/fr\/\",\"logo\":{\"@type\":\"ImageObject\",\"inLanguage\":\"es\",\"@id\":\"https:\/\/www.garciafaura.com\/fr\/#\/schema\/logo\/image\/\",\"url\":\"https:\/\/www.garciafaura.com\/wp-content\/uploads\/2018\/09\/Garcia-Faura.png\",\"contentUrl\":\"https:\/\/www.garciafaura.com\/wp-content\/uploads\/2018\/09\/Garcia-Faura.png\",\"width\":512,\"height\":512,\"caption\":\"GARCIA FAURA\"},\"image\":{\"@id\":\"https:\/\/www.garciafaura.com\/fr\/#\/schema\/logo\/image\/\"},\"sameAs\":[\"https:\/\/www.youtube.com\/user\/GARCIAFAURA\"]},{\"@type\":\"Person\",\"@id\":\"https:\/\/www.garciafaura.com\/fr\/#\/schema\/person\/b4b75e69b33fac3446071909bec106b0\",\"name\":\"David Achell\",\"image\":{\"@type\":\"ImageObject\",\"inLanguage\":\"es\",\"@id\":\"https:\/\/www.garciafaura.com\/fr\/#\/schema\/person\/image\/\",\"url\":\"https:\/\/secure.gravatar.com\/avatar\/03900210afc1f61bce737bcb4a79c02e2c997f171e3eca839b5a4cbe03846c90?s=96&d=blank&r=g\",\"contentUrl\":\"https:\/\/secure.gravatar.com\/avatar\/03900210afc1f61bce737bcb4a79c02e2c997f171e3eca839b5a4cbe03846c90?s=96&d=blank&r=g\",\"caption\":\"David Achell\"}}]}<\/script>\n<!-- \/ Yoast SEO plugin. -->","yoast_head_json":{"title":"GARCIA FAURA interviene en el futuro complejo de oficinas m\u00e1s sostenible de Barcelona - GARCIA FAURA","description":"Arquitectura en Alumini, Inox, Ferro i Vidre","robots":{"index":"index","follow":"follow","max-snippet":"max-snippet:-1","max-image-preview":"max-image-preview:large","max-video-preview":"max-video-preview:-1"},"canonical":"https:\/\/www.garciafaura.com\/es\/garcia-faura-interve-en-el-futur-complex-doficines-mes-sostenible-de-barcelona\/","og_locale":"es_ES","og_type":"article","og_title":"GARCIA FAURA interviene en el futuro complejo de oficinas m\u00e1s sostenible de Barcelona - GARCIA FAURA","og_description":"Arquitectura en Alumini, Inox, Ferro i Vidre","og_url":"https:\/\/www.garciafaura.com\/es\/garcia-faura-interve-en-el-futur-complex-doficines-mes-sostenible-de-barcelona\/","og_site_name":"GARCIA FAURA","article_published_time":"2021-04-15T10:02:51+00:00","article_modified_time":"2021-04-15T10:26:00+00:00","og_image":[{"width":1920,"height":1080,"url":"https:\/\/www.garciafaura.com\/wp-content\/uploads\/2021\/04\/Edifici-Smart.jpg","type":"image\/jpeg"}],"author":"David Achell","twitter_card":"summary_large_image","twitter_misc":{"Escrito por":"David Achell","Tiempo de lectura":"2 minutos"},"schema":{"@context":"https:\/\/schema.org","@graph":[{"@type":"Article","@id":"https:\/\/www.garciafaura.com\/es\/garcia-faura-interve-en-el-futur-complex-doficines-mes-sostenible-de-barcelona\/#article","isPartOf":{"@id":"https:\/\/www.garciafaura.com\/es\/garcia-faura-interve-en-el-futur-complex-doficines-mes-sostenible-de-barcelona\/"},"author":{"name":"David Achell","@id":"https:\/\/www.garciafaura.com\/fr\/#\/schema\/person\/b4b75e69b33fac3446071909bec106b0"},"headline":"GARCIA FAURA interviene en el futuro complejo de oficinas m\u00e1s sostenible de Barcelona","datePublished":"2021-04-15T10:02:51+00:00","dateModified":"2021-04-15T10:26:00+00:00","mainEntityOfPage":{"@id":"https:\/\/www.garciafaura.com\/es\/garcia-faura-interve-en-el-futur-complex-doficines-mes-sostenible-de-barcelona\/"},"wordCount":414,"publisher":{"@id":"https:\/\/www.garciafaura.com\/fr\/#organization"},"image":{"@id":"https:\/\/www.garciafaura.com\/es\/garcia-faura-interve-en-el-futur-complex-doficines-mes-sostenible-de-barcelona\/#primaryimage"},"thumbnailUrl":"https:\/\/www.garciafaura.com\/wp-content\/uploads\/2021\/04\/Edifici-Smart.jpg","articleSection":["Actualidad"],"inLanguage":"es"},{"@type":"WebPage","@id":"https:\/\/www.garciafaura.com\/es\/garcia-faura-interve-en-el-futur-complex-doficines-mes-sostenible-de-barcelona\/","url":"https:\/\/www.garciafaura.com\/es\/garcia-faura-interve-en-el-futur-complex-doficines-mes-sostenible-de-barcelona\/","name":"GARCIA FAURA interviene en el futuro complejo de oficinas m\u00e1s sostenible de Barcelona - GARCIA FAURA","isPartOf":{"@id":"https:\/\/www.garciafaura.com\/fr\/#website"},"primaryImageOfPage":{"@id":"https:\/\/www.garciafaura.com\/es\/garcia-faura-interve-en-el-futur-complex-doficines-mes-sostenible-de-barcelona\/#primaryimage"},"image":{"@id":"https:\/\/www.garciafaura.com\/es\/garcia-faura-interve-en-el-futur-complex-doficines-mes-sostenible-de-barcelona\/#primaryimage"},"thumbnailUrl":"https:\/\/www.garciafaura.com\/wp-content\/uploads\/2021\/04\/Edifici-Smart.jpg","datePublished":"2021-04-15T10:02:51+00:00","dateModified":"2021-04-15T10:26:00+00:00","description":"Arquitectura en Alumini, Inox, Ferro i Vidre","breadcrumb":{"@id":"https:\/\/www.garciafaura.com\/es\/garcia-faura-interve-en-el-futur-complex-doficines-mes-sostenible-de-barcelona\/#breadcrumb"},"inLanguage":"es","potentialAction":[{"@type":"ReadAction","target":["https:\/\/www.garciafaura.com\/es\/garcia-faura-interve-en-el-futur-complex-doficines-mes-sostenible-de-barcelona\/"]}]},{"@type":"ImageObject","inLanguage":"es","@id":"https:\/\/www.garciafaura.com\/es\/garcia-faura-interve-en-el-futur-complex-doficines-mes-sostenible-de-barcelona\/#primaryimage","url":"https:\/\/www.garciafaura.com\/wp-content\/uploads\/2021\/04\/Edifici-Smart.jpg","contentUrl":"https:\/\/www.garciafaura.com\/wp-content\/uploads\/2021\/04\/Edifici-Smart.jpg","width":1920,"height":1080},{"@type":"BreadcrumbList","@id":"https:\/\/www.garciafaura.com\/es\/garcia-faura-interve-en-el-futur-complex-doficines-mes-sostenible-de-barcelona\/#breadcrumb","itemListElement":[{"@type":"ListItem","position":1,"name":"Inici","item":"https:\/\/www.garciafaura.com\/es\/"},{"@type":"ListItem","position":2,"name":"GARCIA FAURA interviene en el futuro complejo de oficinas m\u00e1s sostenible de Barcelona"}]},{"@type":"WebSite","@id":"https:\/\/www.garciafaura.com\/fr\/#website","url":"https:\/\/www.garciafaura.com\/fr\/","name":"GARCIA FAURA","description":"Arquitectura en Alumini, Inox, Ferro i Vidre","publisher":{"@id":"https:\/\/www.garciafaura.com\/fr\/#organization"},"potentialAction":[{"@type":"SearchAction","target":{"@type":"EntryPoint","urlTemplate":"https:\/\/www.garciafaura.com\/fr\/?s={search_term_string}"},"query-input":{"@type":"PropertyValueSpecification","valueRequired":true,"valueName":"search_term_string"}}],"inLanguage":"es"},{"@type":"Organization","@id":"https:\/\/www.garciafaura.com\/fr\/#organization","name":"GARCIA FAURA","url":"https:\/\/www.garciafaura.com\/fr\/","logo":{"@type":"ImageObject","inLanguage":"es","@id":"https:\/\/www.garciafaura.com\/fr\/#\/schema\/logo\/image\/","url":"https:\/\/www.garciafaura.com\/wp-content\/uploads\/2018\/09\/Garcia-Faura.png","contentUrl":"https:\/\/www.garciafaura.com\/wp-content\/uploads\/2018\/09\/Garcia-Faura.png","width":512,"height":512,"caption":"GARCIA FAURA"},"image":{"@id":"https:\/\/www.garciafaura.com\/fr\/#\/schema\/logo\/image\/"},"sameAs":["https:\/\/www.youtube.com\/user\/GARCIAFAURA"]},{"@type":"Person","@id":"https:\/\/www.garciafaura.com\/fr\/#\/schema\/person\/b4b75e69b33fac3446071909bec106b0","name":"David Achell","image":{"@type":"ImageObject","inLanguage":"es","@id":"https:\/\/www.garciafaura.com\/fr\/#\/schema\/person\/image\/","url":"https:\/\/secure.gravatar.com\/avatar\/03900210afc1f61bce737bcb4a79c02e2c997f171e3eca839b5a4cbe03846c90?s=96&d=blank&r=g","contentUrl":"https:\/\/secure.gravatar.com\/avatar\/03900210afc1f61bce737bcb4a79c02e2c997f171e3eca839b5a4cbe03846c90?s=96&d=blank&r=g","caption":"David Achell"}}]}},"_links":{"self":[{"href":"https:\/\/www.garciafaura.com\/es\/wp-json\/wp\/v2\/posts\/27408","targetHints":{"allow":["GET"]}}],"collection":[{"href":"https:\/\/www.garciafaura.com\/es\/wp-json\/wp\/v2\/posts"}],"about":[{"href":"https:\/\/www.garciafaura.com\/es\/wp-json\/wp\/v2\/types\/post"}],"author":[{"embeddable":true,"href":"https:\/\/www.garciafaura.com\/es\/wp-json\/wp\/v2\/users\/3"}],"replies":[{"embeddable":true,"href":"https:\/\/www.garciafaura.com\/es\/wp-json\/wp\/v2\/comments?post=27408"}],"version-history":[{"count":7,"href":"https:\/\/www.garciafaura.com\/es\/wp-json\/wp\/v2\/posts\/27408\/revisions"}],"predecessor-version":[{"id":27434,"href":"https:\/\/www.garciafaura.com\/es\/wp-json\/wp\/v2\/posts\/27408\/revisions\/27434"}],"wp:featuredmedia":[{"embeddable":true,"href":"https:\/\/www.garciafaura.com\/es\/wp-json\/wp\/v2\/media\/27403"}],"wp:attachment":[{"href":"https:\/\/www.garciafaura.com\/es\/wp-json\/wp\/v2\/media?parent=27408"}],"wp:term":[{"taxonomy":"category","embeddable":true,"href":"https:\/\/www.garciafaura.com\/es\/wp-json\/wp\/v2\/categories?post=27408"},{"taxonomy":"post_tag","embeddable":true,"href":"https:\/\/www.garciafaura.com\/es\/wp-json\/wp\/v2\/tags?post=27408"},{"taxonomy":"post_series","embeddable":true,"href":"https:\/\/www.garciafaura.com\/es\/wp-json\/wp\/v2\/post_series?post=27408"}],"curies":[{"name":"wp","href":"https:\/\/api.w.org\/{rel}","templated":true}]}}