{"id":26883,"date":"2021-03-18T16:45:14","date_gmt":"2021-03-18T14:45:14","guid":{"rendered":"https:\/\/www.garciafaura.com\/garcia-faura-una-trajectoria-forjada-a-foc\/"},"modified":"2021-03-18T16:59:47","modified_gmt":"2021-03-18T14:59:47","slug":"garcia-faura-una-trajectoria-forjada-a-foc","status":"publish","type":"post","link":"https:\/\/www.garciafaura.com\/es\/garcia-faura-una-trajectoria-forjada-a-foc\/","title":{"rendered":"GARCIA FAURA: una trayectoria forjada a fuego"},"content":{"rendered":"<p><strong>Los or\u00edgenes de GARCIA FAURA est\u00e1n en el hierro. Y aunque en la actualidad la producci\u00f3n en aluminio ocupa la mayor parte de la facturaci\u00f3n de la empresa, el hierro sigue estando muy presente en la compa\u00f1\u00eda, con su propia divisi\u00f3n productiva y con el valor a\u00f1adido que otorga la Oficina T\u00e9cnica y la experiencia de unos t\u00e9cnicos altamente cualificados.<\/strong><\/p>\n<p style=\"text-align: justify;\"><strong>GARCIA FAURA<\/strong> es mucho m\u00e1s que aluminio. La empresa, que tiene m\u00e1s de 130 a\u00f1os de historia, se inici\u00f3 con el trabajo del hierro, especialmente en la fabricaci\u00f3n y colocaci\u00f3n de herraduras a las caballer\u00edas. Poco a poco, como los golpes de martillo sobre el yunque, el trabajo evolucion\u00f3 hacia la cerrajer\u00eda y el trabajo con puertas, rejas y ventanas. Hasta que lleg\u00f3 el aluminio.<\/p>\n<p style=\"text-align: justify;\">El aluminio simplific\u00f3 mucho el trabajo de los cerrajeros al ser un sistema predise\u00f1ado que s\u00f3lo hab\u00eda que ensamblar. As\u00ed, la arquitectura tambi\u00e9n fue cambiando y adoptando este material para los cerramientos hasta el punto de que la mayor\u00eda de proyectos actuales usan preferentemente el aluminio y el vidrio.<\/p>\n<p style=\"text-align: justify;\">Pero el hierro sigue vivo a <strong>GARCIA FAURA<\/strong>, con una divisi\u00f3n especializada que dispone de una nave de 2.000 metros cuadrados donde se trabaja el hierro y el acero inoxidable con la maquinaria m\u00e1s moderna y unos t\u00e9cnicos altamente cualificados que otorgan a la empresa un valor a\u00f1adido que no est\u00e1 al alcance de los cerrajeros tradicionales.<\/p>\n<p style=\"text-align: justify;\">Y es que la divisi\u00f3n de hierro y acero de <strong>GARCIA FAURA<\/strong> dispone, entre otra maquinaria, de tres sierras de corte o una de doble disco s\u00f3lo para perfiles de ventana con una gran precisi\u00f3n que facilita mucho el proceso de soldadura. Adem\u00e1s, gracias a los estudios y an\u00e1lisis de la Oficina T\u00e9cnica de la empresa, los productos finales cuentan con la garant\u00eda de resistencia al viento, la luz solar, la lluvia y el fuego.<\/p>\n<p style=\"text-align: justify;\">Es este conocimiento de <strong>GARCIA FAURA<\/strong>\u00a0el que ha convertido a la empresa en un referente del sector en este material, hasta el punto de haber sido elegida, por ejemplo, para la construcci\u00f3n de cuatro centros penitenciarios en Espa\u00f1a o las dependencias judiciales de Par\u00eds con una perfiler\u00eda de hierro de altas prestaciones que otorgan toda la garant\u00eda de calidad necesaria.<\/p>\n","protected":false},"excerpt":{"rendered":"<p>Los or\u00edgenes de GARCIA FAURA est\u00e1n en el hierro. Y aunque en la actualidad la producci\u00f3n en aluminio ocupa la mayor parte de la facturaci\u00f3n de la empresa, el hierro sigue estando muy presente en la compa\u00f1\u00eda, con su propia&hellip;<\/p>\n","protected":false},"author":3,"featured_media":26870,"comment_status":"closed","ping_status":"open","sticky":false,"template":"","format":"gallery","meta":{"footnotes":""},"categories":[3],"tags":[],"post_series":[],"class_list":["post-26883","post","type-post","status-publish","format-gallery","has-post-thumbnail","hentry","category-actualidad","post_format-post-format-gallery","entry","has-media"],"yoast_head":"<!-- This site is optimized with the Yoast SEO plugin v26.7 - https:\/\/yoast.com\/wordpress\/plugins\/seo\/ -->\n<title>GARCIA FAURA: una trayectoria forjada a fuego - GARCIA FAURA<\/title>\n<meta name=\"description\" content=\"Arquitectura en Alumini, Inox, Ferro i Vidre\" \/>\n<meta name=\"robots\" content=\"index, follow, max-snippet:-1, max-image-preview:large, max-video-preview:-1\" \/>\n<link rel=\"canonical\" href=\"https:\/\/www.garciafaura.com\/es\/garcia-faura-una-trajectoria-forjada-a-foc\/\" \/>\n<meta property=\"og:locale\" content=\"es_ES\" \/>\n<meta property=\"og:type\" content=\"article\" \/>\n<meta property=\"og:title\" content=\"GARCIA FAURA: una trayectoria forjada a fuego - GARCIA FAURA\" \/>\n<meta property=\"og:description\" content=\"Arquitectura en Alumini, Inox, Ferro i Vidre\" \/>\n<meta property=\"og:url\" content=\"https:\/\/www.garciafaura.com\/es\/garcia-faura-una-trajectoria-forjada-a-foc\/\" \/>\n<meta property=\"og:site_name\" content=\"GARCIA FAURA\" \/>\n<meta property=\"article:published_time\" content=\"2021-03-18T14:45:14+00:00\" \/>\n<meta property=\"article:modified_time\" content=\"2021-03-18T14:59:47+00:00\" \/>\n<meta property=\"og:image\" content=\"https:\/\/www.garciafaura.com\/wp-content\/uploads\/2021\/03\/DSC00210-1024x683.jpg\" \/>\n\t<meta property=\"og:image:width\" content=\"1024\" \/>\n\t<meta property=\"og:image:height\" content=\"683\" \/>\n\t<meta property=\"og:image:type\" content=\"image\/jpeg\" \/>\n<meta name=\"author\" content=\"David Achell\" \/>\n<meta name=\"twitter:card\" content=\"summary_large_image\" \/>\n<meta name=\"twitter:label1\" content=\"Escrito por\" \/>\n\t<meta name=\"twitter:data1\" content=\"David Achell\" \/>\n\t<meta name=\"twitter:label2\" content=\"Tiempo de lectura\" \/>\n\t<meta name=\"twitter:data2\" content=\"2 minutos\" \/>\n<script type=\"application\/ld+json\" class=\"yoast-schema-graph\">{\"@context\":\"https:\/\/schema.org\",\"@graph\":[{\"@type\":\"Article\",\"@id\":\"https:\/\/www.garciafaura.com\/es\/garcia-faura-una-trajectoria-forjada-a-foc\/#article\",\"isPartOf\":{\"@id\":\"https:\/\/www.garciafaura.com\/es\/garcia-faura-una-trajectoria-forjada-a-foc\/\"},\"author\":{\"name\":\"David Achell\",\"@id\":\"https:\/\/www.garciafaura.com\/fr\/#\/schema\/person\/b4b75e69b33fac3446071909bec106b0\"},\"headline\":\"GARCIA FAURA: una trayectoria forjada a fuego\",\"datePublished\":\"2021-03-18T14:45:14+00:00\",\"dateModified\":\"2021-03-18T14:59:47+00:00\",\"mainEntityOfPage\":{\"@id\":\"https:\/\/www.garciafaura.com\/es\/garcia-faura-una-trajectoria-forjada-a-foc\/\"},\"wordCount\":409,\"publisher\":{\"@id\":\"https:\/\/www.garciafaura.com\/fr\/#organization\"},\"image\":{\"@id\":\"https:\/\/www.garciafaura.com\/es\/garcia-faura-una-trajectoria-forjada-a-foc\/#primaryimage\"},\"thumbnailUrl\":\"https:\/\/www.garciafaura.com\/wp-content\/uploads\/2021\/03\/DSC00210.jpg\",\"articleSection\":[\"Actualidad\"],\"inLanguage\":\"es\"},{\"@type\":\"WebPage\",\"@id\":\"https:\/\/www.garciafaura.com\/es\/garcia-faura-una-trajectoria-forjada-a-foc\/\",\"url\":\"https:\/\/www.garciafaura.com\/es\/garcia-faura-una-trajectoria-forjada-a-foc\/\",\"name\":\"GARCIA FAURA: una trayectoria forjada a fuego - GARCIA FAURA\",\"isPartOf\":{\"@id\":\"https:\/\/www.garciafaura.com\/fr\/#website\"},\"primaryImageOfPage\":{\"@id\":\"https:\/\/www.garciafaura.com\/es\/garcia-faura-una-trajectoria-forjada-a-foc\/#primaryimage\"},\"image\":{\"@id\":\"https:\/\/www.garciafaura.com\/es\/garcia-faura-una-trajectoria-forjada-a-foc\/#primaryimage\"},\"thumbnailUrl\":\"https:\/\/www.garciafaura.com\/wp-content\/uploads\/2021\/03\/DSC00210.jpg\",\"datePublished\":\"2021-03-18T14:45:14+00:00\",\"dateModified\":\"2021-03-18T14:59:47+00:00\",\"description\":\"Arquitectura en Alumini, Inox, Ferro i Vidre\",\"breadcrumb\":{\"@id\":\"https:\/\/www.garciafaura.com\/es\/garcia-faura-una-trajectoria-forjada-a-foc\/#breadcrumb\"},\"inLanguage\":\"es\",\"potentialAction\":[{\"@type\":\"ReadAction\",\"target\":[\"https:\/\/www.garciafaura.com\/es\/garcia-faura-una-trajectoria-forjada-a-foc\/\"]}]},{\"@type\":\"ImageObject\",\"inLanguage\":\"es\",\"@id\":\"https:\/\/www.garciafaura.com\/es\/garcia-faura-una-trajectoria-forjada-a-foc\/#primaryimage\",\"url\":\"https:\/\/www.garciafaura.com\/wp-content\/uploads\/2021\/03\/DSC00210.jpg\",\"contentUrl\":\"https:\/\/www.garciafaura.com\/wp-content\/uploads\/2021\/03\/DSC00210.jpg\",\"width\":6000,\"height\":4000},{\"@type\":\"BreadcrumbList\",\"@id\":\"https:\/\/www.garciafaura.com\/es\/garcia-faura-una-trajectoria-forjada-a-foc\/#breadcrumb\",\"itemListElement\":[{\"@type\":\"ListItem\",\"position\":1,\"name\":\"Inici\",\"item\":\"https:\/\/www.garciafaura.com\/es\/\"},{\"@type\":\"ListItem\",\"position\":2,\"name\":\"GARCIA FAURA: una trayectoria forjada a fuego\"}]},{\"@type\":\"WebSite\",\"@id\":\"https:\/\/www.garciafaura.com\/fr\/#website\",\"url\":\"https:\/\/www.garciafaura.com\/fr\/\",\"name\":\"GARCIA FAURA\",\"description\":\"Arquitectura en Alumini, Inox, Ferro i Vidre\",\"publisher\":{\"@id\":\"https:\/\/www.garciafaura.com\/fr\/#organization\"},\"potentialAction\":[{\"@type\":\"SearchAction\",\"target\":{\"@type\":\"EntryPoint\",\"urlTemplate\":\"https:\/\/www.garciafaura.com\/fr\/?s={search_term_string}\"},\"query-input\":{\"@type\":\"PropertyValueSpecification\",\"valueRequired\":true,\"valueName\":\"search_term_string\"}}],\"inLanguage\":\"es\"},{\"@type\":\"Organization\",\"@id\":\"https:\/\/www.garciafaura.com\/fr\/#organization\",\"name\":\"GARCIA FAURA\",\"url\":\"https:\/\/www.garciafaura.com\/fr\/\",\"logo\":{\"@type\":\"ImageObject\",\"inLanguage\":\"es\",\"@id\":\"https:\/\/www.garciafaura.com\/fr\/#\/schema\/logo\/image\/\",\"url\":\"https:\/\/www.garciafaura.com\/wp-content\/uploads\/2018\/09\/Garcia-Faura.png\",\"contentUrl\":\"https:\/\/www.garciafaura.com\/wp-content\/uploads\/2018\/09\/Garcia-Faura.png\",\"width\":512,\"height\":512,\"caption\":\"GARCIA FAURA\"},\"image\":{\"@id\":\"https:\/\/www.garciafaura.com\/fr\/#\/schema\/logo\/image\/\"},\"sameAs\":[\"https:\/\/www.youtube.com\/user\/GARCIAFAURA\"]},{\"@type\":\"Person\",\"@id\":\"https:\/\/www.garciafaura.com\/fr\/#\/schema\/person\/b4b75e69b33fac3446071909bec106b0\",\"name\":\"David Achell\",\"image\":{\"@type\":\"ImageObject\",\"inLanguage\":\"es\",\"@id\":\"https:\/\/www.garciafaura.com\/fr\/#\/schema\/person\/image\/\",\"url\":\"https:\/\/secure.gravatar.com\/avatar\/03900210afc1f61bce737bcb4a79c02e2c997f171e3eca839b5a4cbe03846c90?s=96&d=blank&r=g\",\"contentUrl\":\"https:\/\/secure.gravatar.com\/avatar\/03900210afc1f61bce737bcb4a79c02e2c997f171e3eca839b5a4cbe03846c90?s=96&d=blank&r=g\",\"caption\":\"David Achell\"}}]}<\/script>\n<!-- \/ Yoast SEO plugin. -->","yoast_head_json":{"title":"GARCIA FAURA: una trayectoria forjada a fuego - GARCIA FAURA","description":"Arquitectura en Alumini, Inox, Ferro i Vidre","robots":{"index":"index","follow":"follow","max-snippet":"max-snippet:-1","max-image-preview":"max-image-preview:large","max-video-preview":"max-video-preview:-1"},"canonical":"https:\/\/www.garciafaura.com\/es\/garcia-faura-una-trajectoria-forjada-a-foc\/","og_locale":"es_ES","og_type":"article","og_title":"GARCIA FAURA: una trayectoria forjada a fuego - GARCIA FAURA","og_description":"Arquitectura en Alumini, Inox, Ferro i Vidre","og_url":"https:\/\/www.garciafaura.com\/es\/garcia-faura-una-trajectoria-forjada-a-foc\/","og_site_name":"GARCIA FAURA","article_published_time":"2021-03-18T14:45:14+00:00","article_modified_time":"2021-03-18T14:59:47+00:00","og_image":[{"width":1024,"height":683,"url":"https:\/\/www.garciafaura.com\/wp-content\/uploads\/2021\/03\/DSC00210-1024x683.jpg","type":"image\/jpeg"}],"author":"David Achell","twitter_card":"summary_large_image","twitter_misc":{"Escrito por":"David Achell","Tiempo de lectura":"2 minutos"},"schema":{"@context":"https:\/\/schema.org","@graph":[{"@type":"Article","@id":"https:\/\/www.garciafaura.com\/es\/garcia-faura-una-trajectoria-forjada-a-foc\/#article","isPartOf":{"@id":"https:\/\/www.garciafaura.com\/es\/garcia-faura-una-trajectoria-forjada-a-foc\/"},"author":{"name":"David Achell","@id":"https:\/\/www.garciafaura.com\/fr\/#\/schema\/person\/b4b75e69b33fac3446071909bec106b0"},"headline":"GARCIA FAURA: una trayectoria forjada a fuego","datePublished":"2021-03-18T14:45:14+00:00","dateModified":"2021-03-18T14:59:47+00:00","mainEntityOfPage":{"@id":"https:\/\/www.garciafaura.com\/es\/garcia-faura-una-trajectoria-forjada-a-foc\/"},"wordCount":409,"publisher":{"@id":"https:\/\/www.garciafaura.com\/fr\/#organization"},"image":{"@id":"https:\/\/www.garciafaura.com\/es\/garcia-faura-una-trajectoria-forjada-a-foc\/#primaryimage"},"thumbnailUrl":"https:\/\/www.garciafaura.com\/wp-content\/uploads\/2021\/03\/DSC00210.jpg","articleSection":["Actualidad"],"inLanguage":"es"},{"@type":"WebPage","@id":"https:\/\/www.garciafaura.com\/es\/garcia-faura-una-trajectoria-forjada-a-foc\/","url":"https:\/\/www.garciafaura.com\/es\/garcia-faura-una-trajectoria-forjada-a-foc\/","name":"GARCIA FAURA: una trayectoria forjada a fuego - GARCIA FAURA","isPartOf":{"@id":"https:\/\/www.garciafaura.com\/fr\/#website"},"primaryImageOfPage":{"@id":"https:\/\/www.garciafaura.com\/es\/garcia-faura-una-trajectoria-forjada-a-foc\/#primaryimage"},"image":{"@id":"https:\/\/www.garciafaura.com\/es\/garcia-faura-una-trajectoria-forjada-a-foc\/#primaryimage"},"thumbnailUrl":"https:\/\/www.garciafaura.com\/wp-content\/uploads\/2021\/03\/DSC00210.jpg","datePublished":"2021-03-18T14:45:14+00:00","dateModified":"2021-03-18T14:59:47+00:00","description":"Arquitectura en Alumini, Inox, Ferro i Vidre","breadcrumb":{"@id":"https:\/\/www.garciafaura.com\/es\/garcia-faura-una-trajectoria-forjada-a-foc\/#breadcrumb"},"inLanguage":"es","potentialAction":[{"@type":"ReadAction","target":["https:\/\/www.garciafaura.com\/es\/garcia-faura-una-trajectoria-forjada-a-foc\/"]}]},{"@type":"ImageObject","inLanguage":"es","@id":"https:\/\/www.garciafaura.com\/es\/garcia-faura-una-trajectoria-forjada-a-foc\/#primaryimage","url":"https:\/\/www.garciafaura.com\/wp-content\/uploads\/2021\/03\/DSC00210.jpg","contentUrl":"https:\/\/www.garciafaura.com\/wp-content\/uploads\/2021\/03\/DSC00210.jpg","width":6000,"height":4000},{"@type":"BreadcrumbList","@id":"https:\/\/www.garciafaura.com\/es\/garcia-faura-una-trajectoria-forjada-a-foc\/#breadcrumb","itemListElement":[{"@type":"ListItem","position":1,"name":"Inici","item":"https:\/\/www.garciafaura.com\/es\/"},{"@type":"ListItem","position":2,"name":"GARCIA FAURA: una trayectoria forjada a fuego"}]},{"@type":"WebSite","@id":"https:\/\/www.garciafaura.com\/fr\/#website","url":"https:\/\/www.garciafaura.com\/fr\/","name":"GARCIA FAURA","description":"Arquitectura en Alumini, Inox, Ferro i Vidre","publisher":{"@id":"https:\/\/www.garciafaura.com\/fr\/#organization"},"potentialAction":[{"@type":"SearchAction","target":{"@type":"EntryPoint","urlTemplate":"https:\/\/www.garciafaura.com\/fr\/?s={search_term_string}"},"query-input":{"@type":"PropertyValueSpecification","valueRequired":true,"valueName":"search_term_string"}}],"inLanguage":"es"},{"@type":"Organization","@id":"https:\/\/www.garciafaura.com\/fr\/#organization","name":"GARCIA FAURA","url":"https:\/\/www.garciafaura.com\/fr\/","logo":{"@type":"ImageObject","inLanguage":"es","@id":"https:\/\/www.garciafaura.com\/fr\/#\/schema\/logo\/image\/","url":"https:\/\/www.garciafaura.com\/wp-content\/uploads\/2018\/09\/Garcia-Faura.png","contentUrl":"https:\/\/www.garciafaura.com\/wp-content\/uploads\/2018\/09\/Garcia-Faura.png","width":512,"height":512,"caption":"GARCIA FAURA"},"image":{"@id":"https:\/\/www.garciafaura.com\/fr\/#\/schema\/logo\/image\/"},"sameAs":["https:\/\/www.youtube.com\/user\/GARCIAFAURA"]},{"@type":"Person","@id":"https:\/\/www.garciafaura.com\/fr\/#\/schema\/person\/b4b75e69b33fac3446071909bec106b0","name":"David Achell","image":{"@type":"ImageObject","inLanguage":"es","@id":"https:\/\/www.garciafaura.com\/fr\/#\/schema\/person\/image\/","url":"https:\/\/secure.gravatar.com\/avatar\/03900210afc1f61bce737bcb4a79c02e2c997f171e3eca839b5a4cbe03846c90?s=96&d=blank&r=g","contentUrl":"https:\/\/secure.gravatar.com\/avatar\/03900210afc1f61bce737bcb4a79c02e2c997f171e3eca839b5a4cbe03846c90?s=96&d=blank&r=g","caption":"David Achell"}}]}},"_links":{"self":[{"href":"https:\/\/www.garciafaura.com\/es\/wp-json\/wp\/v2\/posts\/26883","targetHints":{"allow":["GET"]}}],"collection":[{"href":"https:\/\/www.garciafaura.com\/es\/wp-json\/wp\/v2\/posts"}],"about":[{"href":"https:\/\/www.garciafaura.com\/es\/wp-json\/wp\/v2\/types\/post"}],"author":[{"embeddable":true,"href":"https:\/\/www.garciafaura.com\/es\/wp-json\/wp\/v2\/users\/3"}],"replies":[{"embeddable":true,"href":"https:\/\/www.garciafaura.com\/es\/wp-json\/wp\/v2\/comments?post=26883"}],"version-history":[{"count":3,"href":"https:\/\/www.garciafaura.com\/es\/wp-json\/wp\/v2\/posts\/26883\/revisions"}],"predecessor-version":[{"id":26901,"href":"https:\/\/www.garciafaura.com\/es\/wp-json\/wp\/v2\/posts\/26883\/revisions\/26901"}],"wp:featuredmedia":[{"embeddable":true,"href":"https:\/\/www.garciafaura.com\/es\/wp-json\/wp\/v2\/media\/26870"}],"wp:attachment":[{"href":"https:\/\/www.garciafaura.com\/es\/wp-json\/wp\/v2\/media?parent=26883"}],"wp:term":[{"taxonomy":"category","embeddable":true,"href":"https:\/\/www.garciafaura.com\/es\/wp-json\/wp\/v2\/categories?post=26883"},{"taxonomy":"post_tag","embeddable":true,"href":"https:\/\/www.garciafaura.com\/es\/wp-json\/wp\/v2\/tags?post=26883"},{"taxonomy":"post_series","embeddable":true,"href":"https:\/\/www.garciafaura.com\/es\/wp-json\/wp\/v2\/post_series?post=26883"}],"curies":[{"name":"wp","href":"https:\/\/api.w.org\/{rel}","templated":true}]}}