{"id":26836,"date":"2021-02-23T12:00:14","date_gmt":"2021-02-23T10:00:14","guid":{"rendered":"https:\/\/www.garciafaura.com\/?p=26836"},"modified":"2021-02-22T14:48:11","modified_gmt":"2021-02-22T12:48:11","slug":"especializacion-tecnica-al-servicio-de-los-proyectos-constructivos","status":"publish","type":"post","link":"https:\/\/www.garciafaura.com\/es\/especializacion-tecnica-al-servicio-de-los-proyectos-constructivos\/","title":{"rendered":"Especializaci\u00f3n t\u00e9cnica al servicio de los proyectos constructivos"},"content":{"rendered":"<h3 style=\"text-align: left;\">GARCIA FAURA cuenta con una Oficina T\u00e9cnica de alta especializaci\u00f3n en fachadas y cerramientos de gran relevancia en su sector. Se trata de una cincuentena de arquitectos, ingenieros y t\u00e9cnicos que trabajan para que los proyectos en los que participa la empresa cumplan la m\u00e1xima calidad y fiabilidad.<\/h3>\n<p style=\"text-align: justify;\"><strong>GARCIA FAURA<\/strong> apost\u00f3 hace ya m\u00e1s de 30 a\u00f1os para dotarse de una <strong>Oficina T\u00e9cnica<\/strong> propia que creciera y se especializara al ritmo que lo hac\u00eda la propia empresa. Tres d\u00e9cadas despu\u00e9s, la compa\u00f1\u00eda cuenta con uno de los equipos t\u00e9cnicos de mayor especializaci\u00f3n en el sector de las fachadas y los cerramientos de aluminio, vidrio y acero. Un hecho que le ha permitido contar con un procedimiento de trabajo que integra el estudio t\u00e9cnico de cualquier proyecto desde su fase inicial. Y, adem\u00e1s, hacerlo con recursos propios que permiten disponer de una visi\u00f3n estrat\u00e9gica y su plena integraci\u00f3n en el resto de procedimientos propios de todo proyecto constructivo.<\/p>\n<p style=\"text-align: justify;\">Gracias a este trabajo paciente y dedicado, se ha gestado un equipo de profesionales totalmente especializados en fachadas y cerramientos, de referencia en el sector, y que participan de proyectos ya adjudicados, pero que tambi\u00e9n son requeridos para el estudio previo de soluciones constructivas, ya sea por parte de estudios de arquitectura o de constructoras.<\/p>\n<p style=\"text-align: justify;\">Este papel de referencia para el sector de la <strong>Oficina T\u00e9cnica de GARCIA FAURA<\/strong> permite a la empresa, no ya analizar con detalle el proyecto, sino introducirse en sus entra\u00f1as, estudiar sus puntos fuertes y d\u00e9biles y proponer soluciones o productos que permitan aumentar la calidad o abaratar los costes del proyecto.<\/p>\n<p style=\"text-align: justify;\"><strong>Trabajo transversal entre todas las \u00e1reas de la empresa<\/strong><\/p>\n<p style=\"text-align: justify;\">Una vez iniciada la fase de desarrollo de cualquier proyecto en el que participa la compa\u00f1\u00eda, la <strong>Oficina T\u00e9cnica de GARCIA FAURA<\/strong> no s\u00f3lo elabora los planos de fabricaci\u00f3n o montaje, sino que se coordina con los equipos de producci\u00f3n e instalaci\u00f3n para crear equipos transversales de trabajo que permiten integrar todos los puntos de vista y conocimientos.<\/p>\n<p style=\"text-align: justify;\">De este modo, el desarrollo de un proyecto se convierte, para <strong>GARCIA FAURA<\/strong>, una tarea integral y transversal, que involucra a todos los departamentos t\u00e9cnicos de la empresa, con un equipo de ingenieros, arquitectos, <em>project managers<\/em> y t\u00e9cnicos trabajando conjuntamente desde oficina, taller o a pie de obra para encontrar la mejor soluci\u00f3n a los retos que plantea cualquier proyecto.<\/p>\n","protected":false},"excerpt":{"rendered":"<p>GARCIA FAURA cuenta con una Oficina T\u00e9cnica de alta especializaci\u00f3n en fachadas y cerramientos de gran relevancia en su sector. Se trata de una cincuentena de arquitectos, ingenieros y t\u00e9cnicos que trabajan para que los proyectos en los que participa&hellip;<\/p>\n","protected":false},"author":3,"featured_media":26854,"comment_status":"closed","ping_status":"open","sticky":false,"template":"","format":"gallery","meta":{"footnotes":""},"categories":[3],"tags":[],"post_series":[],"class_list":["post-26836","post","type-post","status-publish","format-gallery","has-post-thumbnail","hentry","category-actualidad","post_format-post-format-gallery","entry","has-media"],"yoast_head":"<!-- This site is optimized with the Yoast SEO plugin v26.7 - https:\/\/yoast.com\/wordpress\/plugins\/seo\/ -->\n<title>Especializaci\u00f3n t\u00e9cnica al servicio de los proyectos constructivos - GARCIA FAURA<\/title>\n<meta name=\"description\" content=\"Arquitectura en Alumini, Inox, Ferro i Vidre\" \/>\n<meta name=\"robots\" content=\"index, follow, max-snippet:-1, max-image-preview:large, max-video-preview:-1\" \/>\n<link rel=\"canonical\" href=\"https:\/\/www.garciafaura.com\/es\/especializacion-tecnica-al-servicio-de-los-proyectos-constructivos\/\" \/>\n<meta property=\"og:locale\" content=\"es_ES\" \/>\n<meta property=\"og:type\" content=\"article\" \/>\n<meta property=\"og:title\" content=\"Especializaci\u00f3n t\u00e9cnica al servicio de los proyectos constructivos - GARCIA FAURA\" \/>\n<meta property=\"og:description\" content=\"Arquitectura en Alumini, Inox, Ferro i Vidre\" \/>\n<meta property=\"og:url\" content=\"https:\/\/www.garciafaura.com\/es\/especializacion-tecnica-al-servicio-de-los-proyectos-constructivos\/\" \/>\n<meta property=\"og:site_name\" content=\"GARCIA FAURA\" \/>\n<meta property=\"article:published_time\" content=\"2021-02-23T10:00:14+00:00\" \/>\n<meta property=\"og:image\" content=\"https:\/\/www.garciafaura.com\/wp-content\/uploads\/2021\/02\/Oficina-Tecnica-GC-02.jpg\" \/>\n\t<meta property=\"og:image:width\" content=\"2560\" \/>\n\t<meta property=\"og:image:height\" content=\"1440\" \/>\n\t<meta property=\"og:image:type\" content=\"image\/jpeg\" \/>\n<meta name=\"author\" content=\"David Achell\" \/>\n<meta name=\"twitter:card\" content=\"summary_large_image\" \/>\n<meta name=\"twitter:label1\" content=\"Escrito por\" \/>\n\t<meta name=\"twitter:data1\" content=\"David Achell\" \/>\n\t<meta name=\"twitter:label2\" content=\"Tiempo de lectura\" \/>\n\t<meta name=\"twitter:data2\" content=\"2 minutos\" \/>\n<script type=\"application\/ld+json\" class=\"yoast-schema-graph\">{\"@context\":\"https:\/\/schema.org\",\"@graph\":[{\"@type\":\"Article\",\"@id\":\"https:\/\/www.garciafaura.com\/es\/especializacion-tecnica-al-servicio-de-los-proyectos-constructivos\/#article\",\"isPartOf\":{\"@id\":\"https:\/\/www.garciafaura.com\/es\/especializacion-tecnica-al-servicio-de-los-proyectos-constructivos\/\"},\"author\":{\"name\":\"David Achell\",\"@id\":\"https:\/\/www.garciafaura.com\/fr\/#\/schema\/person\/b4b75e69b33fac3446071909bec106b0\"},\"headline\":\"Especializaci\u00f3n t\u00e9cnica al servicio de los proyectos constructivos\",\"datePublished\":\"2021-02-23T10:00:14+00:00\",\"mainEntityOfPage\":{\"@id\":\"https:\/\/www.garciafaura.com\/es\/especializacion-tecnica-al-servicio-de-los-proyectos-constructivos\/\"},\"wordCount\":431,\"publisher\":{\"@id\":\"https:\/\/www.garciafaura.com\/fr\/#organization\"},\"image\":{\"@id\":\"https:\/\/www.garciafaura.com\/es\/especializacion-tecnica-al-servicio-de-los-proyectos-constructivos\/#primaryimage\"},\"thumbnailUrl\":\"https:\/\/www.garciafaura.com\/wp-content\/uploads\/2021\/02\/Oficina-Tecnica-GC-02.jpg\",\"articleSection\":[\"Actualidad\"],\"inLanguage\":\"es\"},{\"@type\":\"WebPage\",\"@id\":\"https:\/\/www.garciafaura.com\/es\/especializacion-tecnica-al-servicio-de-los-proyectos-constructivos\/\",\"url\":\"https:\/\/www.garciafaura.com\/es\/especializacion-tecnica-al-servicio-de-los-proyectos-constructivos\/\",\"name\":\"Especializaci\u00f3n t\u00e9cnica al servicio de los proyectos constructivos - GARCIA FAURA\",\"isPartOf\":{\"@id\":\"https:\/\/www.garciafaura.com\/fr\/#website\"},\"primaryImageOfPage\":{\"@id\":\"https:\/\/www.garciafaura.com\/es\/especializacion-tecnica-al-servicio-de-los-proyectos-constructivos\/#primaryimage\"},\"image\":{\"@id\":\"https:\/\/www.garciafaura.com\/es\/especializacion-tecnica-al-servicio-de-los-proyectos-constructivos\/#primaryimage\"},\"thumbnailUrl\":\"https:\/\/www.garciafaura.com\/wp-content\/uploads\/2021\/02\/Oficina-Tecnica-GC-02.jpg\",\"datePublished\":\"2021-02-23T10:00:14+00:00\",\"description\":\"Arquitectura en Alumini, Inox, Ferro i Vidre\",\"breadcrumb\":{\"@id\":\"https:\/\/www.garciafaura.com\/es\/especializacion-tecnica-al-servicio-de-los-proyectos-constructivos\/#breadcrumb\"},\"inLanguage\":\"es\",\"potentialAction\":[{\"@type\":\"ReadAction\",\"target\":[\"https:\/\/www.garciafaura.com\/es\/especializacion-tecnica-al-servicio-de-los-proyectos-constructivos\/\"]}]},{\"@type\":\"ImageObject\",\"inLanguage\":\"es\",\"@id\":\"https:\/\/www.garciafaura.com\/es\/especializacion-tecnica-al-servicio-de-los-proyectos-constructivos\/#primaryimage\",\"url\":\"https:\/\/www.garciafaura.com\/wp-content\/uploads\/2021\/02\/Oficina-Tecnica-GC-02.jpg\",\"contentUrl\":\"https:\/\/www.garciafaura.com\/wp-content\/uploads\/2021\/02\/Oficina-Tecnica-GC-02.jpg\",\"width\":2560,\"height\":1440},{\"@type\":\"BreadcrumbList\",\"@id\":\"https:\/\/www.garciafaura.com\/es\/especializacion-tecnica-al-servicio-de-los-proyectos-constructivos\/#breadcrumb\",\"itemListElement\":[{\"@type\":\"ListItem\",\"position\":1,\"name\":\"Inici\",\"item\":\"https:\/\/www.garciafaura.com\/es\/\"},{\"@type\":\"ListItem\",\"position\":2,\"name\":\"Especializaci\u00f3n t\u00e9cnica al servicio de los proyectos constructivos\"}]},{\"@type\":\"WebSite\",\"@id\":\"https:\/\/www.garciafaura.com\/fr\/#website\",\"url\":\"https:\/\/www.garciafaura.com\/fr\/\",\"name\":\"GARCIA FAURA\",\"description\":\"Arquitectura en Alumini, Inox, Ferro i Vidre\",\"publisher\":{\"@id\":\"https:\/\/www.garciafaura.com\/fr\/#organization\"},\"potentialAction\":[{\"@type\":\"SearchAction\",\"target\":{\"@type\":\"EntryPoint\",\"urlTemplate\":\"https:\/\/www.garciafaura.com\/fr\/?s={search_term_string}\"},\"query-input\":{\"@type\":\"PropertyValueSpecification\",\"valueRequired\":true,\"valueName\":\"search_term_string\"}}],\"inLanguage\":\"es\"},{\"@type\":\"Organization\",\"@id\":\"https:\/\/www.garciafaura.com\/fr\/#organization\",\"name\":\"GARCIA FAURA\",\"url\":\"https:\/\/www.garciafaura.com\/fr\/\",\"logo\":{\"@type\":\"ImageObject\",\"inLanguage\":\"es\",\"@id\":\"https:\/\/www.garciafaura.com\/fr\/#\/schema\/logo\/image\/\",\"url\":\"https:\/\/www.garciafaura.com\/wp-content\/uploads\/2018\/09\/Garcia-Faura.png\",\"contentUrl\":\"https:\/\/www.garciafaura.com\/wp-content\/uploads\/2018\/09\/Garcia-Faura.png\",\"width\":512,\"height\":512,\"caption\":\"GARCIA FAURA\"},\"image\":{\"@id\":\"https:\/\/www.garciafaura.com\/fr\/#\/schema\/logo\/image\/\"},\"sameAs\":[\"https:\/\/www.youtube.com\/user\/GARCIAFAURA\"]},{\"@type\":\"Person\",\"@id\":\"https:\/\/www.garciafaura.com\/fr\/#\/schema\/person\/b4b75e69b33fac3446071909bec106b0\",\"name\":\"David Achell\",\"image\":{\"@type\":\"ImageObject\",\"inLanguage\":\"es\",\"@id\":\"https:\/\/www.garciafaura.com\/fr\/#\/schema\/person\/image\/\",\"url\":\"https:\/\/secure.gravatar.com\/avatar\/03900210afc1f61bce737bcb4a79c02e2c997f171e3eca839b5a4cbe03846c90?s=96&d=blank&r=g\",\"contentUrl\":\"https:\/\/secure.gravatar.com\/avatar\/03900210afc1f61bce737bcb4a79c02e2c997f171e3eca839b5a4cbe03846c90?s=96&d=blank&r=g\",\"caption\":\"David Achell\"}}]}<\/script>\n<!-- \/ Yoast SEO plugin. -->","yoast_head_json":{"title":"Especializaci\u00f3n t\u00e9cnica al servicio de los proyectos constructivos - GARCIA FAURA","description":"Arquitectura en Alumini, Inox, Ferro i Vidre","robots":{"index":"index","follow":"follow","max-snippet":"max-snippet:-1","max-image-preview":"max-image-preview:large","max-video-preview":"max-video-preview:-1"},"canonical":"https:\/\/www.garciafaura.com\/es\/especializacion-tecnica-al-servicio-de-los-proyectos-constructivos\/","og_locale":"es_ES","og_type":"article","og_title":"Especializaci\u00f3n t\u00e9cnica al servicio de los proyectos constructivos - GARCIA FAURA","og_description":"Arquitectura en Alumini, Inox, Ferro i Vidre","og_url":"https:\/\/www.garciafaura.com\/es\/especializacion-tecnica-al-servicio-de-los-proyectos-constructivos\/","og_site_name":"GARCIA FAURA","article_published_time":"2021-02-23T10:00:14+00:00","og_image":[{"width":2560,"height":1440,"url":"https:\/\/www.garciafaura.com\/wp-content\/uploads\/2021\/02\/Oficina-Tecnica-GC-02.jpg","type":"image\/jpeg"}],"author":"David Achell","twitter_card":"summary_large_image","twitter_misc":{"Escrito por":"David Achell","Tiempo de lectura":"2 minutos"},"schema":{"@context":"https:\/\/schema.org","@graph":[{"@type":"Article","@id":"https:\/\/www.garciafaura.com\/es\/especializacion-tecnica-al-servicio-de-los-proyectos-constructivos\/#article","isPartOf":{"@id":"https:\/\/www.garciafaura.com\/es\/especializacion-tecnica-al-servicio-de-los-proyectos-constructivos\/"},"author":{"name":"David Achell","@id":"https:\/\/www.garciafaura.com\/fr\/#\/schema\/person\/b4b75e69b33fac3446071909bec106b0"},"headline":"Especializaci\u00f3n t\u00e9cnica al servicio de los proyectos constructivos","datePublished":"2021-02-23T10:00:14+00:00","mainEntityOfPage":{"@id":"https:\/\/www.garciafaura.com\/es\/especializacion-tecnica-al-servicio-de-los-proyectos-constructivos\/"},"wordCount":431,"publisher":{"@id":"https:\/\/www.garciafaura.com\/fr\/#organization"},"image":{"@id":"https:\/\/www.garciafaura.com\/es\/especializacion-tecnica-al-servicio-de-los-proyectos-constructivos\/#primaryimage"},"thumbnailUrl":"https:\/\/www.garciafaura.com\/wp-content\/uploads\/2021\/02\/Oficina-Tecnica-GC-02.jpg","articleSection":["Actualidad"],"inLanguage":"es"},{"@type":"WebPage","@id":"https:\/\/www.garciafaura.com\/es\/especializacion-tecnica-al-servicio-de-los-proyectos-constructivos\/","url":"https:\/\/www.garciafaura.com\/es\/especializacion-tecnica-al-servicio-de-los-proyectos-constructivos\/","name":"Especializaci\u00f3n t\u00e9cnica al servicio de los proyectos constructivos - GARCIA FAURA","isPartOf":{"@id":"https:\/\/www.garciafaura.com\/fr\/#website"},"primaryImageOfPage":{"@id":"https:\/\/www.garciafaura.com\/es\/especializacion-tecnica-al-servicio-de-los-proyectos-constructivos\/#primaryimage"},"image":{"@id":"https:\/\/www.garciafaura.com\/es\/especializacion-tecnica-al-servicio-de-los-proyectos-constructivos\/#primaryimage"},"thumbnailUrl":"https:\/\/www.garciafaura.com\/wp-content\/uploads\/2021\/02\/Oficina-Tecnica-GC-02.jpg","datePublished":"2021-02-23T10:00:14+00:00","description":"Arquitectura en Alumini, Inox, Ferro i Vidre","breadcrumb":{"@id":"https:\/\/www.garciafaura.com\/es\/especializacion-tecnica-al-servicio-de-los-proyectos-constructivos\/#breadcrumb"},"inLanguage":"es","potentialAction":[{"@type":"ReadAction","target":["https:\/\/www.garciafaura.com\/es\/especializacion-tecnica-al-servicio-de-los-proyectos-constructivos\/"]}]},{"@type":"ImageObject","inLanguage":"es","@id":"https:\/\/www.garciafaura.com\/es\/especializacion-tecnica-al-servicio-de-los-proyectos-constructivos\/#primaryimage","url":"https:\/\/www.garciafaura.com\/wp-content\/uploads\/2021\/02\/Oficina-Tecnica-GC-02.jpg","contentUrl":"https:\/\/www.garciafaura.com\/wp-content\/uploads\/2021\/02\/Oficina-Tecnica-GC-02.jpg","width":2560,"height":1440},{"@type":"BreadcrumbList","@id":"https:\/\/www.garciafaura.com\/es\/especializacion-tecnica-al-servicio-de-los-proyectos-constructivos\/#breadcrumb","itemListElement":[{"@type":"ListItem","position":1,"name":"Inici","item":"https:\/\/www.garciafaura.com\/es\/"},{"@type":"ListItem","position":2,"name":"Especializaci\u00f3n t\u00e9cnica al servicio de los proyectos constructivos"}]},{"@type":"WebSite","@id":"https:\/\/www.garciafaura.com\/fr\/#website","url":"https:\/\/www.garciafaura.com\/fr\/","name":"GARCIA FAURA","description":"Arquitectura en Alumini, Inox, Ferro i Vidre","publisher":{"@id":"https:\/\/www.garciafaura.com\/fr\/#organization"},"potentialAction":[{"@type":"SearchAction","target":{"@type":"EntryPoint","urlTemplate":"https:\/\/www.garciafaura.com\/fr\/?s={search_term_string}"},"query-input":{"@type":"PropertyValueSpecification","valueRequired":true,"valueName":"search_term_string"}}],"inLanguage":"es"},{"@type":"Organization","@id":"https:\/\/www.garciafaura.com\/fr\/#organization","name":"GARCIA FAURA","url":"https:\/\/www.garciafaura.com\/fr\/","logo":{"@type":"ImageObject","inLanguage":"es","@id":"https:\/\/www.garciafaura.com\/fr\/#\/schema\/logo\/image\/","url":"https:\/\/www.garciafaura.com\/wp-content\/uploads\/2018\/09\/Garcia-Faura.png","contentUrl":"https:\/\/www.garciafaura.com\/wp-content\/uploads\/2018\/09\/Garcia-Faura.png","width":512,"height":512,"caption":"GARCIA FAURA"},"image":{"@id":"https:\/\/www.garciafaura.com\/fr\/#\/schema\/logo\/image\/"},"sameAs":["https:\/\/www.youtube.com\/user\/GARCIAFAURA"]},{"@type":"Person","@id":"https:\/\/www.garciafaura.com\/fr\/#\/schema\/person\/b4b75e69b33fac3446071909bec106b0","name":"David Achell","image":{"@type":"ImageObject","inLanguage":"es","@id":"https:\/\/www.garciafaura.com\/fr\/#\/schema\/person\/image\/","url":"https:\/\/secure.gravatar.com\/avatar\/03900210afc1f61bce737bcb4a79c02e2c997f171e3eca839b5a4cbe03846c90?s=96&d=blank&r=g","contentUrl":"https:\/\/secure.gravatar.com\/avatar\/03900210afc1f61bce737bcb4a79c02e2c997f171e3eca839b5a4cbe03846c90?s=96&d=blank&r=g","caption":"David Achell"}}]}},"_links":{"self":[{"href":"https:\/\/www.garciafaura.com\/es\/wp-json\/wp\/v2\/posts\/26836","targetHints":{"allow":["GET"]}}],"collection":[{"href":"https:\/\/www.garciafaura.com\/es\/wp-json\/wp\/v2\/posts"}],"about":[{"href":"https:\/\/www.garciafaura.com\/es\/wp-json\/wp\/v2\/types\/post"}],"author":[{"embeddable":true,"href":"https:\/\/www.garciafaura.com\/es\/wp-json\/wp\/v2\/users\/3"}],"replies":[{"embeddable":true,"href":"https:\/\/www.garciafaura.com\/es\/wp-json\/wp\/v2\/comments?post=26836"}],"version-history":[{"count":3,"href":"https:\/\/www.garciafaura.com\/es\/wp-json\/wp\/v2\/posts\/26836\/revisions"}],"predecessor-version":[{"id":26860,"href":"https:\/\/www.garciafaura.com\/es\/wp-json\/wp\/v2\/posts\/26836\/revisions\/26860"}],"wp:featuredmedia":[{"embeddable":true,"href":"https:\/\/www.garciafaura.com\/es\/wp-json\/wp\/v2\/media\/26854"}],"wp:attachment":[{"href":"https:\/\/www.garciafaura.com\/es\/wp-json\/wp\/v2\/media?parent=26836"}],"wp:term":[{"taxonomy":"category","embeddable":true,"href":"https:\/\/www.garciafaura.com\/es\/wp-json\/wp\/v2\/categories?post=26836"},{"taxonomy":"post_tag","embeddable":true,"href":"https:\/\/www.garciafaura.com\/es\/wp-json\/wp\/v2\/tags?post=26836"},{"taxonomy":"post_series","embeddable":true,"href":"https:\/\/www.garciafaura.com\/es\/wp-json\/wp\/v2\/post_series?post=26836"}],"curies":[{"name":"wp","href":"https:\/\/api.w.org\/{rel}","templated":true}]}}