{"id":26814,"date":"2021-02-12T10:00:47","date_gmt":"2021-02-12T08:00:47","guid":{"rendered":"https:\/\/www.garciafaura.com\/?p=26814"},"modified":"2021-02-11T10:51:23","modified_gmt":"2021-02-11T08:51:23","slug":"la-apuesta-por-la-calidad-de-garcia-faura","status":"publish","type":"post","link":"https:\/\/www.garciafaura.com\/es\/la-apuesta-por-la-calidad-de-garcia-faura\/","title":{"rendered":"La apuesta por la calidad de GARCIA FAURA"},"content":{"rendered":"<p><strong>La calidad es uno de los ejes b\u00e1sicos de GARCIA FAURA. Calidad no s\u00f3lo en los productos finales y acabados para los clientes, sino tambi\u00e9n en los procesos internos de fabricaci\u00f3n e instalaci\u00f3n que lleva a cabo la empresa, as\u00ed como en el propio funcionamiento y gesti\u00f3n de los diferentes departamentos de la empresa.<\/strong><\/p>\n<p style=\"text-align: justify;\">La consecuci\u00f3n de los m\u00e1ximos niveles de calidad en la gesti\u00f3n y la producci\u00f3n ha sido un rasgo distintivo de <strong>GARCIA FAURA<\/strong> desde que la compa\u00f1\u00eda dio el salto al mercado nacional a principios de los a\u00f1os 80 del siglo XX. La empresa fue, en su momento, una de las primeras compa\u00f1\u00edas del sector en implantar y mantener el certificado de calidad ISO 9001 en sus procesos internos. Aquel hecho dio pie a la creaci\u00f3n de un Departamento de Calidad que, con el paso de los a\u00f1os, se ha profesionalizado y crecido, ganando en exigencia y rigor.<\/p>\n<p style=\"text-align: justify;\">Actualmente el Departamento de Calidad est\u00e1 formado por ocho personas, t\u00e9cnicos y oficiales de primera, que trabajan de forma transversal con otras \u00e1reas de la empresa, especialmente los Departamentos de Oficina T\u00e9cnica, Producci\u00f3n y Sistemas Inform\u00e1ticos. Aparte de los recursos directos de los que dispone el departamento, cerca de un centenar de trabajadores y trabajadores de la compa\u00f1\u00eda tienen, entre sus funciones, alguna tarea vinculada con el cumplimiento de los procedimientos de calidad establecidos en las diferentes fases de dise\u00f1o y producci\u00f3n de la compa\u00f1\u00eda.<\/p>\n<p style=\"text-align: justify;\"><strong>Procedimientos adaptados a cada tipolog\u00eda de producto<\/strong><\/p>\n<p style=\"text-align: justify;\">Ya hace m\u00e1s de una d\u00e9cada que <strong>GARCIA FAURA<\/strong> se especializ\u00f3 en el desarrollo de proyectos singulares, a trav\u00e9s del dise\u00f1o, fabricaci\u00f3n e instalaci\u00f3n de fachadas modulares y muros cortina. Para garantizar la m\u00e1xima calidad de estos trabajos ya desde el inicio, la compa\u00f1\u00eda est\u00e1 implantando un nuevo procedimiento de gesti\u00f3n transversal de la calidad. Esto permitir\u00e1 realizar un estudio t\u00e9cnico con la participaci\u00f3n de diferentes departamentos donde se definen posibles puntos cr\u00edticos que se deber\u00e1n controlar durante todo el proceso, tanto en f\u00e1brica como en la obra.<\/p>\n<p style=\"text-align: justify;\">Una vez definidos estos puntos cr\u00edticos, los t\u00e9cnicos de calidad se encargar\u00e1n de preparar los procedimientos necesarios e implementarlos tanto en f\u00e1brica como en instalaci\u00f3n, con controles que permiten velar por el cumplimiento permanente de todos los procedimientos.<\/p>\n<p style=\"text-align: justify;\">En cuanto a la l\u00ednea de producci\u00f3n de cierres, una parte importante de la calidad de estos productos ya viene asegurada por la fiabilidad de los sistemas estandarizados que ofrecen nuestros proveedores, con gamas ya testeadas y procedimientos de seguimiento definidos de serie. Pero, sin embargo, en f\u00e1brica ya se siguen unos controles de calidad durante toda la cadena de montaje, de manera informatizada mediante tablets que permiten realizar las comprobaciones correspondientes y asegurar el cumplimiento de todos los puntos a verificar.<\/p>\n<p style=\"text-align: justify;\">Al final de las l\u00edneas de producci\u00f3n, adem\u00e1s, se realizan muestreos de los productos fabricados para hacer una comprobaci\u00f3n de su correcto funcionamiento. Unas comprobaciones y controles que se vuelven a repetir una vez en la obra y con los productos ya instalados.<\/p>\n<p style=\"text-align: justify;\">Con todo ello, <strong>GARCIA FAURA<\/strong> pretende seguir haciendo de la calidad su se\u00f1a de identidad, y mantenerla como rasgo distintivo de la compa\u00f1\u00eda, convirti\u00e9ndose en uno de los puntos mejor valorados por sus clientes a lo largo de los a\u00f1os.<\/p>\n","protected":false},"excerpt":{"rendered":"<p>La calidad es uno de los ejes b\u00e1sicos de GARCIA FAURA. Calidad no s\u00f3lo en los productos finales y acabados para los clientes, sino tambi\u00e9n en los procesos internos de fabricaci\u00f3n e instalaci\u00f3n que lleva a cabo la empresa, as\u00ed&hellip;<\/p>\n","protected":false},"author":3,"featured_media":26822,"comment_status":"closed","ping_status":"open","sticky":false,"template":"","format":"gallery","meta":{"footnotes":""},"categories":[3],"tags":[],"post_series":[],"class_list":["post-26814","post","type-post","status-publish","format-gallery","has-post-thumbnail","hentry","category-actualidad","post_format-post-format-gallery","entry","has-media"],"yoast_head":"<!-- This site is optimized with the Yoast SEO plugin v26.7 - https:\/\/yoast.com\/wordpress\/plugins\/seo\/ -->\n<title>La apuesta por la calidad de GARCIA FAURA - GARCIA FAURA<\/title>\n<meta name=\"description\" content=\"Arquitectura en Alumini, Inox, Ferro i Vidre\" \/>\n<meta name=\"robots\" content=\"index, follow, max-snippet:-1, max-image-preview:large, max-video-preview:-1\" \/>\n<link rel=\"canonical\" href=\"https:\/\/www.garciafaura.com\/es\/la-apuesta-por-la-calidad-de-garcia-faura\/\" \/>\n<meta property=\"og:locale\" content=\"es_ES\" \/>\n<meta property=\"og:type\" content=\"article\" \/>\n<meta property=\"og:title\" content=\"La apuesta por la calidad de GARCIA FAURA - GARCIA FAURA\" \/>\n<meta property=\"og:description\" content=\"Arquitectura en Alumini, Inox, Ferro i Vidre\" \/>\n<meta property=\"og:url\" content=\"https:\/\/www.garciafaura.com\/es\/la-apuesta-por-la-calidad-de-garcia-faura\/\" \/>\n<meta property=\"og:site_name\" content=\"GARCIA FAURA\" \/>\n<meta property=\"article:published_time\" content=\"2021-02-12T08:00:47+00:00\" \/>\n<meta property=\"og:image\" content=\"https:\/\/www.garciafaura.com\/wp-content\/uploads\/2021\/02\/Proces-Qualitat-01.jpg\" \/>\n\t<meta property=\"og:image:width\" content=\"2560\" \/>\n\t<meta property=\"og:image:height\" content=\"1440\" \/>\n\t<meta property=\"og:image:type\" content=\"image\/jpeg\" \/>\n<meta name=\"author\" content=\"David Achell\" \/>\n<meta name=\"twitter:card\" content=\"summary_large_image\" \/>\n<meta name=\"twitter:label1\" content=\"Escrito por\" \/>\n\t<meta name=\"twitter:data1\" content=\"David Achell\" \/>\n\t<meta name=\"twitter:label2\" content=\"Tiempo de lectura\" \/>\n\t<meta name=\"twitter:data2\" content=\"3 minutos\" \/>\n<script type=\"application\/ld+json\" class=\"yoast-schema-graph\">{\"@context\":\"https:\/\/schema.org\",\"@graph\":[{\"@type\":\"Article\",\"@id\":\"https:\/\/www.garciafaura.com\/es\/la-apuesta-por-la-calidad-de-garcia-faura\/#article\",\"isPartOf\":{\"@id\":\"https:\/\/www.garciafaura.com\/es\/la-apuesta-por-la-calidad-de-garcia-faura\/\"},\"author\":{\"name\":\"David Achell\",\"@id\":\"https:\/\/www.garciafaura.com\/fr\/#\/schema\/person\/b4b75e69b33fac3446071909bec106b0\"},\"headline\":\"La apuesta por la calidad de GARCIA FAURA\",\"datePublished\":\"2021-02-12T08:00:47+00:00\",\"mainEntityOfPage\":{\"@id\":\"https:\/\/www.garciafaura.com\/es\/la-apuesta-por-la-calidad-de-garcia-faura\/\"},\"wordCount\":594,\"publisher\":{\"@id\":\"https:\/\/www.garciafaura.com\/fr\/#organization\"},\"image\":{\"@id\":\"https:\/\/www.garciafaura.com\/es\/la-apuesta-por-la-calidad-de-garcia-faura\/#primaryimage\"},\"thumbnailUrl\":\"https:\/\/www.garciafaura.com\/wp-content\/uploads\/2021\/02\/Proces-Qualitat-01.jpg\",\"articleSection\":[\"Actualidad\"],\"inLanguage\":\"es\"},{\"@type\":\"WebPage\",\"@id\":\"https:\/\/www.garciafaura.com\/es\/la-apuesta-por-la-calidad-de-garcia-faura\/\",\"url\":\"https:\/\/www.garciafaura.com\/es\/la-apuesta-por-la-calidad-de-garcia-faura\/\",\"name\":\"La apuesta por la calidad de GARCIA FAURA - GARCIA FAURA\",\"isPartOf\":{\"@id\":\"https:\/\/www.garciafaura.com\/fr\/#website\"},\"primaryImageOfPage\":{\"@id\":\"https:\/\/www.garciafaura.com\/es\/la-apuesta-por-la-calidad-de-garcia-faura\/#primaryimage\"},\"image\":{\"@id\":\"https:\/\/www.garciafaura.com\/es\/la-apuesta-por-la-calidad-de-garcia-faura\/#primaryimage\"},\"thumbnailUrl\":\"https:\/\/www.garciafaura.com\/wp-content\/uploads\/2021\/02\/Proces-Qualitat-01.jpg\",\"datePublished\":\"2021-02-12T08:00:47+00:00\",\"description\":\"Arquitectura en Alumini, Inox, Ferro i Vidre\",\"breadcrumb\":{\"@id\":\"https:\/\/www.garciafaura.com\/es\/la-apuesta-por-la-calidad-de-garcia-faura\/#breadcrumb\"},\"inLanguage\":\"es\",\"potentialAction\":[{\"@type\":\"ReadAction\",\"target\":[\"https:\/\/www.garciafaura.com\/es\/la-apuesta-por-la-calidad-de-garcia-faura\/\"]}]},{\"@type\":\"ImageObject\",\"inLanguage\":\"es\",\"@id\":\"https:\/\/www.garciafaura.com\/es\/la-apuesta-por-la-calidad-de-garcia-faura\/#primaryimage\",\"url\":\"https:\/\/www.garciafaura.com\/wp-content\/uploads\/2021\/02\/Proces-Qualitat-01.jpg\",\"contentUrl\":\"https:\/\/www.garciafaura.com\/wp-content\/uploads\/2021\/02\/Proces-Qualitat-01.jpg\",\"width\":2560,\"height\":1440},{\"@type\":\"BreadcrumbList\",\"@id\":\"https:\/\/www.garciafaura.com\/es\/la-apuesta-por-la-calidad-de-garcia-faura\/#breadcrumb\",\"itemListElement\":[{\"@type\":\"ListItem\",\"position\":1,\"name\":\"Inici\",\"item\":\"https:\/\/www.garciafaura.com\/es\/\"},{\"@type\":\"ListItem\",\"position\":2,\"name\":\"La apuesta por la calidad de GARCIA FAURA\"}]},{\"@type\":\"WebSite\",\"@id\":\"https:\/\/www.garciafaura.com\/fr\/#website\",\"url\":\"https:\/\/www.garciafaura.com\/fr\/\",\"name\":\"GARCIA FAURA\",\"description\":\"Arquitectura en Alumini, Inox, Ferro i Vidre\",\"publisher\":{\"@id\":\"https:\/\/www.garciafaura.com\/fr\/#organization\"},\"potentialAction\":[{\"@type\":\"SearchAction\",\"target\":{\"@type\":\"EntryPoint\",\"urlTemplate\":\"https:\/\/www.garciafaura.com\/fr\/?s={search_term_string}\"},\"query-input\":{\"@type\":\"PropertyValueSpecification\",\"valueRequired\":true,\"valueName\":\"search_term_string\"}}],\"inLanguage\":\"es\"},{\"@type\":\"Organization\",\"@id\":\"https:\/\/www.garciafaura.com\/fr\/#organization\",\"name\":\"GARCIA FAURA\",\"url\":\"https:\/\/www.garciafaura.com\/fr\/\",\"logo\":{\"@type\":\"ImageObject\",\"inLanguage\":\"es\",\"@id\":\"https:\/\/www.garciafaura.com\/fr\/#\/schema\/logo\/image\/\",\"url\":\"https:\/\/www.garciafaura.com\/wp-content\/uploads\/2018\/09\/Garcia-Faura.png\",\"contentUrl\":\"https:\/\/www.garciafaura.com\/wp-content\/uploads\/2018\/09\/Garcia-Faura.png\",\"width\":512,\"height\":512,\"caption\":\"GARCIA FAURA\"},\"image\":{\"@id\":\"https:\/\/www.garciafaura.com\/fr\/#\/schema\/logo\/image\/\"},\"sameAs\":[\"https:\/\/www.youtube.com\/user\/GARCIAFAURA\"]},{\"@type\":\"Person\",\"@id\":\"https:\/\/www.garciafaura.com\/fr\/#\/schema\/person\/b4b75e69b33fac3446071909bec106b0\",\"name\":\"David Achell\",\"image\":{\"@type\":\"ImageObject\",\"inLanguage\":\"es\",\"@id\":\"https:\/\/www.garciafaura.com\/fr\/#\/schema\/person\/image\/\",\"url\":\"https:\/\/secure.gravatar.com\/avatar\/03900210afc1f61bce737bcb4a79c02e2c997f171e3eca839b5a4cbe03846c90?s=96&d=blank&r=g\",\"contentUrl\":\"https:\/\/secure.gravatar.com\/avatar\/03900210afc1f61bce737bcb4a79c02e2c997f171e3eca839b5a4cbe03846c90?s=96&d=blank&r=g\",\"caption\":\"David Achell\"}}]}<\/script>\n<!-- \/ Yoast SEO plugin. -->","yoast_head_json":{"title":"La apuesta por la calidad de GARCIA FAURA - GARCIA FAURA","description":"Arquitectura en Alumini, Inox, Ferro i Vidre","robots":{"index":"index","follow":"follow","max-snippet":"max-snippet:-1","max-image-preview":"max-image-preview:large","max-video-preview":"max-video-preview:-1"},"canonical":"https:\/\/www.garciafaura.com\/es\/la-apuesta-por-la-calidad-de-garcia-faura\/","og_locale":"es_ES","og_type":"article","og_title":"La apuesta por la calidad de GARCIA FAURA - GARCIA FAURA","og_description":"Arquitectura en Alumini, Inox, Ferro i Vidre","og_url":"https:\/\/www.garciafaura.com\/es\/la-apuesta-por-la-calidad-de-garcia-faura\/","og_site_name":"GARCIA FAURA","article_published_time":"2021-02-12T08:00:47+00:00","og_image":[{"width":2560,"height":1440,"url":"https:\/\/www.garciafaura.com\/wp-content\/uploads\/2021\/02\/Proces-Qualitat-01.jpg","type":"image\/jpeg"}],"author":"David Achell","twitter_card":"summary_large_image","twitter_misc":{"Escrito por":"David Achell","Tiempo de lectura":"3 minutos"},"schema":{"@context":"https:\/\/schema.org","@graph":[{"@type":"Article","@id":"https:\/\/www.garciafaura.com\/es\/la-apuesta-por-la-calidad-de-garcia-faura\/#article","isPartOf":{"@id":"https:\/\/www.garciafaura.com\/es\/la-apuesta-por-la-calidad-de-garcia-faura\/"},"author":{"name":"David Achell","@id":"https:\/\/www.garciafaura.com\/fr\/#\/schema\/person\/b4b75e69b33fac3446071909bec106b0"},"headline":"La apuesta por la calidad de GARCIA FAURA","datePublished":"2021-02-12T08:00:47+00:00","mainEntityOfPage":{"@id":"https:\/\/www.garciafaura.com\/es\/la-apuesta-por-la-calidad-de-garcia-faura\/"},"wordCount":594,"publisher":{"@id":"https:\/\/www.garciafaura.com\/fr\/#organization"},"image":{"@id":"https:\/\/www.garciafaura.com\/es\/la-apuesta-por-la-calidad-de-garcia-faura\/#primaryimage"},"thumbnailUrl":"https:\/\/www.garciafaura.com\/wp-content\/uploads\/2021\/02\/Proces-Qualitat-01.jpg","articleSection":["Actualidad"],"inLanguage":"es"},{"@type":"WebPage","@id":"https:\/\/www.garciafaura.com\/es\/la-apuesta-por-la-calidad-de-garcia-faura\/","url":"https:\/\/www.garciafaura.com\/es\/la-apuesta-por-la-calidad-de-garcia-faura\/","name":"La apuesta por la calidad de GARCIA FAURA - GARCIA FAURA","isPartOf":{"@id":"https:\/\/www.garciafaura.com\/fr\/#website"},"primaryImageOfPage":{"@id":"https:\/\/www.garciafaura.com\/es\/la-apuesta-por-la-calidad-de-garcia-faura\/#primaryimage"},"image":{"@id":"https:\/\/www.garciafaura.com\/es\/la-apuesta-por-la-calidad-de-garcia-faura\/#primaryimage"},"thumbnailUrl":"https:\/\/www.garciafaura.com\/wp-content\/uploads\/2021\/02\/Proces-Qualitat-01.jpg","datePublished":"2021-02-12T08:00:47+00:00","description":"Arquitectura en Alumini, Inox, Ferro i Vidre","breadcrumb":{"@id":"https:\/\/www.garciafaura.com\/es\/la-apuesta-por-la-calidad-de-garcia-faura\/#breadcrumb"},"inLanguage":"es","potentialAction":[{"@type":"ReadAction","target":["https:\/\/www.garciafaura.com\/es\/la-apuesta-por-la-calidad-de-garcia-faura\/"]}]},{"@type":"ImageObject","inLanguage":"es","@id":"https:\/\/www.garciafaura.com\/es\/la-apuesta-por-la-calidad-de-garcia-faura\/#primaryimage","url":"https:\/\/www.garciafaura.com\/wp-content\/uploads\/2021\/02\/Proces-Qualitat-01.jpg","contentUrl":"https:\/\/www.garciafaura.com\/wp-content\/uploads\/2021\/02\/Proces-Qualitat-01.jpg","width":2560,"height":1440},{"@type":"BreadcrumbList","@id":"https:\/\/www.garciafaura.com\/es\/la-apuesta-por-la-calidad-de-garcia-faura\/#breadcrumb","itemListElement":[{"@type":"ListItem","position":1,"name":"Inici","item":"https:\/\/www.garciafaura.com\/es\/"},{"@type":"ListItem","position":2,"name":"La apuesta por la calidad de GARCIA FAURA"}]},{"@type":"WebSite","@id":"https:\/\/www.garciafaura.com\/fr\/#website","url":"https:\/\/www.garciafaura.com\/fr\/","name":"GARCIA FAURA","description":"Arquitectura en Alumini, Inox, Ferro i Vidre","publisher":{"@id":"https:\/\/www.garciafaura.com\/fr\/#organization"},"potentialAction":[{"@type":"SearchAction","target":{"@type":"EntryPoint","urlTemplate":"https:\/\/www.garciafaura.com\/fr\/?s={search_term_string}"},"query-input":{"@type":"PropertyValueSpecification","valueRequired":true,"valueName":"search_term_string"}}],"inLanguage":"es"},{"@type":"Organization","@id":"https:\/\/www.garciafaura.com\/fr\/#organization","name":"GARCIA FAURA","url":"https:\/\/www.garciafaura.com\/fr\/","logo":{"@type":"ImageObject","inLanguage":"es","@id":"https:\/\/www.garciafaura.com\/fr\/#\/schema\/logo\/image\/","url":"https:\/\/www.garciafaura.com\/wp-content\/uploads\/2018\/09\/Garcia-Faura.png","contentUrl":"https:\/\/www.garciafaura.com\/wp-content\/uploads\/2018\/09\/Garcia-Faura.png","width":512,"height":512,"caption":"GARCIA FAURA"},"image":{"@id":"https:\/\/www.garciafaura.com\/fr\/#\/schema\/logo\/image\/"},"sameAs":["https:\/\/www.youtube.com\/user\/GARCIAFAURA"]},{"@type":"Person","@id":"https:\/\/www.garciafaura.com\/fr\/#\/schema\/person\/b4b75e69b33fac3446071909bec106b0","name":"David Achell","image":{"@type":"ImageObject","inLanguage":"es","@id":"https:\/\/www.garciafaura.com\/fr\/#\/schema\/person\/image\/","url":"https:\/\/secure.gravatar.com\/avatar\/03900210afc1f61bce737bcb4a79c02e2c997f171e3eca839b5a4cbe03846c90?s=96&d=blank&r=g","contentUrl":"https:\/\/secure.gravatar.com\/avatar\/03900210afc1f61bce737bcb4a79c02e2c997f171e3eca839b5a4cbe03846c90?s=96&d=blank&r=g","caption":"David Achell"}}]}},"_links":{"self":[{"href":"https:\/\/www.garciafaura.com\/es\/wp-json\/wp\/v2\/posts\/26814","targetHints":{"allow":["GET"]}}],"collection":[{"href":"https:\/\/www.garciafaura.com\/es\/wp-json\/wp\/v2\/posts"}],"about":[{"href":"https:\/\/www.garciafaura.com\/es\/wp-json\/wp\/v2\/types\/post"}],"author":[{"embeddable":true,"href":"https:\/\/www.garciafaura.com\/es\/wp-json\/wp\/v2\/users\/3"}],"replies":[{"embeddable":true,"href":"https:\/\/www.garciafaura.com\/es\/wp-json\/wp\/v2\/comments?post=26814"}],"version-history":[{"count":1,"href":"https:\/\/www.garciafaura.com\/es\/wp-json\/wp\/v2\/posts\/26814\/revisions"}],"predecessor-version":[{"id":26815,"href":"https:\/\/www.garciafaura.com\/es\/wp-json\/wp\/v2\/posts\/26814\/revisions\/26815"}],"wp:featuredmedia":[{"embeddable":true,"href":"https:\/\/www.garciafaura.com\/es\/wp-json\/wp\/v2\/media\/26822"}],"wp:attachment":[{"href":"https:\/\/www.garciafaura.com\/es\/wp-json\/wp\/v2\/media?parent=26814"}],"wp:term":[{"taxonomy":"category","embeddable":true,"href":"https:\/\/www.garciafaura.com\/es\/wp-json\/wp\/v2\/categories?post=26814"},{"taxonomy":"post_tag","embeddable":true,"href":"https:\/\/www.garciafaura.com\/es\/wp-json\/wp\/v2\/tags?post=26814"},{"taxonomy":"post_series","embeddable":true,"href":"https:\/\/www.garciafaura.com\/es\/wp-json\/wp\/v2\/post_series?post=26814"}],"curies":[{"name":"wp","href":"https:\/\/api.w.org\/{rel}","templated":true}]}}