{"id":26602,"date":"2021-01-29T10:00:49","date_gmt":"2021-01-29T08:00:49","guid":{"rendered":"https:\/\/www.garciafaura.com\/?p=26602"},"modified":"2021-01-26T18:13:45","modified_gmt":"2021-01-26T16:13:45","slug":"contribucio-de-garcia-faura-a-lesperada-ampliacio-de-lhospital-de-viladecans","status":"publish","type":"post","link":"https:\/\/www.garciafaura.com\/es\/contribucio-de-garcia-faura-a-lesperada-ampliacio-de-lhospital-de-viladecans\/","title":{"rendered":"Contribuci\u00f3n de GARCIA FAURA a la esperada ampliaci\u00f3n del Hospital de Viladecans"},"content":{"rendered":"<h3>GARCIA FAURA participa en la ampliaci\u00f3n del Hospital General de Viladecans, en Barcelona, un centro de referencia nacional en cirug\u00eda sin ingreso. Los trabajos triplicar\u00e1n la superficie actual del centro sanitario y conseguir\u00e1n mejoras en el confort de pacientes y personal profesional.<\/h3>\n<p style=\"text-align: justify;\">El nuevo edificio del <a href=\"https:\/\/www.garciafaura.com\/es\/portfolio-item\/ampliacion-hospital-de-viladecans\/\" target=\"_blank\" rel=\"noopener\"><strong>Hospital de Viladecans<\/strong><\/a>, el proyecto arquitect\u00f3nico es obra de <a href=\"https:\/\/www.ramonesteve.com\/\" target=\"_blank\" rel=\"noopener\"><strong>Ram\u00f3n Esteve Estudio<\/strong><\/a> y <a href=\"http:\/\/sulkin-marchissio.com\/\" target=\"_blank\" rel=\"noopener\"><strong>Sulkava Marchissio Arquitectos<\/strong><\/a>, tendr\u00e1 el acceso a la avenida del Mil\u00b7lenari y se destinar\u00e1 principalmente a usos asistenciales (como Consultas Externas y Urgencias) mientras que el edificio actual y el hist\u00f3rico servir\u00e1n para usos administrativos y no asistenciales.<\/p>\n<p style=\"text-align: justify;\">Adem\u00e1s, el espacio entre los edificios ser\u00e1 ajardinado para crear unas condiciones ambientales que favorezcan el bienestar de las personas usuarias del hospital y tambi\u00e9n de la ciudadan\u00eda en general de Viladecans, ya que la antigua plaza de acceso se renueva y se reconvierte en una zona sin tr\u00e1fico rodado y de car\u00e1cter l\u00fadico.<\/p>\n<p style=\"text-align: justify;\">La intervenci\u00f3n de <strong>GARCIA FAURA<\/strong> en el proyecto, en la l\u00ednea de crear un espacio de confort y bienestar para pacientes y profesionales sanitarios, consiste en la fabricaci\u00f3n e instalaci\u00f3n de 1.802 metros cuadrados de cerramientos de aluminio con rotura de puente t\u00e9rmico y hoja oculta, hecho este \u00faltimo que maximiza la entrada de luz natural y crea una est\u00e9tica exterior m\u00e1s moderna.<\/p>\n<p style=\"text-align: justify;\">La empresa tambi\u00e9n fabricar\u00e1 e instalar\u00e1 2.308 metros cuadrados de muro cortina de aluminio y vidrio con puertas integradas, adem\u00e1s de 1.735 metros cuadrados de forrados y revestimientos de aluminio, siempre pensando en la calidad no s\u00f3lo del trabajo hecho sino tambi\u00e9n en la satisfacci\u00f3n de usuarios y personal profesional.<\/p>\n","protected":false},"excerpt":{"rendered":"<p>GARCIA FAURA participa en la ampliaci\u00f3n del Hospital General de Viladecans, en Barcelona, un centro de referencia nacional en cirug\u00eda sin ingreso. Los trabajos triplicar\u00e1n la superficie actual del centro sanitario y conseguir\u00e1n mejoras en el confort de pacientes y&hellip;<\/p>\n","protected":false},"author":3,"featured_media":26598,"comment_status":"closed","ping_status":"open","sticky":false,"template":"","format":"standard","meta":{"footnotes":""},"categories":[3],"tags":[],"post_series":[],"class_list":["post-26602","post","type-post","status-publish","format-standard","has-post-thumbnail","hentry","category-actualidad","entry","has-media"],"yoast_head":"<!-- This site is optimized with the Yoast SEO plugin v26.7 - https:\/\/yoast.com\/wordpress\/plugins\/seo\/ -->\n<title>Contribuci\u00f3n de GARCIA FAURA a la esperada ampliaci\u00f3n del Hospital de Viladecans - GARCIA FAURA<\/title>\n<meta name=\"description\" content=\"Arquitectura en Alumini, Inox, Ferro i Vidre\" \/>\n<meta name=\"robots\" content=\"index, follow, max-snippet:-1, max-image-preview:large, max-video-preview:-1\" \/>\n<link rel=\"canonical\" href=\"https:\/\/www.garciafaura.com\/es\/contribucio-de-garcia-faura-a-lesperada-ampliacio-de-lhospital-de-viladecans\/\" \/>\n<meta property=\"og:locale\" content=\"es_ES\" \/>\n<meta property=\"og:type\" content=\"article\" \/>\n<meta property=\"og:title\" content=\"Contribuci\u00f3n de GARCIA FAURA a la esperada ampliaci\u00f3n del Hospital de Viladecans - GARCIA FAURA\" \/>\n<meta property=\"og:description\" content=\"Arquitectura en Alumini, Inox, Ferro i Vidre\" \/>\n<meta property=\"og:url\" content=\"https:\/\/www.garciafaura.com\/es\/contribucio-de-garcia-faura-a-lesperada-ampliacio-de-lhospital-de-viladecans\/\" \/>\n<meta property=\"og:site_name\" content=\"GARCIA FAURA\" \/>\n<meta property=\"article:published_time\" content=\"2021-01-29T08:00:49+00:00\" \/>\n<meta property=\"og:image\" content=\"https:\/\/www.garciafaura.com\/wp-content\/uploads\/2021\/01\/Ampliacio\u0301HospitalViladecans_01-1.jpg\" \/>\n\t<meta property=\"og:image:width\" content=\"800\" \/>\n\t<meta property=\"og:image:height\" content=\"456\" \/>\n\t<meta property=\"og:image:type\" content=\"image\/jpeg\" \/>\n<meta name=\"author\" content=\"David Achell\" \/>\n<meta name=\"twitter:card\" content=\"summary_large_image\" \/>\n<meta name=\"twitter:label1\" content=\"Escrito por\" \/>\n\t<meta name=\"twitter:data1\" content=\"David Achell\" \/>\n\t<meta name=\"twitter:label2\" content=\"Tiempo de lectura\" \/>\n\t<meta name=\"twitter:data2\" content=\"1 minuto\" \/>\n<script type=\"application\/ld+json\" class=\"yoast-schema-graph\">{\"@context\":\"https:\/\/schema.org\",\"@graph\":[{\"@type\":\"Article\",\"@id\":\"https:\/\/www.garciafaura.com\/es\/contribucio-de-garcia-faura-a-lesperada-ampliacio-de-lhospital-de-viladecans\/#article\",\"isPartOf\":{\"@id\":\"https:\/\/www.garciafaura.com\/es\/contribucio-de-garcia-faura-a-lesperada-ampliacio-de-lhospital-de-viladecans\/\"},\"author\":{\"name\":\"David Achell\",\"@id\":\"https:\/\/www.garciafaura.com\/fr\/#\/schema\/person\/b4b75e69b33fac3446071909bec106b0\"},\"headline\":\"Contribuci\u00f3n de GARCIA FAURA a la esperada ampliaci\u00f3n del Hospital de Viladecans\",\"datePublished\":\"2021-01-29T08:00:49+00:00\",\"mainEntityOfPage\":{\"@id\":\"https:\/\/www.garciafaura.com\/es\/contribucio-de-garcia-faura-a-lesperada-ampliacio-de-lhospital-de-viladecans\/\"},\"wordCount\":302,\"publisher\":{\"@id\":\"https:\/\/www.garciafaura.com\/fr\/#organization\"},\"image\":{\"@id\":\"https:\/\/www.garciafaura.com\/es\/contribucio-de-garcia-faura-a-lesperada-ampliacio-de-lhospital-de-viladecans\/#primaryimage\"},\"thumbnailUrl\":\"https:\/\/www.garciafaura.com\/wp-content\/uploads\/2021\/01\/Ampliacio\u0301HospitalViladecans_01-1.jpg\",\"articleSection\":[\"Actualidad\"],\"inLanguage\":\"es\"},{\"@type\":\"WebPage\",\"@id\":\"https:\/\/www.garciafaura.com\/es\/contribucio-de-garcia-faura-a-lesperada-ampliacio-de-lhospital-de-viladecans\/\",\"url\":\"https:\/\/www.garciafaura.com\/es\/contribucio-de-garcia-faura-a-lesperada-ampliacio-de-lhospital-de-viladecans\/\",\"name\":\"Contribuci\u00f3n de GARCIA FAURA a la esperada ampliaci\u00f3n del Hospital de Viladecans - GARCIA FAURA\",\"isPartOf\":{\"@id\":\"https:\/\/www.garciafaura.com\/fr\/#website\"},\"primaryImageOfPage\":{\"@id\":\"https:\/\/www.garciafaura.com\/es\/contribucio-de-garcia-faura-a-lesperada-ampliacio-de-lhospital-de-viladecans\/#primaryimage\"},\"image\":{\"@id\":\"https:\/\/www.garciafaura.com\/es\/contribucio-de-garcia-faura-a-lesperada-ampliacio-de-lhospital-de-viladecans\/#primaryimage\"},\"thumbnailUrl\":\"https:\/\/www.garciafaura.com\/wp-content\/uploads\/2021\/01\/Ampliacio\u0301HospitalViladecans_01-1.jpg\",\"datePublished\":\"2021-01-29T08:00:49+00:00\",\"description\":\"Arquitectura en Alumini, Inox, Ferro i Vidre\",\"breadcrumb\":{\"@id\":\"https:\/\/www.garciafaura.com\/es\/contribucio-de-garcia-faura-a-lesperada-ampliacio-de-lhospital-de-viladecans\/#breadcrumb\"},\"inLanguage\":\"es\",\"potentialAction\":[{\"@type\":\"ReadAction\",\"target\":[\"https:\/\/www.garciafaura.com\/es\/contribucio-de-garcia-faura-a-lesperada-ampliacio-de-lhospital-de-viladecans\/\"]}]},{\"@type\":\"ImageObject\",\"inLanguage\":\"es\",\"@id\":\"https:\/\/www.garciafaura.com\/es\/contribucio-de-garcia-faura-a-lesperada-ampliacio-de-lhospital-de-viladecans\/#primaryimage\",\"url\":\"https:\/\/www.garciafaura.com\/wp-content\/uploads\/2021\/01\/Ampliacio\u0301HospitalViladecans_01-1.jpg\",\"contentUrl\":\"https:\/\/www.garciafaura.com\/wp-content\/uploads\/2021\/01\/Ampliacio\u0301HospitalViladecans_01-1.jpg\",\"width\":800,\"height\":456},{\"@type\":\"BreadcrumbList\",\"@id\":\"https:\/\/www.garciafaura.com\/es\/contribucio-de-garcia-faura-a-lesperada-ampliacio-de-lhospital-de-viladecans\/#breadcrumb\",\"itemListElement\":[{\"@type\":\"ListItem\",\"position\":1,\"name\":\"Inici\",\"item\":\"https:\/\/www.garciafaura.com\/es\/\"},{\"@type\":\"ListItem\",\"position\":2,\"name\":\"Contribuci\u00f3n de GARCIA FAURA a la esperada ampliaci\u00f3n del Hospital de Viladecans\"}]},{\"@type\":\"WebSite\",\"@id\":\"https:\/\/www.garciafaura.com\/fr\/#website\",\"url\":\"https:\/\/www.garciafaura.com\/fr\/\",\"name\":\"GARCIA FAURA\",\"description\":\"Arquitectura en Alumini, Inox, Ferro i Vidre\",\"publisher\":{\"@id\":\"https:\/\/www.garciafaura.com\/fr\/#organization\"},\"potentialAction\":[{\"@type\":\"SearchAction\",\"target\":{\"@type\":\"EntryPoint\",\"urlTemplate\":\"https:\/\/www.garciafaura.com\/fr\/?s={search_term_string}\"},\"query-input\":{\"@type\":\"PropertyValueSpecification\",\"valueRequired\":true,\"valueName\":\"search_term_string\"}}],\"inLanguage\":\"es\"},{\"@type\":\"Organization\",\"@id\":\"https:\/\/www.garciafaura.com\/fr\/#organization\",\"name\":\"GARCIA FAURA\",\"url\":\"https:\/\/www.garciafaura.com\/fr\/\",\"logo\":{\"@type\":\"ImageObject\",\"inLanguage\":\"es\",\"@id\":\"https:\/\/www.garciafaura.com\/fr\/#\/schema\/logo\/image\/\",\"url\":\"https:\/\/www.garciafaura.com\/wp-content\/uploads\/2018\/09\/Garcia-Faura.png\",\"contentUrl\":\"https:\/\/www.garciafaura.com\/wp-content\/uploads\/2018\/09\/Garcia-Faura.png\",\"width\":512,\"height\":512,\"caption\":\"GARCIA FAURA\"},\"image\":{\"@id\":\"https:\/\/www.garciafaura.com\/fr\/#\/schema\/logo\/image\/\"},\"sameAs\":[\"https:\/\/www.youtube.com\/user\/GARCIAFAURA\"]},{\"@type\":\"Person\",\"@id\":\"https:\/\/www.garciafaura.com\/fr\/#\/schema\/person\/b4b75e69b33fac3446071909bec106b0\",\"name\":\"David Achell\",\"image\":{\"@type\":\"ImageObject\",\"inLanguage\":\"es\",\"@id\":\"https:\/\/www.garciafaura.com\/fr\/#\/schema\/person\/image\/\",\"url\":\"https:\/\/secure.gravatar.com\/avatar\/03900210afc1f61bce737bcb4a79c02e2c997f171e3eca839b5a4cbe03846c90?s=96&d=blank&r=g\",\"contentUrl\":\"https:\/\/secure.gravatar.com\/avatar\/03900210afc1f61bce737bcb4a79c02e2c997f171e3eca839b5a4cbe03846c90?s=96&d=blank&r=g\",\"caption\":\"David Achell\"}}]}<\/script>\n<!-- \/ Yoast SEO plugin. -->","yoast_head_json":{"title":"Contribuci\u00f3n de GARCIA FAURA a la esperada ampliaci\u00f3n del Hospital de Viladecans - GARCIA FAURA","description":"Arquitectura en Alumini, Inox, Ferro i Vidre","robots":{"index":"index","follow":"follow","max-snippet":"max-snippet:-1","max-image-preview":"max-image-preview:large","max-video-preview":"max-video-preview:-1"},"canonical":"https:\/\/www.garciafaura.com\/es\/contribucio-de-garcia-faura-a-lesperada-ampliacio-de-lhospital-de-viladecans\/","og_locale":"es_ES","og_type":"article","og_title":"Contribuci\u00f3n de GARCIA FAURA a la esperada ampliaci\u00f3n del Hospital de Viladecans - GARCIA FAURA","og_description":"Arquitectura en Alumini, Inox, Ferro i Vidre","og_url":"https:\/\/www.garciafaura.com\/es\/contribucio-de-garcia-faura-a-lesperada-ampliacio-de-lhospital-de-viladecans\/","og_site_name":"GARCIA FAURA","article_published_time":"2021-01-29T08:00:49+00:00","og_image":[{"width":800,"height":456,"url":"https:\/\/www.garciafaura.com\/wp-content\/uploads\/2021\/01\/Ampliacio\u0301HospitalViladecans_01-1.jpg","type":"image\/jpeg"}],"author":"David Achell","twitter_card":"summary_large_image","twitter_misc":{"Escrito por":"David Achell","Tiempo de lectura":"1 minuto"},"schema":{"@context":"https:\/\/schema.org","@graph":[{"@type":"Article","@id":"https:\/\/www.garciafaura.com\/es\/contribucio-de-garcia-faura-a-lesperada-ampliacio-de-lhospital-de-viladecans\/#article","isPartOf":{"@id":"https:\/\/www.garciafaura.com\/es\/contribucio-de-garcia-faura-a-lesperada-ampliacio-de-lhospital-de-viladecans\/"},"author":{"name":"David Achell","@id":"https:\/\/www.garciafaura.com\/fr\/#\/schema\/person\/b4b75e69b33fac3446071909bec106b0"},"headline":"Contribuci\u00f3n de GARCIA FAURA a la esperada ampliaci\u00f3n del Hospital de Viladecans","datePublished":"2021-01-29T08:00:49+00:00","mainEntityOfPage":{"@id":"https:\/\/www.garciafaura.com\/es\/contribucio-de-garcia-faura-a-lesperada-ampliacio-de-lhospital-de-viladecans\/"},"wordCount":302,"publisher":{"@id":"https:\/\/www.garciafaura.com\/fr\/#organization"},"image":{"@id":"https:\/\/www.garciafaura.com\/es\/contribucio-de-garcia-faura-a-lesperada-ampliacio-de-lhospital-de-viladecans\/#primaryimage"},"thumbnailUrl":"https:\/\/www.garciafaura.com\/wp-content\/uploads\/2021\/01\/Ampliacio\u0301HospitalViladecans_01-1.jpg","articleSection":["Actualidad"],"inLanguage":"es"},{"@type":"WebPage","@id":"https:\/\/www.garciafaura.com\/es\/contribucio-de-garcia-faura-a-lesperada-ampliacio-de-lhospital-de-viladecans\/","url":"https:\/\/www.garciafaura.com\/es\/contribucio-de-garcia-faura-a-lesperada-ampliacio-de-lhospital-de-viladecans\/","name":"Contribuci\u00f3n de GARCIA FAURA a la esperada ampliaci\u00f3n del Hospital de Viladecans - GARCIA FAURA","isPartOf":{"@id":"https:\/\/www.garciafaura.com\/fr\/#website"},"primaryImageOfPage":{"@id":"https:\/\/www.garciafaura.com\/es\/contribucio-de-garcia-faura-a-lesperada-ampliacio-de-lhospital-de-viladecans\/#primaryimage"},"image":{"@id":"https:\/\/www.garciafaura.com\/es\/contribucio-de-garcia-faura-a-lesperada-ampliacio-de-lhospital-de-viladecans\/#primaryimage"},"thumbnailUrl":"https:\/\/www.garciafaura.com\/wp-content\/uploads\/2021\/01\/Ampliacio\u0301HospitalViladecans_01-1.jpg","datePublished":"2021-01-29T08:00:49+00:00","description":"Arquitectura en Alumini, Inox, Ferro i Vidre","breadcrumb":{"@id":"https:\/\/www.garciafaura.com\/es\/contribucio-de-garcia-faura-a-lesperada-ampliacio-de-lhospital-de-viladecans\/#breadcrumb"},"inLanguage":"es","potentialAction":[{"@type":"ReadAction","target":["https:\/\/www.garciafaura.com\/es\/contribucio-de-garcia-faura-a-lesperada-ampliacio-de-lhospital-de-viladecans\/"]}]},{"@type":"ImageObject","inLanguage":"es","@id":"https:\/\/www.garciafaura.com\/es\/contribucio-de-garcia-faura-a-lesperada-ampliacio-de-lhospital-de-viladecans\/#primaryimage","url":"https:\/\/www.garciafaura.com\/wp-content\/uploads\/2021\/01\/Ampliacio\u0301HospitalViladecans_01-1.jpg","contentUrl":"https:\/\/www.garciafaura.com\/wp-content\/uploads\/2021\/01\/Ampliacio\u0301HospitalViladecans_01-1.jpg","width":800,"height":456},{"@type":"BreadcrumbList","@id":"https:\/\/www.garciafaura.com\/es\/contribucio-de-garcia-faura-a-lesperada-ampliacio-de-lhospital-de-viladecans\/#breadcrumb","itemListElement":[{"@type":"ListItem","position":1,"name":"Inici","item":"https:\/\/www.garciafaura.com\/es\/"},{"@type":"ListItem","position":2,"name":"Contribuci\u00f3n de GARCIA FAURA a la esperada ampliaci\u00f3n del Hospital de Viladecans"}]},{"@type":"WebSite","@id":"https:\/\/www.garciafaura.com\/fr\/#website","url":"https:\/\/www.garciafaura.com\/fr\/","name":"GARCIA FAURA","description":"Arquitectura en Alumini, Inox, Ferro i Vidre","publisher":{"@id":"https:\/\/www.garciafaura.com\/fr\/#organization"},"potentialAction":[{"@type":"SearchAction","target":{"@type":"EntryPoint","urlTemplate":"https:\/\/www.garciafaura.com\/fr\/?s={search_term_string}"},"query-input":{"@type":"PropertyValueSpecification","valueRequired":true,"valueName":"search_term_string"}}],"inLanguage":"es"},{"@type":"Organization","@id":"https:\/\/www.garciafaura.com\/fr\/#organization","name":"GARCIA FAURA","url":"https:\/\/www.garciafaura.com\/fr\/","logo":{"@type":"ImageObject","inLanguage":"es","@id":"https:\/\/www.garciafaura.com\/fr\/#\/schema\/logo\/image\/","url":"https:\/\/www.garciafaura.com\/wp-content\/uploads\/2018\/09\/Garcia-Faura.png","contentUrl":"https:\/\/www.garciafaura.com\/wp-content\/uploads\/2018\/09\/Garcia-Faura.png","width":512,"height":512,"caption":"GARCIA FAURA"},"image":{"@id":"https:\/\/www.garciafaura.com\/fr\/#\/schema\/logo\/image\/"},"sameAs":["https:\/\/www.youtube.com\/user\/GARCIAFAURA"]},{"@type":"Person","@id":"https:\/\/www.garciafaura.com\/fr\/#\/schema\/person\/b4b75e69b33fac3446071909bec106b0","name":"David Achell","image":{"@type":"ImageObject","inLanguage":"es","@id":"https:\/\/www.garciafaura.com\/fr\/#\/schema\/person\/image\/","url":"https:\/\/secure.gravatar.com\/avatar\/03900210afc1f61bce737bcb4a79c02e2c997f171e3eca839b5a4cbe03846c90?s=96&d=blank&r=g","contentUrl":"https:\/\/secure.gravatar.com\/avatar\/03900210afc1f61bce737bcb4a79c02e2c997f171e3eca839b5a4cbe03846c90?s=96&d=blank&r=g","caption":"David Achell"}}]}},"_links":{"self":[{"href":"https:\/\/www.garciafaura.com\/es\/wp-json\/wp\/v2\/posts\/26602","targetHints":{"allow":["GET"]}}],"collection":[{"href":"https:\/\/www.garciafaura.com\/es\/wp-json\/wp\/v2\/posts"}],"about":[{"href":"https:\/\/www.garciafaura.com\/es\/wp-json\/wp\/v2\/types\/post"}],"author":[{"embeddable":true,"href":"https:\/\/www.garciafaura.com\/es\/wp-json\/wp\/v2\/users\/3"}],"replies":[{"embeddable":true,"href":"https:\/\/www.garciafaura.com\/es\/wp-json\/wp\/v2\/comments?post=26602"}],"version-history":[{"count":2,"href":"https:\/\/www.garciafaura.com\/es\/wp-json\/wp\/v2\/posts\/26602\/revisions"}],"predecessor-version":[{"id":26604,"href":"https:\/\/www.garciafaura.com\/es\/wp-json\/wp\/v2\/posts\/26602\/revisions\/26604"}],"wp:featuredmedia":[{"embeddable":true,"href":"https:\/\/www.garciafaura.com\/es\/wp-json\/wp\/v2\/media\/26598"}],"wp:attachment":[{"href":"https:\/\/www.garciafaura.com\/es\/wp-json\/wp\/v2\/media?parent=26602"}],"wp:term":[{"taxonomy":"category","embeddable":true,"href":"https:\/\/www.garciafaura.com\/es\/wp-json\/wp\/v2\/categories?post=26602"},{"taxonomy":"post_tag","embeddable":true,"href":"https:\/\/www.garciafaura.com\/es\/wp-json\/wp\/v2\/tags?post=26602"},{"taxonomy":"post_series","embeddable":true,"href":"https:\/\/www.garciafaura.com\/es\/wp-json\/wp\/v2\/post_series?post=26602"}],"curies":[{"name":"wp","href":"https:\/\/api.w.org\/{rel}","templated":true}]}}