{"id":26349,"date":"2021-01-22T09:51:30","date_gmt":"2021-01-22T07:51:30","guid":{"rendered":"https:\/\/www.garciafaura.com\/?p=26349"},"modified":"2021-01-22T21:28:28","modified_gmt":"2021-01-22T19:28:28","slug":"garcia-faura-trabajando-paralosvalientes","status":"publish","type":"post","link":"https:\/\/www.garciafaura.com\/es\/garcia-faura-trabajando-paralosvalientes\/","title":{"rendered":"GARCIA FAURA, trabajando #paralosvalientes"},"content":{"rendered":"<h3>La empresa ejecutar\u00e1 los trabajos de fachadas y cerramientos del nuevo San Juan de Dios Pediatric Cancer Center de Barcelona. Una vez entre en funcionamiento ser\u00e1 el hospital oncol\u00f3gico infantil m\u00e1s grande de Europa.<\/h3>\n<p style=\"text-align: justify;\">En las pr\u00f3ximas semanas <strong>GARCIA FAURA<\/strong> comenzar\u00e1 a trabajar en el nuevo hospital oncol\u00f3gico infantil de <a href=\"https:\/\/www.sjdhospitalbarcelona.org\/es\" target=\"_blank\" rel=\"noopener\"><strong>Sant Joan de D\u00e9u<\/strong><\/a>, el que ser\u00e1 el centro de oncolog\u00eda pedi\u00e1trica m\u00e1s grande de Europa con 8.400 metros cuadrados divididos en cuatro plantas.<\/p>\n<p style=\"text-align: justify;\">El proyecto, obra del <a href=\"https:\/\/pinearq.es\/es\/\" target=\"_blank\" rel=\"noopener\"><strong>estudio de arquitectura PINEARQ<\/strong><\/a>, se est\u00e1 construyendo junto al actual hospital con el que se conectar\u00e1 a trav\u00e9s de una pasarela. Las <a href=\"https:\/\/www.garciafaura.com\/es\/portfolio-item\/hospital-sjd-pediatric-cancer-center-de-barcelona\/\" target=\"_blank\" rel=\"noopener\"><strong>nuevas instalaciones<\/strong><\/a> permitir\u00e1n atender hasta 400 pacientes al a\u00f1o, un 30% m\u00e1s de los que atiende actualmente, e incorporar\u00e1 los \u00faltimos avances en la lucha contra el c\u00e1ncer.<\/p>\n<p style=\"text-align: justify;\"><strong>GARCIA FAURA<\/strong>\u00a0ejecutar\u00e1 el conjunto de carpinter\u00eda de aluminio y vidrio, as\u00ed como las soluciones de fachada exterior consistentes en un muro cortina de 350 metros cuadrados y casi 2.000 metros cuadrados de protecciones solares innovadoras, que permitir\u00e1n, cuando sea necesario, reducir la incidencia de la luz solar en la fachada ganando en eficiencia energ\u00e9tica.<\/p>\n<p style=\"text-align: justify;\">En cuanto a los cierres, se trata de 1.800 metros cuadrados de aluminio con rotura de puente t\u00e9rmico y altas prestaciones t\u00e9cnicas, cuyo objetivo es el de ofrecer el m\u00e1ximo confort ac\u00fastico y t\u00e9rmico a las personas usuarias y trabajadoras de un equipamiento sanitario de estas caracter\u00edsticas<\/p>\n<p style=\"text-align: justify;\">Para recaudar los 30 millones que ha costado el proyecto constructivo, en febrero del 2017 el <strong>Hospital Sant Joan de D\u00e9u<\/strong> inici\u00f3 una campa\u00f1a de mecenazgo bajo el lema <a href=\"https:\/\/www.paralosvalientes.com\/boxweb\/detalle\/tk1853483?lang=es\" target=\"_blank\" rel=\"noopener\"><strong>#paralosvalientes<\/strong><\/a> que ha permitido recaudar contribuciones de empresas y el micromecenazgo de m\u00e1s de 100.000 particulares, y que contin\u00faa a\u00fan activa.<\/p>\n<p>Foto: Hospital Sant Joan de D\u00e9u Barcelona<\/p>\n","protected":false},"excerpt":{"rendered":"<p>La empresa ejecutar\u00e1 los trabajos de fachadas y cerramientos del nuevo San Juan de Dios Pediatric Cancer Center de Barcelona. Una vez entre en funcionamiento ser\u00e1 el hospital oncol\u00f3gico infantil m\u00e1s grande de Europa. En las pr\u00f3ximas semanas GARCIA FAURA&hellip;<\/p>\n","protected":false},"author":3,"featured_media":26369,"comment_status":"closed","ping_status":"open","sticky":false,"template":"","format":"standard","meta":{"footnotes":""},"categories":[3],"tags":[],"post_series":[],"class_list":["post-26349","post","type-post","status-publish","format-standard","has-post-thumbnail","hentry","category-actualidad","entry","has-media"],"yoast_head":"<!-- This site is optimized with the Yoast SEO plugin v26.7 - https:\/\/yoast.com\/wordpress\/plugins\/seo\/ -->\n<title>GARCIA FAURA, trabajando #paralosvalientes - GARCIA FAURA<\/title>\n<meta name=\"description\" content=\"Arquitectura en Alumini, Inox, Ferro i Vidre\" \/>\n<meta name=\"robots\" content=\"index, follow, max-snippet:-1, max-image-preview:large, max-video-preview:-1\" \/>\n<link rel=\"canonical\" href=\"https:\/\/www.garciafaura.com\/es\/garcia-faura-trabajando-paralosvalientes\/\" \/>\n<meta property=\"og:locale\" content=\"es_ES\" \/>\n<meta property=\"og:type\" content=\"article\" \/>\n<meta property=\"og:title\" content=\"GARCIA FAURA, trabajando #paralosvalientes - GARCIA FAURA\" \/>\n<meta property=\"og:description\" content=\"Arquitectura en Alumini, Inox, Ferro i Vidre\" \/>\n<meta property=\"og:url\" content=\"https:\/\/www.garciafaura.com\/es\/garcia-faura-trabajando-paralosvalientes\/\" \/>\n<meta property=\"og:site_name\" content=\"GARCIA FAURA\" \/>\n<meta property=\"article:published_time\" content=\"2021-01-22T07:51:30+00:00\" \/>\n<meta property=\"article:modified_time\" content=\"2021-01-22T19:28:28+00:00\" \/>\n<meta property=\"og:image\" content=\"https:\/\/www.garciafaura.com\/wp-content\/uploads\/2021\/01\/SJD_Pediatric_Cancer_Center_-Octubre_2019-landing_1.png\" \/>\n\t<meta property=\"og:image:width\" content=\"750\" \/>\n\t<meta property=\"og:image:height\" content=\"422\" \/>\n\t<meta property=\"og:image:type\" content=\"image\/png\" \/>\n<meta name=\"author\" content=\"David Achell\" \/>\n<meta name=\"twitter:card\" content=\"summary_large_image\" \/>\n<meta name=\"twitter:label1\" content=\"Escrito por\" \/>\n\t<meta name=\"twitter:data1\" content=\"David Achell\" \/>\n\t<meta name=\"twitter:label2\" content=\"Tiempo de lectura\" \/>\n\t<meta name=\"twitter:data2\" content=\"2 minutos\" \/>\n<script type=\"application\/ld+json\" class=\"yoast-schema-graph\">{\"@context\":\"https:\/\/schema.org\",\"@graph\":[{\"@type\":\"Article\",\"@id\":\"https:\/\/www.garciafaura.com\/es\/garcia-faura-trabajando-paralosvalientes\/#article\",\"isPartOf\":{\"@id\":\"https:\/\/www.garciafaura.com\/es\/garcia-faura-trabajando-paralosvalientes\/\"},\"author\":{\"name\":\"David Achell\",\"@id\":\"https:\/\/www.garciafaura.com\/fr\/#\/schema\/person\/b4b75e69b33fac3446071909bec106b0\"},\"headline\":\"GARCIA FAURA, trabajando #paralosvalientes\",\"datePublished\":\"2021-01-22T07:51:30+00:00\",\"dateModified\":\"2021-01-22T19:28:28+00:00\",\"mainEntityOfPage\":{\"@id\":\"https:\/\/www.garciafaura.com\/es\/garcia-faura-trabajando-paralosvalientes\/\"},\"wordCount\":310,\"publisher\":{\"@id\":\"https:\/\/www.garciafaura.com\/fr\/#organization\"},\"image\":{\"@id\":\"https:\/\/www.garciafaura.com\/es\/garcia-faura-trabajando-paralosvalientes\/#primaryimage\"},\"thumbnailUrl\":\"https:\/\/www.garciafaura.com\/wp-content\/uploads\/2021\/01\/SJD_Pediatric_Cancer_Center_-Octubre_2019-landing_1.png\",\"articleSection\":[\"Actualidad\"],\"inLanguage\":\"es\"},{\"@type\":\"WebPage\",\"@id\":\"https:\/\/www.garciafaura.com\/es\/garcia-faura-trabajando-paralosvalientes\/\",\"url\":\"https:\/\/www.garciafaura.com\/es\/garcia-faura-trabajando-paralosvalientes\/\",\"name\":\"GARCIA FAURA, trabajando #paralosvalientes - GARCIA FAURA\",\"isPartOf\":{\"@id\":\"https:\/\/www.garciafaura.com\/fr\/#website\"},\"primaryImageOfPage\":{\"@id\":\"https:\/\/www.garciafaura.com\/es\/garcia-faura-trabajando-paralosvalientes\/#primaryimage\"},\"image\":{\"@id\":\"https:\/\/www.garciafaura.com\/es\/garcia-faura-trabajando-paralosvalientes\/#primaryimage\"},\"thumbnailUrl\":\"https:\/\/www.garciafaura.com\/wp-content\/uploads\/2021\/01\/SJD_Pediatric_Cancer_Center_-Octubre_2019-landing_1.png\",\"datePublished\":\"2021-01-22T07:51:30+00:00\",\"dateModified\":\"2021-01-22T19:28:28+00:00\",\"description\":\"Arquitectura en Alumini, Inox, Ferro i Vidre\",\"breadcrumb\":{\"@id\":\"https:\/\/www.garciafaura.com\/es\/garcia-faura-trabajando-paralosvalientes\/#breadcrumb\"},\"inLanguage\":\"es\",\"potentialAction\":[{\"@type\":\"ReadAction\",\"target\":[\"https:\/\/www.garciafaura.com\/es\/garcia-faura-trabajando-paralosvalientes\/\"]}]},{\"@type\":\"ImageObject\",\"inLanguage\":\"es\",\"@id\":\"https:\/\/www.garciafaura.com\/es\/garcia-faura-trabajando-paralosvalientes\/#primaryimage\",\"url\":\"https:\/\/www.garciafaura.com\/wp-content\/uploads\/2021\/01\/SJD_Pediatric_Cancer_Center_-Octubre_2019-landing_1.png\",\"contentUrl\":\"https:\/\/www.garciafaura.com\/wp-content\/uploads\/2021\/01\/SJD_Pediatric_Cancer_Center_-Octubre_2019-landing_1.png\",\"width\":750,\"height\":422},{\"@type\":\"BreadcrumbList\",\"@id\":\"https:\/\/www.garciafaura.com\/es\/garcia-faura-trabajando-paralosvalientes\/#breadcrumb\",\"itemListElement\":[{\"@type\":\"ListItem\",\"position\":1,\"name\":\"Inici\",\"item\":\"https:\/\/www.garciafaura.com\/es\/\"},{\"@type\":\"ListItem\",\"position\":2,\"name\":\"GARCIA FAURA, trabajando #paralosvalientes\"}]},{\"@type\":\"WebSite\",\"@id\":\"https:\/\/www.garciafaura.com\/fr\/#website\",\"url\":\"https:\/\/www.garciafaura.com\/fr\/\",\"name\":\"GARCIA FAURA\",\"description\":\"Arquitectura en Alumini, Inox, Ferro i Vidre\",\"publisher\":{\"@id\":\"https:\/\/www.garciafaura.com\/fr\/#organization\"},\"potentialAction\":[{\"@type\":\"SearchAction\",\"target\":{\"@type\":\"EntryPoint\",\"urlTemplate\":\"https:\/\/www.garciafaura.com\/fr\/?s={search_term_string}\"},\"query-input\":{\"@type\":\"PropertyValueSpecification\",\"valueRequired\":true,\"valueName\":\"search_term_string\"}}],\"inLanguage\":\"es\"},{\"@type\":\"Organization\",\"@id\":\"https:\/\/www.garciafaura.com\/fr\/#organization\",\"name\":\"GARCIA FAURA\",\"url\":\"https:\/\/www.garciafaura.com\/fr\/\",\"logo\":{\"@type\":\"ImageObject\",\"inLanguage\":\"es\",\"@id\":\"https:\/\/www.garciafaura.com\/fr\/#\/schema\/logo\/image\/\",\"url\":\"https:\/\/www.garciafaura.com\/wp-content\/uploads\/2018\/09\/Garcia-Faura.png\",\"contentUrl\":\"https:\/\/www.garciafaura.com\/wp-content\/uploads\/2018\/09\/Garcia-Faura.png\",\"width\":512,\"height\":512,\"caption\":\"GARCIA FAURA\"},\"image\":{\"@id\":\"https:\/\/www.garciafaura.com\/fr\/#\/schema\/logo\/image\/\"},\"sameAs\":[\"https:\/\/www.youtube.com\/user\/GARCIAFAURA\"]},{\"@type\":\"Person\",\"@id\":\"https:\/\/www.garciafaura.com\/fr\/#\/schema\/person\/b4b75e69b33fac3446071909bec106b0\",\"name\":\"David Achell\",\"image\":{\"@type\":\"ImageObject\",\"inLanguage\":\"es\",\"@id\":\"https:\/\/www.garciafaura.com\/fr\/#\/schema\/person\/image\/\",\"url\":\"https:\/\/secure.gravatar.com\/avatar\/03900210afc1f61bce737bcb4a79c02e2c997f171e3eca839b5a4cbe03846c90?s=96&d=blank&r=g\",\"contentUrl\":\"https:\/\/secure.gravatar.com\/avatar\/03900210afc1f61bce737bcb4a79c02e2c997f171e3eca839b5a4cbe03846c90?s=96&d=blank&r=g\",\"caption\":\"David Achell\"}}]}<\/script>\n<!-- \/ Yoast SEO plugin. -->","yoast_head_json":{"title":"GARCIA FAURA, trabajando #paralosvalientes - GARCIA FAURA","description":"Arquitectura en Alumini, Inox, Ferro i Vidre","robots":{"index":"index","follow":"follow","max-snippet":"max-snippet:-1","max-image-preview":"max-image-preview:large","max-video-preview":"max-video-preview:-1"},"canonical":"https:\/\/www.garciafaura.com\/es\/garcia-faura-trabajando-paralosvalientes\/","og_locale":"es_ES","og_type":"article","og_title":"GARCIA FAURA, trabajando #paralosvalientes - GARCIA FAURA","og_description":"Arquitectura en Alumini, Inox, Ferro i Vidre","og_url":"https:\/\/www.garciafaura.com\/es\/garcia-faura-trabajando-paralosvalientes\/","og_site_name":"GARCIA FAURA","article_published_time":"2021-01-22T07:51:30+00:00","article_modified_time":"2021-01-22T19:28:28+00:00","og_image":[{"width":750,"height":422,"url":"https:\/\/www.garciafaura.com\/wp-content\/uploads\/2021\/01\/SJD_Pediatric_Cancer_Center_-Octubre_2019-landing_1.png","type":"image\/png"}],"author":"David Achell","twitter_card":"summary_large_image","twitter_misc":{"Escrito por":"David Achell","Tiempo de lectura":"2 minutos"},"schema":{"@context":"https:\/\/schema.org","@graph":[{"@type":"Article","@id":"https:\/\/www.garciafaura.com\/es\/garcia-faura-trabajando-paralosvalientes\/#article","isPartOf":{"@id":"https:\/\/www.garciafaura.com\/es\/garcia-faura-trabajando-paralosvalientes\/"},"author":{"name":"David Achell","@id":"https:\/\/www.garciafaura.com\/fr\/#\/schema\/person\/b4b75e69b33fac3446071909bec106b0"},"headline":"GARCIA FAURA, trabajando #paralosvalientes","datePublished":"2021-01-22T07:51:30+00:00","dateModified":"2021-01-22T19:28:28+00:00","mainEntityOfPage":{"@id":"https:\/\/www.garciafaura.com\/es\/garcia-faura-trabajando-paralosvalientes\/"},"wordCount":310,"publisher":{"@id":"https:\/\/www.garciafaura.com\/fr\/#organization"},"image":{"@id":"https:\/\/www.garciafaura.com\/es\/garcia-faura-trabajando-paralosvalientes\/#primaryimage"},"thumbnailUrl":"https:\/\/www.garciafaura.com\/wp-content\/uploads\/2021\/01\/SJD_Pediatric_Cancer_Center_-Octubre_2019-landing_1.png","articleSection":["Actualidad"],"inLanguage":"es"},{"@type":"WebPage","@id":"https:\/\/www.garciafaura.com\/es\/garcia-faura-trabajando-paralosvalientes\/","url":"https:\/\/www.garciafaura.com\/es\/garcia-faura-trabajando-paralosvalientes\/","name":"GARCIA FAURA, trabajando #paralosvalientes - GARCIA FAURA","isPartOf":{"@id":"https:\/\/www.garciafaura.com\/fr\/#website"},"primaryImageOfPage":{"@id":"https:\/\/www.garciafaura.com\/es\/garcia-faura-trabajando-paralosvalientes\/#primaryimage"},"image":{"@id":"https:\/\/www.garciafaura.com\/es\/garcia-faura-trabajando-paralosvalientes\/#primaryimage"},"thumbnailUrl":"https:\/\/www.garciafaura.com\/wp-content\/uploads\/2021\/01\/SJD_Pediatric_Cancer_Center_-Octubre_2019-landing_1.png","datePublished":"2021-01-22T07:51:30+00:00","dateModified":"2021-01-22T19:28:28+00:00","description":"Arquitectura en Alumini, Inox, Ferro i Vidre","breadcrumb":{"@id":"https:\/\/www.garciafaura.com\/es\/garcia-faura-trabajando-paralosvalientes\/#breadcrumb"},"inLanguage":"es","potentialAction":[{"@type":"ReadAction","target":["https:\/\/www.garciafaura.com\/es\/garcia-faura-trabajando-paralosvalientes\/"]}]},{"@type":"ImageObject","inLanguage":"es","@id":"https:\/\/www.garciafaura.com\/es\/garcia-faura-trabajando-paralosvalientes\/#primaryimage","url":"https:\/\/www.garciafaura.com\/wp-content\/uploads\/2021\/01\/SJD_Pediatric_Cancer_Center_-Octubre_2019-landing_1.png","contentUrl":"https:\/\/www.garciafaura.com\/wp-content\/uploads\/2021\/01\/SJD_Pediatric_Cancer_Center_-Octubre_2019-landing_1.png","width":750,"height":422},{"@type":"BreadcrumbList","@id":"https:\/\/www.garciafaura.com\/es\/garcia-faura-trabajando-paralosvalientes\/#breadcrumb","itemListElement":[{"@type":"ListItem","position":1,"name":"Inici","item":"https:\/\/www.garciafaura.com\/es\/"},{"@type":"ListItem","position":2,"name":"GARCIA FAURA, trabajando #paralosvalientes"}]},{"@type":"WebSite","@id":"https:\/\/www.garciafaura.com\/fr\/#website","url":"https:\/\/www.garciafaura.com\/fr\/","name":"GARCIA FAURA","description":"Arquitectura en Alumini, Inox, Ferro i Vidre","publisher":{"@id":"https:\/\/www.garciafaura.com\/fr\/#organization"},"potentialAction":[{"@type":"SearchAction","target":{"@type":"EntryPoint","urlTemplate":"https:\/\/www.garciafaura.com\/fr\/?s={search_term_string}"},"query-input":{"@type":"PropertyValueSpecification","valueRequired":true,"valueName":"search_term_string"}}],"inLanguage":"es"},{"@type":"Organization","@id":"https:\/\/www.garciafaura.com\/fr\/#organization","name":"GARCIA FAURA","url":"https:\/\/www.garciafaura.com\/fr\/","logo":{"@type":"ImageObject","inLanguage":"es","@id":"https:\/\/www.garciafaura.com\/fr\/#\/schema\/logo\/image\/","url":"https:\/\/www.garciafaura.com\/wp-content\/uploads\/2018\/09\/Garcia-Faura.png","contentUrl":"https:\/\/www.garciafaura.com\/wp-content\/uploads\/2018\/09\/Garcia-Faura.png","width":512,"height":512,"caption":"GARCIA FAURA"},"image":{"@id":"https:\/\/www.garciafaura.com\/fr\/#\/schema\/logo\/image\/"},"sameAs":["https:\/\/www.youtube.com\/user\/GARCIAFAURA"]},{"@type":"Person","@id":"https:\/\/www.garciafaura.com\/fr\/#\/schema\/person\/b4b75e69b33fac3446071909bec106b0","name":"David Achell","image":{"@type":"ImageObject","inLanguage":"es","@id":"https:\/\/www.garciafaura.com\/fr\/#\/schema\/person\/image\/","url":"https:\/\/secure.gravatar.com\/avatar\/03900210afc1f61bce737bcb4a79c02e2c997f171e3eca839b5a4cbe03846c90?s=96&d=blank&r=g","contentUrl":"https:\/\/secure.gravatar.com\/avatar\/03900210afc1f61bce737bcb4a79c02e2c997f171e3eca839b5a4cbe03846c90?s=96&d=blank&r=g","caption":"David Achell"}}]}},"_links":{"self":[{"href":"https:\/\/www.garciafaura.com\/es\/wp-json\/wp\/v2\/posts\/26349","targetHints":{"allow":["GET"]}}],"collection":[{"href":"https:\/\/www.garciafaura.com\/es\/wp-json\/wp\/v2\/posts"}],"about":[{"href":"https:\/\/www.garciafaura.com\/es\/wp-json\/wp\/v2\/types\/post"}],"author":[{"embeddable":true,"href":"https:\/\/www.garciafaura.com\/es\/wp-json\/wp\/v2\/users\/3"}],"replies":[{"embeddable":true,"href":"https:\/\/www.garciafaura.com\/es\/wp-json\/wp\/v2\/comments?post=26349"}],"version-history":[{"count":4,"href":"https:\/\/www.garciafaura.com\/es\/wp-json\/wp\/v2\/posts\/26349\/revisions"}],"predecessor-version":[{"id":26371,"href":"https:\/\/www.garciafaura.com\/es\/wp-json\/wp\/v2\/posts\/26349\/revisions\/26371"}],"wp:featuredmedia":[{"embeddable":true,"href":"https:\/\/www.garciafaura.com\/es\/wp-json\/wp\/v2\/media\/26369"}],"wp:attachment":[{"href":"https:\/\/www.garciafaura.com\/es\/wp-json\/wp\/v2\/media?parent=26349"}],"wp:term":[{"taxonomy":"category","embeddable":true,"href":"https:\/\/www.garciafaura.com\/es\/wp-json\/wp\/v2\/categories?post=26349"},{"taxonomy":"post_tag","embeddable":true,"href":"https:\/\/www.garciafaura.com\/es\/wp-json\/wp\/v2\/tags?post=26349"},{"taxonomy":"post_series","embeddable":true,"href":"https:\/\/www.garciafaura.com\/es\/wp-json\/wp\/v2\/post_series?post=26349"}],"curies":[{"name":"wp","href":"https:\/\/api.w.org\/{rel}","templated":true}]}}