{"id":26137,"date":"2020-11-11T17:26:23","date_gmt":"2020-11-11T15:26:23","guid":{"rendered":"https:\/\/www.garciafaura.com\/la-facana-com-a-contribucio-a-edificis-amb-certificacio-leed\/"},"modified":"2020-11-11T17:58:54","modified_gmt":"2020-11-11T15:58:54","slug":"la-facana-com-a-contribucio-a-edificis-amb-certificacio-leed","status":"publish","type":"post","link":"https:\/\/www.garciafaura.com\/es\/la-facana-com-a-contribucio-a-edificis-amb-certificacio-leed\/","title":{"rendered":"La fachada como contribuci\u00f3n a edificios con certificaci\u00f3n LEED"},"content":{"rendered":"<p style=\"text-align: justify;\"><strong>Contribuir a una construcci\u00f3n respetuosa con el medio ambiente es una de las prioridades de GARCIA FAURA. Por eso las fachadas que desarrolla la empresa pueden convertirse en pieza clave para edificios que quieren conseguir la certificaci\u00f3n LEED, una de las m\u00e1s importantes del mundo a la hora de garantizar que las construcciones son considerados edificios verdes.<\/strong><\/p>\n<p style=\"text-align: justify;\">La certificaci\u00f3n LEED (Liderazgo en Energ\u00eda y Dise\u00f1o Ambiental, en sus siglas en ingl\u00e9s) es de car\u00e1cter voluntario y se aplica a inmuebles tanto de nueva construcci\u00f3n como rehabilitados, de toda clase de uso, incluso a barrios enteros.<\/p>\n<p style=\"text-align: justify;\">Se trata de un conjunto de normas y requisitos que certifican que el edificio en cuesti\u00f3n es sostenible, compatible con los est\u00e1ndares de ecoeficiencia, mediante la puntuaci\u00f3n en cinco categor\u00edas: sostenibilidad, ahorro de agua, energ\u00eda y atm\u00f3sfera, materiales y recursos, y calidad ambiental de los interiores.<\/p>\n<p style=\"text-align: justify;\">Junto con una categor\u00eda extra, sobre innovaci\u00f3n en los dise\u00f1os del edificio, se elabora una tabla que permite obtener uno de los cuatro niveles del certificado: el certificado LEED propiamente dicho, el m\u00e1s bajo, seguido de los certificados Plata, Oro y Platino.<\/p>\n<p style=\"text-align: justify;\"><strong>GARCIA FAURA<\/strong> puede contribuir de manera decisiva a la sostenibilidad en la edificaci\u00f3n, especialmente con sus fachadas. Se trata de unos elementos que contribuyen a la sostenibilidad de unos edificios que redundan en el confort y la salud de las personas en espacios de todo tipo. Y, adem\u00e1s, con ahorro energ\u00e9tico y econ\u00f3mico.<\/p>\n<p style=\"text-align: justify;\">La elecci\u00f3n y dise\u00f1o de una correcta soluci\u00f3n t\u00e9cnica para la fachada de un edificio puede mejorar sustancialmente la eficiencia energ\u00e9tica del mismo, tanto en prestaciones t\u00e9rmicas como solares. La combinaci\u00f3n de esta soluci\u00f3n de fachada con otros elementos de valor a\u00f1adido que favorezcan el ahorro energ\u00e9tico pueden ser fundamentales a la hora de determinar el grado de sostenibilidad del edificio.<\/p>\n<p style=\"text-align: justify;\"><strong>GARCIA FAURA<\/strong>\u00a0se ha especializado en el desarrollo de este tipo de soluciones t\u00e9cnicas para fachadas, gracias a su equipo de ingenieros especializados, que trabajan conjuntamente con los ingenieros constructivos y los arquitectos de los proyectos que ejecuta la empresa.<\/p>\n<p style=\"text-align: justify;\">De hecho, <strong>GARCIA FAURA<\/strong> ha participado en la construcci\u00f3n de varios edificios que ya cuentan o est\u00e1n tramitando la certificaci\u00f3n LEED, como las oficinas de <a href=\"https:\/\/www.garciafaura.com\/es\/portfolio-item\/oficinas-diagonal-191\/\" target=\"_blank\" rel=\"noopener\"><strong>Diagonal 191<\/strong><\/a> y <a href=\"https:\/\/www.garciafaura.com\/es\/portfolio-item\/oficinas-diagonal-525\/\" target=\"_blank\" rel=\"noopener\"><strong>525<\/strong><\/a> de Barcelona, \u200b\u200bla Torre Colonial de la plaza Europa de L&#8217;Hospitalet de Llobregat, o una promoci\u00f3n corporativa en la calle Selva de Mar de la capital catalana.<\/p>\n","protected":false},"excerpt":{"rendered":"<p>Contribuir a una construcci\u00f3n respetuosa con el medio ambiente es una de las prioridades de GARCIA FAURA. Por eso las fachadas que desarrolla la empresa pueden convertirse en pieza clave para edificios que quieren conseguir la certificaci\u00f3n LEED, una de&hellip;<\/p>\n","protected":false},"author":3,"featured_media":0,"comment_status":"closed","ping_status":"open","sticky":false,"template":"","format":"gallery","meta":{"footnotes":""},"categories":[3],"tags":[],"post_series":[],"class_list":["post-26137","post","type-post","status-publish","format-gallery","hentry","category-actualidad","post_format-post-format-gallery","entry","has-media"],"yoast_head":"<!-- This site is optimized with the Yoast SEO plugin v26.7 - https:\/\/yoast.com\/wordpress\/plugins\/seo\/ -->\n<title>La fachada como contribuci\u00f3n a edificios con certificaci\u00f3n LEED - GARCIA FAURA<\/title>\n<meta name=\"description\" content=\"Arquitectura en Alumini, Inox, Ferro i Vidre\" \/>\n<meta name=\"robots\" content=\"index, follow, max-snippet:-1, max-image-preview:large, max-video-preview:-1\" \/>\n<link rel=\"canonical\" href=\"https:\/\/www.garciafaura.com\/es\/la-facana-com-a-contribucio-a-edificis-amb-certificacio-leed\/\" \/>\n<meta property=\"og:locale\" content=\"es_ES\" \/>\n<meta property=\"og:type\" content=\"article\" \/>\n<meta property=\"og:title\" content=\"La fachada como contribuci\u00f3n a edificios con certificaci\u00f3n LEED - GARCIA FAURA\" \/>\n<meta property=\"og:description\" content=\"Arquitectura en Alumini, Inox, Ferro i Vidre\" \/>\n<meta property=\"og:url\" content=\"https:\/\/www.garciafaura.com\/es\/la-facana-com-a-contribucio-a-edificis-amb-certificacio-leed\/\" \/>\n<meta property=\"og:site_name\" content=\"GARCIA FAURA\" \/>\n<meta property=\"article:published_time\" content=\"2020-11-11T15:26:23+00:00\" \/>\n<meta property=\"article:modified_time\" content=\"2020-11-11T15:58:54+00:00\" \/>\n<meta name=\"author\" content=\"David Achell\" \/>\n<meta name=\"twitter:card\" content=\"summary_large_image\" \/>\n<meta name=\"twitter:label1\" content=\"Escrito por\" \/>\n\t<meta name=\"twitter:data1\" content=\"David Achell\" \/>\n\t<meta name=\"twitter:label2\" content=\"Tiempo de lectura\" \/>\n\t<meta name=\"twitter:data2\" content=\"2 minutos\" \/>\n<script type=\"application\/ld+json\" class=\"yoast-schema-graph\">{\"@context\":\"https:\/\/schema.org\",\"@graph\":[{\"@type\":\"Article\",\"@id\":\"https:\/\/www.garciafaura.com\/es\/la-facana-com-a-contribucio-a-edificis-amb-certificacio-leed\/#article\",\"isPartOf\":{\"@id\":\"https:\/\/www.garciafaura.com\/es\/la-facana-com-a-contribucio-a-edificis-amb-certificacio-leed\/\"},\"author\":{\"name\":\"David Achell\",\"@id\":\"https:\/\/www.garciafaura.com\/fr\/#\/schema\/person\/b4b75e69b33fac3446071909bec106b0\"},\"headline\":\"La fachada como contribuci\u00f3n a edificios con certificaci\u00f3n LEED\",\"datePublished\":\"2020-11-11T15:26:23+00:00\",\"dateModified\":\"2020-11-11T15:58:54+00:00\",\"mainEntityOfPage\":{\"@id\":\"https:\/\/www.garciafaura.com\/es\/la-facana-com-a-contribucio-a-edificis-amb-certificacio-leed\/\"},\"wordCount\":441,\"publisher\":{\"@id\":\"https:\/\/www.garciafaura.com\/fr\/#organization\"},\"articleSection\":[\"Actualidad\"],\"inLanguage\":\"es\"},{\"@type\":\"WebPage\",\"@id\":\"https:\/\/www.garciafaura.com\/es\/la-facana-com-a-contribucio-a-edificis-amb-certificacio-leed\/\",\"url\":\"https:\/\/www.garciafaura.com\/es\/la-facana-com-a-contribucio-a-edificis-amb-certificacio-leed\/\",\"name\":\"La fachada como contribuci\u00f3n a edificios con certificaci\u00f3n LEED - GARCIA FAURA\",\"isPartOf\":{\"@id\":\"https:\/\/www.garciafaura.com\/fr\/#website\"},\"datePublished\":\"2020-11-11T15:26:23+00:00\",\"dateModified\":\"2020-11-11T15:58:54+00:00\",\"description\":\"Arquitectura en Alumini, Inox, Ferro i Vidre\",\"breadcrumb\":{\"@id\":\"https:\/\/www.garciafaura.com\/es\/la-facana-com-a-contribucio-a-edificis-amb-certificacio-leed\/#breadcrumb\"},\"inLanguage\":\"es\",\"potentialAction\":[{\"@type\":\"ReadAction\",\"target\":[\"https:\/\/www.garciafaura.com\/es\/la-facana-com-a-contribucio-a-edificis-amb-certificacio-leed\/\"]}]},{\"@type\":\"BreadcrumbList\",\"@id\":\"https:\/\/www.garciafaura.com\/es\/la-facana-com-a-contribucio-a-edificis-amb-certificacio-leed\/#breadcrumb\",\"itemListElement\":[{\"@type\":\"ListItem\",\"position\":1,\"name\":\"Inici\",\"item\":\"https:\/\/www.garciafaura.com\/es\/\"},{\"@type\":\"ListItem\",\"position\":2,\"name\":\"La fachada como contribuci\u00f3n a edificios con certificaci\u00f3n LEED\"}]},{\"@type\":\"WebSite\",\"@id\":\"https:\/\/www.garciafaura.com\/fr\/#website\",\"url\":\"https:\/\/www.garciafaura.com\/fr\/\",\"name\":\"GARCIA FAURA\",\"description\":\"Arquitectura en Alumini, Inox, Ferro i Vidre\",\"publisher\":{\"@id\":\"https:\/\/www.garciafaura.com\/fr\/#organization\"},\"potentialAction\":[{\"@type\":\"SearchAction\",\"target\":{\"@type\":\"EntryPoint\",\"urlTemplate\":\"https:\/\/www.garciafaura.com\/fr\/?s={search_term_string}\"},\"query-input\":{\"@type\":\"PropertyValueSpecification\",\"valueRequired\":true,\"valueName\":\"search_term_string\"}}],\"inLanguage\":\"es\"},{\"@type\":\"Organization\",\"@id\":\"https:\/\/www.garciafaura.com\/fr\/#organization\",\"name\":\"GARCIA FAURA\",\"url\":\"https:\/\/www.garciafaura.com\/fr\/\",\"logo\":{\"@type\":\"ImageObject\",\"inLanguage\":\"es\",\"@id\":\"https:\/\/www.garciafaura.com\/fr\/#\/schema\/logo\/image\/\",\"url\":\"https:\/\/www.garciafaura.com\/wp-content\/uploads\/2018\/09\/Garcia-Faura.png\",\"contentUrl\":\"https:\/\/www.garciafaura.com\/wp-content\/uploads\/2018\/09\/Garcia-Faura.png\",\"width\":512,\"height\":512,\"caption\":\"GARCIA FAURA\"},\"image\":{\"@id\":\"https:\/\/www.garciafaura.com\/fr\/#\/schema\/logo\/image\/\"},\"sameAs\":[\"https:\/\/www.youtube.com\/user\/GARCIAFAURA\"]},{\"@type\":\"Person\",\"@id\":\"https:\/\/www.garciafaura.com\/fr\/#\/schema\/person\/b4b75e69b33fac3446071909bec106b0\",\"name\":\"David Achell\",\"image\":{\"@type\":\"ImageObject\",\"inLanguage\":\"es\",\"@id\":\"https:\/\/www.garciafaura.com\/fr\/#\/schema\/person\/image\/\",\"url\":\"https:\/\/secure.gravatar.com\/avatar\/03900210afc1f61bce737bcb4a79c02e2c997f171e3eca839b5a4cbe03846c90?s=96&d=blank&r=g\",\"contentUrl\":\"https:\/\/secure.gravatar.com\/avatar\/03900210afc1f61bce737bcb4a79c02e2c997f171e3eca839b5a4cbe03846c90?s=96&d=blank&r=g\",\"caption\":\"David Achell\"}}]}<\/script>\n<!-- \/ Yoast SEO plugin. -->","yoast_head_json":{"title":"La fachada como contribuci\u00f3n a edificios con certificaci\u00f3n LEED - GARCIA FAURA","description":"Arquitectura en Alumini, Inox, Ferro i Vidre","robots":{"index":"index","follow":"follow","max-snippet":"max-snippet:-1","max-image-preview":"max-image-preview:large","max-video-preview":"max-video-preview:-1"},"canonical":"https:\/\/www.garciafaura.com\/es\/la-facana-com-a-contribucio-a-edificis-amb-certificacio-leed\/","og_locale":"es_ES","og_type":"article","og_title":"La fachada como contribuci\u00f3n a edificios con certificaci\u00f3n LEED - GARCIA FAURA","og_description":"Arquitectura en Alumini, Inox, Ferro i Vidre","og_url":"https:\/\/www.garciafaura.com\/es\/la-facana-com-a-contribucio-a-edificis-amb-certificacio-leed\/","og_site_name":"GARCIA FAURA","article_published_time":"2020-11-11T15:26:23+00:00","article_modified_time":"2020-11-11T15:58:54+00:00","author":"David Achell","twitter_card":"summary_large_image","twitter_misc":{"Escrito por":"David Achell","Tiempo de lectura":"2 minutos"},"schema":{"@context":"https:\/\/schema.org","@graph":[{"@type":"Article","@id":"https:\/\/www.garciafaura.com\/es\/la-facana-com-a-contribucio-a-edificis-amb-certificacio-leed\/#article","isPartOf":{"@id":"https:\/\/www.garciafaura.com\/es\/la-facana-com-a-contribucio-a-edificis-amb-certificacio-leed\/"},"author":{"name":"David Achell","@id":"https:\/\/www.garciafaura.com\/fr\/#\/schema\/person\/b4b75e69b33fac3446071909bec106b0"},"headline":"La fachada como contribuci\u00f3n a edificios con certificaci\u00f3n LEED","datePublished":"2020-11-11T15:26:23+00:00","dateModified":"2020-11-11T15:58:54+00:00","mainEntityOfPage":{"@id":"https:\/\/www.garciafaura.com\/es\/la-facana-com-a-contribucio-a-edificis-amb-certificacio-leed\/"},"wordCount":441,"publisher":{"@id":"https:\/\/www.garciafaura.com\/fr\/#organization"},"articleSection":["Actualidad"],"inLanguage":"es"},{"@type":"WebPage","@id":"https:\/\/www.garciafaura.com\/es\/la-facana-com-a-contribucio-a-edificis-amb-certificacio-leed\/","url":"https:\/\/www.garciafaura.com\/es\/la-facana-com-a-contribucio-a-edificis-amb-certificacio-leed\/","name":"La fachada como contribuci\u00f3n a edificios con certificaci\u00f3n LEED - GARCIA FAURA","isPartOf":{"@id":"https:\/\/www.garciafaura.com\/fr\/#website"},"datePublished":"2020-11-11T15:26:23+00:00","dateModified":"2020-11-11T15:58:54+00:00","description":"Arquitectura en Alumini, Inox, Ferro i Vidre","breadcrumb":{"@id":"https:\/\/www.garciafaura.com\/es\/la-facana-com-a-contribucio-a-edificis-amb-certificacio-leed\/#breadcrumb"},"inLanguage":"es","potentialAction":[{"@type":"ReadAction","target":["https:\/\/www.garciafaura.com\/es\/la-facana-com-a-contribucio-a-edificis-amb-certificacio-leed\/"]}]},{"@type":"BreadcrumbList","@id":"https:\/\/www.garciafaura.com\/es\/la-facana-com-a-contribucio-a-edificis-amb-certificacio-leed\/#breadcrumb","itemListElement":[{"@type":"ListItem","position":1,"name":"Inici","item":"https:\/\/www.garciafaura.com\/es\/"},{"@type":"ListItem","position":2,"name":"La fachada como contribuci\u00f3n a edificios con certificaci\u00f3n LEED"}]},{"@type":"WebSite","@id":"https:\/\/www.garciafaura.com\/fr\/#website","url":"https:\/\/www.garciafaura.com\/fr\/","name":"GARCIA FAURA","description":"Arquitectura en Alumini, Inox, Ferro i Vidre","publisher":{"@id":"https:\/\/www.garciafaura.com\/fr\/#organization"},"potentialAction":[{"@type":"SearchAction","target":{"@type":"EntryPoint","urlTemplate":"https:\/\/www.garciafaura.com\/fr\/?s={search_term_string}"},"query-input":{"@type":"PropertyValueSpecification","valueRequired":true,"valueName":"search_term_string"}}],"inLanguage":"es"},{"@type":"Organization","@id":"https:\/\/www.garciafaura.com\/fr\/#organization","name":"GARCIA FAURA","url":"https:\/\/www.garciafaura.com\/fr\/","logo":{"@type":"ImageObject","inLanguage":"es","@id":"https:\/\/www.garciafaura.com\/fr\/#\/schema\/logo\/image\/","url":"https:\/\/www.garciafaura.com\/wp-content\/uploads\/2018\/09\/Garcia-Faura.png","contentUrl":"https:\/\/www.garciafaura.com\/wp-content\/uploads\/2018\/09\/Garcia-Faura.png","width":512,"height":512,"caption":"GARCIA FAURA"},"image":{"@id":"https:\/\/www.garciafaura.com\/fr\/#\/schema\/logo\/image\/"},"sameAs":["https:\/\/www.youtube.com\/user\/GARCIAFAURA"]},{"@type":"Person","@id":"https:\/\/www.garciafaura.com\/fr\/#\/schema\/person\/b4b75e69b33fac3446071909bec106b0","name":"David Achell","image":{"@type":"ImageObject","inLanguage":"es","@id":"https:\/\/www.garciafaura.com\/fr\/#\/schema\/person\/image\/","url":"https:\/\/secure.gravatar.com\/avatar\/03900210afc1f61bce737bcb4a79c02e2c997f171e3eca839b5a4cbe03846c90?s=96&d=blank&r=g","contentUrl":"https:\/\/secure.gravatar.com\/avatar\/03900210afc1f61bce737bcb4a79c02e2c997f171e3eca839b5a4cbe03846c90?s=96&d=blank&r=g","caption":"David Achell"}}]}},"_links":{"self":[{"href":"https:\/\/www.garciafaura.com\/es\/wp-json\/wp\/v2\/posts\/26137","targetHints":{"allow":["GET"]}}],"collection":[{"href":"https:\/\/www.garciafaura.com\/es\/wp-json\/wp\/v2\/posts"}],"about":[{"href":"https:\/\/www.garciafaura.com\/es\/wp-json\/wp\/v2\/types\/post"}],"author":[{"embeddable":true,"href":"https:\/\/www.garciafaura.com\/es\/wp-json\/wp\/v2\/users\/3"}],"replies":[{"embeddable":true,"href":"https:\/\/www.garciafaura.com\/es\/wp-json\/wp\/v2\/comments?post=26137"}],"version-history":[{"count":2,"href":"https:\/\/www.garciafaura.com\/es\/wp-json\/wp\/v2\/posts\/26137\/revisions"}],"predecessor-version":[{"id":26139,"href":"https:\/\/www.garciafaura.com\/es\/wp-json\/wp\/v2\/posts\/26137\/revisions\/26139"}],"wp:attachment":[{"href":"https:\/\/www.garciafaura.com\/es\/wp-json\/wp\/v2\/media?parent=26137"}],"wp:term":[{"taxonomy":"category","embeddable":true,"href":"https:\/\/www.garciafaura.com\/es\/wp-json\/wp\/v2\/categories?post=26137"},{"taxonomy":"post_tag","embeddable":true,"href":"https:\/\/www.garciafaura.com\/es\/wp-json\/wp\/v2\/tags?post=26137"},{"taxonomy":"post_series","embeddable":true,"href":"https:\/\/www.garciafaura.com\/es\/wp-json\/wp\/v2\/post_series?post=26137"}],"curies":[{"name":"wp","href":"https:\/\/api.w.org\/{rel}","templated":true}]}}