{"id":25606,"date":"2020-07-28T12:00:13","date_gmt":"2020-07-28T10:00:13","guid":{"rendered":"https:\/\/www.garciafaura.com\/?p=25606"},"modified":"2020-07-28T21:03:22","modified_gmt":"2020-07-28T19:03:22","slug":"bon-balanc-de-la-participacio-de-garcia-faura-en-el-master-de-facanes-lleugeres","status":"publish","type":"post","link":"https:\/\/www.garciafaura.com\/es\/bon-balanc-de-la-participacio-de-garcia-faura-en-el-master-de-facanes-lleugeres\/","title":{"rendered":"Buen balance de la participaci\u00f3n de GARCIA FAURA en el M\u00e1ster de fachadas ligeras"},"content":{"rendered":"<p style=\"text-align: justify;\"><strong>Durante este curso escolar, un grupo de t\u00e9cnicos superiores de GARCIA FAURA han recibido una beca de la empresa para participar en el <a href=\"https:\/\/www.masterfachadasligeras.es\/\" target=\"_blank\" rel=\"noopener\">M\u00e1ster de Fachadas Ligeras<\/a> que se impart\u00eda en la Escuela T\u00e9cnica Superior de Arquitectura de la Universitat Polit\u00e8cnica de Catalunya. Una <a href=\"https:\/\/www.garciafaura.com\/es\/garcia-faura-beca-a-4-de-sus-ingenieros-para-el-master-de-fachadas-ligeras\/\" target=\"_blank\" rel=\"noopener\">apuesta de GARCIA FAURA por la formaci\u00f3n continua de los trabajadores de la empresa<\/a>.<\/strong><\/p>\n<p style=\"text-align: justify;\">El m\u00e1ster, en el cual <strong>GARCIA FAURA<\/strong> era entidad colaboradora, estuvo marcado por la incidencia del coronavirus, con el inicio de las clases de forma presencial pero finalizando con la formaci\u00f3n en l\u00ednea. Sin embargo, el curso ha sido provechoso para los t\u00e9cnicos de la empresa que han participado, tres de ellos becados directamente por <strong>GARCIA FAURA<\/strong> y uno con la colaboraci\u00f3n de la empresa proveedora <a href=\"https:\/\/www.geze.es\/es\/\" target=\"_blank\" rel=\"noopener\"><strong>GEZE Ib\u00e9rica<\/strong><\/a>. Algunos de los participantes nos cuentan su experiencia.<\/p>\n<p style=\"text-align: justify;\">Para Mar\u00eda L\u00f3pez, arquitecta de formaci\u00f3n, las clases del m\u00e1ster han estado muy bien organizadas, tambi\u00e9n cuando el confinamiento oblig\u00f3 a hacerlas en l\u00ednea, de forma que se han podido terminar correctamente con todos los contenidos planificados.<\/p>\n<p style=\"text-align: justify;\">A su juicio, el m\u00e1ster le ha permitido \u00ab<strong>mejorar la forma de realizar mi trabajo, pero tambi\u00e9n tener una visi\u00f3n m\u00e1s global de otras partes de la fachada m\u00e1s all\u00e1 del montaje y la fabricaci\u00f3n, como el dise\u00f1o, la ac\u00fastica o la t\u00e9rmica<\/strong> \u00ab. Una visi\u00f3n general que \u00ab<strong>me permite anticipar problemas o detectar algunos que pueden surgir en partes de la fachada<\/strong>\u00ab.<\/p>\n<p style=\"text-align: justify;\">Por este motivo, recomendar\u00eda el m\u00e1ster \u00ab<strong>tanto a la gente que acaba de salir de la carrera y que quiera especializarse en fachadas como a gente que ya forme parte del sector y que quiera reciclarse, porque el m\u00e1ster est\u00e1 muy actualizado y al d\u00eda de la normativa actual. No basta con llevar veinte a\u00f1os dedicados al mundo de las fachadas<\/strong>\u00ab, concluye.<\/p>\n<p style=\"text-align: justify;\">Para Nuria Mu\u00f1oz, ingeniera t\u00e9cnica industrial, el m\u00e1ster ha sido \u00ab<strong>duro<\/strong>\u00bb por tener que compaginar el trabajo con las clases y hacer el proyecto final durante el confinamiento debido a la pandemia de la covid-19. \u00ab<strong>Pero ha valido la pena. Al final todo tiene recompensa<\/strong>\u00ab, asegura satisfecha.<\/p>\n<p style=\"text-align: justify;\">Y es que el m\u00e1ster le ha dado \u00ab<strong>una visi\u00f3n general de muchos campos dentro del sector que en tu d\u00eda a d\u00eda en el trabajo no tocas<\/strong>\u00ab. As\u00ed, aparte de los conocimientos adquiridos, el curso le servir\u00e1 \u00ab<strong>para tener herramientas y recursos para saber d\u00f3nde ir a buscar la informaci\u00f3n el d\u00eda que me encuentre un problema. De hecho, ya me he encontrado casos de surgir una duda en alguna reuni\u00f3n y tener la respuesta en los apuntes del m\u00e1ster<\/strong>\u00ab.<\/p>\n<p style=\"text-align: justify;\">Indudablemente recomendar\u00eda el m\u00e1ster a cualquier persona del sector, porque \u00ab<strong>es \u00fatil, los profesores son especialistas de un \u00e1rea concreta y pueden dar unos conocimientos m\u00e1s profundos. Te pueden dar una visi\u00f3n de conocimiento general del sector<\/strong>\u00ab.<\/p>\n<p style=\"text-align: justify;\">De la misma opini\u00f3n es Francisco S\u00e1nchez, ingeniero de caminos, quien hace una buena valoraci\u00f3n del m\u00e1ster porque \u00ab<strong>el temario ha sido muy amplio, con cosas muy espec\u00edficas<\/strong>\u00ab. Un aspecto del curso que le ha gustado es que le ha permitido tener \u00ab<strong>una visi\u00f3n general y global de lo que es nuestro trabajo, porque aqu\u00ed cada uno de nosotros est\u00e1 centrado en un punto espec\u00edfico. E, incluso dentro del mismo campo en el que trabajamos, ves tipolog\u00edas de fachada que aqu\u00ed no son tan habituales y que tambi\u00e9n est\u00e1 bien ver<\/strong>\u00ab.<\/p>\n<p style=\"text-align: justify;\">En este sentido, considera que el m\u00e1ster es \u00ab<strong>especialmente interesante para alguien que se haya acabado de licenciar o que lleve poco tiempo en el sector porque en este mundo, tengas la formaci\u00f3n que tengas, no has visto muchas cosas. Lo que tiene el m\u00e1ster es una formaci\u00f3n espec\u00edfica en este campo de las fachadas, que siempre va bien<\/strong>\u00ab.<\/p>\n","protected":false},"excerpt":{"rendered":"<p>Durante este curso escolar, un grupo de t\u00e9cnicos superiores de GARCIA FAURA han recibido una beca de la empresa para participar en el M\u00e1ster de Fachadas Ligeras que se impart\u00eda en la Escuela T\u00e9cnica Superior de Arquitectura de la Universitat&hellip;<\/p>\n","protected":false},"author":3,"featured_media":25600,"comment_status":"closed","ping_status":"open","sticky":false,"template":"","format":"standard","meta":{"footnotes":""},"categories":[3],"tags":[],"post_series":[],"class_list":["post-25606","post","type-post","status-publish","format-standard","has-post-thumbnail","hentry","category-actualidad","entry","has-media"],"yoast_head":"<!-- This site is optimized with the Yoast SEO plugin v26.7 - https:\/\/yoast.com\/wordpress\/plugins\/seo\/ -->\n<title>Buen balance de la participaci\u00f3n de GARCIA FAURA en el M\u00e1ster de fachadas ligeras - GARCIA FAURA<\/title>\n<meta name=\"description\" content=\"Arquitectura en Alumini, Inox, Ferro i Vidre\" \/>\n<meta name=\"robots\" content=\"index, follow, max-snippet:-1, max-image-preview:large, max-video-preview:-1\" \/>\n<link rel=\"canonical\" href=\"https:\/\/www.garciafaura.com\/es\/bon-balanc-de-la-participacio-de-garcia-faura-en-el-master-de-facanes-lleugeres\/\" \/>\n<meta property=\"og:locale\" content=\"es_ES\" \/>\n<meta property=\"og:type\" content=\"article\" \/>\n<meta property=\"og:title\" content=\"Buen balance de la participaci\u00f3n de GARCIA FAURA en el M\u00e1ster de fachadas ligeras - GARCIA FAURA\" \/>\n<meta property=\"og:description\" content=\"Arquitectura en Alumini, Inox, Ferro i Vidre\" \/>\n<meta property=\"og:url\" content=\"https:\/\/www.garciafaura.com\/es\/bon-balanc-de-la-participacio-de-garcia-faura-en-el-master-de-facanes-lleugeres\/\" \/>\n<meta property=\"og:site_name\" content=\"GARCIA FAURA\" \/>\n<meta property=\"article:published_time\" content=\"2020-07-28T10:00:13+00:00\" \/>\n<meta property=\"article:modified_time\" content=\"2020-07-28T19:03:22+00:00\" \/>\n<meta property=\"og:image\" content=\"https:\/\/www.garciafaura.com\/wp-content\/uploads\/2020\/07\/EstudiantsMasterFLleugeres-1024x683.jpg\" \/>\n\t<meta property=\"og:image:width\" content=\"1024\" \/>\n\t<meta property=\"og:image:height\" content=\"683\" \/>\n\t<meta property=\"og:image:type\" content=\"image\/jpeg\" \/>\n<meta name=\"author\" content=\"David Achell\" \/>\n<meta name=\"twitter:card\" content=\"summary_large_image\" \/>\n<meta name=\"twitter:label1\" content=\"Escrito por\" \/>\n\t<meta name=\"twitter:data1\" content=\"David Achell\" \/>\n\t<meta name=\"twitter:label2\" content=\"Tiempo de lectura\" \/>\n\t<meta name=\"twitter:data2\" content=\"3 minutos\" \/>\n<script type=\"application\/ld+json\" class=\"yoast-schema-graph\">{\"@context\":\"https:\/\/schema.org\",\"@graph\":[{\"@type\":\"Article\",\"@id\":\"https:\/\/www.garciafaura.com\/es\/bon-balanc-de-la-participacio-de-garcia-faura-en-el-master-de-facanes-lleugeres\/#article\",\"isPartOf\":{\"@id\":\"https:\/\/www.garciafaura.com\/es\/bon-balanc-de-la-participacio-de-garcia-faura-en-el-master-de-facanes-lleugeres\/\"},\"author\":{\"name\":\"David Achell\",\"@id\":\"https:\/\/www.garciafaura.com\/fr\/#\/schema\/person\/b4b75e69b33fac3446071909bec106b0\"},\"headline\":\"Buen balance de la participaci\u00f3n de GARCIA FAURA en el M\u00e1ster de fachadas ligeras\",\"datePublished\":\"2020-07-28T10:00:13+00:00\",\"dateModified\":\"2020-07-28T19:03:22+00:00\",\"mainEntityOfPage\":{\"@id\":\"https:\/\/www.garciafaura.com\/es\/bon-balanc-de-la-participacio-de-garcia-faura-en-el-master-de-facanes-lleugeres\/\"},\"wordCount\":689,\"publisher\":{\"@id\":\"https:\/\/www.garciafaura.com\/fr\/#organization\"},\"image\":{\"@id\":\"https:\/\/www.garciafaura.com\/es\/bon-balanc-de-la-participacio-de-garcia-faura-en-el-master-de-facanes-lleugeres\/#primaryimage\"},\"thumbnailUrl\":\"https:\/\/www.garciafaura.com\/wp-content\/uploads\/2020\/07\/EstudiantsMasterFLleugeres.jpg\",\"articleSection\":[\"Actualidad\"],\"inLanguage\":\"es\"},{\"@type\":\"WebPage\",\"@id\":\"https:\/\/www.garciafaura.com\/es\/bon-balanc-de-la-participacio-de-garcia-faura-en-el-master-de-facanes-lleugeres\/\",\"url\":\"https:\/\/www.garciafaura.com\/es\/bon-balanc-de-la-participacio-de-garcia-faura-en-el-master-de-facanes-lleugeres\/\",\"name\":\"Buen balance de la participaci\u00f3n de GARCIA FAURA en el M\u00e1ster de fachadas ligeras - GARCIA FAURA\",\"isPartOf\":{\"@id\":\"https:\/\/www.garciafaura.com\/fr\/#website\"},\"primaryImageOfPage\":{\"@id\":\"https:\/\/www.garciafaura.com\/es\/bon-balanc-de-la-participacio-de-garcia-faura-en-el-master-de-facanes-lleugeres\/#primaryimage\"},\"image\":{\"@id\":\"https:\/\/www.garciafaura.com\/es\/bon-balanc-de-la-participacio-de-garcia-faura-en-el-master-de-facanes-lleugeres\/#primaryimage\"},\"thumbnailUrl\":\"https:\/\/www.garciafaura.com\/wp-content\/uploads\/2020\/07\/EstudiantsMasterFLleugeres.jpg\",\"datePublished\":\"2020-07-28T10:00:13+00:00\",\"dateModified\":\"2020-07-28T19:03:22+00:00\",\"description\":\"Arquitectura en Alumini, Inox, Ferro i Vidre\",\"breadcrumb\":{\"@id\":\"https:\/\/www.garciafaura.com\/es\/bon-balanc-de-la-participacio-de-garcia-faura-en-el-master-de-facanes-lleugeres\/#breadcrumb\"},\"inLanguage\":\"es\",\"potentialAction\":[{\"@type\":\"ReadAction\",\"target\":[\"https:\/\/www.garciafaura.com\/es\/bon-balanc-de-la-participacio-de-garcia-faura-en-el-master-de-facanes-lleugeres\/\"]}]},{\"@type\":\"ImageObject\",\"inLanguage\":\"es\",\"@id\":\"https:\/\/www.garciafaura.com\/es\/bon-balanc-de-la-participacio-de-garcia-faura-en-el-master-de-facanes-lleugeres\/#primaryimage\",\"url\":\"https:\/\/www.garciafaura.com\/wp-content\/uploads\/2020\/07\/EstudiantsMasterFLleugeres.jpg\",\"contentUrl\":\"https:\/\/www.garciafaura.com\/wp-content\/uploads\/2020\/07\/EstudiantsMasterFLleugeres.jpg\",\"width\":6000,\"height\":4000},{\"@type\":\"BreadcrumbList\",\"@id\":\"https:\/\/www.garciafaura.com\/es\/bon-balanc-de-la-participacio-de-garcia-faura-en-el-master-de-facanes-lleugeres\/#breadcrumb\",\"itemListElement\":[{\"@type\":\"ListItem\",\"position\":1,\"name\":\"Inici\",\"item\":\"https:\/\/www.garciafaura.com\/es\/\"},{\"@type\":\"ListItem\",\"position\":2,\"name\":\"Buen balance de la participaci\u00f3n de GARCIA FAURA en el M\u00e1ster de fachadas ligeras\"}]},{\"@type\":\"WebSite\",\"@id\":\"https:\/\/www.garciafaura.com\/fr\/#website\",\"url\":\"https:\/\/www.garciafaura.com\/fr\/\",\"name\":\"GARCIA FAURA\",\"description\":\"Arquitectura en Alumini, Inox, Ferro i Vidre\",\"publisher\":{\"@id\":\"https:\/\/www.garciafaura.com\/fr\/#organization\"},\"potentialAction\":[{\"@type\":\"SearchAction\",\"target\":{\"@type\":\"EntryPoint\",\"urlTemplate\":\"https:\/\/www.garciafaura.com\/fr\/?s={search_term_string}\"},\"query-input\":{\"@type\":\"PropertyValueSpecification\",\"valueRequired\":true,\"valueName\":\"search_term_string\"}}],\"inLanguage\":\"es\"},{\"@type\":\"Organization\",\"@id\":\"https:\/\/www.garciafaura.com\/fr\/#organization\",\"name\":\"GARCIA FAURA\",\"url\":\"https:\/\/www.garciafaura.com\/fr\/\",\"logo\":{\"@type\":\"ImageObject\",\"inLanguage\":\"es\",\"@id\":\"https:\/\/www.garciafaura.com\/fr\/#\/schema\/logo\/image\/\",\"url\":\"https:\/\/www.garciafaura.com\/wp-content\/uploads\/2018\/09\/Garcia-Faura.png\",\"contentUrl\":\"https:\/\/www.garciafaura.com\/wp-content\/uploads\/2018\/09\/Garcia-Faura.png\",\"width\":512,\"height\":512,\"caption\":\"GARCIA FAURA\"},\"image\":{\"@id\":\"https:\/\/www.garciafaura.com\/fr\/#\/schema\/logo\/image\/\"},\"sameAs\":[\"https:\/\/www.youtube.com\/user\/GARCIAFAURA\"]},{\"@type\":\"Person\",\"@id\":\"https:\/\/www.garciafaura.com\/fr\/#\/schema\/person\/b4b75e69b33fac3446071909bec106b0\",\"name\":\"David Achell\",\"image\":{\"@type\":\"ImageObject\",\"inLanguage\":\"es\",\"@id\":\"https:\/\/www.garciafaura.com\/fr\/#\/schema\/person\/image\/\",\"url\":\"https:\/\/secure.gravatar.com\/avatar\/03900210afc1f61bce737bcb4a79c02e2c997f171e3eca839b5a4cbe03846c90?s=96&d=blank&r=g\",\"contentUrl\":\"https:\/\/secure.gravatar.com\/avatar\/03900210afc1f61bce737bcb4a79c02e2c997f171e3eca839b5a4cbe03846c90?s=96&d=blank&r=g\",\"caption\":\"David Achell\"}}]}<\/script>\n<!-- \/ Yoast SEO plugin. -->","yoast_head_json":{"title":"Buen balance de la participaci\u00f3n de GARCIA FAURA en el M\u00e1ster de fachadas ligeras - GARCIA FAURA","description":"Arquitectura en Alumini, Inox, Ferro i Vidre","robots":{"index":"index","follow":"follow","max-snippet":"max-snippet:-1","max-image-preview":"max-image-preview:large","max-video-preview":"max-video-preview:-1"},"canonical":"https:\/\/www.garciafaura.com\/es\/bon-balanc-de-la-participacio-de-garcia-faura-en-el-master-de-facanes-lleugeres\/","og_locale":"es_ES","og_type":"article","og_title":"Buen balance de la participaci\u00f3n de GARCIA FAURA en el M\u00e1ster de fachadas ligeras - GARCIA FAURA","og_description":"Arquitectura en Alumini, Inox, Ferro i Vidre","og_url":"https:\/\/www.garciafaura.com\/es\/bon-balanc-de-la-participacio-de-garcia-faura-en-el-master-de-facanes-lleugeres\/","og_site_name":"GARCIA FAURA","article_published_time":"2020-07-28T10:00:13+00:00","article_modified_time":"2020-07-28T19:03:22+00:00","og_image":[{"width":1024,"height":683,"url":"https:\/\/www.garciafaura.com\/wp-content\/uploads\/2020\/07\/EstudiantsMasterFLleugeres-1024x683.jpg","type":"image\/jpeg"}],"author":"David Achell","twitter_card":"summary_large_image","twitter_misc":{"Escrito por":"David Achell","Tiempo de lectura":"3 minutos"},"schema":{"@context":"https:\/\/schema.org","@graph":[{"@type":"Article","@id":"https:\/\/www.garciafaura.com\/es\/bon-balanc-de-la-participacio-de-garcia-faura-en-el-master-de-facanes-lleugeres\/#article","isPartOf":{"@id":"https:\/\/www.garciafaura.com\/es\/bon-balanc-de-la-participacio-de-garcia-faura-en-el-master-de-facanes-lleugeres\/"},"author":{"name":"David Achell","@id":"https:\/\/www.garciafaura.com\/fr\/#\/schema\/person\/b4b75e69b33fac3446071909bec106b0"},"headline":"Buen balance de la participaci\u00f3n de GARCIA FAURA en el M\u00e1ster de fachadas ligeras","datePublished":"2020-07-28T10:00:13+00:00","dateModified":"2020-07-28T19:03:22+00:00","mainEntityOfPage":{"@id":"https:\/\/www.garciafaura.com\/es\/bon-balanc-de-la-participacio-de-garcia-faura-en-el-master-de-facanes-lleugeres\/"},"wordCount":689,"publisher":{"@id":"https:\/\/www.garciafaura.com\/fr\/#organization"},"image":{"@id":"https:\/\/www.garciafaura.com\/es\/bon-balanc-de-la-participacio-de-garcia-faura-en-el-master-de-facanes-lleugeres\/#primaryimage"},"thumbnailUrl":"https:\/\/www.garciafaura.com\/wp-content\/uploads\/2020\/07\/EstudiantsMasterFLleugeres.jpg","articleSection":["Actualidad"],"inLanguage":"es"},{"@type":"WebPage","@id":"https:\/\/www.garciafaura.com\/es\/bon-balanc-de-la-participacio-de-garcia-faura-en-el-master-de-facanes-lleugeres\/","url":"https:\/\/www.garciafaura.com\/es\/bon-balanc-de-la-participacio-de-garcia-faura-en-el-master-de-facanes-lleugeres\/","name":"Buen balance de la participaci\u00f3n de GARCIA FAURA en el M\u00e1ster de fachadas ligeras - GARCIA FAURA","isPartOf":{"@id":"https:\/\/www.garciafaura.com\/fr\/#website"},"primaryImageOfPage":{"@id":"https:\/\/www.garciafaura.com\/es\/bon-balanc-de-la-participacio-de-garcia-faura-en-el-master-de-facanes-lleugeres\/#primaryimage"},"image":{"@id":"https:\/\/www.garciafaura.com\/es\/bon-balanc-de-la-participacio-de-garcia-faura-en-el-master-de-facanes-lleugeres\/#primaryimage"},"thumbnailUrl":"https:\/\/www.garciafaura.com\/wp-content\/uploads\/2020\/07\/EstudiantsMasterFLleugeres.jpg","datePublished":"2020-07-28T10:00:13+00:00","dateModified":"2020-07-28T19:03:22+00:00","description":"Arquitectura en Alumini, Inox, Ferro i Vidre","breadcrumb":{"@id":"https:\/\/www.garciafaura.com\/es\/bon-balanc-de-la-participacio-de-garcia-faura-en-el-master-de-facanes-lleugeres\/#breadcrumb"},"inLanguage":"es","potentialAction":[{"@type":"ReadAction","target":["https:\/\/www.garciafaura.com\/es\/bon-balanc-de-la-participacio-de-garcia-faura-en-el-master-de-facanes-lleugeres\/"]}]},{"@type":"ImageObject","inLanguage":"es","@id":"https:\/\/www.garciafaura.com\/es\/bon-balanc-de-la-participacio-de-garcia-faura-en-el-master-de-facanes-lleugeres\/#primaryimage","url":"https:\/\/www.garciafaura.com\/wp-content\/uploads\/2020\/07\/EstudiantsMasterFLleugeres.jpg","contentUrl":"https:\/\/www.garciafaura.com\/wp-content\/uploads\/2020\/07\/EstudiantsMasterFLleugeres.jpg","width":6000,"height":4000},{"@type":"BreadcrumbList","@id":"https:\/\/www.garciafaura.com\/es\/bon-balanc-de-la-participacio-de-garcia-faura-en-el-master-de-facanes-lleugeres\/#breadcrumb","itemListElement":[{"@type":"ListItem","position":1,"name":"Inici","item":"https:\/\/www.garciafaura.com\/es\/"},{"@type":"ListItem","position":2,"name":"Buen balance de la participaci\u00f3n de GARCIA FAURA en el M\u00e1ster de fachadas ligeras"}]},{"@type":"WebSite","@id":"https:\/\/www.garciafaura.com\/fr\/#website","url":"https:\/\/www.garciafaura.com\/fr\/","name":"GARCIA FAURA","description":"Arquitectura en Alumini, Inox, Ferro i Vidre","publisher":{"@id":"https:\/\/www.garciafaura.com\/fr\/#organization"},"potentialAction":[{"@type":"SearchAction","target":{"@type":"EntryPoint","urlTemplate":"https:\/\/www.garciafaura.com\/fr\/?s={search_term_string}"},"query-input":{"@type":"PropertyValueSpecification","valueRequired":true,"valueName":"search_term_string"}}],"inLanguage":"es"},{"@type":"Organization","@id":"https:\/\/www.garciafaura.com\/fr\/#organization","name":"GARCIA FAURA","url":"https:\/\/www.garciafaura.com\/fr\/","logo":{"@type":"ImageObject","inLanguage":"es","@id":"https:\/\/www.garciafaura.com\/fr\/#\/schema\/logo\/image\/","url":"https:\/\/www.garciafaura.com\/wp-content\/uploads\/2018\/09\/Garcia-Faura.png","contentUrl":"https:\/\/www.garciafaura.com\/wp-content\/uploads\/2018\/09\/Garcia-Faura.png","width":512,"height":512,"caption":"GARCIA FAURA"},"image":{"@id":"https:\/\/www.garciafaura.com\/fr\/#\/schema\/logo\/image\/"},"sameAs":["https:\/\/www.youtube.com\/user\/GARCIAFAURA"]},{"@type":"Person","@id":"https:\/\/www.garciafaura.com\/fr\/#\/schema\/person\/b4b75e69b33fac3446071909bec106b0","name":"David Achell","image":{"@type":"ImageObject","inLanguage":"es","@id":"https:\/\/www.garciafaura.com\/fr\/#\/schema\/person\/image\/","url":"https:\/\/secure.gravatar.com\/avatar\/03900210afc1f61bce737bcb4a79c02e2c997f171e3eca839b5a4cbe03846c90?s=96&d=blank&r=g","contentUrl":"https:\/\/secure.gravatar.com\/avatar\/03900210afc1f61bce737bcb4a79c02e2c997f171e3eca839b5a4cbe03846c90?s=96&d=blank&r=g","caption":"David Achell"}}]}},"_links":{"self":[{"href":"https:\/\/www.garciafaura.com\/es\/wp-json\/wp\/v2\/posts\/25606","targetHints":{"allow":["GET"]}}],"collection":[{"href":"https:\/\/www.garciafaura.com\/es\/wp-json\/wp\/v2\/posts"}],"about":[{"href":"https:\/\/www.garciafaura.com\/es\/wp-json\/wp\/v2\/types\/post"}],"author":[{"embeddable":true,"href":"https:\/\/www.garciafaura.com\/es\/wp-json\/wp\/v2\/users\/3"}],"replies":[{"embeddable":true,"href":"https:\/\/www.garciafaura.com\/es\/wp-json\/wp\/v2\/comments?post=25606"}],"version-history":[{"count":2,"href":"https:\/\/www.garciafaura.com\/es\/wp-json\/wp\/v2\/posts\/25606\/revisions"}],"predecessor-version":[{"id":25615,"href":"https:\/\/www.garciafaura.com\/es\/wp-json\/wp\/v2\/posts\/25606\/revisions\/25615"}],"wp:featuredmedia":[{"embeddable":true,"href":"https:\/\/www.garciafaura.com\/es\/wp-json\/wp\/v2\/media\/25600"}],"wp:attachment":[{"href":"https:\/\/www.garciafaura.com\/es\/wp-json\/wp\/v2\/media?parent=25606"}],"wp:term":[{"taxonomy":"category","embeddable":true,"href":"https:\/\/www.garciafaura.com\/es\/wp-json\/wp\/v2\/categories?post=25606"},{"taxonomy":"post_tag","embeddable":true,"href":"https:\/\/www.garciafaura.com\/es\/wp-json\/wp\/v2\/tags?post=25606"},{"taxonomy":"post_series","embeddable":true,"href":"https:\/\/www.garciafaura.com\/es\/wp-json\/wp\/v2\/post_series?post=25606"}],"curies":[{"name":"wp","href":"https:\/\/api.w.org\/{rel}","templated":true}]}}