{"id":25581,"date":"2020-07-21T09:00:08","date_gmt":"2020-07-21T07:00:08","guid":{"rendered":"https:\/\/www.garciafaura.com\/?p=25581"},"modified":"2020-07-21T08:55:07","modified_gmt":"2020-07-21T06:55:07","slug":"finalitza-amb-exit-el-primer-projecte-amb-segell-garcia-faura-a-luxemburg","status":"publish","type":"post","link":"https:\/\/www.garciafaura.com\/es\/finalitza-amb-exit-el-primer-projecte-amb-segell-garcia-faura-a-luxemburg\/","title":{"rendered":"Finaliza con \u00e9xito el primer proyecto con sello de GARCIA FAURA en Luxemburgo"},"content":{"rendered":"<p style=\"text-align: justify;\">\u00daltimos detalles para la puesta en funcionamiento del proyecto de un edificio de oficinas y hotel en la ciudad de Luxemburgo, en el prestigioso barrio de Kirchberg, con la participaci\u00f3n de <strong>GARCIA FAURA<\/strong>. De hecho, el <a href=\"https:\/\/www.mamashelter.com\/es\/luxemburgo\" target=\"_blank\" rel=\"noopener\">hotel<\/a> abre oficialmente sus puertas el 20 de julio.<\/p>\n<p style=\"text-align: justify;\">Para el nuevo establecimiento hotelero, <strong>GARCIA FAURA<\/strong> ha fabricado e instalado 1.025 metros cuadrados de chasis de carpinter\u00eda de aluminio de alta gama, con vidrio de altas prestaciones t\u00e9rmicas, y un muro cortina con tapeta vista por el exterior y triple vidrio en la planta baja. Tambi\u00e9n ha colocado el conjunto de puertas de aluminio y otros elementos, como lamas de ventilaci\u00f3n.<\/p>\n<p style=\"text-align: justify;\">En cuanto al edificio de oficinas, <strong>GARCIA FAURA<\/strong> ha instalado una fachada de muro cortina modular de doble piel, especialmente desarrollado para este proyecto. El inmueble dispondr\u00e1 de una piel interior que conjuga zonas opacas con otras transparentes con aberturas que incluyen cristales de altas prestaciones t\u00e9rmicas.<\/p>\n<p style=\"text-align: justify;\">La piel exterior conjuga zonas opacas con transparentes en marcos de aluminio que crean una fachada modular de 4.870 metros cuadrados. El edificio tambi\u00e9n tiene 600 metros cuadrados de muro cortina con tapeta vista por el exterior y triple vidrio para la planta baja, m\u00e1s cinco puertas de aluminio.<\/p>\n<p style=\"text-align: justify;\">En los bajos del edificio de oficinas hay unas dependencias policiales, por lo que una parte de la fachada es de vidrio antibalas y con sistema anti refracci\u00f3n.<\/p>\n<p style=\"text-align: justify;\">En el barrio de Kirchberg se pueden encontrar algunas instituciones de la Uni\u00f3n Europea, como el Tribunal de Justicia, el de Cuentas o la Secretar\u00eda del Parlamento, adem\u00e1s del Banco Europeo de Inversiones, la sede de la Filarm\u00f3nica de Luxemburgo o el Museo de arte Moderno, adem\u00e1s de ser un reconocido barrio residencial y de ocio.<\/p>\n","protected":false},"excerpt":{"rendered":"<p>\u00daltimos detalles para la puesta en funcionamiento del proyecto de un edificio de oficinas y hotel en la ciudad de Luxemburgo, en el prestigioso barrio de Kirchberg, con la participaci\u00f3n de GARCIA FAURA. De hecho, el hotel abre oficialmente sus&hellip;<\/p>\n","protected":false},"author":3,"featured_media":25560,"comment_status":"closed","ping_status":"open","sticky":false,"template":"","format":"gallery","meta":{"footnotes":""},"categories":[3],"tags":[],"post_series":[],"class_list":["post-25581","post","type-post","status-publish","format-gallery","has-post-thumbnail","hentry","category-actualidad","post_format-post-format-gallery","entry","has-media"],"yoast_head":"<!-- This site is optimized with the Yoast SEO plugin v26.7 - https:\/\/yoast.com\/wordpress\/plugins\/seo\/ -->\n<title>Finaliza con \u00e9xito el primer proyecto con sello de GARCIA FAURA en Luxemburgo - GARCIA FAURA<\/title>\n<meta name=\"description\" content=\"Arquitectura en Alumini, Inox, Ferro i Vidre\" \/>\n<meta name=\"robots\" content=\"index, follow, max-snippet:-1, max-image-preview:large, max-video-preview:-1\" \/>\n<link rel=\"canonical\" href=\"https:\/\/www.garciafaura.com\/es\/finalitza-amb-exit-el-primer-projecte-amb-segell-garcia-faura-a-luxemburg\/\" \/>\n<meta property=\"og:locale\" content=\"es_ES\" \/>\n<meta property=\"og:type\" content=\"article\" \/>\n<meta property=\"og:title\" content=\"Finaliza con \u00e9xito el primer proyecto con sello de GARCIA FAURA en Luxemburgo - GARCIA FAURA\" \/>\n<meta property=\"og:description\" content=\"Arquitectura en Alumini, Inox, Ferro i Vidre\" \/>\n<meta property=\"og:url\" content=\"https:\/\/www.garciafaura.com\/es\/finalitza-amb-exit-el-primer-projecte-amb-segell-garcia-faura-a-luxemburg\/\" \/>\n<meta property=\"og:site_name\" content=\"GARCIA FAURA\" \/>\n<meta property=\"article:published_time\" content=\"2020-07-21T07:00:08+00:00\" \/>\n<meta property=\"og:image\" content=\"https:\/\/www.garciafaura.com\/wp-content\/uploads\/2020\/07\/OBH-Luxemburg-01.jpg\" \/>\n\t<meta property=\"og:image:width\" content=\"1200\" \/>\n\t<meta property=\"og:image:height\" content=\"628\" \/>\n\t<meta property=\"og:image:type\" content=\"image\/jpeg\" \/>\n<meta name=\"author\" content=\"David Achell\" \/>\n<meta name=\"twitter:card\" content=\"summary_large_image\" \/>\n<meta name=\"twitter:label1\" content=\"Escrito por\" \/>\n\t<meta name=\"twitter:data1\" content=\"David Achell\" \/>\n\t<meta name=\"twitter:label2\" content=\"Tiempo de lectura\" \/>\n\t<meta name=\"twitter:data2\" content=\"1 minuto\" \/>\n<script type=\"application\/ld+json\" class=\"yoast-schema-graph\">{\"@context\":\"https:\/\/schema.org\",\"@graph\":[{\"@type\":\"Article\",\"@id\":\"https:\/\/www.garciafaura.com\/es\/finalitza-amb-exit-el-primer-projecte-amb-segell-garcia-faura-a-luxemburg\/#article\",\"isPartOf\":{\"@id\":\"https:\/\/www.garciafaura.com\/es\/finalitza-amb-exit-el-primer-projecte-amb-segell-garcia-faura-a-luxemburg\/\"},\"author\":{\"name\":\"David Achell\",\"@id\":\"https:\/\/www.garciafaura.com\/fr\/#\/schema\/person\/b4b75e69b33fac3446071909bec106b0\"},\"headline\":\"Finaliza con \u00e9xito el primer proyecto con sello de GARCIA FAURA en Luxemburgo\",\"datePublished\":\"2020-07-21T07:00:08+00:00\",\"mainEntityOfPage\":{\"@id\":\"https:\/\/www.garciafaura.com\/es\/finalitza-amb-exit-el-primer-projecte-amb-segell-garcia-faura-a-luxemburg\/\"},\"wordCount\":310,\"publisher\":{\"@id\":\"https:\/\/www.garciafaura.com\/fr\/#organization\"},\"image\":{\"@id\":\"https:\/\/www.garciafaura.com\/es\/finalitza-amb-exit-el-primer-projecte-amb-segell-garcia-faura-a-luxemburg\/#primaryimage\"},\"thumbnailUrl\":\"https:\/\/www.garciafaura.com\/wp-content\/uploads\/2020\/07\/OBH-Luxemburg-01.jpg\",\"articleSection\":[\"Actualidad\"],\"inLanguage\":\"es\"},{\"@type\":\"WebPage\",\"@id\":\"https:\/\/www.garciafaura.com\/es\/finalitza-amb-exit-el-primer-projecte-amb-segell-garcia-faura-a-luxemburg\/\",\"url\":\"https:\/\/www.garciafaura.com\/es\/finalitza-amb-exit-el-primer-projecte-amb-segell-garcia-faura-a-luxemburg\/\",\"name\":\"Finaliza con \u00e9xito el primer proyecto con sello de GARCIA FAURA en Luxemburgo - GARCIA FAURA\",\"isPartOf\":{\"@id\":\"https:\/\/www.garciafaura.com\/fr\/#website\"},\"primaryImageOfPage\":{\"@id\":\"https:\/\/www.garciafaura.com\/es\/finalitza-amb-exit-el-primer-projecte-amb-segell-garcia-faura-a-luxemburg\/#primaryimage\"},\"image\":{\"@id\":\"https:\/\/www.garciafaura.com\/es\/finalitza-amb-exit-el-primer-projecte-amb-segell-garcia-faura-a-luxemburg\/#primaryimage\"},\"thumbnailUrl\":\"https:\/\/www.garciafaura.com\/wp-content\/uploads\/2020\/07\/OBH-Luxemburg-01.jpg\",\"datePublished\":\"2020-07-21T07:00:08+00:00\",\"description\":\"Arquitectura en Alumini, Inox, Ferro i Vidre\",\"breadcrumb\":{\"@id\":\"https:\/\/www.garciafaura.com\/es\/finalitza-amb-exit-el-primer-projecte-amb-segell-garcia-faura-a-luxemburg\/#breadcrumb\"},\"inLanguage\":\"es\",\"potentialAction\":[{\"@type\":\"ReadAction\",\"target\":[\"https:\/\/www.garciafaura.com\/es\/finalitza-amb-exit-el-primer-projecte-amb-segell-garcia-faura-a-luxemburg\/\"]}]},{\"@type\":\"ImageObject\",\"inLanguage\":\"es\",\"@id\":\"https:\/\/www.garciafaura.com\/es\/finalitza-amb-exit-el-primer-projecte-amb-segell-garcia-faura-a-luxemburg\/#primaryimage\",\"url\":\"https:\/\/www.garciafaura.com\/wp-content\/uploads\/2020\/07\/OBH-Luxemburg-01.jpg\",\"contentUrl\":\"https:\/\/www.garciafaura.com\/wp-content\/uploads\/2020\/07\/OBH-Luxemburg-01.jpg\",\"width\":1200,\"height\":628},{\"@type\":\"BreadcrumbList\",\"@id\":\"https:\/\/www.garciafaura.com\/es\/finalitza-amb-exit-el-primer-projecte-amb-segell-garcia-faura-a-luxemburg\/#breadcrumb\",\"itemListElement\":[{\"@type\":\"ListItem\",\"position\":1,\"name\":\"Inici\",\"item\":\"https:\/\/www.garciafaura.com\/es\/\"},{\"@type\":\"ListItem\",\"position\":2,\"name\":\"Finaliza con \u00e9xito el primer proyecto con sello de GARCIA FAURA en Luxemburgo\"}]},{\"@type\":\"WebSite\",\"@id\":\"https:\/\/www.garciafaura.com\/fr\/#website\",\"url\":\"https:\/\/www.garciafaura.com\/fr\/\",\"name\":\"GARCIA FAURA\",\"description\":\"Arquitectura en Alumini, Inox, Ferro i Vidre\",\"publisher\":{\"@id\":\"https:\/\/www.garciafaura.com\/fr\/#organization\"},\"potentialAction\":[{\"@type\":\"SearchAction\",\"target\":{\"@type\":\"EntryPoint\",\"urlTemplate\":\"https:\/\/www.garciafaura.com\/fr\/?s={search_term_string}\"},\"query-input\":{\"@type\":\"PropertyValueSpecification\",\"valueRequired\":true,\"valueName\":\"search_term_string\"}}],\"inLanguage\":\"es\"},{\"@type\":\"Organization\",\"@id\":\"https:\/\/www.garciafaura.com\/fr\/#organization\",\"name\":\"GARCIA FAURA\",\"url\":\"https:\/\/www.garciafaura.com\/fr\/\",\"logo\":{\"@type\":\"ImageObject\",\"inLanguage\":\"es\",\"@id\":\"https:\/\/www.garciafaura.com\/fr\/#\/schema\/logo\/image\/\",\"url\":\"https:\/\/www.garciafaura.com\/wp-content\/uploads\/2018\/09\/Garcia-Faura.png\",\"contentUrl\":\"https:\/\/www.garciafaura.com\/wp-content\/uploads\/2018\/09\/Garcia-Faura.png\",\"width\":512,\"height\":512,\"caption\":\"GARCIA FAURA\"},\"image\":{\"@id\":\"https:\/\/www.garciafaura.com\/fr\/#\/schema\/logo\/image\/\"},\"sameAs\":[\"https:\/\/www.youtube.com\/user\/GARCIAFAURA\"]},{\"@type\":\"Person\",\"@id\":\"https:\/\/www.garciafaura.com\/fr\/#\/schema\/person\/b4b75e69b33fac3446071909bec106b0\",\"name\":\"David Achell\",\"image\":{\"@type\":\"ImageObject\",\"inLanguage\":\"es\",\"@id\":\"https:\/\/www.garciafaura.com\/fr\/#\/schema\/person\/image\/\",\"url\":\"https:\/\/secure.gravatar.com\/avatar\/03900210afc1f61bce737bcb4a79c02e2c997f171e3eca839b5a4cbe03846c90?s=96&d=blank&r=g\",\"contentUrl\":\"https:\/\/secure.gravatar.com\/avatar\/03900210afc1f61bce737bcb4a79c02e2c997f171e3eca839b5a4cbe03846c90?s=96&d=blank&r=g\",\"caption\":\"David Achell\"}}]}<\/script>\n<!-- \/ Yoast SEO plugin. -->","yoast_head_json":{"title":"Finaliza con \u00e9xito el primer proyecto con sello de GARCIA FAURA en Luxemburgo - GARCIA FAURA","description":"Arquitectura en Alumini, Inox, Ferro i Vidre","robots":{"index":"index","follow":"follow","max-snippet":"max-snippet:-1","max-image-preview":"max-image-preview:large","max-video-preview":"max-video-preview:-1"},"canonical":"https:\/\/www.garciafaura.com\/es\/finalitza-amb-exit-el-primer-projecte-amb-segell-garcia-faura-a-luxemburg\/","og_locale":"es_ES","og_type":"article","og_title":"Finaliza con \u00e9xito el primer proyecto con sello de GARCIA FAURA en Luxemburgo - GARCIA FAURA","og_description":"Arquitectura en Alumini, Inox, Ferro i Vidre","og_url":"https:\/\/www.garciafaura.com\/es\/finalitza-amb-exit-el-primer-projecte-amb-segell-garcia-faura-a-luxemburg\/","og_site_name":"GARCIA FAURA","article_published_time":"2020-07-21T07:00:08+00:00","og_image":[{"width":1200,"height":628,"url":"https:\/\/www.garciafaura.com\/wp-content\/uploads\/2020\/07\/OBH-Luxemburg-01.jpg","type":"image\/jpeg"}],"author":"David Achell","twitter_card":"summary_large_image","twitter_misc":{"Escrito por":"David Achell","Tiempo de lectura":"1 minuto"},"schema":{"@context":"https:\/\/schema.org","@graph":[{"@type":"Article","@id":"https:\/\/www.garciafaura.com\/es\/finalitza-amb-exit-el-primer-projecte-amb-segell-garcia-faura-a-luxemburg\/#article","isPartOf":{"@id":"https:\/\/www.garciafaura.com\/es\/finalitza-amb-exit-el-primer-projecte-amb-segell-garcia-faura-a-luxemburg\/"},"author":{"name":"David Achell","@id":"https:\/\/www.garciafaura.com\/fr\/#\/schema\/person\/b4b75e69b33fac3446071909bec106b0"},"headline":"Finaliza con \u00e9xito el primer proyecto con sello de GARCIA FAURA en Luxemburgo","datePublished":"2020-07-21T07:00:08+00:00","mainEntityOfPage":{"@id":"https:\/\/www.garciafaura.com\/es\/finalitza-amb-exit-el-primer-projecte-amb-segell-garcia-faura-a-luxemburg\/"},"wordCount":310,"publisher":{"@id":"https:\/\/www.garciafaura.com\/fr\/#organization"},"image":{"@id":"https:\/\/www.garciafaura.com\/es\/finalitza-amb-exit-el-primer-projecte-amb-segell-garcia-faura-a-luxemburg\/#primaryimage"},"thumbnailUrl":"https:\/\/www.garciafaura.com\/wp-content\/uploads\/2020\/07\/OBH-Luxemburg-01.jpg","articleSection":["Actualidad"],"inLanguage":"es"},{"@type":"WebPage","@id":"https:\/\/www.garciafaura.com\/es\/finalitza-amb-exit-el-primer-projecte-amb-segell-garcia-faura-a-luxemburg\/","url":"https:\/\/www.garciafaura.com\/es\/finalitza-amb-exit-el-primer-projecte-amb-segell-garcia-faura-a-luxemburg\/","name":"Finaliza con \u00e9xito el primer proyecto con sello de GARCIA FAURA en Luxemburgo - GARCIA FAURA","isPartOf":{"@id":"https:\/\/www.garciafaura.com\/fr\/#website"},"primaryImageOfPage":{"@id":"https:\/\/www.garciafaura.com\/es\/finalitza-amb-exit-el-primer-projecte-amb-segell-garcia-faura-a-luxemburg\/#primaryimage"},"image":{"@id":"https:\/\/www.garciafaura.com\/es\/finalitza-amb-exit-el-primer-projecte-amb-segell-garcia-faura-a-luxemburg\/#primaryimage"},"thumbnailUrl":"https:\/\/www.garciafaura.com\/wp-content\/uploads\/2020\/07\/OBH-Luxemburg-01.jpg","datePublished":"2020-07-21T07:00:08+00:00","description":"Arquitectura en Alumini, Inox, Ferro i Vidre","breadcrumb":{"@id":"https:\/\/www.garciafaura.com\/es\/finalitza-amb-exit-el-primer-projecte-amb-segell-garcia-faura-a-luxemburg\/#breadcrumb"},"inLanguage":"es","potentialAction":[{"@type":"ReadAction","target":["https:\/\/www.garciafaura.com\/es\/finalitza-amb-exit-el-primer-projecte-amb-segell-garcia-faura-a-luxemburg\/"]}]},{"@type":"ImageObject","inLanguage":"es","@id":"https:\/\/www.garciafaura.com\/es\/finalitza-amb-exit-el-primer-projecte-amb-segell-garcia-faura-a-luxemburg\/#primaryimage","url":"https:\/\/www.garciafaura.com\/wp-content\/uploads\/2020\/07\/OBH-Luxemburg-01.jpg","contentUrl":"https:\/\/www.garciafaura.com\/wp-content\/uploads\/2020\/07\/OBH-Luxemburg-01.jpg","width":1200,"height":628},{"@type":"BreadcrumbList","@id":"https:\/\/www.garciafaura.com\/es\/finalitza-amb-exit-el-primer-projecte-amb-segell-garcia-faura-a-luxemburg\/#breadcrumb","itemListElement":[{"@type":"ListItem","position":1,"name":"Inici","item":"https:\/\/www.garciafaura.com\/es\/"},{"@type":"ListItem","position":2,"name":"Finaliza con \u00e9xito el primer proyecto con sello de GARCIA FAURA en Luxemburgo"}]},{"@type":"WebSite","@id":"https:\/\/www.garciafaura.com\/fr\/#website","url":"https:\/\/www.garciafaura.com\/fr\/","name":"GARCIA FAURA","description":"Arquitectura en Alumini, Inox, Ferro i Vidre","publisher":{"@id":"https:\/\/www.garciafaura.com\/fr\/#organization"},"potentialAction":[{"@type":"SearchAction","target":{"@type":"EntryPoint","urlTemplate":"https:\/\/www.garciafaura.com\/fr\/?s={search_term_string}"},"query-input":{"@type":"PropertyValueSpecification","valueRequired":true,"valueName":"search_term_string"}}],"inLanguage":"es"},{"@type":"Organization","@id":"https:\/\/www.garciafaura.com\/fr\/#organization","name":"GARCIA FAURA","url":"https:\/\/www.garciafaura.com\/fr\/","logo":{"@type":"ImageObject","inLanguage":"es","@id":"https:\/\/www.garciafaura.com\/fr\/#\/schema\/logo\/image\/","url":"https:\/\/www.garciafaura.com\/wp-content\/uploads\/2018\/09\/Garcia-Faura.png","contentUrl":"https:\/\/www.garciafaura.com\/wp-content\/uploads\/2018\/09\/Garcia-Faura.png","width":512,"height":512,"caption":"GARCIA FAURA"},"image":{"@id":"https:\/\/www.garciafaura.com\/fr\/#\/schema\/logo\/image\/"},"sameAs":["https:\/\/www.youtube.com\/user\/GARCIAFAURA"]},{"@type":"Person","@id":"https:\/\/www.garciafaura.com\/fr\/#\/schema\/person\/b4b75e69b33fac3446071909bec106b0","name":"David Achell","image":{"@type":"ImageObject","inLanguage":"es","@id":"https:\/\/www.garciafaura.com\/fr\/#\/schema\/person\/image\/","url":"https:\/\/secure.gravatar.com\/avatar\/03900210afc1f61bce737bcb4a79c02e2c997f171e3eca839b5a4cbe03846c90?s=96&d=blank&r=g","contentUrl":"https:\/\/secure.gravatar.com\/avatar\/03900210afc1f61bce737bcb4a79c02e2c997f171e3eca839b5a4cbe03846c90?s=96&d=blank&r=g","caption":"David Achell"}}]}},"_links":{"self":[{"href":"https:\/\/www.garciafaura.com\/es\/wp-json\/wp\/v2\/posts\/25581","targetHints":{"allow":["GET"]}}],"collection":[{"href":"https:\/\/www.garciafaura.com\/es\/wp-json\/wp\/v2\/posts"}],"about":[{"href":"https:\/\/www.garciafaura.com\/es\/wp-json\/wp\/v2\/types\/post"}],"author":[{"embeddable":true,"href":"https:\/\/www.garciafaura.com\/es\/wp-json\/wp\/v2\/users\/3"}],"replies":[{"embeddable":true,"href":"https:\/\/www.garciafaura.com\/es\/wp-json\/wp\/v2\/comments?post=25581"}],"version-history":[{"count":3,"href":"https:\/\/www.garciafaura.com\/es\/wp-json\/wp\/v2\/posts\/25581\/revisions"}],"predecessor-version":[{"id":25587,"href":"https:\/\/www.garciafaura.com\/es\/wp-json\/wp\/v2\/posts\/25581\/revisions\/25587"}],"wp:featuredmedia":[{"embeddable":true,"href":"https:\/\/www.garciafaura.com\/es\/wp-json\/wp\/v2\/media\/25560"}],"wp:attachment":[{"href":"https:\/\/www.garciafaura.com\/es\/wp-json\/wp\/v2\/media?parent=25581"}],"wp:term":[{"taxonomy":"category","embeddable":true,"href":"https:\/\/www.garciafaura.com\/es\/wp-json\/wp\/v2\/categories?post=25581"},{"taxonomy":"post_tag","embeddable":true,"href":"https:\/\/www.garciafaura.com\/es\/wp-json\/wp\/v2\/tags?post=25581"},{"taxonomy":"post_series","embeddable":true,"href":"https:\/\/www.garciafaura.com\/es\/wp-json\/wp\/v2\/post_series?post=25581"}],"curies":[{"name":"wp","href":"https:\/\/api.w.org\/{rel}","templated":true}]}}