{"id":25537,"date":"2020-07-07T11:35:22","date_gmt":"2020-07-07T09:35:22","guid":{"rendered":"https:\/\/www.garciafaura.com\/garcia-faura-obte-les-seves-primeres-certificacions-tecniques-dinnovacio-a-franca\/"},"modified":"2020-07-07T12:01:11","modified_gmt":"2020-07-07T10:01:11","slug":"garcia-faura-obte-les-seves-primeres-certificacions-tecniques-dinnovacio-a-franca","status":"publish","type":"post","link":"https:\/\/www.garciafaura.com\/es\/garcia-faura-obte-les-seves-primeres-certificacions-tecniques-dinnovacio-a-franca\/","title":{"rendered":"GARCIA FAURA obtiene sus primeras certificaciones t\u00e9cnicas de innovaci\u00f3n en Francia"},"content":{"rendered":"<p style=\"text-align: justify;\"><strong>GARCIA FAURA<\/strong> ha certificado, por primera vez en Francia, su calidad t\u00e9cnica con la obtenci\u00f3n de dos <a href=\"https:\/\/evaluation.cstb.fr\/fr\/appreciation-technique-expertise-atex\/\" target=\"_blank\" rel=\"noopener\"><strong>ATEx<\/strong><\/a> (Appretiation Technique de Experimentation), un procedimiento de evaluaci\u00f3n t\u00e9cnica formulado por un grupo de expertos sobre cualquier producto, proceso o equipamiento innovador que se aplica por primera vez en ese pa\u00eds. Pocas empresas espa\u00f1olas han pasado satisfactoriamente este tipo de certificaci\u00f3n en el \u00e1mbito profesional que desarrolla la compa\u00f1\u00eda catalana.<\/p>\n<p style=\"text-align: justify;\">En el caso de <strong>GARCIA FAURA<\/strong>, los <strong>ATEx<\/strong>\u00a0se han realizado en soluciones desarrolladas para el <a href=\"https:\/\/www.garciafaura.com\/es\/archipel-el-proyecto-mas-grande-de-garcia-faura-en-francia\/\" target=\"_blank\" rel=\"noopener\"><strong>proyecto Archipel<\/strong><\/a>, un complejo de cinco edificios que se est\u00e1 construyendo en la ciudad de Nanterre y para el que la empresa catalana realiza dos de estos edificios, y ha elaborado fachadas de carpinter\u00eda de aluminio, doble piel de fachada con vidrio y chapa perforada, pasarelas de mantenimiento realizadas con estructura de hierro, muros cortina y revestimientos de panel de chapa de aluminio de tres mil\u00edmetros de grosor y acabado anodizado.<\/p>\n<p style=\"text-align: justify;\">Debido a las soluciones t\u00e9cnicas adoptadas por <strong>GARCIA FAURA<\/strong> en este proyecto, el Centro Cient\u00edfico y T\u00e9cnico del Edificio (<a href=\"http:\/\/www.cstb.fr\/fr\/\" target=\"_blank\" rel=\"noopener\"><strong>CSTB<\/strong><\/a>\u00a0en franc\u00e9s, un organismo que debe garantizar la calidad y la seguridad de los edificios que se construyen en Francia) ha obligado a pasar unos controles estrictos a fin de validar estas soluciones t\u00e9cnicas innovadoras o exclusivas a trav\u00e9s de los procedimientos conocidos como <strong>ATEx<\/strong>.<\/p>\n<p style=\"text-align: justify;\">Obtener un resultado favorable en el <strong>ATEx<\/strong>\u00a0ha requerido muchas horas de trabajo a lo largo de m\u00e1s de un a\u00f1o por parte del equipo de profesionales de la <strong>Oficina T\u00e9cnica de GARCIA FAURA<\/strong>, siendo necesaria una amplia experiencia en el sector y un conocimiento t\u00e9cnico muy elevado, especialmente de la normativa francesa en la construcci\u00f3n de edificios.<\/p>\n<p style=\"text-align: justify;\">As\u00ed, los proyectos presentados a certificaci\u00f3n <strong>ATEx<\/strong>\u00a0se han materializado en dosier de m\u00e1s de 650 p\u00e1ginas que recogen la justificaci\u00f3n de las soluciones t\u00e9cnicas propuestas, notas de c\u00e1lculo, planos, informes de ensayos y fichas t\u00e9cnicas, entre otros.<\/p>\n<p style=\"text-align: justify;\">Estos certificados ser\u00e1n carta de presentaci\u00f3n y garant\u00eda de la empresa para nuevos proyectos en el pa\u00eds vecino, pero tambi\u00e9n una muestra de su capacidad de innovaci\u00f3n y desarrollo al servicio de la construcci\u00f3n.<\/p>\n","protected":false},"excerpt":{"rendered":"<p>GARCIA FAURA ha certificado, por primera vez en Francia, su calidad t\u00e9cnica con la obtenci\u00f3n de dos ATEx (Appretiation Technique de Experimentation), un procedimiento de evaluaci\u00f3n t\u00e9cnica formulado por un grupo de expertos sobre cualquier producto, proceso o equipamiento innovador&hellip;<\/p>\n","protected":false},"author":3,"featured_media":25529,"comment_status":"closed","ping_status":"open","sticky":false,"template":"","format":"gallery","meta":{"footnotes":""},"categories":[3],"tags":[],"post_series":[],"class_list":["post-25537","post","type-post","status-publish","format-gallery","has-post-thumbnail","hentry","category-actualidad","post_format-post-format-gallery","entry","has-media"],"yoast_head":"<!-- This site is optimized with the Yoast SEO plugin v26.7 - https:\/\/yoast.com\/wordpress\/plugins\/seo\/ -->\n<title>GARCIA FAURA obtiene sus primeras certificaciones t\u00e9cnicas de innovaci\u00f3n en Francia - GARCIA FAURA<\/title>\n<meta name=\"description\" content=\"Arquitectura en Alumini, Inox, Ferro i Vidre\" \/>\n<meta name=\"robots\" content=\"index, follow, max-snippet:-1, max-image-preview:large, max-video-preview:-1\" \/>\n<link rel=\"canonical\" href=\"https:\/\/www.garciafaura.com\/es\/garcia-faura-obte-les-seves-primeres-certificacions-tecniques-dinnovacio-a-franca\/\" \/>\n<meta property=\"og:locale\" content=\"es_ES\" \/>\n<meta property=\"og:type\" content=\"article\" \/>\n<meta property=\"og:title\" content=\"GARCIA FAURA obtiene sus primeras certificaciones t\u00e9cnicas de innovaci\u00f3n en Francia - GARCIA FAURA\" \/>\n<meta property=\"og:description\" content=\"Arquitectura en Alumini, Inox, Ferro i Vidre\" \/>\n<meta property=\"og:url\" content=\"https:\/\/www.garciafaura.com\/es\/garcia-faura-obte-les-seves-primeres-certificacions-tecniques-dinnovacio-a-franca\/\" \/>\n<meta property=\"og:site_name\" content=\"GARCIA FAURA\" \/>\n<meta property=\"article:published_time\" content=\"2020-07-07T09:35:22+00:00\" \/>\n<meta property=\"article:modified_time\" content=\"2020-07-07T10:01:11+00:00\" \/>\n<meta property=\"og:image\" content=\"https:\/\/www.garciafaura.com\/wp-content\/uploads\/2020\/07\/Atex-Archipel-Nanterre-11.jpg\" \/>\n\t<meta property=\"og:image:width\" content=\"1600\" \/>\n\t<meta property=\"og:image:height\" content=\"1047\" \/>\n\t<meta property=\"og:image:type\" content=\"image\/jpeg\" \/>\n<meta name=\"author\" content=\"David Achell\" \/>\n<meta name=\"twitter:card\" content=\"summary_large_image\" \/>\n<meta name=\"twitter:label1\" content=\"Escrito por\" \/>\n\t<meta name=\"twitter:data1\" content=\"David Achell\" \/>\n\t<meta name=\"twitter:label2\" content=\"Tiempo de lectura\" \/>\n\t<meta name=\"twitter:data2\" content=\"2 minutos\" \/>\n<script type=\"application\/ld+json\" class=\"yoast-schema-graph\">{\"@context\":\"https:\/\/schema.org\",\"@graph\":[{\"@type\":\"Article\",\"@id\":\"https:\/\/www.garciafaura.com\/es\/garcia-faura-obte-les-seves-primeres-certificacions-tecniques-dinnovacio-a-franca\/#article\",\"isPartOf\":{\"@id\":\"https:\/\/www.garciafaura.com\/es\/garcia-faura-obte-les-seves-primeres-certificacions-tecniques-dinnovacio-a-franca\/\"},\"author\":{\"name\":\"David Achell\",\"@id\":\"https:\/\/www.garciafaura.com\/fr\/#\/schema\/person\/b4b75e69b33fac3446071909bec106b0\"},\"headline\":\"GARCIA FAURA obtiene sus primeras certificaciones t\u00e9cnicas de innovaci\u00f3n en Francia\",\"datePublished\":\"2020-07-07T09:35:22+00:00\",\"dateModified\":\"2020-07-07T10:01:11+00:00\",\"mainEntityOfPage\":{\"@id\":\"https:\/\/www.garciafaura.com\/es\/garcia-faura-obte-les-seves-primeres-certificacions-tecniques-dinnovacio-a-franca\/\"},\"wordCount\":397,\"publisher\":{\"@id\":\"https:\/\/www.garciafaura.com\/fr\/#organization\"},\"image\":{\"@id\":\"https:\/\/www.garciafaura.com\/es\/garcia-faura-obte-les-seves-primeres-certificacions-tecniques-dinnovacio-a-franca\/#primaryimage\"},\"thumbnailUrl\":\"https:\/\/www.garciafaura.com\/wp-content\/uploads\/2020\/07\/Atex-Archipel-Nanterre-11.jpg\",\"articleSection\":[\"Actualidad\"],\"inLanguage\":\"es\"},{\"@type\":\"WebPage\",\"@id\":\"https:\/\/www.garciafaura.com\/es\/garcia-faura-obte-les-seves-primeres-certificacions-tecniques-dinnovacio-a-franca\/\",\"url\":\"https:\/\/www.garciafaura.com\/es\/garcia-faura-obte-les-seves-primeres-certificacions-tecniques-dinnovacio-a-franca\/\",\"name\":\"GARCIA FAURA obtiene sus primeras certificaciones t\u00e9cnicas de innovaci\u00f3n en Francia - GARCIA FAURA\",\"isPartOf\":{\"@id\":\"https:\/\/www.garciafaura.com\/fr\/#website\"},\"primaryImageOfPage\":{\"@id\":\"https:\/\/www.garciafaura.com\/es\/garcia-faura-obte-les-seves-primeres-certificacions-tecniques-dinnovacio-a-franca\/#primaryimage\"},\"image\":{\"@id\":\"https:\/\/www.garciafaura.com\/es\/garcia-faura-obte-les-seves-primeres-certificacions-tecniques-dinnovacio-a-franca\/#primaryimage\"},\"thumbnailUrl\":\"https:\/\/www.garciafaura.com\/wp-content\/uploads\/2020\/07\/Atex-Archipel-Nanterre-11.jpg\",\"datePublished\":\"2020-07-07T09:35:22+00:00\",\"dateModified\":\"2020-07-07T10:01:11+00:00\",\"description\":\"Arquitectura en Alumini, Inox, Ferro i Vidre\",\"breadcrumb\":{\"@id\":\"https:\/\/www.garciafaura.com\/es\/garcia-faura-obte-les-seves-primeres-certificacions-tecniques-dinnovacio-a-franca\/#breadcrumb\"},\"inLanguage\":\"es\",\"potentialAction\":[{\"@type\":\"ReadAction\",\"target\":[\"https:\/\/www.garciafaura.com\/es\/garcia-faura-obte-les-seves-primeres-certificacions-tecniques-dinnovacio-a-franca\/\"]}]},{\"@type\":\"ImageObject\",\"inLanguage\":\"es\",\"@id\":\"https:\/\/www.garciafaura.com\/es\/garcia-faura-obte-les-seves-primeres-certificacions-tecniques-dinnovacio-a-franca\/#primaryimage\",\"url\":\"https:\/\/www.garciafaura.com\/wp-content\/uploads\/2020\/07\/Atex-Archipel-Nanterre-11.jpg\",\"contentUrl\":\"https:\/\/www.garciafaura.com\/wp-content\/uploads\/2020\/07\/Atex-Archipel-Nanterre-11.jpg\",\"width\":1600,\"height\":1047},{\"@type\":\"BreadcrumbList\",\"@id\":\"https:\/\/www.garciafaura.com\/es\/garcia-faura-obte-les-seves-primeres-certificacions-tecniques-dinnovacio-a-franca\/#breadcrumb\",\"itemListElement\":[{\"@type\":\"ListItem\",\"position\":1,\"name\":\"Inici\",\"item\":\"https:\/\/www.garciafaura.com\/es\/\"},{\"@type\":\"ListItem\",\"position\":2,\"name\":\"GARCIA FAURA obtiene sus primeras certificaciones t\u00e9cnicas de innovaci\u00f3n en Francia\"}]},{\"@type\":\"WebSite\",\"@id\":\"https:\/\/www.garciafaura.com\/fr\/#website\",\"url\":\"https:\/\/www.garciafaura.com\/fr\/\",\"name\":\"GARCIA FAURA\",\"description\":\"Arquitectura en Alumini, Inox, Ferro i Vidre\",\"publisher\":{\"@id\":\"https:\/\/www.garciafaura.com\/fr\/#organization\"},\"potentialAction\":[{\"@type\":\"SearchAction\",\"target\":{\"@type\":\"EntryPoint\",\"urlTemplate\":\"https:\/\/www.garciafaura.com\/fr\/?s={search_term_string}\"},\"query-input\":{\"@type\":\"PropertyValueSpecification\",\"valueRequired\":true,\"valueName\":\"search_term_string\"}}],\"inLanguage\":\"es\"},{\"@type\":\"Organization\",\"@id\":\"https:\/\/www.garciafaura.com\/fr\/#organization\",\"name\":\"GARCIA FAURA\",\"url\":\"https:\/\/www.garciafaura.com\/fr\/\",\"logo\":{\"@type\":\"ImageObject\",\"inLanguage\":\"es\",\"@id\":\"https:\/\/www.garciafaura.com\/fr\/#\/schema\/logo\/image\/\",\"url\":\"https:\/\/www.garciafaura.com\/wp-content\/uploads\/2018\/09\/Garcia-Faura.png\",\"contentUrl\":\"https:\/\/www.garciafaura.com\/wp-content\/uploads\/2018\/09\/Garcia-Faura.png\",\"width\":512,\"height\":512,\"caption\":\"GARCIA FAURA\"},\"image\":{\"@id\":\"https:\/\/www.garciafaura.com\/fr\/#\/schema\/logo\/image\/\"},\"sameAs\":[\"https:\/\/www.youtube.com\/user\/GARCIAFAURA\"]},{\"@type\":\"Person\",\"@id\":\"https:\/\/www.garciafaura.com\/fr\/#\/schema\/person\/b4b75e69b33fac3446071909bec106b0\",\"name\":\"David Achell\",\"image\":{\"@type\":\"ImageObject\",\"inLanguage\":\"es\",\"@id\":\"https:\/\/www.garciafaura.com\/fr\/#\/schema\/person\/image\/\",\"url\":\"https:\/\/secure.gravatar.com\/avatar\/03900210afc1f61bce737bcb4a79c02e2c997f171e3eca839b5a4cbe03846c90?s=96&d=blank&r=g\",\"contentUrl\":\"https:\/\/secure.gravatar.com\/avatar\/03900210afc1f61bce737bcb4a79c02e2c997f171e3eca839b5a4cbe03846c90?s=96&d=blank&r=g\",\"caption\":\"David Achell\"}}]}<\/script>\n<!-- \/ Yoast SEO plugin. -->","yoast_head_json":{"title":"GARCIA FAURA obtiene sus primeras certificaciones t\u00e9cnicas de innovaci\u00f3n en Francia - GARCIA FAURA","description":"Arquitectura en Alumini, Inox, Ferro i Vidre","robots":{"index":"index","follow":"follow","max-snippet":"max-snippet:-1","max-image-preview":"max-image-preview:large","max-video-preview":"max-video-preview:-1"},"canonical":"https:\/\/www.garciafaura.com\/es\/garcia-faura-obte-les-seves-primeres-certificacions-tecniques-dinnovacio-a-franca\/","og_locale":"es_ES","og_type":"article","og_title":"GARCIA FAURA obtiene sus primeras certificaciones t\u00e9cnicas de innovaci\u00f3n en Francia - GARCIA FAURA","og_description":"Arquitectura en Alumini, Inox, Ferro i Vidre","og_url":"https:\/\/www.garciafaura.com\/es\/garcia-faura-obte-les-seves-primeres-certificacions-tecniques-dinnovacio-a-franca\/","og_site_name":"GARCIA FAURA","article_published_time":"2020-07-07T09:35:22+00:00","article_modified_time":"2020-07-07T10:01:11+00:00","og_image":[{"width":1600,"height":1047,"url":"https:\/\/www.garciafaura.com\/wp-content\/uploads\/2020\/07\/Atex-Archipel-Nanterre-11.jpg","type":"image\/jpeg"}],"author":"David Achell","twitter_card":"summary_large_image","twitter_misc":{"Escrito por":"David Achell","Tiempo de lectura":"2 minutos"},"schema":{"@context":"https:\/\/schema.org","@graph":[{"@type":"Article","@id":"https:\/\/www.garciafaura.com\/es\/garcia-faura-obte-les-seves-primeres-certificacions-tecniques-dinnovacio-a-franca\/#article","isPartOf":{"@id":"https:\/\/www.garciafaura.com\/es\/garcia-faura-obte-les-seves-primeres-certificacions-tecniques-dinnovacio-a-franca\/"},"author":{"name":"David Achell","@id":"https:\/\/www.garciafaura.com\/fr\/#\/schema\/person\/b4b75e69b33fac3446071909bec106b0"},"headline":"GARCIA FAURA obtiene sus primeras certificaciones t\u00e9cnicas de innovaci\u00f3n en Francia","datePublished":"2020-07-07T09:35:22+00:00","dateModified":"2020-07-07T10:01:11+00:00","mainEntityOfPage":{"@id":"https:\/\/www.garciafaura.com\/es\/garcia-faura-obte-les-seves-primeres-certificacions-tecniques-dinnovacio-a-franca\/"},"wordCount":397,"publisher":{"@id":"https:\/\/www.garciafaura.com\/fr\/#organization"},"image":{"@id":"https:\/\/www.garciafaura.com\/es\/garcia-faura-obte-les-seves-primeres-certificacions-tecniques-dinnovacio-a-franca\/#primaryimage"},"thumbnailUrl":"https:\/\/www.garciafaura.com\/wp-content\/uploads\/2020\/07\/Atex-Archipel-Nanterre-11.jpg","articleSection":["Actualidad"],"inLanguage":"es"},{"@type":"WebPage","@id":"https:\/\/www.garciafaura.com\/es\/garcia-faura-obte-les-seves-primeres-certificacions-tecniques-dinnovacio-a-franca\/","url":"https:\/\/www.garciafaura.com\/es\/garcia-faura-obte-les-seves-primeres-certificacions-tecniques-dinnovacio-a-franca\/","name":"GARCIA FAURA obtiene sus primeras certificaciones t\u00e9cnicas de innovaci\u00f3n en Francia - GARCIA FAURA","isPartOf":{"@id":"https:\/\/www.garciafaura.com\/fr\/#website"},"primaryImageOfPage":{"@id":"https:\/\/www.garciafaura.com\/es\/garcia-faura-obte-les-seves-primeres-certificacions-tecniques-dinnovacio-a-franca\/#primaryimage"},"image":{"@id":"https:\/\/www.garciafaura.com\/es\/garcia-faura-obte-les-seves-primeres-certificacions-tecniques-dinnovacio-a-franca\/#primaryimage"},"thumbnailUrl":"https:\/\/www.garciafaura.com\/wp-content\/uploads\/2020\/07\/Atex-Archipel-Nanterre-11.jpg","datePublished":"2020-07-07T09:35:22+00:00","dateModified":"2020-07-07T10:01:11+00:00","description":"Arquitectura en Alumini, Inox, Ferro i Vidre","breadcrumb":{"@id":"https:\/\/www.garciafaura.com\/es\/garcia-faura-obte-les-seves-primeres-certificacions-tecniques-dinnovacio-a-franca\/#breadcrumb"},"inLanguage":"es","potentialAction":[{"@type":"ReadAction","target":["https:\/\/www.garciafaura.com\/es\/garcia-faura-obte-les-seves-primeres-certificacions-tecniques-dinnovacio-a-franca\/"]}]},{"@type":"ImageObject","inLanguage":"es","@id":"https:\/\/www.garciafaura.com\/es\/garcia-faura-obte-les-seves-primeres-certificacions-tecniques-dinnovacio-a-franca\/#primaryimage","url":"https:\/\/www.garciafaura.com\/wp-content\/uploads\/2020\/07\/Atex-Archipel-Nanterre-11.jpg","contentUrl":"https:\/\/www.garciafaura.com\/wp-content\/uploads\/2020\/07\/Atex-Archipel-Nanterre-11.jpg","width":1600,"height":1047},{"@type":"BreadcrumbList","@id":"https:\/\/www.garciafaura.com\/es\/garcia-faura-obte-les-seves-primeres-certificacions-tecniques-dinnovacio-a-franca\/#breadcrumb","itemListElement":[{"@type":"ListItem","position":1,"name":"Inici","item":"https:\/\/www.garciafaura.com\/es\/"},{"@type":"ListItem","position":2,"name":"GARCIA FAURA obtiene sus primeras certificaciones t\u00e9cnicas de innovaci\u00f3n en Francia"}]},{"@type":"WebSite","@id":"https:\/\/www.garciafaura.com\/fr\/#website","url":"https:\/\/www.garciafaura.com\/fr\/","name":"GARCIA FAURA","description":"Arquitectura en Alumini, Inox, Ferro i Vidre","publisher":{"@id":"https:\/\/www.garciafaura.com\/fr\/#organization"},"potentialAction":[{"@type":"SearchAction","target":{"@type":"EntryPoint","urlTemplate":"https:\/\/www.garciafaura.com\/fr\/?s={search_term_string}"},"query-input":{"@type":"PropertyValueSpecification","valueRequired":true,"valueName":"search_term_string"}}],"inLanguage":"es"},{"@type":"Organization","@id":"https:\/\/www.garciafaura.com\/fr\/#organization","name":"GARCIA FAURA","url":"https:\/\/www.garciafaura.com\/fr\/","logo":{"@type":"ImageObject","inLanguage":"es","@id":"https:\/\/www.garciafaura.com\/fr\/#\/schema\/logo\/image\/","url":"https:\/\/www.garciafaura.com\/wp-content\/uploads\/2018\/09\/Garcia-Faura.png","contentUrl":"https:\/\/www.garciafaura.com\/wp-content\/uploads\/2018\/09\/Garcia-Faura.png","width":512,"height":512,"caption":"GARCIA FAURA"},"image":{"@id":"https:\/\/www.garciafaura.com\/fr\/#\/schema\/logo\/image\/"},"sameAs":["https:\/\/www.youtube.com\/user\/GARCIAFAURA"]},{"@type":"Person","@id":"https:\/\/www.garciafaura.com\/fr\/#\/schema\/person\/b4b75e69b33fac3446071909bec106b0","name":"David Achell","image":{"@type":"ImageObject","inLanguage":"es","@id":"https:\/\/www.garciafaura.com\/fr\/#\/schema\/person\/image\/","url":"https:\/\/secure.gravatar.com\/avatar\/03900210afc1f61bce737bcb4a79c02e2c997f171e3eca839b5a4cbe03846c90?s=96&d=blank&r=g","contentUrl":"https:\/\/secure.gravatar.com\/avatar\/03900210afc1f61bce737bcb4a79c02e2c997f171e3eca839b5a4cbe03846c90?s=96&d=blank&r=g","caption":"David Achell"}}]}},"_links":{"self":[{"href":"https:\/\/www.garciafaura.com\/es\/wp-json\/wp\/v2\/posts\/25537","targetHints":{"allow":["GET"]}}],"collection":[{"href":"https:\/\/www.garciafaura.com\/es\/wp-json\/wp\/v2\/posts"}],"about":[{"href":"https:\/\/www.garciafaura.com\/es\/wp-json\/wp\/v2\/types\/post"}],"author":[{"embeddable":true,"href":"https:\/\/www.garciafaura.com\/es\/wp-json\/wp\/v2\/users\/3"}],"replies":[{"embeddable":true,"href":"https:\/\/www.garciafaura.com\/es\/wp-json\/wp\/v2\/comments?post=25537"}],"version-history":[{"count":4,"href":"https:\/\/www.garciafaura.com\/es\/wp-json\/wp\/v2\/posts\/25537\/revisions"}],"predecessor-version":[{"id":25552,"href":"https:\/\/www.garciafaura.com\/es\/wp-json\/wp\/v2\/posts\/25537\/revisions\/25552"}],"wp:featuredmedia":[{"embeddable":true,"href":"https:\/\/www.garciafaura.com\/es\/wp-json\/wp\/v2\/media\/25529"}],"wp:attachment":[{"href":"https:\/\/www.garciafaura.com\/es\/wp-json\/wp\/v2\/media?parent=25537"}],"wp:term":[{"taxonomy":"category","embeddable":true,"href":"https:\/\/www.garciafaura.com\/es\/wp-json\/wp\/v2\/categories?post=25537"},{"taxonomy":"post_tag","embeddable":true,"href":"https:\/\/www.garciafaura.com\/es\/wp-json\/wp\/v2\/tags?post=25537"},{"taxonomy":"post_series","embeddable":true,"href":"https:\/\/www.garciafaura.com\/es\/wp-json\/wp\/v2\/post_series?post=25537"}],"curies":[{"name":"wp","href":"https:\/\/api.w.org\/{rel}","templated":true}]}}