{"id":25373,"date":"2020-06-19T09:05:25","date_gmt":"2020-06-19T07:05:25","guid":{"rendered":"https:\/\/www.garciafaura.com\/garcia-faura-incorpora-un-altre-centre-mecanitzat-el-cinque\/"},"modified":"2022-11-28T11:23:37","modified_gmt":"2022-11-28T09:23:37","slug":"garcia-faura-incorpora-un-altre-centre-mecanitzat-el-cinque","status":"publish","type":"post","link":"https:\/\/www.garciafaura.com\/es\/garcia-faura-incorpora-un-altre-centre-mecanitzat-el-cinque\/","title":{"rendered":"GARCIA FAURA incorpora otro centro mecanizado, el quinto"},"content":{"rendered":"<p style=\"text-align: justify;\">La crisis sanitaria de la Covid-19 no detiene las inversiones de <strong>GARCIA FAURA<\/strong>. La empresa ha adquirido un nuevo centro de mecanizado de prestaciones similares <a href=\"https:\/\/www.garciafaura.com\/es\/nuevo-centro-de-mecanizado-para-el-taller-de-aluminio-de-garcia-faura\/\" target=\"_blank\" rel=\"noopener\"><strong>al que ya adquiri\u00f3 a principios de a\u00f1o<\/strong><\/a> en su \u00e1rea productiva. Con este nuevo equipamiento, la empresa ya cuenta con cinco centros de mecanizado al servicio de los proyectos en curso.<\/p>\n<p style=\"text-align: justify;\">Se trata del modelo <a href=\"https:\/\/www.emmegi.com\/es\/producto\/centros-de-mecanizado\/comet-r6-hp\" target=\"_blank\" rel=\"noopener\"><strong>Comet R6 HP de Emmegi<\/strong><\/a>, un centro vers\u00e1til con control num\u00e9rico de cinco ejes que sirve para mecanizar barras o piezas de aluminio, acero y PVC.<\/p>\n<p style=\"text-align: justify;\">La m\u00e1quina puede funcionar en dos modalidades: con una \u00fanica \u00e1rea de trabajo para barras de hasta siete metros de longitud, o con dos \u00e1reas de trabajo en modalidad pendular independientes.<\/p>\n<p style=\"text-align: justify;\">Esta versi\u00f3n del centro de mecanizado dispone de dos ejes adicionales para el posicionamiento de las mordazas y de los topes de referencia, que permiten su posicionamiento simult\u00e1neamente durante el funcionamiento en la modalidad pendular.<\/p>\n<p style=\"text-align: justify;\">El cuarto y el quinto eje permiten que el electromandril gire con control num\u00e9rico de -15 a 90 grados en un eje horizontal, y de 0 a 720 grados en uno vertical de forma continua para efectuar elaboraciones en la cara superior y las laterales del perfil.<\/p>\n<p style=\"text-align: justify;\">La m\u00e1quina cuenta con un plan m\u00f3vil de mecanizado que facilita las operaciones de carga y descarga y permite mecanizar piezas de gran secci\u00f3n y tambi\u00e9n con avanzadas protecciones de vidrio de alta gama y una interfaz crom\u00e1tica luminosa que act\u00faa de advertencia adicional del estado de la m\u00e1quina en cada momento.<\/p>\n<p>Esta inversi\u00f3n se enmarca en el plan de modernizaci\u00f3n de la planta de fabricaci\u00f3n de fachadas, muros cortina y cerramientos de <strong>GARCIA FAURA<\/strong>. Un proyecto financiado por el Ministerio de Industria, Comercio y Turismo, dentro del <a href=\"https:\/\/www.mincotur.gob.es\/PortalAyudas\/RCI\/Paginas\/Index.aspx\" target=\"_blank\" rel=\"noopener\">Programa de reindustrializaci\u00f3n y fomento de la competitividad industrial<\/a>.<\/p>\n<p><img loading=\"lazy\" decoding=\"async\" class=\"aligncenter size-full wp-image-31091\" src=\"https:\/\/www.garciafaura.com\/wp-content\/uploads\/2020\/06\/LogoMinisterio.png\" alt=\"\" width=\"800\" height=\"153\" srcset=\"https:\/\/www.garciafaura.com\/wp-content\/uploads\/2020\/06\/LogoMinisterio.png 800w, https:\/\/www.garciafaura.com\/wp-content\/uploads\/2020\/06\/LogoMinisterio-300x57.png 300w, https:\/\/www.garciafaura.com\/wp-content\/uploads\/2020\/06\/LogoMinisterio-768x147.png 768w\" sizes=\"auto, (max-width: 800px) 100vw, 800px\" \/><\/p>\n","protected":false},"excerpt":{"rendered":"<p>La crisis sanitaria de la Covid-19 no detiene las inversiones de GARCIA FAURA. La empresa ha adquirido un nuevo centro de mecanizado de prestaciones similares al que ya adquiri\u00f3 a principios de a\u00f1o en su \u00e1rea productiva. Con este nuevo&hellip;<\/p>\n","protected":false},"author":3,"featured_media":25369,"comment_status":"closed","ping_status":"open","sticky":false,"template":"","format":"standard","meta":{"footnotes":""},"categories":[3],"tags":[],"post_series":[],"class_list":["post-25373","post","type-post","status-publish","format-standard","has-post-thumbnail","hentry","category-actualidad","entry","has-media"],"yoast_head":"<!-- This site is optimized with the Yoast SEO plugin v26.7 - https:\/\/yoast.com\/wordpress\/plugins\/seo\/ -->\n<title>GARCIA FAURA incorpora otro centro mecanizado, el quinto - GARCIA FAURA<\/title>\n<meta name=\"description\" content=\"Arquitectura en Alumini, Inox, Ferro i Vidre\" \/>\n<meta name=\"robots\" content=\"index, follow, max-snippet:-1, max-image-preview:large, max-video-preview:-1\" \/>\n<link rel=\"canonical\" href=\"https:\/\/www.garciafaura.com\/es\/garcia-faura-incorpora-un-altre-centre-mecanitzat-el-cinque\/\" \/>\n<meta property=\"og:locale\" content=\"es_ES\" \/>\n<meta property=\"og:type\" content=\"article\" \/>\n<meta property=\"og:title\" content=\"GARCIA FAURA incorpora otro centro mecanizado, el quinto - GARCIA FAURA\" \/>\n<meta property=\"og:description\" content=\"Arquitectura en Alumini, Inox, Ferro i Vidre\" \/>\n<meta property=\"og:url\" content=\"https:\/\/www.garciafaura.com\/es\/garcia-faura-incorpora-un-altre-centre-mecanitzat-el-cinque\/\" \/>\n<meta property=\"og:site_name\" content=\"GARCIA FAURA\" \/>\n<meta property=\"article:published_time\" content=\"2020-06-19T07:05:25+00:00\" \/>\n<meta property=\"article:modified_time\" content=\"2022-11-28T09:23:37+00:00\" \/>\n<meta property=\"og:image\" content=\"https:\/\/www.garciafaura.com\/wp-content\/uploads\/2020\/06\/centre-mecanitzat-Emmegi-1024x768.jpeg\" \/>\n\t<meta property=\"og:image:width\" content=\"1024\" \/>\n\t<meta property=\"og:image:height\" content=\"768\" \/>\n\t<meta property=\"og:image:type\" content=\"image\/jpeg\" \/>\n<meta name=\"author\" content=\"David Achell\" \/>\n<meta name=\"twitter:card\" content=\"summary_large_image\" \/>\n<meta name=\"twitter:label1\" content=\"Escrito por\" \/>\n\t<meta name=\"twitter:data1\" content=\"David Achell\" \/>\n\t<meta name=\"twitter:label2\" content=\"Tiempo de lectura\" \/>\n\t<meta name=\"twitter:data2\" content=\"2 minutos\" \/>\n<script type=\"application\/ld+json\" class=\"yoast-schema-graph\">{\"@context\":\"https:\/\/schema.org\",\"@graph\":[{\"@type\":\"Article\",\"@id\":\"https:\/\/www.garciafaura.com\/es\/garcia-faura-incorpora-un-altre-centre-mecanitzat-el-cinque\/#article\",\"isPartOf\":{\"@id\":\"https:\/\/www.garciafaura.com\/es\/garcia-faura-incorpora-un-altre-centre-mecanitzat-el-cinque\/\"},\"author\":{\"name\":\"David Achell\",\"@id\":\"https:\/\/www.garciafaura.com\/fr\/#\/schema\/person\/b4b75e69b33fac3446071909bec106b0\"},\"headline\":\"GARCIA FAURA incorpora otro centro mecanizado, el quinto\",\"datePublished\":\"2020-06-19T07:05:25+00:00\",\"dateModified\":\"2022-11-28T09:23:37+00:00\",\"mainEntityOfPage\":{\"@id\":\"https:\/\/www.garciafaura.com\/es\/garcia-faura-incorpora-un-altre-centre-mecanitzat-el-cinque\/\"},\"wordCount\":320,\"publisher\":{\"@id\":\"https:\/\/www.garciafaura.com\/fr\/#organization\"},\"image\":{\"@id\":\"https:\/\/www.garciafaura.com\/es\/garcia-faura-incorpora-un-altre-centre-mecanitzat-el-cinque\/#primaryimage\"},\"thumbnailUrl\":\"https:\/\/www.garciafaura.com\/wp-content\/uploads\/2020\/06\/centre-mecanitzat-Emmegi.jpeg\",\"articleSection\":[\"Actualidad\"],\"inLanguage\":\"es\"},{\"@type\":\"WebPage\",\"@id\":\"https:\/\/www.garciafaura.com\/es\/garcia-faura-incorpora-un-altre-centre-mecanitzat-el-cinque\/\",\"url\":\"https:\/\/www.garciafaura.com\/es\/garcia-faura-incorpora-un-altre-centre-mecanitzat-el-cinque\/\",\"name\":\"GARCIA FAURA incorpora otro centro mecanizado, el quinto - GARCIA FAURA\",\"isPartOf\":{\"@id\":\"https:\/\/www.garciafaura.com\/fr\/#website\"},\"primaryImageOfPage\":{\"@id\":\"https:\/\/www.garciafaura.com\/es\/garcia-faura-incorpora-un-altre-centre-mecanitzat-el-cinque\/#primaryimage\"},\"image\":{\"@id\":\"https:\/\/www.garciafaura.com\/es\/garcia-faura-incorpora-un-altre-centre-mecanitzat-el-cinque\/#primaryimage\"},\"thumbnailUrl\":\"https:\/\/www.garciafaura.com\/wp-content\/uploads\/2020\/06\/centre-mecanitzat-Emmegi.jpeg\",\"datePublished\":\"2020-06-19T07:05:25+00:00\",\"dateModified\":\"2022-11-28T09:23:37+00:00\",\"description\":\"Arquitectura en Alumini, Inox, Ferro i Vidre\",\"breadcrumb\":{\"@id\":\"https:\/\/www.garciafaura.com\/es\/garcia-faura-incorpora-un-altre-centre-mecanitzat-el-cinque\/#breadcrumb\"},\"inLanguage\":\"es\",\"potentialAction\":[{\"@type\":\"ReadAction\",\"target\":[\"https:\/\/www.garciafaura.com\/es\/garcia-faura-incorpora-un-altre-centre-mecanitzat-el-cinque\/\"]}]},{\"@type\":\"ImageObject\",\"inLanguage\":\"es\",\"@id\":\"https:\/\/www.garciafaura.com\/es\/garcia-faura-incorpora-un-altre-centre-mecanitzat-el-cinque\/#primaryimage\",\"url\":\"https:\/\/www.garciafaura.com\/wp-content\/uploads\/2020\/06\/centre-mecanitzat-Emmegi.jpeg\",\"contentUrl\":\"https:\/\/www.garciafaura.com\/wp-content\/uploads\/2020\/06\/centre-mecanitzat-Emmegi.jpeg\",\"width\":4032,\"height\":3024},{\"@type\":\"BreadcrumbList\",\"@id\":\"https:\/\/www.garciafaura.com\/es\/garcia-faura-incorpora-un-altre-centre-mecanitzat-el-cinque\/#breadcrumb\",\"itemListElement\":[{\"@type\":\"ListItem\",\"position\":1,\"name\":\"Inici\",\"item\":\"https:\/\/www.garciafaura.com\/es\/\"},{\"@type\":\"ListItem\",\"position\":2,\"name\":\"GARCIA FAURA incorpora otro centro mecanizado, el quinto\"}]},{\"@type\":\"WebSite\",\"@id\":\"https:\/\/www.garciafaura.com\/fr\/#website\",\"url\":\"https:\/\/www.garciafaura.com\/fr\/\",\"name\":\"GARCIA FAURA\",\"description\":\"Arquitectura en Alumini, Inox, Ferro i Vidre\",\"publisher\":{\"@id\":\"https:\/\/www.garciafaura.com\/fr\/#organization\"},\"potentialAction\":[{\"@type\":\"SearchAction\",\"target\":{\"@type\":\"EntryPoint\",\"urlTemplate\":\"https:\/\/www.garciafaura.com\/fr\/?s={search_term_string}\"},\"query-input\":{\"@type\":\"PropertyValueSpecification\",\"valueRequired\":true,\"valueName\":\"search_term_string\"}}],\"inLanguage\":\"es\"},{\"@type\":\"Organization\",\"@id\":\"https:\/\/www.garciafaura.com\/fr\/#organization\",\"name\":\"GARCIA FAURA\",\"url\":\"https:\/\/www.garciafaura.com\/fr\/\",\"logo\":{\"@type\":\"ImageObject\",\"inLanguage\":\"es\",\"@id\":\"https:\/\/www.garciafaura.com\/fr\/#\/schema\/logo\/image\/\",\"url\":\"https:\/\/www.garciafaura.com\/wp-content\/uploads\/2018\/09\/Garcia-Faura.png\",\"contentUrl\":\"https:\/\/www.garciafaura.com\/wp-content\/uploads\/2018\/09\/Garcia-Faura.png\",\"width\":512,\"height\":512,\"caption\":\"GARCIA FAURA\"},\"image\":{\"@id\":\"https:\/\/www.garciafaura.com\/fr\/#\/schema\/logo\/image\/\"},\"sameAs\":[\"https:\/\/www.youtube.com\/user\/GARCIAFAURA\"]},{\"@type\":\"Person\",\"@id\":\"https:\/\/www.garciafaura.com\/fr\/#\/schema\/person\/b4b75e69b33fac3446071909bec106b0\",\"name\":\"David Achell\",\"image\":{\"@type\":\"ImageObject\",\"inLanguage\":\"es\",\"@id\":\"https:\/\/www.garciafaura.com\/fr\/#\/schema\/person\/image\/\",\"url\":\"https:\/\/secure.gravatar.com\/avatar\/03900210afc1f61bce737bcb4a79c02e2c997f171e3eca839b5a4cbe03846c90?s=96&d=blank&r=g\",\"contentUrl\":\"https:\/\/secure.gravatar.com\/avatar\/03900210afc1f61bce737bcb4a79c02e2c997f171e3eca839b5a4cbe03846c90?s=96&d=blank&r=g\",\"caption\":\"David Achell\"}}]}<\/script>\n<!-- \/ Yoast SEO plugin. -->","yoast_head_json":{"title":"GARCIA FAURA incorpora otro centro mecanizado, el quinto - GARCIA FAURA","description":"Arquitectura en Alumini, Inox, Ferro i Vidre","robots":{"index":"index","follow":"follow","max-snippet":"max-snippet:-1","max-image-preview":"max-image-preview:large","max-video-preview":"max-video-preview:-1"},"canonical":"https:\/\/www.garciafaura.com\/es\/garcia-faura-incorpora-un-altre-centre-mecanitzat-el-cinque\/","og_locale":"es_ES","og_type":"article","og_title":"GARCIA FAURA incorpora otro centro mecanizado, el quinto - GARCIA FAURA","og_description":"Arquitectura en Alumini, Inox, Ferro i Vidre","og_url":"https:\/\/www.garciafaura.com\/es\/garcia-faura-incorpora-un-altre-centre-mecanitzat-el-cinque\/","og_site_name":"GARCIA FAURA","article_published_time":"2020-06-19T07:05:25+00:00","article_modified_time":"2022-11-28T09:23:37+00:00","og_image":[{"width":1024,"height":768,"url":"https:\/\/www.garciafaura.com\/wp-content\/uploads\/2020\/06\/centre-mecanitzat-Emmegi-1024x768.jpeg","type":"image\/jpeg"}],"author":"David Achell","twitter_card":"summary_large_image","twitter_misc":{"Escrito por":"David Achell","Tiempo de lectura":"2 minutos"},"schema":{"@context":"https:\/\/schema.org","@graph":[{"@type":"Article","@id":"https:\/\/www.garciafaura.com\/es\/garcia-faura-incorpora-un-altre-centre-mecanitzat-el-cinque\/#article","isPartOf":{"@id":"https:\/\/www.garciafaura.com\/es\/garcia-faura-incorpora-un-altre-centre-mecanitzat-el-cinque\/"},"author":{"name":"David Achell","@id":"https:\/\/www.garciafaura.com\/fr\/#\/schema\/person\/b4b75e69b33fac3446071909bec106b0"},"headline":"GARCIA FAURA incorpora otro centro mecanizado, el quinto","datePublished":"2020-06-19T07:05:25+00:00","dateModified":"2022-11-28T09:23:37+00:00","mainEntityOfPage":{"@id":"https:\/\/www.garciafaura.com\/es\/garcia-faura-incorpora-un-altre-centre-mecanitzat-el-cinque\/"},"wordCount":320,"publisher":{"@id":"https:\/\/www.garciafaura.com\/fr\/#organization"},"image":{"@id":"https:\/\/www.garciafaura.com\/es\/garcia-faura-incorpora-un-altre-centre-mecanitzat-el-cinque\/#primaryimage"},"thumbnailUrl":"https:\/\/www.garciafaura.com\/wp-content\/uploads\/2020\/06\/centre-mecanitzat-Emmegi.jpeg","articleSection":["Actualidad"],"inLanguage":"es"},{"@type":"WebPage","@id":"https:\/\/www.garciafaura.com\/es\/garcia-faura-incorpora-un-altre-centre-mecanitzat-el-cinque\/","url":"https:\/\/www.garciafaura.com\/es\/garcia-faura-incorpora-un-altre-centre-mecanitzat-el-cinque\/","name":"GARCIA FAURA incorpora otro centro mecanizado, el quinto - GARCIA FAURA","isPartOf":{"@id":"https:\/\/www.garciafaura.com\/fr\/#website"},"primaryImageOfPage":{"@id":"https:\/\/www.garciafaura.com\/es\/garcia-faura-incorpora-un-altre-centre-mecanitzat-el-cinque\/#primaryimage"},"image":{"@id":"https:\/\/www.garciafaura.com\/es\/garcia-faura-incorpora-un-altre-centre-mecanitzat-el-cinque\/#primaryimage"},"thumbnailUrl":"https:\/\/www.garciafaura.com\/wp-content\/uploads\/2020\/06\/centre-mecanitzat-Emmegi.jpeg","datePublished":"2020-06-19T07:05:25+00:00","dateModified":"2022-11-28T09:23:37+00:00","description":"Arquitectura en Alumini, Inox, Ferro i Vidre","breadcrumb":{"@id":"https:\/\/www.garciafaura.com\/es\/garcia-faura-incorpora-un-altre-centre-mecanitzat-el-cinque\/#breadcrumb"},"inLanguage":"es","potentialAction":[{"@type":"ReadAction","target":["https:\/\/www.garciafaura.com\/es\/garcia-faura-incorpora-un-altre-centre-mecanitzat-el-cinque\/"]}]},{"@type":"ImageObject","inLanguage":"es","@id":"https:\/\/www.garciafaura.com\/es\/garcia-faura-incorpora-un-altre-centre-mecanitzat-el-cinque\/#primaryimage","url":"https:\/\/www.garciafaura.com\/wp-content\/uploads\/2020\/06\/centre-mecanitzat-Emmegi.jpeg","contentUrl":"https:\/\/www.garciafaura.com\/wp-content\/uploads\/2020\/06\/centre-mecanitzat-Emmegi.jpeg","width":4032,"height":3024},{"@type":"BreadcrumbList","@id":"https:\/\/www.garciafaura.com\/es\/garcia-faura-incorpora-un-altre-centre-mecanitzat-el-cinque\/#breadcrumb","itemListElement":[{"@type":"ListItem","position":1,"name":"Inici","item":"https:\/\/www.garciafaura.com\/es\/"},{"@type":"ListItem","position":2,"name":"GARCIA FAURA incorpora otro centro mecanizado, el quinto"}]},{"@type":"WebSite","@id":"https:\/\/www.garciafaura.com\/fr\/#website","url":"https:\/\/www.garciafaura.com\/fr\/","name":"GARCIA FAURA","description":"Arquitectura en Alumini, Inox, Ferro i Vidre","publisher":{"@id":"https:\/\/www.garciafaura.com\/fr\/#organization"},"potentialAction":[{"@type":"SearchAction","target":{"@type":"EntryPoint","urlTemplate":"https:\/\/www.garciafaura.com\/fr\/?s={search_term_string}"},"query-input":{"@type":"PropertyValueSpecification","valueRequired":true,"valueName":"search_term_string"}}],"inLanguage":"es"},{"@type":"Organization","@id":"https:\/\/www.garciafaura.com\/fr\/#organization","name":"GARCIA FAURA","url":"https:\/\/www.garciafaura.com\/fr\/","logo":{"@type":"ImageObject","inLanguage":"es","@id":"https:\/\/www.garciafaura.com\/fr\/#\/schema\/logo\/image\/","url":"https:\/\/www.garciafaura.com\/wp-content\/uploads\/2018\/09\/Garcia-Faura.png","contentUrl":"https:\/\/www.garciafaura.com\/wp-content\/uploads\/2018\/09\/Garcia-Faura.png","width":512,"height":512,"caption":"GARCIA FAURA"},"image":{"@id":"https:\/\/www.garciafaura.com\/fr\/#\/schema\/logo\/image\/"},"sameAs":["https:\/\/www.youtube.com\/user\/GARCIAFAURA"]},{"@type":"Person","@id":"https:\/\/www.garciafaura.com\/fr\/#\/schema\/person\/b4b75e69b33fac3446071909bec106b0","name":"David Achell","image":{"@type":"ImageObject","inLanguage":"es","@id":"https:\/\/www.garciafaura.com\/fr\/#\/schema\/person\/image\/","url":"https:\/\/secure.gravatar.com\/avatar\/03900210afc1f61bce737bcb4a79c02e2c997f171e3eca839b5a4cbe03846c90?s=96&d=blank&r=g","contentUrl":"https:\/\/secure.gravatar.com\/avatar\/03900210afc1f61bce737bcb4a79c02e2c997f171e3eca839b5a4cbe03846c90?s=96&d=blank&r=g","caption":"David Achell"}}]}},"_links":{"self":[{"href":"https:\/\/www.garciafaura.com\/es\/wp-json\/wp\/v2\/posts\/25373","targetHints":{"allow":["GET"]}}],"collection":[{"href":"https:\/\/www.garciafaura.com\/es\/wp-json\/wp\/v2\/posts"}],"about":[{"href":"https:\/\/www.garciafaura.com\/es\/wp-json\/wp\/v2\/types\/post"}],"author":[{"embeddable":true,"href":"https:\/\/www.garciafaura.com\/es\/wp-json\/wp\/v2\/users\/3"}],"replies":[{"embeddable":true,"href":"https:\/\/www.garciafaura.com\/es\/wp-json\/wp\/v2\/comments?post=25373"}],"version-history":[{"count":3,"href":"https:\/\/www.garciafaura.com\/es\/wp-json\/wp\/v2\/posts\/25373\/revisions"}],"predecessor-version":[{"id":31093,"href":"https:\/\/www.garciafaura.com\/es\/wp-json\/wp\/v2\/posts\/25373\/revisions\/31093"}],"wp:featuredmedia":[{"embeddable":true,"href":"https:\/\/www.garciafaura.com\/es\/wp-json\/wp\/v2\/media\/25369"}],"wp:attachment":[{"href":"https:\/\/www.garciafaura.com\/es\/wp-json\/wp\/v2\/media?parent=25373"}],"wp:term":[{"taxonomy":"category","embeddable":true,"href":"https:\/\/www.garciafaura.com\/es\/wp-json\/wp\/v2\/categories?post=25373"},{"taxonomy":"post_tag","embeddable":true,"href":"https:\/\/www.garciafaura.com\/es\/wp-json\/wp\/v2\/tags?post=25373"},{"taxonomy":"post_series","embeddable":true,"href":"https:\/\/www.garciafaura.com\/es\/wp-json\/wp\/v2\/post_series?post=25373"}],"curies":[{"name":"wp","href":"https:\/\/api.w.org\/{rel}","templated":true}]}}