{"id":25287,"date":"2020-06-10T11:50:26","date_gmt":"2020-06-10T09:50:26","guid":{"rendered":"https:\/\/www.garciafaura.com\/finestres-de-garcia-faura-per-a-un-edifici-finalista-dels-premis-fad\/"},"modified":"2020-06-10T12:01:49","modified_gmt":"2020-06-10T10:01:49","slug":"finestres-de-garcia-faura-per-a-un-edifici-finalista-dels-premis-fad","status":"publish","type":"post","link":"https:\/\/www.garciafaura.com\/es\/finestres-de-garcia-faura-per-a-un-edifici-finalista-dels-premis-fad\/","title":{"rendered":"Ventanas de GARCIA FAURA para un edificio finalista de los Premis FAD"},"content":{"rendered":"<p style=\"text-align: justify;\"><strong>GARCIA FAURA<\/strong> ha participado en la construcci\u00f3n de 79 viviendas de protecci\u00f3n oficial en Sant Boi de Llobregat. Se trata de un edificio finalista de los <strong><a href=\"http:\/\/arquinfad.org\/premisfad\/es\/ediciones-anteriores\/?edicio\/2020\/obra\/11120\/\" target=\"_blank\" rel=\"noopener\">Premios FAD<\/a><\/strong> de Arquitectura 2020 gracias a la incorporaci\u00f3n de patios y espacios comunitarios como soluci\u00f3n a la imposibilidad de hacer balcones.<\/p>\n<p style=\"text-align: justify;\">Para este proyecto, <strong>GARCIA FAURA<\/strong> ha fabricado e instalado 1.100 metros cuadrados de carpinter\u00eda de aluminio y vidrio. Un proyecto en el que las ventanas adoptan un car\u00e1cter importante, ya que precisamente el edificio est\u00e1 dise\u00f1ado de tal manera que todas las salas de estar y todos los dormitorios de todos los apartamentos son exteriores. As\u00ed, la entrada de luz natural se convierte en se\u00f1a de identidad de su confort interior.<\/p>\n<p style=\"text-align: justify;\">Los cierres se han desarrollado con perfiler\u00eda de aluminio con rotura de puente t\u00e9rmico y cristales de buenas prestaciones t\u00e9cnicas. De esta manera se contribuye a un buen nivel de bienestar, plenamente compatible con los costes de construcci\u00f3n del proyecto, de car\u00e1cter p\u00fablico y destinado a vivienda protegida.<\/p>\n<p style=\"text-align: justify;\">Y es que, aunque el presupuesto era ajustado, el proyecto ha creado viviendas con mucha luz, con espacios interiores para todo el vecindario abiertos al exterior, unos espacios que se convierten en lugares de transici\u00f3n entre el hogar y la calle. Todas las salas de estar y los dormitorios de las viviendas son exteriores, mientras que los accesos, las cocinas y los ba\u00f1os dan a cuatro corredores que sirven s\u00f3lo a cuatro viviendas cada uno.<\/p>\n<p style=\"text-align: justify;\">De hecho, \u00e9sta puede ser una de las tendencias arquitect\u00f3nicas en tiempos de incertidumbre sanitaria como la actual de la covid-19. Si, tal como prev\u00e9n los expertos, es posible que haya rebrotes de la enfermedad y, por tanto, posibles nuevos confinamientos, los edificios deber\u00e1n estar preparados para ofrecer espacios de aire y luz, precisamente como este en el que ha participado <strong>GARCIA FAURA<\/strong>.<\/p>\n","protected":false},"excerpt":{"rendered":"<p>GARCIA FAURA ha participado en la construcci\u00f3n de 79 viviendas de protecci\u00f3n oficial en Sant Boi de Llobregat. Se trata de un edificio finalista de los Premios FAD de Arquitectura 2020 gracias a la incorporaci\u00f3n de patios y espacios comunitarios&hellip;<\/p>\n","protected":false},"author":3,"featured_media":25283,"comment_status":"closed","ping_status":"open","sticky":false,"template":"","format":"standard","meta":{"footnotes":""},"categories":[3],"tags":[],"post_series":[],"class_list":["post-25287","post","type-post","status-publish","format-standard","has-post-thumbnail","hentry","category-actualidad","entry","has-media"],"yoast_head":"<!-- This site is optimized with the Yoast SEO plugin v26.7 - https:\/\/yoast.com\/wordpress\/plugins\/seo\/ -->\n<title>Ventanas de GARCIA FAURA para un edificio finalista de los Premis FAD - GARCIA FAURA<\/title>\n<meta name=\"description\" content=\"Arquitectura en Alumini, Inox, Ferro i Vidre\" \/>\n<meta name=\"robots\" content=\"index, follow, max-snippet:-1, max-image-preview:large, max-video-preview:-1\" \/>\n<link rel=\"canonical\" href=\"https:\/\/www.garciafaura.com\/es\/finestres-de-garcia-faura-per-a-un-edifici-finalista-dels-premis-fad\/\" \/>\n<meta property=\"og:locale\" content=\"es_ES\" \/>\n<meta property=\"og:type\" content=\"article\" \/>\n<meta property=\"og:title\" content=\"Ventanas de GARCIA FAURA para un edificio finalista de los Premis FAD - GARCIA FAURA\" \/>\n<meta property=\"og:description\" content=\"Arquitectura en Alumini, Inox, Ferro i Vidre\" \/>\n<meta property=\"og:url\" content=\"https:\/\/www.garciafaura.com\/es\/finestres-de-garcia-faura-per-a-un-edifici-finalista-dels-premis-fad\/\" \/>\n<meta property=\"og:site_name\" content=\"GARCIA FAURA\" \/>\n<meta property=\"article:published_time\" content=\"2020-06-10T09:50:26+00:00\" \/>\n<meta property=\"article:modified_time\" content=\"2020-06-10T10:01:49+00:00\" \/>\n<meta property=\"og:image\" content=\"https:\/\/www.garciafaura.com\/wp-content\/uploads\/2020\/06\/Detall-fext.jpg\" \/>\n\t<meta property=\"og:image:width\" content=\"600\" \/>\n\t<meta property=\"og:image:height\" content=\"400\" \/>\n\t<meta property=\"og:image:type\" content=\"image\/jpeg\" \/>\n<meta name=\"author\" content=\"David Achell\" \/>\n<meta name=\"twitter:card\" content=\"summary_large_image\" \/>\n<meta name=\"twitter:label1\" content=\"Escrito por\" \/>\n\t<meta name=\"twitter:data1\" content=\"David Achell\" \/>\n\t<meta name=\"twitter:label2\" content=\"Tiempo de lectura\" \/>\n\t<meta name=\"twitter:data2\" content=\"2 minutos\" \/>\n<script type=\"application\/ld+json\" class=\"yoast-schema-graph\">{\"@context\":\"https:\/\/schema.org\",\"@graph\":[{\"@type\":\"Article\",\"@id\":\"https:\/\/www.garciafaura.com\/es\/finestres-de-garcia-faura-per-a-un-edifici-finalista-dels-premis-fad\/#article\",\"isPartOf\":{\"@id\":\"https:\/\/www.garciafaura.com\/es\/finestres-de-garcia-faura-per-a-un-edifici-finalista-dels-premis-fad\/\"},\"author\":{\"name\":\"David Achell\",\"@id\":\"https:\/\/www.garciafaura.com\/fr\/#\/schema\/person\/b4b75e69b33fac3446071909bec106b0\"},\"headline\":\"Ventanas de GARCIA FAURA para un edificio finalista de los Premis FAD\",\"datePublished\":\"2020-06-10T09:50:26+00:00\",\"dateModified\":\"2020-06-10T10:01:49+00:00\",\"mainEntityOfPage\":{\"@id\":\"https:\/\/www.garciafaura.com\/es\/finestres-de-garcia-faura-per-a-un-edifici-finalista-dels-premis-fad\/\"},\"wordCount\":334,\"publisher\":{\"@id\":\"https:\/\/www.garciafaura.com\/fr\/#organization\"},\"image\":{\"@id\":\"https:\/\/www.garciafaura.com\/es\/finestres-de-garcia-faura-per-a-un-edifici-finalista-dels-premis-fad\/#primaryimage\"},\"thumbnailUrl\":\"https:\/\/www.garciafaura.com\/wp-content\/uploads\/2020\/06\/Detall-fext.jpg\",\"articleSection\":[\"Actualidad\"],\"inLanguage\":\"es\"},{\"@type\":\"WebPage\",\"@id\":\"https:\/\/www.garciafaura.com\/es\/finestres-de-garcia-faura-per-a-un-edifici-finalista-dels-premis-fad\/\",\"url\":\"https:\/\/www.garciafaura.com\/es\/finestres-de-garcia-faura-per-a-un-edifici-finalista-dels-premis-fad\/\",\"name\":\"Ventanas de GARCIA FAURA para un edificio finalista de los Premis FAD - GARCIA FAURA\",\"isPartOf\":{\"@id\":\"https:\/\/www.garciafaura.com\/fr\/#website\"},\"primaryImageOfPage\":{\"@id\":\"https:\/\/www.garciafaura.com\/es\/finestres-de-garcia-faura-per-a-un-edifici-finalista-dels-premis-fad\/#primaryimage\"},\"image\":{\"@id\":\"https:\/\/www.garciafaura.com\/es\/finestres-de-garcia-faura-per-a-un-edifici-finalista-dels-premis-fad\/#primaryimage\"},\"thumbnailUrl\":\"https:\/\/www.garciafaura.com\/wp-content\/uploads\/2020\/06\/Detall-fext.jpg\",\"datePublished\":\"2020-06-10T09:50:26+00:00\",\"dateModified\":\"2020-06-10T10:01:49+00:00\",\"description\":\"Arquitectura en Alumini, Inox, Ferro i Vidre\",\"breadcrumb\":{\"@id\":\"https:\/\/www.garciafaura.com\/es\/finestres-de-garcia-faura-per-a-un-edifici-finalista-dels-premis-fad\/#breadcrumb\"},\"inLanguage\":\"es\",\"potentialAction\":[{\"@type\":\"ReadAction\",\"target\":[\"https:\/\/www.garciafaura.com\/es\/finestres-de-garcia-faura-per-a-un-edifici-finalista-dels-premis-fad\/\"]}]},{\"@type\":\"ImageObject\",\"inLanguage\":\"es\",\"@id\":\"https:\/\/www.garciafaura.com\/es\/finestres-de-garcia-faura-per-a-un-edifici-finalista-dels-premis-fad\/#primaryimage\",\"url\":\"https:\/\/www.garciafaura.com\/wp-content\/uploads\/2020\/06\/Detall-fext.jpg\",\"contentUrl\":\"https:\/\/www.garciafaura.com\/wp-content\/uploads\/2020\/06\/Detall-fext.jpg\",\"width\":600,\"height\":400},{\"@type\":\"BreadcrumbList\",\"@id\":\"https:\/\/www.garciafaura.com\/es\/finestres-de-garcia-faura-per-a-un-edifici-finalista-dels-premis-fad\/#breadcrumb\",\"itemListElement\":[{\"@type\":\"ListItem\",\"position\":1,\"name\":\"Inici\",\"item\":\"https:\/\/www.garciafaura.com\/es\/\"},{\"@type\":\"ListItem\",\"position\":2,\"name\":\"Ventanas de GARCIA FAURA para un edificio finalista de los Premis FAD\"}]},{\"@type\":\"WebSite\",\"@id\":\"https:\/\/www.garciafaura.com\/fr\/#website\",\"url\":\"https:\/\/www.garciafaura.com\/fr\/\",\"name\":\"GARCIA FAURA\",\"description\":\"Arquitectura en Alumini, Inox, Ferro i Vidre\",\"publisher\":{\"@id\":\"https:\/\/www.garciafaura.com\/fr\/#organization\"},\"potentialAction\":[{\"@type\":\"SearchAction\",\"target\":{\"@type\":\"EntryPoint\",\"urlTemplate\":\"https:\/\/www.garciafaura.com\/fr\/?s={search_term_string}\"},\"query-input\":{\"@type\":\"PropertyValueSpecification\",\"valueRequired\":true,\"valueName\":\"search_term_string\"}}],\"inLanguage\":\"es\"},{\"@type\":\"Organization\",\"@id\":\"https:\/\/www.garciafaura.com\/fr\/#organization\",\"name\":\"GARCIA FAURA\",\"url\":\"https:\/\/www.garciafaura.com\/fr\/\",\"logo\":{\"@type\":\"ImageObject\",\"inLanguage\":\"es\",\"@id\":\"https:\/\/www.garciafaura.com\/fr\/#\/schema\/logo\/image\/\",\"url\":\"https:\/\/www.garciafaura.com\/wp-content\/uploads\/2018\/09\/Garcia-Faura.png\",\"contentUrl\":\"https:\/\/www.garciafaura.com\/wp-content\/uploads\/2018\/09\/Garcia-Faura.png\",\"width\":512,\"height\":512,\"caption\":\"GARCIA FAURA\"},\"image\":{\"@id\":\"https:\/\/www.garciafaura.com\/fr\/#\/schema\/logo\/image\/\"},\"sameAs\":[\"https:\/\/www.youtube.com\/user\/GARCIAFAURA\"]},{\"@type\":\"Person\",\"@id\":\"https:\/\/www.garciafaura.com\/fr\/#\/schema\/person\/b4b75e69b33fac3446071909bec106b0\",\"name\":\"David Achell\",\"image\":{\"@type\":\"ImageObject\",\"inLanguage\":\"es\",\"@id\":\"https:\/\/www.garciafaura.com\/fr\/#\/schema\/person\/image\/\",\"url\":\"https:\/\/secure.gravatar.com\/avatar\/03900210afc1f61bce737bcb4a79c02e2c997f171e3eca839b5a4cbe03846c90?s=96&d=blank&r=g\",\"contentUrl\":\"https:\/\/secure.gravatar.com\/avatar\/03900210afc1f61bce737bcb4a79c02e2c997f171e3eca839b5a4cbe03846c90?s=96&d=blank&r=g\",\"caption\":\"David Achell\"}}]}<\/script>\n<!-- \/ Yoast SEO plugin. -->","yoast_head_json":{"title":"Ventanas de GARCIA FAURA para un edificio finalista de los Premis FAD - GARCIA FAURA","description":"Arquitectura en Alumini, Inox, Ferro i Vidre","robots":{"index":"index","follow":"follow","max-snippet":"max-snippet:-1","max-image-preview":"max-image-preview:large","max-video-preview":"max-video-preview:-1"},"canonical":"https:\/\/www.garciafaura.com\/es\/finestres-de-garcia-faura-per-a-un-edifici-finalista-dels-premis-fad\/","og_locale":"es_ES","og_type":"article","og_title":"Ventanas de GARCIA FAURA para un edificio finalista de los Premis FAD - GARCIA FAURA","og_description":"Arquitectura en Alumini, Inox, Ferro i Vidre","og_url":"https:\/\/www.garciafaura.com\/es\/finestres-de-garcia-faura-per-a-un-edifici-finalista-dels-premis-fad\/","og_site_name":"GARCIA FAURA","article_published_time":"2020-06-10T09:50:26+00:00","article_modified_time":"2020-06-10T10:01:49+00:00","og_image":[{"width":600,"height":400,"url":"https:\/\/www.garciafaura.com\/wp-content\/uploads\/2020\/06\/Detall-fext.jpg","type":"image\/jpeg"}],"author":"David Achell","twitter_card":"summary_large_image","twitter_misc":{"Escrito por":"David Achell","Tiempo de lectura":"2 minutos"},"schema":{"@context":"https:\/\/schema.org","@graph":[{"@type":"Article","@id":"https:\/\/www.garciafaura.com\/es\/finestres-de-garcia-faura-per-a-un-edifici-finalista-dels-premis-fad\/#article","isPartOf":{"@id":"https:\/\/www.garciafaura.com\/es\/finestres-de-garcia-faura-per-a-un-edifici-finalista-dels-premis-fad\/"},"author":{"name":"David Achell","@id":"https:\/\/www.garciafaura.com\/fr\/#\/schema\/person\/b4b75e69b33fac3446071909bec106b0"},"headline":"Ventanas de GARCIA FAURA para un edificio finalista de los Premis FAD","datePublished":"2020-06-10T09:50:26+00:00","dateModified":"2020-06-10T10:01:49+00:00","mainEntityOfPage":{"@id":"https:\/\/www.garciafaura.com\/es\/finestres-de-garcia-faura-per-a-un-edifici-finalista-dels-premis-fad\/"},"wordCount":334,"publisher":{"@id":"https:\/\/www.garciafaura.com\/fr\/#organization"},"image":{"@id":"https:\/\/www.garciafaura.com\/es\/finestres-de-garcia-faura-per-a-un-edifici-finalista-dels-premis-fad\/#primaryimage"},"thumbnailUrl":"https:\/\/www.garciafaura.com\/wp-content\/uploads\/2020\/06\/Detall-fext.jpg","articleSection":["Actualidad"],"inLanguage":"es"},{"@type":"WebPage","@id":"https:\/\/www.garciafaura.com\/es\/finestres-de-garcia-faura-per-a-un-edifici-finalista-dels-premis-fad\/","url":"https:\/\/www.garciafaura.com\/es\/finestres-de-garcia-faura-per-a-un-edifici-finalista-dels-premis-fad\/","name":"Ventanas de GARCIA FAURA para un edificio finalista de los Premis FAD - GARCIA FAURA","isPartOf":{"@id":"https:\/\/www.garciafaura.com\/fr\/#website"},"primaryImageOfPage":{"@id":"https:\/\/www.garciafaura.com\/es\/finestres-de-garcia-faura-per-a-un-edifici-finalista-dels-premis-fad\/#primaryimage"},"image":{"@id":"https:\/\/www.garciafaura.com\/es\/finestres-de-garcia-faura-per-a-un-edifici-finalista-dels-premis-fad\/#primaryimage"},"thumbnailUrl":"https:\/\/www.garciafaura.com\/wp-content\/uploads\/2020\/06\/Detall-fext.jpg","datePublished":"2020-06-10T09:50:26+00:00","dateModified":"2020-06-10T10:01:49+00:00","description":"Arquitectura en Alumini, Inox, Ferro i Vidre","breadcrumb":{"@id":"https:\/\/www.garciafaura.com\/es\/finestres-de-garcia-faura-per-a-un-edifici-finalista-dels-premis-fad\/#breadcrumb"},"inLanguage":"es","potentialAction":[{"@type":"ReadAction","target":["https:\/\/www.garciafaura.com\/es\/finestres-de-garcia-faura-per-a-un-edifici-finalista-dels-premis-fad\/"]}]},{"@type":"ImageObject","inLanguage":"es","@id":"https:\/\/www.garciafaura.com\/es\/finestres-de-garcia-faura-per-a-un-edifici-finalista-dels-premis-fad\/#primaryimage","url":"https:\/\/www.garciafaura.com\/wp-content\/uploads\/2020\/06\/Detall-fext.jpg","contentUrl":"https:\/\/www.garciafaura.com\/wp-content\/uploads\/2020\/06\/Detall-fext.jpg","width":600,"height":400},{"@type":"BreadcrumbList","@id":"https:\/\/www.garciafaura.com\/es\/finestres-de-garcia-faura-per-a-un-edifici-finalista-dels-premis-fad\/#breadcrumb","itemListElement":[{"@type":"ListItem","position":1,"name":"Inici","item":"https:\/\/www.garciafaura.com\/es\/"},{"@type":"ListItem","position":2,"name":"Ventanas de GARCIA FAURA para un edificio finalista de los Premis FAD"}]},{"@type":"WebSite","@id":"https:\/\/www.garciafaura.com\/fr\/#website","url":"https:\/\/www.garciafaura.com\/fr\/","name":"GARCIA FAURA","description":"Arquitectura en Alumini, Inox, Ferro i Vidre","publisher":{"@id":"https:\/\/www.garciafaura.com\/fr\/#organization"},"potentialAction":[{"@type":"SearchAction","target":{"@type":"EntryPoint","urlTemplate":"https:\/\/www.garciafaura.com\/fr\/?s={search_term_string}"},"query-input":{"@type":"PropertyValueSpecification","valueRequired":true,"valueName":"search_term_string"}}],"inLanguage":"es"},{"@type":"Organization","@id":"https:\/\/www.garciafaura.com\/fr\/#organization","name":"GARCIA FAURA","url":"https:\/\/www.garciafaura.com\/fr\/","logo":{"@type":"ImageObject","inLanguage":"es","@id":"https:\/\/www.garciafaura.com\/fr\/#\/schema\/logo\/image\/","url":"https:\/\/www.garciafaura.com\/wp-content\/uploads\/2018\/09\/Garcia-Faura.png","contentUrl":"https:\/\/www.garciafaura.com\/wp-content\/uploads\/2018\/09\/Garcia-Faura.png","width":512,"height":512,"caption":"GARCIA FAURA"},"image":{"@id":"https:\/\/www.garciafaura.com\/fr\/#\/schema\/logo\/image\/"},"sameAs":["https:\/\/www.youtube.com\/user\/GARCIAFAURA"]},{"@type":"Person","@id":"https:\/\/www.garciafaura.com\/fr\/#\/schema\/person\/b4b75e69b33fac3446071909bec106b0","name":"David Achell","image":{"@type":"ImageObject","inLanguage":"es","@id":"https:\/\/www.garciafaura.com\/fr\/#\/schema\/person\/image\/","url":"https:\/\/secure.gravatar.com\/avatar\/03900210afc1f61bce737bcb4a79c02e2c997f171e3eca839b5a4cbe03846c90?s=96&d=blank&r=g","contentUrl":"https:\/\/secure.gravatar.com\/avatar\/03900210afc1f61bce737bcb4a79c02e2c997f171e3eca839b5a4cbe03846c90?s=96&d=blank&r=g","caption":"David Achell"}}]}},"_links":{"self":[{"href":"https:\/\/www.garciafaura.com\/es\/wp-json\/wp\/v2\/posts\/25287","targetHints":{"allow":["GET"]}}],"collection":[{"href":"https:\/\/www.garciafaura.com\/es\/wp-json\/wp\/v2\/posts"}],"about":[{"href":"https:\/\/www.garciafaura.com\/es\/wp-json\/wp\/v2\/types\/post"}],"author":[{"embeddable":true,"href":"https:\/\/www.garciafaura.com\/es\/wp-json\/wp\/v2\/users\/3"}],"replies":[{"embeddable":true,"href":"https:\/\/www.garciafaura.com\/es\/wp-json\/wp\/v2\/comments?post=25287"}],"version-history":[{"count":4,"href":"https:\/\/www.garciafaura.com\/es\/wp-json\/wp\/v2\/posts\/25287\/revisions"}],"predecessor-version":[{"id":25291,"href":"https:\/\/www.garciafaura.com\/es\/wp-json\/wp\/v2\/posts\/25287\/revisions\/25291"}],"wp:featuredmedia":[{"embeddable":true,"href":"https:\/\/www.garciafaura.com\/es\/wp-json\/wp\/v2\/media\/25283"}],"wp:attachment":[{"href":"https:\/\/www.garciafaura.com\/es\/wp-json\/wp\/v2\/media?parent=25287"}],"wp:term":[{"taxonomy":"category","embeddable":true,"href":"https:\/\/www.garciafaura.com\/es\/wp-json\/wp\/v2\/categories?post=25287"},{"taxonomy":"post_tag","embeddable":true,"href":"https:\/\/www.garciafaura.com\/es\/wp-json\/wp\/v2\/tags?post=25287"},{"taxonomy":"post_series","embeddable":true,"href":"https:\/\/www.garciafaura.com\/es\/wp-json\/wp\/v2\/post_series?post=25287"}],"curies":[{"name":"wp","href":"https:\/\/api.w.org\/{rel}","templated":true}]}}