{"id":25087,"date":"2020-05-12T20:34:17","date_gmt":"2020-05-12T18:34:17","guid":{"rendered":"https:\/\/www.garciafaura.com\/garcia-faura-seguridad-prevencion-y-servicio-en-tiempo-de-coronavirus\/"},"modified":"2020-06-10T12:03:49","modified_gmt":"2020-06-10T10:03:49","slug":"garcia-faura-seguridad-prevencion-y-servicio-en-tiempo-de-coronavirus","status":"publish","type":"post","link":"https:\/\/www.garciafaura.com\/es\/garcia-faura-seguridad-prevencion-y-servicio-en-tiempo-de-coronavirus\/","title":{"rendered":"GARCIA FAURA: seguridad, prevenci\u00f3n y servicio en tiempo de coronavirus"},"content":{"rendered":"<p>&nbsp;<\/p>\n<p style=\"text-align: justify;\"><strong>La empresa mantiene su actividad profesional extremando todas las medidas de precauci\u00f3n, tanto hacia sus clientes como entre su personal. En la actual fase de desescalada, se mantiene activa la l\u00ednea de negocio de Obras, mientras que las divisiones de Residencial y Postventa operan \u00fanicamente en aquellos casos permitidos por el Estado de Alarma.<\/strong><\/p>\n<p style=\"text-align: justify;\">Dos meses despu\u00e9s de decretarse el Estado de Alarma, GARCIA FAURA mantiene su operativa al m\u00e1ximo rendimiento que permiten las actuales circunstancias. Con las m\u00e1ximas medidas de prevenci\u00f3n internas, los talleres de la empresa est\u00e1n recuperando el ritmo de trabajo tras el periodo de cierre forzoso decretado semanas atr\u00e1s.<\/p>\n<p style=\"text-align: justify;\">A nivel de Instalaci\u00f3n se trabaja en coordinaci\u00f3n con las diferentes constructoras para adaptar las ritmos de trabajo a las medidas decretadas en cada proyecto, tanto a nivel nacional como internacional.<\/p>\n<p style=\"text-align: justify;\">El personal de Oficinas combina el trabajo presencial con el teletrabajo, garantizando la m\u00e1xima operativa bajo medidas de precauci\u00f3n que garanticen el cumplimiento de las normas dictadas con respecto a distanciamiento social y equipos de protecci\u00f3n individual.<\/p>\n<p style=\"text-align: justify;\">Con todo, el objetivo de la empresa es hacer compatible la preservaci\u00f3n de la salud de sus trabajadores y trabajadoras con la atenci\u00f3n y el servicio a sus clientes. A medida que se vaya entrando en nuevas fases de desescalada, la empresa espera poder ir recuperando la m\u00e1xima normalidad al conjunto de \u00e1reas de trabajo y divisiones de negocio de la compa\u00f1\u00eda.<\/p>\n","protected":false},"excerpt":{"rendered":"<p>&nbsp; La empresa mantiene su actividad profesional extremando todas las medidas de precauci\u00f3n, tanto hacia sus clientes como entre su personal. En la actual fase de desescalada, se mantiene activa la l\u00ednea de negocio de Obras, mientras que las divisiones&hellip;<\/p>\n","protected":false},"author":3,"featured_media":25083,"comment_status":"closed","ping_status":"open","sticky":false,"template":"","format":"standard","meta":{"footnotes":""},"categories":[3],"tags":[],"post_series":[],"class_list":["post-25087","post","type-post","status-publish","format-standard","has-post-thumbnail","hentry","category-actualidad","entry","has-media"],"yoast_head":"<!-- This site is optimized with the Yoast SEO plugin v26.7 - https:\/\/yoast.com\/wordpress\/plugins\/seo\/ -->\n<title>GARCIA FAURA: seguridad, prevenci\u00f3n y servicio en tiempo de coronavirus - GARCIA FAURA<\/title>\n<meta name=\"description\" content=\"Arquitectura en Alumini, Inox, Ferro i Vidre\" \/>\n<meta name=\"robots\" content=\"index, follow, max-snippet:-1, max-image-preview:large, max-video-preview:-1\" \/>\n<link rel=\"canonical\" href=\"https:\/\/www.garciafaura.com\/es\/garcia-faura-seguridad-prevencion-y-servicio-en-tiempo-de-coronavirus\/\" \/>\n<meta property=\"og:locale\" content=\"es_ES\" \/>\n<meta property=\"og:type\" content=\"article\" \/>\n<meta property=\"og:title\" content=\"GARCIA FAURA: seguridad, prevenci\u00f3n y servicio en tiempo de coronavirus - GARCIA FAURA\" \/>\n<meta property=\"og:description\" content=\"Arquitectura en Alumini, Inox, Ferro i Vidre\" \/>\n<meta property=\"og:url\" content=\"https:\/\/www.garciafaura.com\/es\/garcia-faura-seguridad-prevencion-y-servicio-en-tiempo-de-coronavirus\/\" \/>\n<meta property=\"og:site_name\" content=\"GARCIA FAURA\" \/>\n<meta property=\"article:published_time\" content=\"2020-05-12T18:34:17+00:00\" \/>\n<meta property=\"article:modified_time\" content=\"2020-06-10T10:03:49+00:00\" \/>\n<meta property=\"og:image\" content=\"https:\/\/www.garciafaura.com\/wp-content\/uploads\/2020\/05\/20200316_091236.jpg\" \/>\n\t<meta property=\"og:image:width\" content=\"2560\" \/>\n\t<meta property=\"og:image:height\" content=\"1440\" \/>\n\t<meta property=\"og:image:type\" content=\"image\/jpeg\" \/>\n<meta name=\"author\" content=\"David Achell\" \/>\n<meta name=\"twitter:card\" content=\"summary_large_image\" \/>\n<meta name=\"twitter:label1\" content=\"Escrito por\" \/>\n\t<meta name=\"twitter:data1\" content=\"David Achell\" \/>\n\t<meta name=\"twitter:label2\" content=\"Tiempo de lectura\" \/>\n\t<meta name=\"twitter:data2\" content=\"1 minuto\" \/>\n<script type=\"application\/ld+json\" class=\"yoast-schema-graph\">{\"@context\":\"https:\/\/schema.org\",\"@graph\":[{\"@type\":\"Article\",\"@id\":\"https:\/\/www.garciafaura.com\/es\/garcia-faura-seguridad-prevencion-y-servicio-en-tiempo-de-coronavirus\/#article\",\"isPartOf\":{\"@id\":\"https:\/\/www.garciafaura.com\/es\/garcia-faura-seguridad-prevencion-y-servicio-en-tiempo-de-coronavirus\/\"},\"author\":{\"name\":\"David Achell\",\"@id\":\"https:\/\/www.garciafaura.com\/fr\/#\/schema\/person\/b4b75e69b33fac3446071909bec106b0\"},\"headline\":\"GARCIA FAURA: seguridad, prevenci\u00f3n y servicio en tiempo de coronavirus\",\"datePublished\":\"2020-05-12T18:34:17+00:00\",\"dateModified\":\"2020-06-10T10:03:49+00:00\",\"mainEntityOfPage\":{\"@id\":\"https:\/\/www.garciafaura.com\/es\/garcia-faura-seguridad-prevencion-y-servicio-en-tiempo-de-coronavirus\/\"},\"wordCount\":262,\"publisher\":{\"@id\":\"https:\/\/www.garciafaura.com\/fr\/#organization\"},\"image\":{\"@id\":\"https:\/\/www.garciafaura.com\/es\/garcia-faura-seguridad-prevencion-y-servicio-en-tiempo-de-coronavirus\/#primaryimage\"},\"thumbnailUrl\":\"https:\/\/www.garciafaura.com\/wp-content\/uploads\/2020\/05\/20200316_091236.jpg\",\"articleSection\":[\"Actualidad\"],\"inLanguage\":\"es\"},{\"@type\":\"WebPage\",\"@id\":\"https:\/\/www.garciafaura.com\/es\/garcia-faura-seguridad-prevencion-y-servicio-en-tiempo-de-coronavirus\/\",\"url\":\"https:\/\/www.garciafaura.com\/es\/garcia-faura-seguridad-prevencion-y-servicio-en-tiempo-de-coronavirus\/\",\"name\":\"GARCIA FAURA: seguridad, prevenci\u00f3n y servicio en tiempo de coronavirus - GARCIA FAURA\",\"isPartOf\":{\"@id\":\"https:\/\/www.garciafaura.com\/fr\/#website\"},\"primaryImageOfPage\":{\"@id\":\"https:\/\/www.garciafaura.com\/es\/garcia-faura-seguridad-prevencion-y-servicio-en-tiempo-de-coronavirus\/#primaryimage\"},\"image\":{\"@id\":\"https:\/\/www.garciafaura.com\/es\/garcia-faura-seguridad-prevencion-y-servicio-en-tiempo-de-coronavirus\/#primaryimage\"},\"thumbnailUrl\":\"https:\/\/www.garciafaura.com\/wp-content\/uploads\/2020\/05\/20200316_091236.jpg\",\"datePublished\":\"2020-05-12T18:34:17+00:00\",\"dateModified\":\"2020-06-10T10:03:49+00:00\",\"description\":\"Arquitectura en Alumini, Inox, Ferro i Vidre\",\"breadcrumb\":{\"@id\":\"https:\/\/www.garciafaura.com\/es\/garcia-faura-seguridad-prevencion-y-servicio-en-tiempo-de-coronavirus\/#breadcrumb\"},\"inLanguage\":\"es\",\"potentialAction\":[{\"@type\":\"ReadAction\",\"target\":[\"https:\/\/www.garciafaura.com\/es\/garcia-faura-seguridad-prevencion-y-servicio-en-tiempo-de-coronavirus\/\"]}]},{\"@type\":\"ImageObject\",\"inLanguage\":\"es\",\"@id\":\"https:\/\/www.garciafaura.com\/es\/garcia-faura-seguridad-prevencion-y-servicio-en-tiempo-de-coronavirus\/#primaryimage\",\"url\":\"https:\/\/www.garciafaura.com\/wp-content\/uploads\/2020\/05\/20200316_091236.jpg\",\"contentUrl\":\"https:\/\/www.garciafaura.com\/wp-content\/uploads\/2020\/05\/20200316_091236.jpg\",\"width\":2560,\"height\":1440},{\"@type\":\"BreadcrumbList\",\"@id\":\"https:\/\/www.garciafaura.com\/es\/garcia-faura-seguridad-prevencion-y-servicio-en-tiempo-de-coronavirus\/#breadcrumb\",\"itemListElement\":[{\"@type\":\"ListItem\",\"position\":1,\"name\":\"Inici\",\"item\":\"https:\/\/www.garciafaura.com\/es\/\"},{\"@type\":\"ListItem\",\"position\":2,\"name\":\"GARCIA FAURA: seguridad, prevenci\u00f3n y servicio en tiempo de coronavirus\"}]},{\"@type\":\"WebSite\",\"@id\":\"https:\/\/www.garciafaura.com\/fr\/#website\",\"url\":\"https:\/\/www.garciafaura.com\/fr\/\",\"name\":\"GARCIA FAURA\",\"description\":\"Arquitectura en Alumini, Inox, Ferro i Vidre\",\"publisher\":{\"@id\":\"https:\/\/www.garciafaura.com\/fr\/#organization\"},\"potentialAction\":[{\"@type\":\"SearchAction\",\"target\":{\"@type\":\"EntryPoint\",\"urlTemplate\":\"https:\/\/www.garciafaura.com\/fr\/?s={search_term_string}\"},\"query-input\":{\"@type\":\"PropertyValueSpecification\",\"valueRequired\":true,\"valueName\":\"search_term_string\"}}],\"inLanguage\":\"es\"},{\"@type\":\"Organization\",\"@id\":\"https:\/\/www.garciafaura.com\/fr\/#organization\",\"name\":\"GARCIA FAURA\",\"url\":\"https:\/\/www.garciafaura.com\/fr\/\",\"logo\":{\"@type\":\"ImageObject\",\"inLanguage\":\"es\",\"@id\":\"https:\/\/www.garciafaura.com\/fr\/#\/schema\/logo\/image\/\",\"url\":\"https:\/\/www.garciafaura.com\/wp-content\/uploads\/2018\/09\/Garcia-Faura.png\",\"contentUrl\":\"https:\/\/www.garciafaura.com\/wp-content\/uploads\/2018\/09\/Garcia-Faura.png\",\"width\":512,\"height\":512,\"caption\":\"GARCIA FAURA\"},\"image\":{\"@id\":\"https:\/\/www.garciafaura.com\/fr\/#\/schema\/logo\/image\/\"},\"sameAs\":[\"https:\/\/www.youtube.com\/user\/GARCIAFAURA\"]},{\"@type\":\"Person\",\"@id\":\"https:\/\/www.garciafaura.com\/fr\/#\/schema\/person\/b4b75e69b33fac3446071909bec106b0\",\"name\":\"David Achell\",\"image\":{\"@type\":\"ImageObject\",\"inLanguage\":\"es\",\"@id\":\"https:\/\/www.garciafaura.com\/fr\/#\/schema\/person\/image\/\",\"url\":\"https:\/\/secure.gravatar.com\/avatar\/03900210afc1f61bce737bcb4a79c02e2c997f171e3eca839b5a4cbe03846c90?s=96&d=blank&r=g\",\"contentUrl\":\"https:\/\/secure.gravatar.com\/avatar\/03900210afc1f61bce737bcb4a79c02e2c997f171e3eca839b5a4cbe03846c90?s=96&d=blank&r=g\",\"caption\":\"David Achell\"}}]}<\/script>\n<!-- \/ Yoast SEO plugin. -->","yoast_head_json":{"title":"GARCIA FAURA: seguridad, prevenci\u00f3n y servicio en tiempo de coronavirus - GARCIA FAURA","description":"Arquitectura en Alumini, Inox, Ferro i Vidre","robots":{"index":"index","follow":"follow","max-snippet":"max-snippet:-1","max-image-preview":"max-image-preview:large","max-video-preview":"max-video-preview:-1"},"canonical":"https:\/\/www.garciafaura.com\/es\/garcia-faura-seguridad-prevencion-y-servicio-en-tiempo-de-coronavirus\/","og_locale":"es_ES","og_type":"article","og_title":"GARCIA FAURA: seguridad, prevenci\u00f3n y servicio en tiempo de coronavirus - GARCIA FAURA","og_description":"Arquitectura en Alumini, Inox, Ferro i Vidre","og_url":"https:\/\/www.garciafaura.com\/es\/garcia-faura-seguridad-prevencion-y-servicio-en-tiempo-de-coronavirus\/","og_site_name":"GARCIA FAURA","article_published_time":"2020-05-12T18:34:17+00:00","article_modified_time":"2020-06-10T10:03:49+00:00","og_image":[{"width":2560,"height":1440,"url":"https:\/\/www.garciafaura.com\/wp-content\/uploads\/2020\/05\/20200316_091236.jpg","type":"image\/jpeg"}],"author":"David Achell","twitter_card":"summary_large_image","twitter_misc":{"Escrito por":"David Achell","Tiempo de lectura":"1 minuto"},"schema":{"@context":"https:\/\/schema.org","@graph":[{"@type":"Article","@id":"https:\/\/www.garciafaura.com\/es\/garcia-faura-seguridad-prevencion-y-servicio-en-tiempo-de-coronavirus\/#article","isPartOf":{"@id":"https:\/\/www.garciafaura.com\/es\/garcia-faura-seguridad-prevencion-y-servicio-en-tiempo-de-coronavirus\/"},"author":{"name":"David Achell","@id":"https:\/\/www.garciafaura.com\/fr\/#\/schema\/person\/b4b75e69b33fac3446071909bec106b0"},"headline":"GARCIA FAURA: seguridad, prevenci\u00f3n y servicio en tiempo de coronavirus","datePublished":"2020-05-12T18:34:17+00:00","dateModified":"2020-06-10T10:03:49+00:00","mainEntityOfPage":{"@id":"https:\/\/www.garciafaura.com\/es\/garcia-faura-seguridad-prevencion-y-servicio-en-tiempo-de-coronavirus\/"},"wordCount":262,"publisher":{"@id":"https:\/\/www.garciafaura.com\/fr\/#organization"},"image":{"@id":"https:\/\/www.garciafaura.com\/es\/garcia-faura-seguridad-prevencion-y-servicio-en-tiempo-de-coronavirus\/#primaryimage"},"thumbnailUrl":"https:\/\/www.garciafaura.com\/wp-content\/uploads\/2020\/05\/20200316_091236.jpg","articleSection":["Actualidad"],"inLanguage":"es"},{"@type":"WebPage","@id":"https:\/\/www.garciafaura.com\/es\/garcia-faura-seguridad-prevencion-y-servicio-en-tiempo-de-coronavirus\/","url":"https:\/\/www.garciafaura.com\/es\/garcia-faura-seguridad-prevencion-y-servicio-en-tiempo-de-coronavirus\/","name":"GARCIA FAURA: seguridad, prevenci\u00f3n y servicio en tiempo de coronavirus - GARCIA FAURA","isPartOf":{"@id":"https:\/\/www.garciafaura.com\/fr\/#website"},"primaryImageOfPage":{"@id":"https:\/\/www.garciafaura.com\/es\/garcia-faura-seguridad-prevencion-y-servicio-en-tiempo-de-coronavirus\/#primaryimage"},"image":{"@id":"https:\/\/www.garciafaura.com\/es\/garcia-faura-seguridad-prevencion-y-servicio-en-tiempo-de-coronavirus\/#primaryimage"},"thumbnailUrl":"https:\/\/www.garciafaura.com\/wp-content\/uploads\/2020\/05\/20200316_091236.jpg","datePublished":"2020-05-12T18:34:17+00:00","dateModified":"2020-06-10T10:03:49+00:00","description":"Arquitectura en Alumini, Inox, Ferro i Vidre","breadcrumb":{"@id":"https:\/\/www.garciafaura.com\/es\/garcia-faura-seguridad-prevencion-y-servicio-en-tiempo-de-coronavirus\/#breadcrumb"},"inLanguage":"es","potentialAction":[{"@type":"ReadAction","target":["https:\/\/www.garciafaura.com\/es\/garcia-faura-seguridad-prevencion-y-servicio-en-tiempo-de-coronavirus\/"]}]},{"@type":"ImageObject","inLanguage":"es","@id":"https:\/\/www.garciafaura.com\/es\/garcia-faura-seguridad-prevencion-y-servicio-en-tiempo-de-coronavirus\/#primaryimage","url":"https:\/\/www.garciafaura.com\/wp-content\/uploads\/2020\/05\/20200316_091236.jpg","contentUrl":"https:\/\/www.garciafaura.com\/wp-content\/uploads\/2020\/05\/20200316_091236.jpg","width":2560,"height":1440},{"@type":"BreadcrumbList","@id":"https:\/\/www.garciafaura.com\/es\/garcia-faura-seguridad-prevencion-y-servicio-en-tiempo-de-coronavirus\/#breadcrumb","itemListElement":[{"@type":"ListItem","position":1,"name":"Inici","item":"https:\/\/www.garciafaura.com\/es\/"},{"@type":"ListItem","position":2,"name":"GARCIA FAURA: seguridad, prevenci\u00f3n y servicio en tiempo de coronavirus"}]},{"@type":"WebSite","@id":"https:\/\/www.garciafaura.com\/fr\/#website","url":"https:\/\/www.garciafaura.com\/fr\/","name":"GARCIA FAURA","description":"Arquitectura en Alumini, Inox, Ferro i Vidre","publisher":{"@id":"https:\/\/www.garciafaura.com\/fr\/#organization"},"potentialAction":[{"@type":"SearchAction","target":{"@type":"EntryPoint","urlTemplate":"https:\/\/www.garciafaura.com\/fr\/?s={search_term_string}"},"query-input":{"@type":"PropertyValueSpecification","valueRequired":true,"valueName":"search_term_string"}}],"inLanguage":"es"},{"@type":"Organization","@id":"https:\/\/www.garciafaura.com\/fr\/#organization","name":"GARCIA FAURA","url":"https:\/\/www.garciafaura.com\/fr\/","logo":{"@type":"ImageObject","inLanguage":"es","@id":"https:\/\/www.garciafaura.com\/fr\/#\/schema\/logo\/image\/","url":"https:\/\/www.garciafaura.com\/wp-content\/uploads\/2018\/09\/Garcia-Faura.png","contentUrl":"https:\/\/www.garciafaura.com\/wp-content\/uploads\/2018\/09\/Garcia-Faura.png","width":512,"height":512,"caption":"GARCIA FAURA"},"image":{"@id":"https:\/\/www.garciafaura.com\/fr\/#\/schema\/logo\/image\/"},"sameAs":["https:\/\/www.youtube.com\/user\/GARCIAFAURA"]},{"@type":"Person","@id":"https:\/\/www.garciafaura.com\/fr\/#\/schema\/person\/b4b75e69b33fac3446071909bec106b0","name":"David Achell","image":{"@type":"ImageObject","inLanguage":"es","@id":"https:\/\/www.garciafaura.com\/fr\/#\/schema\/person\/image\/","url":"https:\/\/secure.gravatar.com\/avatar\/03900210afc1f61bce737bcb4a79c02e2c997f171e3eca839b5a4cbe03846c90?s=96&d=blank&r=g","contentUrl":"https:\/\/secure.gravatar.com\/avatar\/03900210afc1f61bce737bcb4a79c02e2c997f171e3eca839b5a4cbe03846c90?s=96&d=blank&r=g","caption":"David Achell"}}]}},"_links":{"self":[{"href":"https:\/\/www.garciafaura.com\/es\/wp-json\/wp\/v2\/posts\/25087","targetHints":{"allow":["GET"]}}],"collection":[{"href":"https:\/\/www.garciafaura.com\/es\/wp-json\/wp\/v2\/posts"}],"about":[{"href":"https:\/\/www.garciafaura.com\/es\/wp-json\/wp\/v2\/types\/post"}],"author":[{"embeddable":true,"href":"https:\/\/www.garciafaura.com\/es\/wp-json\/wp\/v2\/users\/3"}],"replies":[{"embeddable":true,"href":"https:\/\/www.garciafaura.com\/es\/wp-json\/wp\/v2\/comments?post=25087"}],"version-history":[{"count":1,"href":"https:\/\/www.garciafaura.com\/es\/wp-json\/wp\/v2\/posts\/25087\/revisions"}],"predecessor-version":[{"id":25292,"href":"https:\/\/www.garciafaura.com\/es\/wp-json\/wp\/v2\/posts\/25087\/revisions\/25292"}],"wp:featuredmedia":[{"embeddable":true,"href":"https:\/\/www.garciafaura.com\/es\/wp-json\/wp\/v2\/media\/25083"}],"wp:attachment":[{"href":"https:\/\/www.garciafaura.com\/es\/wp-json\/wp\/v2\/media?parent=25087"}],"wp:term":[{"taxonomy":"category","embeddable":true,"href":"https:\/\/www.garciafaura.com\/es\/wp-json\/wp\/v2\/categories?post=25087"},{"taxonomy":"post_tag","embeddable":true,"href":"https:\/\/www.garciafaura.com\/es\/wp-json\/wp\/v2\/tags?post=25087"},{"taxonomy":"post_series","embeddable":true,"href":"https:\/\/www.garciafaura.com\/es\/wp-json\/wp\/v2\/post_series?post=25087"}],"curies":[{"name":"wp","href":"https:\/\/api.w.org\/{rel}","templated":true}]}}