{"id":25030,"date":"2020-03-09T14:00:45","date_gmt":"2020-03-09T12:00:45","guid":{"rendered":"https:\/\/www.garciafaura.com\/?p=25030"},"modified":"2020-03-09T10:47:51","modified_gmt":"2020-03-09T08:47:51","slug":"garcia-faura-reafirma-el-seu-compromis-amb-la-igualtat-de-genere-i-contra-la-discriminacio","status":"publish","type":"post","link":"https:\/\/www.garciafaura.com\/es\/garcia-faura-reafirma-el-seu-compromis-amb-la-igualtat-de-genere-i-contra-la-discriminacio\/","title":{"rendered":"GARCIA FAURA reafirma su compromiso con la igualdad de g\u00e9nero y contra la discriminaci\u00f3n"},"content":{"rendered":"<p style=\"text-align: justify;\">Coincidiendo con el <strong>D\u00eda Internacional de las Mujeres<\/strong>, el pasado viernes la empresa ofreci\u00f3 una <strong>jornada de formaci\u00f3n<\/strong> a su personal para seguir avanzando en los objetivos del <strong>Plan de Igualdad<\/strong> de la empresa. Un programa de acciones que pretende seguir apostando por una empresa equitativa, tolerante con la diferencia y respetuosa con todas las personas.<\/p>\n<p style=\"text-align: justify;\">Es por este motivo que <strong>GARCIA FAURA<\/strong> dispone de un protocolo para la prevenci\u00f3n y actuaci\u00f3n en caso de acoso sexual, por raz\u00f3n de g\u00e9nero o psicol\u00f3gico. Se trata de un principio estrat\u00e9gico de la empresa contemplada en la Pol\u00edtica Corporativa y de Recursos Humanos y por la que asume la igualdad de g\u00e9nero en todas y cada una de sus pol\u00edticas y pr\u00e1cticas.<\/p>\n<p style=\"text-align: justify;\">Adem\u00e1s, tambi\u00e9n promueve las condiciones de trabajo necesarias para evitar situaciones de acoso sexual o por raz\u00f3n de sexo, dando respuesta a las posibles denuncias o reclamaciones que surgieran en este sentido y fomentando un uso del lenguaje no sexista en las comunicaciones de la empresa.<\/p>\n<p style=\"text-align: justify;\">Todas estas medidas, contempladas dentro del <strong>Plan de Igualdad<\/strong>, son veladas por una comisi\u00f3n de Igualdad de Oportunidades formada por cuatro trabajadoras y trabajadores de diferentes \u00e1reas de la empresa.<\/p>\n","protected":false},"excerpt":{"rendered":"<p>Coincidiendo con el D\u00eda Internacional de las Mujeres, el pasado viernes la empresa ofreci\u00f3 una jornada de formaci\u00f3n a su personal para seguir avanzando en los objetivos del Plan de Igualdad de la empresa. Un programa de acciones que pretende&hellip;<\/p>\n","protected":false},"author":3,"featured_media":25040,"comment_status":"closed","ping_status":"open","sticky":false,"template":"","format":"standard","meta":{"footnotes":""},"categories":[3],"tags":[],"post_series":[],"class_list":["post-25030","post","type-post","status-publish","format-standard","has-post-thumbnail","hentry","category-actualidad","entry","has-media"],"yoast_head":"<!-- This site is optimized with the Yoast SEO plugin v26.7 - https:\/\/yoast.com\/wordpress\/plugins\/seo\/ -->\n<title>GARCIA FAURA reafirma su compromiso con la igualdad de g\u00e9nero y contra la discriminaci\u00f3n - GARCIA FAURA<\/title>\n<meta name=\"description\" content=\"Arquitectura en Alumini, Inox, Ferro i Vidre\" \/>\n<meta name=\"robots\" content=\"index, follow, max-snippet:-1, max-image-preview:large, max-video-preview:-1\" \/>\n<link rel=\"canonical\" href=\"https:\/\/www.garciafaura.com\/es\/garcia-faura-reafirma-el-seu-compromis-amb-la-igualtat-de-genere-i-contra-la-discriminacio\/\" \/>\n<meta property=\"og:locale\" content=\"es_ES\" \/>\n<meta property=\"og:type\" content=\"article\" \/>\n<meta property=\"og:title\" content=\"GARCIA FAURA reafirma su compromiso con la igualdad de g\u00e9nero y contra la discriminaci\u00f3n - GARCIA FAURA\" \/>\n<meta property=\"og:description\" content=\"Arquitectura en Alumini, Inox, Ferro i Vidre\" \/>\n<meta property=\"og:url\" content=\"https:\/\/www.garciafaura.com\/es\/garcia-faura-reafirma-el-seu-compromis-amb-la-igualtat-de-genere-i-contra-la-discriminacio\/\" \/>\n<meta property=\"og:site_name\" content=\"GARCIA FAURA\" \/>\n<meta property=\"article:published_time\" content=\"2020-03-09T12:00:45+00:00\" \/>\n<meta property=\"og:image\" content=\"https:\/\/www.garciafaura.com\/wp-content\/uploads\/2020\/03\/IgualtatGF.jpg\" \/>\n\t<meta property=\"og:image:width\" content=\"1200\" \/>\n\t<meta property=\"og:image:height\" content=\"628\" \/>\n\t<meta property=\"og:image:type\" content=\"image\/jpeg\" \/>\n<meta name=\"author\" content=\"David Achell\" \/>\n<meta name=\"twitter:card\" content=\"summary_large_image\" \/>\n<meta name=\"twitter:label1\" content=\"Escrito por\" \/>\n\t<meta name=\"twitter:data1\" content=\"David Achell\" \/>\n\t<meta name=\"twitter:label2\" content=\"Tiempo de lectura\" \/>\n\t<meta name=\"twitter:data2\" content=\"1 minuto\" \/>\n<script type=\"application\/ld+json\" class=\"yoast-schema-graph\">{\"@context\":\"https:\/\/schema.org\",\"@graph\":[{\"@type\":\"Article\",\"@id\":\"https:\/\/www.garciafaura.com\/es\/garcia-faura-reafirma-el-seu-compromis-amb-la-igualtat-de-genere-i-contra-la-discriminacio\/#article\",\"isPartOf\":{\"@id\":\"https:\/\/www.garciafaura.com\/es\/garcia-faura-reafirma-el-seu-compromis-amb-la-igualtat-de-genere-i-contra-la-discriminacio\/\"},\"author\":{\"name\":\"David Achell\",\"@id\":\"https:\/\/www.garciafaura.com\/fr\/#\/schema\/person\/b4b75e69b33fac3446071909bec106b0\"},\"headline\":\"GARCIA FAURA reafirma su compromiso con la igualdad de g\u00e9nero y contra la discriminaci\u00f3n\",\"datePublished\":\"2020-03-09T12:00:45+00:00\",\"mainEntityOfPage\":{\"@id\":\"https:\/\/www.garciafaura.com\/es\/garcia-faura-reafirma-el-seu-compromis-amb-la-igualtat-de-genere-i-contra-la-discriminacio\/\"},\"wordCount\":228,\"publisher\":{\"@id\":\"https:\/\/www.garciafaura.com\/fr\/#organization\"},\"image\":{\"@id\":\"https:\/\/www.garciafaura.com\/es\/garcia-faura-reafirma-el-seu-compromis-amb-la-igualtat-de-genere-i-contra-la-discriminacio\/#primaryimage\"},\"thumbnailUrl\":\"https:\/\/www.garciafaura.com\/wp-content\/uploads\/2020\/03\/IgualtatGF.jpg\",\"articleSection\":[\"Actualidad\"],\"inLanguage\":\"es\"},{\"@type\":\"WebPage\",\"@id\":\"https:\/\/www.garciafaura.com\/es\/garcia-faura-reafirma-el-seu-compromis-amb-la-igualtat-de-genere-i-contra-la-discriminacio\/\",\"url\":\"https:\/\/www.garciafaura.com\/es\/garcia-faura-reafirma-el-seu-compromis-amb-la-igualtat-de-genere-i-contra-la-discriminacio\/\",\"name\":\"GARCIA FAURA reafirma su compromiso con la igualdad de g\u00e9nero y contra la discriminaci\u00f3n - GARCIA FAURA\",\"isPartOf\":{\"@id\":\"https:\/\/www.garciafaura.com\/fr\/#website\"},\"primaryImageOfPage\":{\"@id\":\"https:\/\/www.garciafaura.com\/es\/garcia-faura-reafirma-el-seu-compromis-amb-la-igualtat-de-genere-i-contra-la-discriminacio\/#primaryimage\"},\"image\":{\"@id\":\"https:\/\/www.garciafaura.com\/es\/garcia-faura-reafirma-el-seu-compromis-amb-la-igualtat-de-genere-i-contra-la-discriminacio\/#primaryimage\"},\"thumbnailUrl\":\"https:\/\/www.garciafaura.com\/wp-content\/uploads\/2020\/03\/IgualtatGF.jpg\",\"datePublished\":\"2020-03-09T12:00:45+00:00\",\"description\":\"Arquitectura en Alumini, Inox, Ferro i Vidre\",\"breadcrumb\":{\"@id\":\"https:\/\/www.garciafaura.com\/es\/garcia-faura-reafirma-el-seu-compromis-amb-la-igualtat-de-genere-i-contra-la-discriminacio\/#breadcrumb\"},\"inLanguage\":\"es\",\"potentialAction\":[{\"@type\":\"ReadAction\",\"target\":[\"https:\/\/www.garciafaura.com\/es\/garcia-faura-reafirma-el-seu-compromis-amb-la-igualtat-de-genere-i-contra-la-discriminacio\/\"]}]},{\"@type\":\"ImageObject\",\"inLanguage\":\"es\",\"@id\":\"https:\/\/www.garciafaura.com\/es\/garcia-faura-reafirma-el-seu-compromis-amb-la-igualtat-de-genere-i-contra-la-discriminacio\/#primaryimage\",\"url\":\"https:\/\/www.garciafaura.com\/wp-content\/uploads\/2020\/03\/IgualtatGF.jpg\",\"contentUrl\":\"https:\/\/www.garciafaura.com\/wp-content\/uploads\/2020\/03\/IgualtatGF.jpg\",\"width\":1200,\"height\":628,\"caption\":\"Igualtat\"},{\"@type\":\"BreadcrumbList\",\"@id\":\"https:\/\/www.garciafaura.com\/es\/garcia-faura-reafirma-el-seu-compromis-amb-la-igualtat-de-genere-i-contra-la-discriminacio\/#breadcrumb\",\"itemListElement\":[{\"@type\":\"ListItem\",\"position\":1,\"name\":\"Inici\",\"item\":\"https:\/\/www.garciafaura.com\/es\/\"},{\"@type\":\"ListItem\",\"position\":2,\"name\":\"GARCIA FAURA reafirma su compromiso con la igualdad de g\u00e9nero y contra la discriminaci\u00f3n\"}]},{\"@type\":\"WebSite\",\"@id\":\"https:\/\/www.garciafaura.com\/fr\/#website\",\"url\":\"https:\/\/www.garciafaura.com\/fr\/\",\"name\":\"GARCIA FAURA\",\"description\":\"Arquitectura en Alumini, Inox, Ferro i Vidre\",\"publisher\":{\"@id\":\"https:\/\/www.garciafaura.com\/fr\/#organization\"},\"potentialAction\":[{\"@type\":\"SearchAction\",\"target\":{\"@type\":\"EntryPoint\",\"urlTemplate\":\"https:\/\/www.garciafaura.com\/fr\/?s={search_term_string}\"},\"query-input\":{\"@type\":\"PropertyValueSpecification\",\"valueRequired\":true,\"valueName\":\"search_term_string\"}}],\"inLanguage\":\"es\"},{\"@type\":\"Organization\",\"@id\":\"https:\/\/www.garciafaura.com\/fr\/#organization\",\"name\":\"GARCIA FAURA\",\"url\":\"https:\/\/www.garciafaura.com\/fr\/\",\"logo\":{\"@type\":\"ImageObject\",\"inLanguage\":\"es\",\"@id\":\"https:\/\/www.garciafaura.com\/fr\/#\/schema\/logo\/image\/\",\"url\":\"https:\/\/www.garciafaura.com\/wp-content\/uploads\/2018\/09\/Garcia-Faura.png\",\"contentUrl\":\"https:\/\/www.garciafaura.com\/wp-content\/uploads\/2018\/09\/Garcia-Faura.png\",\"width\":512,\"height\":512,\"caption\":\"GARCIA FAURA\"},\"image\":{\"@id\":\"https:\/\/www.garciafaura.com\/fr\/#\/schema\/logo\/image\/\"},\"sameAs\":[\"https:\/\/www.youtube.com\/user\/GARCIAFAURA\"]},{\"@type\":\"Person\",\"@id\":\"https:\/\/www.garciafaura.com\/fr\/#\/schema\/person\/b4b75e69b33fac3446071909bec106b0\",\"name\":\"David Achell\",\"image\":{\"@type\":\"ImageObject\",\"inLanguage\":\"es\",\"@id\":\"https:\/\/www.garciafaura.com\/fr\/#\/schema\/person\/image\/\",\"url\":\"https:\/\/secure.gravatar.com\/avatar\/03900210afc1f61bce737bcb4a79c02e2c997f171e3eca839b5a4cbe03846c90?s=96&d=blank&r=g\",\"contentUrl\":\"https:\/\/secure.gravatar.com\/avatar\/03900210afc1f61bce737bcb4a79c02e2c997f171e3eca839b5a4cbe03846c90?s=96&d=blank&r=g\",\"caption\":\"David Achell\"}}]}<\/script>\n<!-- \/ Yoast SEO plugin. -->","yoast_head_json":{"title":"GARCIA FAURA reafirma su compromiso con la igualdad de g\u00e9nero y contra la discriminaci\u00f3n - GARCIA FAURA","description":"Arquitectura en Alumini, Inox, Ferro i Vidre","robots":{"index":"index","follow":"follow","max-snippet":"max-snippet:-1","max-image-preview":"max-image-preview:large","max-video-preview":"max-video-preview:-1"},"canonical":"https:\/\/www.garciafaura.com\/es\/garcia-faura-reafirma-el-seu-compromis-amb-la-igualtat-de-genere-i-contra-la-discriminacio\/","og_locale":"es_ES","og_type":"article","og_title":"GARCIA FAURA reafirma su compromiso con la igualdad de g\u00e9nero y contra la discriminaci\u00f3n - GARCIA FAURA","og_description":"Arquitectura en Alumini, Inox, Ferro i Vidre","og_url":"https:\/\/www.garciafaura.com\/es\/garcia-faura-reafirma-el-seu-compromis-amb-la-igualtat-de-genere-i-contra-la-discriminacio\/","og_site_name":"GARCIA FAURA","article_published_time":"2020-03-09T12:00:45+00:00","og_image":[{"width":1200,"height":628,"url":"https:\/\/www.garciafaura.com\/wp-content\/uploads\/2020\/03\/IgualtatGF.jpg","type":"image\/jpeg"}],"author":"David Achell","twitter_card":"summary_large_image","twitter_misc":{"Escrito por":"David Achell","Tiempo de lectura":"1 minuto"},"schema":{"@context":"https:\/\/schema.org","@graph":[{"@type":"Article","@id":"https:\/\/www.garciafaura.com\/es\/garcia-faura-reafirma-el-seu-compromis-amb-la-igualtat-de-genere-i-contra-la-discriminacio\/#article","isPartOf":{"@id":"https:\/\/www.garciafaura.com\/es\/garcia-faura-reafirma-el-seu-compromis-amb-la-igualtat-de-genere-i-contra-la-discriminacio\/"},"author":{"name":"David Achell","@id":"https:\/\/www.garciafaura.com\/fr\/#\/schema\/person\/b4b75e69b33fac3446071909bec106b0"},"headline":"GARCIA FAURA reafirma su compromiso con la igualdad de g\u00e9nero y contra la discriminaci\u00f3n","datePublished":"2020-03-09T12:00:45+00:00","mainEntityOfPage":{"@id":"https:\/\/www.garciafaura.com\/es\/garcia-faura-reafirma-el-seu-compromis-amb-la-igualtat-de-genere-i-contra-la-discriminacio\/"},"wordCount":228,"publisher":{"@id":"https:\/\/www.garciafaura.com\/fr\/#organization"},"image":{"@id":"https:\/\/www.garciafaura.com\/es\/garcia-faura-reafirma-el-seu-compromis-amb-la-igualtat-de-genere-i-contra-la-discriminacio\/#primaryimage"},"thumbnailUrl":"https:\/\/www.garciafaura.com\/wp-content\/uploads\/2020\/03\/IgualtatGF.jpg","articleSection":["Actualidad"],"inLanguage":"es"},{"@type":"WebPage","@id":"https:\/\/www.garciafaura.com\/es\/garcia-faura-reafirma-el-seu-compromis-amb-la-igualtat-de-genere-i-contra-la-discriminacio\/","url":"https:\/\/www.garciafaura.com\/es\/garcia-faura-reafirma-el-seu-compromis-amb-la-igualtat-de-genere-i-contra-la-discriminacio\/","name":"GARCIA FAURA reafirma su compromiso con la igualdad de g\u00e9nero y contra la discriminaci\u00f3n - GARCIA FAURA","isPartOf":{"@id":"https:\/\/www.garciafaura.com\/fr\/#website"},"primaryImageOfPage":{"@id":"https:\/\/www.garciafaura.com\/es\/garcia-faura-reafirma-el-seu-compromis-amb-la-igualtat-de-genere-i-contra-la-discriminacio\/#primaryimage"},"image":{"@id":"https:\/\/www.garciafaura.com\/es\/garcia-faura-reafirma-el-seu-compromis-amb-la-igualtat-de-genere-i-contra-la-discriminacio\/#primaryimage"},"thumbnailUrl":"https:\/\/www.garciafaura.com\/wp-content\/uploads\/2020\/03\/IgualtatGF.jpg","datePublished":"2020-03-09T12:00:45+00:00","description":"Arquitectura en Alumini, Inox, Ferro i Vidre","breadcrumb":{"@id":"https:\/\/www.garciafaura.com\/es\/garcia-faura-reafirma-el-seu-compromis-amb-la-igualtat-de-genere-i-contra-la-discriminacio\/#breadcrumb"},"inLanguage":"es","potentialAction":[{"@type":"ReadAction","target":["https:\/\/www.garciafaura.com\/es\/garcia-faura-reafirma-el-seu-compromis-amb-la-igualtat-de-genere-i-contra-la-discriminacio\/"]}]},{"@type":"ImageObject","inLanguage":"es","@id":"https:\/\/www.garciafaura.com\/es\/garcia-faura-reafirma-el-seu-compromis-amb-la-igualtat-de-genere-i-contra-la-discriminacio\/#primaryimage","url":"https:\/\/www.garciafaura.com\/wp-content\/uploads\/2020\/03\/IgualtatGF.jpg","contentUrl":"https:\/\/www.garciafaura.com\/wp-content\/uploads\/2020\/03\/IgualtatGF.jpg","width":1200,"height":628,"caption":"Igualtat"},{"@type":"BreadcrumbList","@id":"https:\/\/www.garciafaura.com\/es\/garcia-faura-reafirma-el-seu-compromis-amb-la-igualtat-de-genere-i-contra-la-discriminacio\/#breadcrumb","itemListElement":[{"@type":"ListItem","position":1,"name":"Inici","item":"https:\/\/www.garciafaura.com\/es\/"},{"@type":"ListItem","position":2,"name":"GARCIA FAURA reafirma su compromiso con la igualdad de g\u00e9nero y contra la discriminaci\u00f3n"}]},{"@type":"WebSite","@id":"https:\/\/www.garciafaura.com\/fr\/#website","url":"https:\/\/www.garciafaura.com\/fr\/","name":"GARCIA FAURA","description":"Arquitectura en Alumini, Inox, Ferro i Vidre","publisher":{"@id":"https:\/\/www.garciafaura.com\/fr\/#organization"},"potentialAction":[{"@type":"SearchAction","target":{"@type":"EntryPoint","urlTemplate":"https:\/\/www.garciafaura.com\/fr\/?s={search_term_string}"},"query-input":{"@type":"PropertyValueSpecification","valueRequired":true,"valueName":"search_term_string"}}],"inLanguage":"es"},{"@type":"Organization","@id":"https:\/\/www.garciafaura.com\/fr\/#organization","name":"GARCIA FAURA","url":"https:\/\/www.garciafaura.com\/fr\/","logo":{"@type":"ImageObject","inLanguage":"es","@id":"https:\/\/www.garciafaura.com\/fr\/#\/schema\/logo\/image\/","url":"https:\/\/www.garciafaura.com\/wp-content\/uploads\/2018\/09\/Garcia-Faura.png","contentUrl":"https:\/\/www.garciafaura.com\/wp-content\/uploads\/2018\/09\/Garcia-Faura.png","width":512,"height":512,"caption":"GARCIA FAURA"},"image":{"@id":"https:\/\/www.garciafaura.com\/fr\/#\/schema\/logo\/image\/"},"sameAs":["https:\/\/www.youtube.com\/user\/GARCIAFAURA"]},{"@type":"Person","@id":"https:\/\/www.garciafaura.com\/fr\/#\/schema\/person\/b4b75e69b33fac3446071909bec106b0","name":"David Achell","image":{"@type":"ImageObject","inLanguage":"es","@id":"https:\/\/www.garciafaura.com\/fr\/#\/schema\/person\/image\/","url":"https:\/\/secure.gravatar.com\/avatar\/03900210afc1f61bce737bcb4a79c02e2c997f171e3eca839b5a4cbe03846c90?s=96&d=blank&r=g","contentUrl":"https:\/\/secure.gravatar.com\/avatar\/03900210afc1f61bce737bcb4a79c02e2c997f171e3eca839b5a4cbe03846c90?s=96&d=blank&r=g","caption":"David Achell"}}]}},"_links":{"self":[{"href":"https:\/\/www.garciafaura.com\/es\/wp-json\/wp\/v2\/posts\/25030","targetHints":{"allow":["GET"]}}],"collection":[{"href":"https:\/\/www.garciafaura.com\/es\/wp-json\/wp\/v2\/posts"}],"about":[{"href":"https:\/\/www.garciafaura.com\/es\/wp-json\/wp\/v2\/types\/post"}],"author":[{"embeddable":true,"href":"https:\/\/www.garciafaura.com\/es\/wp-json\/wp\/v2\/users\/3"}],"replies":[{"embeddable":true,"href":"https:\/\/www.garciafaura.com\/es\/wp-json\/wp\/v2\/comments?post=25030"}],"version-history":[{"count":2,"href":"https:\/\/www.garciafaura.com\/es\/wp-json\/wp\/v2\/posts\/25030\/revisions"}],"predecessor-version":[{"id":25032,"href":"https:\/\/www.garciafaura.com\/es\/wp-json\/wp\/v2\/posts\/25030\/revisions\/25032"}],"wp:featuredmedia":[{"embeddable":true,"href":"https:\/\/www.garciafaura.com\/es\/wp-json\/wp\/v2\/media\/25040"}],"wp:attachment":[{"href":"https:\/\/www.garciafaura.com\/es\/wp-json\/wp\/v2\/media?parent=25030"}],"wp:term":[{"taxonomy":"category","embeddable":true,"href":"https:\/\/www.garciafaura.com\/es\/wp-json\/wp\/v2\/categories?post=25030"},{"taxonomy":"post_tag","embeddable":true,"href":"https:\/\/www.garciafaura.com\/es\/wp-json\/wp\/v2\/tags?post=25030"},{"taxonomy":"post_series","embeddable":true,"href":"https:\/\/www.garciafaura.com\/es\/wp-json\/wp\/v2\/post_series?post=25030"}],"curies":[{"name":"wp","href":"https:\/\/api.w.org\/{rel}","templated":true}]}}