{"id":24991,"date":"2020-02-14T12:56:57","date_gmt":"2020-02-14T10:56:57","guid":{"rendered":"https:\/\/www.garciafaura.com\/garcia-faura-interve-en-diversos-projectes-parisencs\/"},"modified":"2020-02-14T14:43:19","modified_gmt":"2020-02-14T12:43:19","slug":"garcia-faura-interve-en-diversos-projectes-parisencs","status":"publish","type":"post","link":"https:\/\/www.garciafaura.com\/es\/garcia-faura-interve-en-diversos-projectes-parisencs\/","title":{"rendered":"GARCIA FAURA interviene en varios proyectos parisinos"},"content":{"rendered":"<p style=\"text-align: justify;\"><strong>GARCIA FAURA<\/strong> est\u00e1 realizando una serie de intervenciones en <strong>Francia<\/strong>, la mayor\u00eda <strong>rehabilitaciones<\/strong> y en la capital del pa\u00eds vecino. La m\u00e1s ambiciosa es el <a href=\"https:\/\/www.garciafaura.com\/es\/archipel-el-proyecto-mas-grande-de-garcia-faura-en-francia\/\" target=\"_blank\" rel=\"noopener\"><strong>complejo Archipel<\/strong><\/a>, en la ciudad de Nanterre, en las afueras de Par\u00eds. Se trata de la construcci\u00f3n de cinco edificios destinados a oficinas. La empresa realiza fachadas de carpinter\u00eda de aluminio, doble piel con vidrio y chapa perforada.<\/p>\n<p style=\"text-align: justify;\">En este proyecto,\u00a0<strong>GARCIA FAURA<\/strong> tambi\u00e9n est\u00e1 elaborando las pasarelas de mantenimiento, realizadas con estructura de hierro, muro cortina stick de aluminio con tapetas, muro cortina sobre perfiles de madera y revestimientos de panel composite. Se espera que el proyecto est\u00e9 finalizado en julio.<\/p>\n<p style=\"text-align: justify;\">El resto de los proyectos que <strong>GARCIA FAURA<\/strong> est\u00e1 desarrollando en Par\u00eds son rehabilitaciones. Como la del edificio situado en el n\u00famero 123 del <a href=\"https:\/\/www.garciafaura.com\/es\/garcia-faura-se-consolida-en-francia\/\" target=\"_blank\" rel=\"noopener\"><strong>Boulevard Grenelle<\/strong><\/a>\u00a0(foto). Se trata de otro inmueble de oficinas donde la empresa ha realizado 2.200 metros cuadrados de cierres de hoja oculta y rotura de puente t\u00e9rmico.<\/p>\n<p style=\"text-align: justify;\">En esta obra, <strong>GARCIA FAURA<\/strong> ha instalado 1.100 metros cuadrados de muro cortina de altas prestaciones con cristal serigrafiado en la cara exterior. La obra, que est\u00e1 a punto de finalizar, ha implicado cierta complicaci\u00f3n en los medios auxiliares que la empresa ha tenido que usar, ya que se han tenido que instalar simult\u00e1neamente diferentes fachadas de peque\u00f1o formato.<\/p>\n<p style=\"text-align: justify;\">Finalmente, cabe destacar otras rehabilitaciones donde <strong>GARCIA FAURA<\/strong> est\u00e1 implicada en la capital francesa, como la del n\u00famero 21 del\u00a0<a href=\"https:\/\/www.garciafaura.com\/es\/portfolio-item\/rehabilitacion-malesherbes\/\" target=\"_blank\" rel=\"noopener\"><strong>Boulevard Malesherbes<\/strong><\/a> y otra en el 17 del <a href=\"https:\/\/www.garciafaura.com\/es\/portfolio-item\/proyecto-morland\/\" target=\"_blank\" rel=\"noopener\"><strong>Boulevard Morland<\/strong><\/a>. Adem\u00e1s, tambi\u00e9n cabe destacar el desarrollo de fachada y cerramientos para un edificio de negocios situado en el n\u00famero 33 de la <a href=\"https:\/\/www.garciafaura.com\/es\/portfolio-item\/proyecto-n8a-paris\/\" target=\"_blank\" rel=\"noopener\"><strong>calle des Batelliers<\/strong><\/a>.<\/p>\n","protected":false},"excerpt":{"rendered":"<p>GARCIA FAURA est\u00e1 realizando una serie de intervenciones en Francia, la mayor\u00eda rehabilitaciones y en la capital del pa\u00eds vecino. La m\u00e1s ambiciosa es el complejo Archipel, en la ciudad de Nanterre, en las afueras de Par\u00eds. Se trata de&hellip;<\/p>\n","protected":false},"author":3,"featured_media":25014,"comment_status":"closed","ping_status":"open","sticky":false,"template":"","format":"standard","meta":{"footnotes":""},"categories":[3],"tags":[],"post_series":[],"class_list":["post-24991","post","type-post","status-publish","format-standard","has-post-thumbnail","hentry","category-actualidad","entry","has-media"],"yoast_head":"<!-- This site is optimized with the Yoast SEO plugin v26.7 - https:\/\/yoast.com\/wordpress\/plugins\/seo\/ -->\n<title>GARCIA FAURA interviene en varios proyectos parisinos - GARCIA FAURA<\/title>\n<meta name=\"description\" content=\"Arquitectura en Alumini, Inox, Ferro i Vidre\" \/>\n<meta name=\"robots\" content=\"index, follow, max-snippet:-1, max-image-preview:large, max-video-preview:-1\" \/>\n<link rel=\"canonical\" href=\"https:\/\/www.garciafaura.com\/es\/garcia-faura-interve-en-diversos-projectes-parisencs\/\" \/>\n<meta property=\"og:locale\" content=\"es_ES\" \/>\n<meta property=\"og:type\" content=\"article\" \/>\n<meta property=\"og:title\" content=\"GARCIA FAURA interviene en varios proyectos parisinos - GARCIA FAURA\" \/>\n<meta property=\"og:description\" content=\"Arquitectura en Alumini, Inox, Ferro i Vidre\" \/>\n<meta property=\"og:url\" content=\"https:\/\/www.garciafaura.com\/es\/garcia-faura-interve-en-diversos-projectes-parisencs\/\" \/>\n<meta property=\"og:site_name\" content=\"GARCIA FAURA\" \/>\n<meta property=\"article:published_time\" content=\"2020-02-14T10:56:57+00:00\" \/>\n<meta property=\"article:modified_time\" content=\"2020-02-14T12:43:19+00:00\" \/>\n<meta property=\"og:image\" content=\"https:\/\/www.garciafaura.com\/wp-content\/uploads\/2020\/02\/En-construccio-Grenelle-1024x626.jpg\" \/>\n\t<meta property=\"og:image:width\" content=\"1024\" \/>\n\t<meta property=\"og:image:height\" content=\"626\" \/>\n\t<meta property=\"og:image:type\" content=\"image\/jpeg\" \/>\n<meta name=\"author\" content=\"David Achell\" \/>\n<meta name=\"twitter:card\" content=\"summary_large_image\" \/>\n<meta name=\"twitter:label1\" content=\"Escrito por\" \/>\n\t<meta name=\"twitter:data1\" content=\"David Achell\" \/>\n\t<meta name=\"twitter:label2\" content=\"Tiempo de lectura\" \/>\n\t<meta name=\"twitter:data2\" content=\"1 minuto\" \/>\n<script type=\"application\/ld+json\" class=\"yoast-schema-graph\">{\"@context\":\"https:\/\/schema.org\",\"@graph\":[{\"@type\":\"Article\",\"@id\":\"https:\/\/www.garciafaura.com\/es\/garcia-faura-interve-en-diversos-projectes-parisencs\/#article\",\"isPartOf\":{\"@id\":\"https:\/\/www.garciafaura.com\/es\/garcia-faura-interve-en-diversos-projectes-parisencs\/\"},\"author\":{\"name\":\"David Achell\",\"@id\":\"https:\/\/www.garciafaura.com\/fr\/#\/schema\/person\/b4b75e69b33fac3446071909bec106b0\"},\"headline\":\"GARCIA FAURA interviene en varios proyectos parisinos\",\"datePublished\":\"2020-02-14T10:56:57+00:00\",\"dateModified\":\"2020-02-14T12:43:19+00:00\",\"mainEntityOfPage\":{\"@id\":\"https:\/\/www.garciafaura.com\/es\/garcia-faura-interve-en-diversos-projectes-parisencs\/\"},\"wordCount\":291,\"publisher\":{\"@id\":\"https:\/\/www.garciafaura.com\/fr\/#organization\"},\"image\":{\"@id\":\"https:\/\/www.garciafaura.com\/es\/garcia-faura-interve-en-diversos-projectes-parisencs\/#primaryimage\"},\"thumbnailUrl\":\"https:\/\/www.garciafaura.com\/wp-content\/uploads\/2020\/02\/En-construccio-Grenelle.jpg\",\"articleSection\":[\"Actualidad\"],\"inLanguage\":\"es\"},{\"@type\":\"WebPage\",\"@id\":\"https:\/\/www.garciafaura.com\/es\/garcia-faura-interve-en-diversos-projectes-parisencs\/\",\"url\":\"https:\/\/www.garciafaura.com\/es\/garcia-faura-interve-en-diversos-projectes-parisencs\/\",\"name\":\"GARCIA FAURA interviene en varios proyectos parisinos - GARCIA FAURA\",\"isPartOf\":{\"@id\":\"https:\/\/www.garciafaura.com\/fr\/#website\"},\"primaryImageOfPage\":{\"@id\":\"https:\/\/www.garciafaura.com\/es\/garcia-faura-interve-en-diversos-projectes-parisencs\/#primaryimage\"},\"image\":{\"@id\":\"https:\/\/www.garciafaura.com\/es\/garcia-faura-interve-en-diversos-projectes-parisencs\/#primaryimage\"},\"thumbnailUrl\":\"https:\/\/www.garciafaura.com\/wp-content\/uploads\/2020\/02\/En-construccio-Grenelle.jpg\",\"datePublished\":\"2020-02-14T10:56:57+00:00\",\"dateModified\":\"2020-02-14T12:43:19+00:00\",\"description\":\"Arquitectura en Alumini, Inox, Ferro i Vidre\",\"breadcrumb\":{\"@id\":\"https:\/\/www.garciafaura.com\/es\/garcia-faura-interve-en-diversos-projectes-parisencs\/#breadcrumb\"},\"inLanguage\":\"es\",\"potentialAction\":[{\"@type\":\"ReadAction\",\"target\":[\"https:\/\/www.garciafaura.com\/es\/garcia-faura-interve-en-diversos-projectes-parisencs\/\"]}]},{\"@type\":\"ImageObject\",\"inLanguage\":\"es\",\"@id\":\"https:\/\/www.garciafaura.com\/es\/garcia-faura-interve-en-diversos-projectes-parisencs\/#primaryimage\",\"url\":\"https:\/\/www.garciafaura.com\/wp-content\/uploads\/2020\/02\/En-construccio-Grenelle.jpg\",\"contentUrl\":\"https:\/\/www.garciafaura.com\/wp-content\/uploads\/2020\/02\/En-construccio-Grenelle.jpg\",\"width\":4016,\"height\":2455,\"caption\":\"Boulevard Grenelle\"},{\"@type\":\"BreadcrumbList\",\"@id\":\"https:\/\/www.garciafaura.com\/es\/garcia-faura-interve-en-diversos-projectes-parisencs\/#breadcrumb\",\"itemListElement\":[{\"@type\":\"ListItem\",\"position\":1,\"name\":\"Inici\",\"item\":\"https:\/\/www.garciafaura.com\/es\/\"},{\"@type\":\"ListItem\",\"position\":2,\"name\":\"GARCIA FAURA interviene en varios proyectos parisinos\"}]},{\"@type\":\"WebSite\",\"@id\":\"https:\/\/www.garciafaura.com\/fr\/#website\",\"url\":\"https:\/\/www.garciafaura.com\/fr\/\",\"name\":\"GARCIA FAURA\",\"description\":\"Arquitectura en Alumini, Inox, Ferro i Vidre\",\"publisher\":{\"@id\":\"https:\/\/www.garciafaura.com\/fr\/#organization\"},\"potentialAction\":[{\"@type\":\"SearchAction\",\"target\":{\"@type\":\"EntryPoint\",\"urlTemplate\":\"https:\/\/www.garciafaura.com\/fr\/?s={search_term_string}\"},\"query-input\":{\"@type\":\"PropertyValueSpecification\",\"valueRequired\":true,\"valueName\":\"search_term_string\"}}],\"inLanguage\":\"es\"},{\"@type\":\"Organization\",\"@id\":\"https:\/\/www.garciafaura.com\/fr\/#organization\",\"name\":\"GARCIA FAURA\",\"url\":\"https:\/\/www.garciafaura.com\/fr\/\",\"logo\":{\"@type\":\"ImageObject\",\"inLanguage\":\"es\",\"@id\":\"https:\/\/www.garciafaura.com\/fr\/#\/schema\/logo\/image\/\",\"url\":\"https:\/\/www.garciafaura.com\/wp-content\/uploads\/2018\/09\/Garcia-Faura.png\",\"contentUrl\":\"https:\/\/www.garciafaura.com\/wp-content\/uploads\/2018\/09\/Garcia-Faura.png\",\"width\":512,\"height\":512,\"caption\":\"GARCIA FAURA\"},\"image\":{\"@id\":\"https:\/\/www.garciafaura.com\/fr\/#\/schema\/logo\/image\/\"},\"sameAs\":[\"https:\/\/www.youtube.com\/user\/GARCIAFAURA\"]},{\"@type\":\"Person\",\"@id\":\"https:\/\/www.garciafaura.com\/fr\/#\/schema\/person\/b4b75e69b33fac3446071909bec106b0\",\"name\":\"David Achell\",\"image\":{\"@type\":\"ImageObject\",\"inLanguage\":\"es\",\"@id\":\"https:\/\/www.garciafaura.com\/fr\/#\/schema\/person\/image\/\",\"url\":\"https:\/\/secure.gravatar.com\/avatar\/03900210afc1f61bce737bcb4a79c02e2c997f171e3eca839b5a4cbe03846c90?s=96&d=blank&r=g\",\"contentUrl\":\"https:\/\/secure.gravatar.com\/avatar\/03900210afc1f61bce737bcb4a79c02e2c997f171e3eca839b5a4cbe03846c90?s=96&d=blank&r=g\",\"caption\":\"David Achell\"}}]}<\/script>\n<!-- \/ Yoast SEO plugin. -->","yoast_head_json":{"title":"GARCIA FAURA interviene en varios proyectos parisinos - GARCIA FAURA","description":"Arquitectura en Alumini, Inox, Ferro i Vidre","robots":{"index":"index","follow":"follow","max-snippet":"max-snippet:-1","max-image-preview":"max-image-preview:large","max-video-preview":"max-video-preview:-1"},"canonical":"https:\/\/www.garciafaura.com\/es\/garcia-faura-interve-en-diversos-projectes-parisencs\/","og_locale":"es_ES","og_type":"article","og_title":"GARCIA FAURA interviene en varios proyectos parisinos - GARCIA FAURA","og_description":"Arquitectura en Alumini, Inox, Ferro i Vidre","og_url":"https:\/\/www.garciafaura.com\/es\/garcia-faura-interve-en-diversos-projectes-parisencs\/","og_site_name":"GARCIA FAURA","article_published_time":"2020-02-14T10:56:57+00:00","article_modified_time":"2020-02-14T12:43:19+00:00","og_image":[{"width":1024,"height":626,"url":"https:\/\/www.garciafaura.com\/wp-content\/uploads\/2020\/02\/En-construccio-Grenelle-1024x626.jpg","type":"image\/jpeg"}],"author":"David Achell","twitter_card":"summary_large_image","twitter_misc":{"Escrito por":"David Achell","Tiempo de lectura":"1 minuto"},"schema":{"@context":"https:\/\/schema.org","@graph":[{"@type":"Article","@id":"https:\/\/www.garciafaura.com\/es\/garcia-faura-interve-en-diversos-projectes-parisencs\/#article","isPartOf":{"@id":"https:\/\/www.garciafaura.com\/es\/garcia-faura-interve-en-diversos-projectes-parisencs\/"},"author":{"name":"David Achell","@id":"https:\/\/www.garciafaura.com\/fr\/#\/schema\/person\/b4b75e69b33fac3446071909bec106b0"},"headline":"GARCIA FAURA interviene en varios proyectos parisinos","datePublished":"2020-02-14T10:56:57+00:00","dateModified":"2020-02-14T12:43:19+00:00","mainEntityOfPage":{"@id":"https:\/\/www.garciafaura.com\/es\/garcia-faura-interve-en-diversos-projectes-parisencs\/"},"wordCount":291,"publisher":{"@id":"https:\/\/www.garciafaura.com\/fr\/#organization"},"image":{"@id":"https:\/\/www.garciafaura.com\/es\/garcia-faura-interve-en-diversos-projectes-parisencs\/#primaryimage"},"thumbnailUrl":"https:\/\/www.garciafaura.com\/wp-content\/uploads\/2020\/02\/En-construccio-Grenelle.jpg","articleSection":["Actualidad"],"inLanguage":"es"},{"@type":"WebPage","@id":"https:\/\/www.garciafaura.com\/es\/garcia-faura-interve-en-diversos-projectes-parisencs\/","url":"https:\/\/www.garciafaura.com\/es\/garcia-faura-interve-en-diversos-projectes-parisencs\/","name":"GARCIA FAURA interviene en varios proyectos parisinos - GARCIA FAURA","isPartOf":{"@id":"https:\/\/www.garciafaura.com\/fr\/#website"},"primaryImageOfPage":{"@id":"https:\/\/www.garciafaura.com\/es\/garcia-faura-interve-en-diversos-projectes-parisencs\/#primaryimage"},"image":{"@id":"https:\/\/www.garciafaura.com\/es\/garcia-faura-interve-en-diversos-projectes-parisencs\/#primaryimage"},"thumbnailUrl":"https:\/\/www.garciafaura.com\/wp-content\/uploads\/2020\/02\/En-construccio-Grenelle.jpg","datePublished":"2020-02-14T10:56:57+00:00","dateModified":"2020-02-14T12:43:19+00:00","description":"Arquitectura en Alumini, Inox, Ferro i Vidre","breadcrumb":{"@id":"https:\/\/www.garciafaura.com\/es\/garcia-faura-interve-en-diversos-projectes-parisencs\/#breadcrumb"},"inLanguage":"es","potentialAction":[{"@type":"ReadAction","target":["https:\/\/www.garciafaura.com\/es\/garcia-faura-interve-en-diversos-projectes-parisencs\/"]}]},{"@type":"ImageObject","inLanguage":"es","@id":"https:\/\/www.garciafaura.com\/es\/garcia-faura-interve-en-diversos-projectes-parisencs\/#primaryimage","url":"https:\/\/www.garciafaura.com\/wp-content\/uploads\/2020\/02\/En-construccio-Grenelle.jpg","contentUrl":"https:\/\/www.garciafaura.com\/wp-content\/uploads\/2020\/02\/En-construccio-Grenelle.jpg","width":4016,"height":2455,"caption":"Boulevard Grenelle"},{"@type":"BreadcrumbList","@id":"https:\/\/www.garciafaura.com\/es\/garcia-faura-interve-en-diversos-projectes-parisencs\/#breadcrumb","itemListElement":[{"@type":"ListItem","position":1,"name":"Inici","item":"https:\/\/www.garciafaura.com\/es\/"},{"@type":"ListItem","position":2,"name":"GARCIA FAURA interviene en varios proyectos parisinos"}]},{"@type":"WebSite","@id":"https:\/\/www.garciafaura.com\/fr\/#website","url":"https:\/\/www.garciafaura.com\/fr\/","name":"GARCIA FAURA","description":"Arquitectura en Alumini, Inox, Ferro i Vidre","publisher":{"@id":"https:\/\/www.garciafaura.com\/fr\/#organization"},"potentialAction":[{"@type":"SearchAction","target":{"@type":"EntryPoint","urlTemplate":"https:\/\/www.garciafaura.com\/fr\/?s={search_term_string}"},"query-input":{"@type":"PropertyValueSpecification","valueRequired":true,"valueName":"search_term_string"}}],"inLanguage":"es"},{"@type":"Organization","@id":"https:\/\/www.garciafaura.com\/fr\/#organization","name":"GARCIA FAURA","url":"https:\/\/www.garciafaura.com\/fr\/","logo":{"@type":"ImageObject","inLanguage":"es","@id":"https:\/\/www.garciafaura.com\/fr\/#\/schema\/logo\/image\/","url":"https:\/\/www.garciafaura.com\/wp-content\/uploads\/2018\/09\/Garcia-Faura.png","contentUrl":"https:\/\/www.garciafaura.com\/wp-content\/uploads\/2018\/09\/Garcia-Faura.png","width":512,"height":512,"caption":"GARCIA FAURA"},"image":{"@id":"https:\/\/www.garciafaura.com\/fr\/#\/schema\/logo\/image\/"},"sameAs":["https:\/\/www.youtube.com\/user\/GARCIAFAURA"]},{"@type":"Person","@id":"https:\/\/www.garciafaura.com\/fr\/#\/schema\/person\/b4b75e69b33fac3446071909bec106b0","name":"David Achell","image":{"@type":"ImageObject","inLanguage":"es","@id":"https:\/\/www.garciafaura.com\/fr\/#\/schema\/person\/image\/","url":"https:\/\/secure.gravatar.com\/avatar\/03900210afc1f61bce737bcb4a79c02e2c997f171e3eca839b5a4cbe03846c90?s=96&d=blank&r=g","contentUrl":"https:\/\/secure.gravatar.com\/avatar\/03900210afc1f61bce737bcb4a79c02e2c997f171e3eca839b5a4cbe03846c90?s=96&d=blank&r=g","caption":"David Achell"}}]}},"_links":{"self":[{"href":"https:\/\/www.garciafaura.com\/es\/wp-json\/wp\/v2\/posts\/24991","targetHints":{"allow":["GET"]}}],"collection":[{"href":"https:\/\/www.garciafaura.com\/es\/wp-json\/wp\/v2\/posts"}],"about":[{"href":"https:\/\/www.garciafaura.com\/es\/wp-json\/wp\/v2\/types\/post"}],"author":[{"embeddable":true,"href":"https:\/\/www.garciafaura.com\/es\/wp-json\/wp\/v2\/users\/3"}],"replies":[{"embeddable":true,"href":"https:\/\/www.garciafaura.com\/es\/wp-json\/wp\/v2\/comments?post=24991"}],"version-history":[{"count":5,"href":"https:\/\/www.garciafaura.com\/es\/wp-json\/wp\/v2\/posts\/24991\/revisions"}],"predecessor-version":[{"id":25017,"href":"https:\/\/www.garciafaura.com\/es\/wp-json\/wp\/v2\/posts\/24991\/revisions\/25017"}],"wp:featuredmedia":[{"embeddable":true,"href":"https:\/\/www.garciafaura.com\/es\/wp-json\/wp\/v2\/media\/25014"}],"wp:attachment":[{"href":"https:\/\/www.garciafaura.com\/es\/wp-json\/wp\/v2\/media?parent=24991"}],"wp:term":[{"taxonomy":"category","embeddable":true,"href":"https:\/\/www.garciafaura.com\/es\/wp-json\/wp\/v2\/categories?post=24991"},{"taxonomy":"post_tag","embeddable":true,"href":"https:\/\/www.garciafaura.com\/es\/wp-json\/wp\/v2\/tags?post=24991"},{"taxonomy":"post_series","embeddable":true,"href":"https:\/\/www.garciafaura.com\/es\/wp-json\/wp\/v2\/post_series?post=24991"}],"curies":[{"name":"wp","href":"https:\/\/api.w.org\/{rel}","templated":true}]}}