{"id":24980,"date":"2020-01-27T11:26:56","date_gmt":"2020-01-27T09:26:56","guid":{"rendered":"https:\/\/www.garciafaura.com\/nuevo-centro-de-mecanizado-para-el-taller-de-aluminio-de-garcia-faura\/"},"modified":"2022-11-28T16:27:43","modified_gmt":"2022-11-28T14:27:43","slug":"nuevo-centro-de-mecanizado-para-el-taller-de-aluminio-de-garcia-faura","status":"publish","type":"post","link":"https:\/\/www.garciafaura.com\/es\/nuevo-centro-de-mecanizado-para-el-taller-de-aluminio-de-garcia-faura\/","title":{"rendered":"Nuevo centro de mecanizado para el taller de aluminio de GARCIA FAURA"},"content":{"rendered":"<p>El programa de inversiones de <strong>GARCIA FAURA<\/strong> no se detiene. Desde este mes de enero, la compa\u00f1\u00eda dispone de un nuevo centro de mecanizado que se a\u00f1ade a los 3 que ya ten\u00eda operativos hasta ahora. Se trata de un nuevo centro con control num\u00e9rico de 5 ejes, que permite mecanizar barras de aluminio, PVC y acero de hasta 7 metros, aunque tambi\u00e9n puede funcionar dividido en dos \u00e1reas de trabajo en modalidad pendular de forma independiente.<\/p>\n<p>Adem\u00e1s, cuenta con un plan m\u00f3vil de mecanizado que facilita las operaciones de carga y descarga y permite mecanizar piezas de gran secci\u00f3n. El nuevo centro, de la marca <a href=\"https:\/\/www.emmegi.com\/es\/home\" target=\"_blank\" rel=\"noopener\">Emmegi<\/a>, dispone de los m\u00e1s avanzados elementos de seguridad, con protecciones de vidrio de alta gama y una interfaz crom\u00e1tica luminosa que act\u00faa de advertencia adicional del estado de la m\u00e1quina en cada momento.<\/p>\n<p>En los \u00faltimos tiempos la compa\u00f1\u00eda ha hecho una importante inversi\u00f3n en maquinaria y tecnolog\u00eda para avanzar en la digitalizaci\u00f3n de la empresa y seguir manteni\u00e9ndose en referente del sector en el \u00e1mbito de la fabricaci\u00f3n de fachadas modulares y cerramientos de aluminio de altas prestaciones.<\/p>\n<p>Con esta adquisici\u00f3n, <strong>GARCIA FAURA<\/strong> aumenta a\u00fan m\u00e1s la capacidad productiva de su taller de aluminio, al tiempo que ampl\u00eda la variedad de productos que puede ofrecer a sus clientes. La inversi\u00f3n se enmarca en el plan de modernizaci\u00f3n de la planta de fabricaci\u00f3n de fachadas, muros cortina y cerramientos de <strong>GARCIA FAURA<\/strong>. Un proyecto financiado por el Ministerio de Ind\u00fastria, Comercio y Turismo, dentro del <a href=\"https:\/\/www.mincotur.gob.es\/PortalAyudas\/RCI\/Paginas\/Index.aspx\" target=\"_blank\" rel=\"noopener\">Programa de reindustrializaci\u00f3n y fomento de la competitividad industrial<\/a>.<\/p>\n<p><img loading=\"lazy\" decoding=\"async\" class=\"aligncenter size-full wp-image-31091\" src=\"https:\/\/www.garciafaura.com\/wp-content\/uploads\/2020\/06\/LogoMinisterio.png\" alt=\"\" width=\"800\" height=\"153\" srcset=\"https:\/\/www.garciafaura.com\/wp-content\/uploads\/2020\/06\/LogoMinisterio.png 800w, https:\/\/www.garciafaura.com\/wp-content\/uploads\/2020\/06\/LogoMinisterio-300x57.png 300w, https:\/\/www.garciafaura.com\/wp-content\/uploads\/2020\/06\/LogoMinisterio-768x147.png 768w\" sizes=\"auto, (max-width: 800px) 100vw, 800px\" \/><\/p>\n","protected":false},"excerpt":{"rendered":"<p>El programa de inversiones de GARCIA FAURA no se detiene. Desde este mes de enero, la compa\u00f1\u00eda dispone de un nuevo centro de mecanizado que se a\u00f1ade a los 3 que ya ten\u00eda operativos hasta ahora. Se trata de un&hellip;<\/p>\n","protected":false},"author":3,"featured_media":24978,"comment_status":"closed","ping_status":"open","sticky":false,"template":"","format":"standard","meta":{"footnotes":""},"categories":[3],"tags":[],"post_series":[],"class_list":["post-24980","post","type-post","status-publish","format-standard","has-post-thumbnail","hentry","category-actualidad","entry","has-media"],"yoast_head":"<!-- This site is optimized with the Yoast SEO plugin v26.7 - https:\/\/yoast.com\/wordpress\/plugins\/seo\/ -->\n<title>Nuevo centro de mecanizado para el taller de aluminio de GARCIA FAURA - GARCIA FAURA<\/title>\n<meta name=\"description\" content=\"Arquitectura en Alumini, Inox, Ferro i Vidre\" \/>\n<meta name=\"robots\" content=\"index, follow, max-snippet:-1, max-image-preview:large, max-video-preview:-1\" \/>\n<link rel=\"canonical\" href=\"https:\/\/www.garciafaura.com\/es\/nuevo-centro-de-mecanizado-para-el-taller-de-aluminio-de-garcia-faura\/\" \/>\n<meta property=\"og:locale\" content=\"es_ES\" \/>\n<meta property=\"og:type\" content=\"article\" \/>\n<meta property=\"og:title\" content=\"Nuevo centro de mecanizado para el taller de aluminio de GARCIA FAURA - GARCIA FAURA\" \/>\n<meta property=\"og:description\" content=\"Arquitectura en Alumini, Inox, Ferro i Vidre\" \/>\n<meta property=\"og:url\" content=\"https:\/\/www.garciafaura.com\/es\/nuevo-centro-de-mecanizado-para-el-taller-de-aluminio-de-garcia-faura\/\" \/>\n<meta property=\"og:site_name\" content=\"GARCIA FAURA\" \/>\n<meta property=\"article:published_time\" content=\"2020-01-27T09:26:56+00:00\" \/>\n<meta property=\"article:modified_time\" content=\"2022-11-28T14:27:43+00:00\" \/>\n<meta property=\"og:image\" content=\"https:\/\/www.garciafaura.com\/wp-content\/uploads\/2020\/01\/20200113_104458.jpg\" \/>\n\t<meta property=\"og:image:width\" content=\"2560\" \/>\n\t<meta property=\"og:image:height\" content=\"1440\" \/>\n\t<meta property=\"og:image:type\" content=\"image\/jpeg\" \/>\n<meta name=\"author\" content=\"David Achell\" \/>\n<meta name=\"twitter:card\" content=\"summary_large_image\" \/>\n<meta name=\"twitter:label1\" content=\"Escrito por\" \/>\n\t<meta name=\"twitter:data1\" content=\"David Achell\" \/>\n\t<meta name=\"twitter:label2\" content=\"Tiempo de lectura\" \/>\n\t<meta name=\"twitter:data2\" content=\"2 minutos\" \/>\n<script type=\"application\/ld+json\" class=\"yoast-schema-graph\">{\"@context\":\"https:\/\/schema.org\",\"@graph\":[{\"@type\":\"Article\",\"@id\":\"https:\/\/www.garciafaura.com\/es\/nuevo-centro-de-mecanizado-para-el-taller-de-aluminio-de-garcia-faura\/#article\",\"isPartOf\":{\"@id\":\"https:\/\/www.garciafaura.com\/es\/nuevo-centro-de-mecanizado-para-el-taller-de-aluminio-de-garcia-faura\/\"},\"author\":{\"name\":\"David Achell\",\"@id\":\"https:\/\/www.garciafaura.com\/fr\/#\/schema\/person\/b4b75e69b33fac3446071909bec106b0\"},\"headline\":\"Nuevo centro de mecanizado para el taller de aluminio de GARCIA FAURA\",\"datePublished\":\"2020-01-27T09:26:56+00:00\",\"dateModified\":\"2022-11-28T14:27:43+00:00\",\"mainEntityOfPage\":{\"@id\":\"https:\/\/www.garciafaura.com\/es\/nuevo-centro-de-mecanizado-para-el-taller-de-aluminio-de-garcia-faura\/\"},\"wordCount\":297,\"publisher\":{\"@id\":\"https:\/\/www.garciafaura.com\/fr\/#organization\"},\"image\":{\"@id\":\"https:\/\/www.garciafaura.com\/es\/nuevo-centro-de-mecanizado-para-el-taller-de-aluminio-de-garcia-faura\/#primaryimage\"},\"thumbnailUrl\":\"https:\/\/www.garciafaura.com\/wp-content\/uploads\/2020\/01\/20200113_104458.jpg\",\"articleSection\":[\"Actualidad\"],\"inLanguage\":\"es\"},{\"@type\":\"WebPage\",\"@id\":\"https:\/\/www.garciafaura.com\/es\/nuevo-centro-de-mecanizado-para-el-taller-de-aluminio-de-garcia-faura\/\",\"url\":\"https:\/\/www.garciafaura.com\/es\/nuevo-centro-de-mecanizado-para-el-taller-de-aluminio-de-garcia-faura\/\",\"name\":\"Nuevo centro de mecanizado para el taller de aluminio de GARCIA FAURA - GARCIA FAURA\",\"isPartOf\":{\"@id\":\"https:\/\/www.garciafaura.com\/fr\/#website\"},\"primaryImageOfPage\":{\"@id\":\"https:\/\/www.garciafaura.com\/es\/nuevo-centro-de-mecanizado-para-el-taller-de-aluminio-de-garcia-faura\/#primaryimage\"},\"image\":{\"@id\":\"https:\/\/www.garciafaura.com\/es\/nuevo-centro-de-mecanizado-para-el-taller-de-aluminio-de-garcia-faura\/#primaryimage\"},\"thumbnailUrl\":\"https:\/\/www.garciafaura.com\/wp-content\/uploads\/2020\/01\/20200113_104458.jpg\",\"datePublished\":\"2020-01-27T09:26:56+00:00\",\"dateModified\":\"2022-11-28T14:27:43+00:00\",\"description\":\"Arquitectura en Alumini, Inox, Ferro i Vidre\",\"breadcrumb\":{\"@id\":\"https:\/\/www.garciafaura.com\/es\/nuevo-centro-de-mecanizado-para-el-taller-de-aluminio-de-garcia-faura\/#breadcrumb\"},\"inLanguage\":\"es\",\"potentialAction\":[{\"@type\":\"ReadAction\",\"target\":[\"https:\/\/www.garciafaura.com\/es\/nuevo-centro-de-mecanizado-para-el-taller-de-aluminio-de-garcia-faura\/\"]}]},{\"@type\":\"ImageObject\",\"inLanguage\":\"es\",\"@id\":\"https:\/\/www.garciafaura.com\/es\/nuevo-centro-de-mecanizado-para-el-taller-de-aluminio-de-garcia-faura\/#primaryimage\",\"url\":\"https:\/\/www.garciafaura.com\/wp-content\/uploads\/2020\/01\/20200113_104458.jpg\",\"contentUrl\":\"https:\/\/www.garciafaura.com\/wp-content\/uploads\/2020\/01\/20200113_104458.jpg\",\"width\":2560,\"height\":1440},{\"@type\":\"BreadcrumbList\",\"@id\":\"https:\/\/www.garciafaura.com\/es\/nuevo-centro-de-mecanizado-para-el-taller-de-aluminio-de-garcia-faura\/#breadcrumb\",\"itemListElement\":[{\"@type\":\"ListItem\",\"position\":1,\"name\":\"Inici\",\"item\":\"https:\/\/www.garciafaura.com\/es\/\"},{\"@type\":\"ListItem\",\"position\":2,\"name\":\"Nuevo centro de mecanizado para el taller de aluminio de GARCIA FAURA\"}]},{\"@type\":\"WebSite\",\"@id\":\"https:\/\/www.garciafaura.com\/fr\/#website\",\"url\":\"https:\/\/www.garciafaura.com\/fr\/\",\"name\":\"GARCIA FAURA\",\"description\":\"Arquitectura en Alumini, Inox, Ferro i Vidre\",\"publisher\":{\"@id\":\"https:\/\/www.garciafaura.com\/fr\/#organization\"},\"potentialAction\":[{\"@type\":\"SearchAction\",\"target\":{\"@type\":\"EntryPoint\",\"urlTemplate\":\"https:\/\/www.garciafaura.com\/fr\/?s={search_term_string}\"},\"query-input\":{\"@type\":\"PropertyValueSpecification\",\"valueRequired\":true,\"valueName\":\"search_term_string\"}}],\"inLanguage\":\"es\"},{\"@type\":\"Organization\",\"@id\":\"https:\/\/www.garciafaura.com\/fr\/#organization\",\"name\":\"GARCIA FAURA\",\"url\":\"https:\/\/www.garciafaura.com\/fr\/\",\"logo\":{\"@type\":\"ImageObject\",\"inLanguage\":\"es\",\"@id\":\"https:\/\/www.garciafaura.com\/fr\/#\/schema\/logo\/image\/\",\"url\":\"https:\/\/www.garciafaura.com\/wp-content\/uploads\/2018\/09\/Garcia-Faura.png\",\"contentUrl\":\"https:\/\/www.garciafaura.com\/wp-content\/uploads\/2018\/09\/Garcia-Faura.png\",\"width\":512,\"height\":512,\"caption\":\"GARCIA FAURA\"},\"image\":{\"@id\":\"https:\/\/www.garciafaura.com\/fr\/#\/schema\/logo\/image\/\"},\"sameAs\":[\"https:\/\/www.youtube.com\/user\/GARCIAFAURA\"]},{\"@type\":\"Person\",\"@id\":\"https:\/\/www.garciafaura.com\/fr\/#\/schema\/person\/b4b75e69b33fac3446071909bec106b0\",\"name\":\"David Achell\",\"image\":{\"@type\":\"ImageObject\",\"inLanguage\":\"es\",\"@id\":\"https:\/\/www.garciafaura.com\/fr\/#\/schema\/person\/image\/\",\"url\":\"https:\/\/secure.gravatar.com\/avatar\/03900210afc1f61bce737bcb4a79c02e2c997f171e3eca839b5a4cbe03846c90?s=96&d=blank&r=g\",\"contentUrl\":\"https:\/\/secure.gravatar.com\/avatar\/03900210afc1f61bce737bcb4a79c02e2c997f171e3eca839b5a4cbe03846c90?s=96&d=blank&r=g\",\"caption\":\"David Achell\"}}]}<\/script>\n<!-- \/ Yoast SEO plugin. -->","yoast_head_json":{"title":"Nuevo centro de mecanizado para el taller de aluminio de GARCIA FAURA - GARCIA FAURA","description":"Arquitectura en Alumini, Inox, Ferro i Vidre","robots":{"index":"index","follow":"follow","max-snippet":"max-snippet:-1","max-image-preview":"max-image-preview:large","max-video-preview":"max-video-preview:-1"},"canonical":"https:\/\/www.garciafaura.com\/es\/nuevo-centro-de-mecanizado-para-el-taller-de-aluminio-de-garcia-faura\/","og_locale":"es_ES","og_type":"article","og_title":"Nuevo centro de mecanizado para el taller de aluminio de GARCIA FAURA - GARCIA FAURA","og_description":"Arquitectura en Alumini, Inox, Ferro i Vidre","og_url":"https:\/\/www.garciafaura.com\/es\/nuevo-centro-de-mecanizado-para-el-taller-de-aluminio-de-garcia-faura\/","og_site_name":"GARCIA FAURA","article_published_time":"2020-01-27T09:26:56+00:00","article_modified_time":"2022-11-28T14:27:43+00:00","og_image":[{"width":2560,"height":1440,"url":"https:\/\/www.garciafaura.com\/wp-content\/uploads\/2020\/01\/20200113_104458.jpg","type":"image\/jpeg"}],"author":"David Achell","twitter_card":"summary_large_image","twitter_misc":{"Escrito por":"David Achell","Tiempo de lectura":"2 minutos"},"schema":{"@context":"https:\/\/schema.org","@graph":[{"@type":"Article","@id":"https:\/\/www.garciafaura.com\/es\/nuevo-centro-de-mecanizado-para-el-taller-de-aluminio-de-garcia-faura\/#article","isPartOf":{"@id":"https:\/\/www.garciafaura.com\/es\/nuevo-centro-de-mecanizado-para-el-taller-de-aluminio-de-garcia-faura\/"},"author":{"name":"David Achell","@id":"https:\/\/www.garciafaura.com\/fr\/#\/schema\/person\/b4b75e69b33fac3446071909bec106b0"},"headline":"Nuevo centro de mecanizado para el taller de aluminio de GARCIA FAURA","datePublished":"2020-01-27T09:26:56+00:00","dateModified":"2022-11-28T14:27:43+00:00","mainEntityOfPage":{"@id":"https:\/\/www.garciafaura.com\/es\/nuevo-centro-de-mecanizado-para-el-taller-de-aluminio-de-garcia-faura\/"},"wordCount":297,"publisher":{"@id":"https:\/\/www.garciafaura.com\/fr\/#organization"},"image":{"@id":"https:\/\/www.garciafaura.com\/es\/nuevo-centro-de-mecanizado-para-el-taller-de-aluminio-de-garcia-faura\/#primaryimage"},"thumbnailUrl":"https:\/\/www.garciafaura.com\/wp-content\/uploads\/2020\/01\/20200113_104458.jpg","articleSection":["Actualidad"],"inLanguage":"es"},{"@type":"WebPage","@id":"https:\/\/www.garciafaura.com\/es\/nuevo-centro-de-mecanizado-para-el-taller-de-aluminio-de-garcia-faura\/","url":"https:\/\/www.garciafaura.com\/es\/nuevo-centro-de-mecanizado-para-el-taller-de-aluminio-de-garcia-faura\/","name":"Nuevo centro de mecanizado para el taller de aluminio de GARCIA FAURA - GARCIA FAURA","isPartOf":{"@id":"https:\/\/www.garciafaura.com\/fr\/#website"},"primaryImageOfPage":{"@id":"https:\/\/www.garciafaura.com\/es\/nuevo-centro-de-mecanizado-para-el-taller-de-aluminio-de-garcia-faura\/#primaryimage"},"image":{"@id":"https:\/\/www.garciafaura.com\/es\/nuevo-centro-de-mecanizado-para-el-taller-de-aluminio-de-garcia-faura\/#primaryimage"},"thumbnailUrl":"https:\/\/www.garciafaura.com\/wp-content\/uploads\/2020\/01\/20200113_104458.jpg","datePublished":"2020-01-27T09:26:56+00:00","dateModified":"2022-11-28T14:27:43+00:00","description":"Arquitectura en Alumini, Inox, Ferro i Vidre","breadcrumb":{"@id":"https:\/\/www.garciafaura.com\/es\/nuevo-centro-de-mecanizado-para-el-taller-de-aluminio-de-garcia-faura\/#breadcrumb"},"inLanguage":"es","potentialAction":[{"@type":"ReadAction","target":["https:\/\/www.garciafaura.com\/es\/nuevo-centro-de-mecanizado-para-el-taller-de-aluminio-de-garcia-faura\/"]}]},{"@type":"ImageObject","inLanguage":"es","@id":"https:\/\/www.garciafaura.com\/es\/nuevo-centro-de-mecanizado-para-el-taller-de-aluminio-de-garcia-faura\/#primaryimage","url":"https:\/\/www.garciafaura.com\/wp-content\/uploads\/2020\/01\/20200113_104458.jpg","contentUrl":"https:\/\/www.garciafaura.com\/wp-content\/uploads\/2020\/01\/20200113_104458.jpg","width":2560,"height":1440},{"@type":"BreadcrumbList","@id":"https:\/\/www.garciafaura.com\/es\/nuevo-centro-de-mecanizado-para-el-taller-de-aluminio-de-garcia-faura\/#breadcrumb","itemListElement":[{"@type":"ListItem","position":1,"name":"Inici","item":"https:\/\/www.garciafaura.com\/es\/"},{"@type":"ListItem","position":2,"name":"Nuevo centro de mecanizado para el taller de aluminio de GARCIA FAURA"}]},{"@type":"WebSite","@id":"https:\/\/www.garciafaura.com\/fr\/#website","url":"https:\/\/www.garciafaura.com\/fr\/","name":"GARCIA FAURA","description":"Arquitectura en Alumini, Inox, Ferro i Vidre","publisher":{"@id":"https:\/\/www.garciafaura.com\/fr\/#organization"},"potentialAction":[{"@type":"SearchAction","target":{"@type":"EntryPoint","urlTemplate":"https:\/\/www.garciafaura.com\/fr\/?s={search_term_string}"},"query-input":{"@type":"PropertyValueSpecification","valueRequired":true,"valueName":"search_term_string"}}],"inLanguage":"es"},{"@type":"Organization","@id":"https:\/\/www.garciafaura.com\/fr\/#organization","name":"GARCIA FAURA","url":"https:\/\/www.garciafaura.com\/fr\/","logo":{"@type":"ImageObject","inLanguage":"es","@id":"https:\/\/www.garciafaura.com\/fr\/#\/schema\/logo\/image\/","url":"https:\/\/www.garciafaura.com\/wp-content\/uploads\/2018\/09\/Garcia-Faura.png","contentUrl":"https:\/\/www.garciafaura.com\/wp-content\/uploads\/2018\/09\/Garcia-Faura.png","width":512,"height":512,"caption":"GARCIA FAURA"},"image":{"@id":"https:\/\/www.garciafaura.com\/fr\/#\/schema\/logo\/image\/"},"sameAs":["https:\/\/www.youtube.com\/user\/GARCIAFAURA"]},{"@type":"Person","@id":"https:\/\/www.garciafaura.com\/fr\/#\/schema\/person\/b4b75e69b33fac3446071909bec106b0","name":"David Achell","image":{"@type":"ImageObject","inLanguage":"es","@id":"https:\/\/www.garciafaura.com\/fr\/#\/schema\/person\/image\/","url":"https:\/\/secure.gravatar.com\/avatar\/03900210afc1f61bce737bcb4a79c02e2c997f171e3eca839b5a4cbe03846c90?s=96&d=blank&r=g","contentUrl":"https:\/\/secure.gravatar.com\/avatar\/03900210afc1f61bce737bcb4a79c02e2c997f171e3eca839b5a4cbe03846c90?s=96&d=blank&r=g","caption":"David Achell"}}]}},"_links":{"self":[{"href":"https:\/\/www.garciafaura.com\/es\/wp-json\/wp\/v2\/posts\/24980","targetHints":{"allow":["GET"]}}],"collection":[{"href":"https:\/\/www.garciafaura.com\/es\/wp-json\/wp\/v2\/posts"}],"about":[{"href":"https:\/\/www.garciafaura.com\/es\/wp-json\/wp\/v2\/types\/post"}],"author":[{"embeddable":true,"href":"https:\/\/www.garciafaura.com\/es\/wp-json\/wp\/v2\/users\/3"}],"replies":[{"embeddable":true,"href":"https:\/\/www.garciafaura.com\/es\/wp-json\/wp\/v2\/comments?post=24980"}],"version-history":[{"count":2,"href":"https:\/\/www.garciafaura.com\/es\/wp-json\/wp\/v2\/posts\/24980\/revisions"}],"predecessor-version":[{"id":31125,"href":"https:\/\/www.garciafaura.com\/es\/wp-json\/wp\/v2\/posts\/24980\/revisions\/31125"}],"wp:featuredmedia":[{"embeddable":true,"href":"https:\/\/www.garciafaura.com\/es\/wp-json\/wp\/v2\/media\/24978"}],"wp:attachment":[{"href":"https:\/\/www.garciafaura.com\/es\/wp-json\/wp\/v2\/media?parent=24980"}],"wp:term":[{"taxonomy":"category","embeddable":true,"href":"https:\/\/www.garciafaura.com\/es\/wp-json\/wp\/v2\/categories?post=24980"},{"taxonomy":"post_tag","embeddable":true,"href":"https:\/\/www.garciafaura.com\/es\/wp-json\/wp\/v2\/tags?post=24980"},{"taxonomy":"post_series","embeddable":true,"href":"https:\/\/www.garciafaura.com\/es\/wp-json\/wp\/v2\/post_series?post=24980"}],"curies":[{"name":"wp","href":"https:\/\/api.w.org\/{rel}","templated":true}]}}