{"id":24718,"date":"2020-01-08T16:17:42","date_gmt":"2020-01-08T14:17:42","guid":{"rendered":"https:\/\/www.garciafaura.com\/garcia-faura-deixara-la-seva-empremta-a-la-nova-seu-madrilenya-de-liese\/"},"modified":"2020-01-08T16:38:22","modified_gmt":"2020-01-08T14:38:22","slug":"garcia-faura-deixara-la-seva-empremta-a-la-nova-seu-madrilenya-de-liese","status":"publish","type":"post","link":"https:\/\/www.garciafaura.com\/es\/garcia-faura-deixara-la-seva-empremta-a-la-nova-seu-madrilenya-de-liese\/","title":{"rendered":"GARCIA FAURA dejar\u00e1 su huella en la nueva sede madrile\u00f1a del IESE"},"content":{"rendered":"<p style=\"text-align: justify;\"><strong>GARCIA FAURA<\/strong> participa en la construcci\u00f3n del nuevo\u00a0<a href=\"https:\/\/www.iese.edu\/es\/conoce-iese\/campus\/madrid\/\" target=\"_blank\" rel=\"noopener\"><strong>campus del IESE en Madrid<\/strong><\/a> desarrollando, fabricando e instalando los elementos de fachada y los cerramientos de aluminio y vidrio.<\/p>\n<p style=\"text-align: justify;\">La nueva sede en la capital espa\u00f1ola de la escuela de negocios de la <strong>Universidad de Navarra<\/strong> (que se prev\u00e9 inaugurar en oto\u00f1o) contar\u00e1 con 16.000 metros cuadrados de superficie que se levantar\u00e1n junto a la sede actual.<\/p>\n<p style=\"text-align: justify;\">El <a href=\"https:\/\/www.youtube.com\/watch?v=yTNm7DlZFMI\" target=\"_blank\" rel=\"noopener\"><strong>nuevo centro<\/strong><\/a>,\u00a0que incrementar\u00e1 la actividad docente e investigadora del <strong>IESE<\/strong> en un 50%, incorporar\u00e1 cuatro aulas equipadas con la mejor tecnolog\u00eda multimedia, salas para conferencias y reuniones, dos comedores, biblioteca, aparcamiento de 300 plazas y auditorio para 500 personas.<\/p>\n<p style=\"text-align: justify;\"><strong>GARCIA FAURA<\/strong> realizar\u00e1 1.700 metros cuadrados de muro cortina y 1.500 metros cuadrados de doble piel tanto del edificio docente como del auditorio, adem\u00e1s de 1.500 metros cuadrados de cerramientos interiores y exteriores de altas prestaciones t\u00e9cnicas y ac\u00fasticas.<\/p>\n<p style=\"text-align: justify;\">Los trabajos de la empresa se completar\u00e1n con la instalaci\u00f3n de los dem\u00e1s elementos que conformar\u00e1n la vista exterior del edificio, como barandillas, paneles y coberturas met\u00e1licas.<\/p>\n<p>&nbsp;<\/p>\n","protected":false},"excerpt":{"rendered":"<p>GARCIA FAURA participa en la construcci\u00f3n del nuevo\u00a0campus del IESE en Madrid desarrollando, fabricando e instalando los elementos de fachada y los cerramientos de aluminio y vidrio. La nueva sede en la capital espa\u00f1ola de la escuela de negocios de&hellip;<\/p>\n","protected":false},"author":3,"featured_media":24638,"comment_status":"closed","ping_status":"open","sticky":false,"template":"","format":"standard","meta":{"footnotes":""},"categories":[3],"tags":[],"post_series":[],"class_list":["post-24718","post","type-post","status-publish","format-standard","has-post-thumbnail","hentry","category-actualidad","entry","has-media"],"yoast_head":"<!-- This site is optimized with the Yoast SEO plugin v26.7 - https:\/\/yoast.com\/wordpress\/plugins\/seo\/ -->\n<title>GARCIA FAURA dejar\u00e1 su huella en la nueva sede madrile\u00f1a del IESE - GARCIA FAURA<\/title>\n<meta name=\"description\" content=\"Arquitectura en Alumini, Inox, Ferro i Vidre\" \/>\n<meta name=\"robots\" content=\"index, follow, max-snippet:-1, max-image-preview:large, max-video-preview:-1\" \/>\n<link rel=\"canonical\" href=\"https:\/\/www.garciafaura.com\/es\/garcia-faura-deixara-la-seva-empremta-a-la-nova-seu-madrilenya-de-liese\/\" \/>\n<meta property=\"og:locale\" content=\"es_ES\" \/>\n<meta property=\"og:type\" content=\"article\" \/>\n<meta property=\"og:title\" content=\"GARCIA FAURA dejar\u00e1 su huella en la nueva sede madrile\u00f1a del IESE - GARCIA FAURA\" \/>\n<meta property=\"og:description\" content=\"Arquitectura en Alumini, Inox, Ferro i Vidre\" \/>\n<meta property=\"og:url\" content=\"https:\/\/www.garciafaura.com\/es\/garcia-faura-deixara-la-seva-empremta-a-la-nova-seu-madrilenya-de-liese\/\" \/>\n<meta property=\"og:site_name\" content=\"GARCIA FAURA\" \/>\n<meta property=\"article:published_time\" content=\"2020-01-08T14:17:42+00:00\" \/>\n<meta property=\"article:modified_time\" content=\"2020-01-08T14:38:22+00:00\" \/>\n<meta property=\"og:image\" content=\"https:\/\/www.garciafaura.com\/wp-content\/uploads\/2020\/01\/IESEMadrid-02.jpg\" \/>\n\t<meta property=\"og:image:width\" content=\"1200\" \/>\n\t<meta property=\"og:image:height\" content=\"850\" \/>\n\t<meta property=\"og:image:type\" content=\"image\/jpeg\" \/>\n<meta name=\"author\" content=\"David Achell\" \/>\n<meta name=\"twitter:card\" content=\"summary_large_image\" \/>\n<meta name=\"twitter:label1\" content=\"Escrito por\" \/>\n\t<meta name=\"twitter:data1\" content=\"David Achell\" \/>\n\t<meta name=\"twitter:label2\" content=\"Tiempo de lectura\" \/>\n\t<meta name=\"twitter:data2\" content=\"1 minuto\" \/>\n<script type=\"application\/ld+json\" class=\"yoast-schema-graph\">{\"@context\":\"https:\/\/schema.org\",\"@graph\":[{\"@type\":\"Article\",\"@id\":\"https:\/\/www.garciafaura.com\/es\/garcia-faura-deixara-la-seva-empremta-a-la-nova-seu-madrilenya-de-liese\/#article\",\"isPartOf\":{\"@id\":\"https:\/\/www.garciafaura.com\/es\/garcia-faura-deixara-la-seva-empremta-a-la-nova-seu-madrilenya-de-liese\/\"},\"author\":{\"name\":\"David Achell\",\"@id\":\"https:\/\/www.garciafaura.com\/fr\/#\/schema\/person\/b4b75e69b33fac3446071909bec106b0\"},\"headline\":\"GARCIA FAURA dejar\u00e1 su huella en la nueva sede madrile\u00f1a del IESE\",\"datePublished\":\"2020-01-08T14:17:42+00:00\",\"dateModified\":\"2020-01-08T14:38:22+00:00\",\"mainEntityOfPage\":{\"@id\":\"https:\/\/www.garciafaura.com\/es\/garcia-faura-deixara-la-seva-empremta-a-la-nova-seu-madrilenya-de-liese\/\"},\"wordCount\":193,\"publisher\":{\"@id\":\"https:\/\/www.garciafaura.com\/fr\/#organization\"},\"image\":{\"@id\":\"https:\/\/www.garciafaura.com\/es\/garcia-faura-deixara-la-seva-empremta-a-la-nova-seu-madrilenya-de-liese\/#primaryimage\"},\"thumbnailUrl\":\"https:\/\/www.garciafaura.com\/wp-content\/uploads\/2020\/01\/IESEMadrid-02.jpg\",\"articleSection\":[\"Actualidad\"],\"inLanguage\":\"es\"},{\"@type\":\"WebPage\",\"@id\":\"https:\/\/www.garciafaura.com\/es\/garcia-faura-deixara-la-seva-empremta-a-la-nova-seu-madrilenya-de-liese\/\",\"url\":\"https:\/\/www.garciafaura.com\/es\/garcia-faura-deixara-la-seva-empremta-a-la-nova-seu-madrilenya-de-liese\/\",\"name\":\"GARCIA FAURA dejar\u00e1 su huella en la nueva sede madrile\u00f1a del IESE - GARCIA FAURA\",\"isPartOf\":{\"@id\":\"https:\/\/www.garciafaura.com\/fr\/#website\"},\"primaryImageOfPage\":{\"@id\":\"https:\/\/www.garciafaura.com\/es\/garcia-faura-deixara-la-seva-empremta-a-la-nova-seu-madrilenya-de-liese\/#primaryimage\"},\"image\":{\"@id\":\"https:\/\/www.garciafaura.com\/es\/garcia-faura-deixara-la-seva-empremta-a-la-nova-seu-madrilenya-de-liese\/#primaryimage\"},\"thumbnailUrl\":\"https:\/\/www.garciafaura.com\/wp-content\/uploads\/2020\/01\/IESEMadrid-02.jpg\",\"datePublished\":\"2020-01-08T14:17:42+00:00\",\"dateModified\":\"2020-01-08T14:38:22+00:00\",\"description\":\"Arquitectura en Alumini, Inox, Ferro i Vidre\",\"breadcrumb\":{\"@id\":\"https:\/\/www.garciafaura.com\/es\/garcia-faura-deixara-la-seva-empremta-a-la-nova-seu-madrilenya-de-liese\/#breadcrumb\"},\"inLanguage\":\"es\",\"potentialAction\":[{\"@type\":\"ReadAction\",\"target\":[\"https:\/\/www.garciafaura.com\/es\/garcia-faura-deixara-la-seva-empremta-a-la-nova-seu-madrilenya-de-liese\/\"]}]},{\"@type\":\"ImageObject\",\"inLanguage\":\"es\",\"@id\":\"https:\/\/www.garciafaura.com\/es\/garcia-faura-deixara-la-seva-empremta-a-la-nova-seu-madrilenya-de-liese\/#primaryimage\",\"url\":\"https:\/\/www.garciafaura.com\/wp-content\/uploads\/2020\/01\/IESEMadrid-02.jpg\",\"contentUrl\":\"https:\/\/www.garciafaura.com\/wp-content\/uploads\/2020\/01\/IESEMadrid-02.jpg\",\"width\":1200,\"height\":850,\"caption\":\"Fachadas, muros cortina y doble piel para el nuevo edificio de educaci\u00f3n que IESE proyecta en la capital espa\u00f1ola.\"},{\"@type\":\"BreadcrumbList\",\"@id\":\"https:\/\/www.garciafaura.com\/es\/garcia-faura-deixara-la-seva-empremta-a-la-nova-seu-madrilenya-de-liese\/#breadcrumb\",\"itemListElement\":[{\"@type\":\"ListItem\",\"position\":1,\"name\":\"Inici\",\"item\":\"https:\/\/www.garciafaura.com\/es\/\"},{\"@type\":\"ListItem\",\"position\":2,\"name\":\"GARCIA FAURA dejar\u00e1 su huella en la nueva sede madrile\u00f1a del IESE\"}]},{\"@type\":\"WebSite\",\"@id\":\"https:\/\/www.garciafaura.com\/fr\/#website\",\"url\":\"https:\/\/www.garciafaura.com\/fr\/\",\"name\":\"GARCIA FAURA\",\"description\":\"Arquitectura en Alumini, Inox, Ferro i Vidre\",\"publisher\":{\"@id\":\"https:\/\/www.garciafaura.com\/fr\/#organization\"},\"potentialAction\":[{\"@type\":\"SearchAction\",\"target\":{\"@type\":\"EntryPoint\",\"urlTemplate\":\"https:\/\/www.garciafaura.com\/fr\/?s={search_term_string}\"},\"query-input\":{\"@type\":\"PropertyValueSpecification\",\"valueRequired\":true,\"valueName\":\"search_term_string\"}}],\"inLanguage\":\"es\"},{\"@type\":\"Organization\",\"@id\":\"https:\/\/www.garciafaura.com\/fr\/#organization\",\"name\":\"GARCIA FAURA\",\"url\":\"https:\/\/www.garciafaura.com\/fr\/\",\"logo\":{\"@type\":\"ImageObject\",\"inLanguage\":\"es\",\"@id\":\"https:\/\/www.garciafaura.com\/fr\/#\/schema\/logo\/image\/\",\"url\":\"https:\/\/www.garciafaura.com\/wp-content\/uploads\/2018\/09\/Garcia-Faura.png\",\"contentUrl\":\"https:\/\/www.garciafaura.com\/wp-content\/uploads\/2018\/09\/Garcia-Faura.png\",\"width\":512,\"height\":512,\"caption\":\"GARCIA FAURA\"},\"image\":{\"@id\":\"https:\/\/www.garciafaura.com\/fr\/#\/schema\/logo\/image\/\"},\"sameAs\":[\"https:\/\/www.youtube.com\/user\/GARCIAFAURA\"]},{\"@type\":\"Person\",\"@id\":\"https:\/\/www.garciafaura.com\/fr\/#\/schema\/person\/b4b75e69b33fac3446071909bec106b0\",\"name\":\"David Achell\",\"image\":{\"@type\":\"ImageObject\",\"inLanguage\":\"es\",\"@id\":\"https:\/\/www.garciafaura.com\/fr\/#\/schema\/person\/image\/\",\"url\":\"https:\/\/secure.gravatar.com\/avatar\/03900210afc1f61bce737bcb4a79c02e2c997f171e3eca839b5a4cbe03846c90?s=96&d=blank&r=g\",\"contentUrl\":\"https:\/\/secure.gravatar.com\/avatar\/03900210afc1f61bce737bcb4a79c02e2c997f171e3eca839b5a4cbe03846c90?s=96&d=blank&r=g\",\"caption\":\"David Achell\"}}]}<\/script>\n<!-- \/ Yoast SEO plugin. -->","yoast_head_json":{"title":"GARCIA FAURA dejar\u00e1 su huella en la nueva sede madrile\u00f1a del IESE - GARCIA FAURA","description":"Arquitectura en Alumini, Inox, Ferro i Vidre","robots":{"index":"index","follow":"follow","max-snippet":"max-snippet:-1","max-image-preview":"max-image-preview:large","max-video-preview":"max-video-preview:-1"},"canonical":"https:\/\/www.garciafaura.com\/es\/garcia-faura-deixara-la-seva-empremta-a-la-nova-seu-madrilenya-de-liese\/","og_locale":"es_ES","og_type":"article","og_title":"GARCIA FAURA dejar\u00e1 su huella en la nueva sede madrile\u00f1a del IESE - GARCIA FAURA","og_description":"Arquitectura en Alumini, Inox, Ferro i Vidre","og_url":"https:\/\/www.garciafaura.com\/es\/garcia-faura-deixara-la-seva-empremta-a-la-nova-seu-madrilenya-de-liese\/","og_site_name":"GARCIA FAURA","article_published_time":"2020-01-08T14:17:42+00:00","article_modified_time":"2020-01-08T14:38:22+00:00","og_image":[{"width":1200,"height":850,"url":"https:\/\/www.garciafaura.com\/wp-content\/uploads\/2020\/01\/IESEMadrid-02.jpg","type":"image\/jpeg"}],"author":"David Achell","twitter_card":"summary_large_image","twitter_misc":{"Escrito por":"David Achell","Tiempo de lectura":"1 minuto"},"schema":{"@context":"https:\/\/schema.org","@graph":[{"@type":"Article","@id":"https:\/\/www.garciafaura.com\/es\/garcia-faura-deixara-la-seva-empremta-a-la-nova-seu-madrilenya-de-liese\/#article","isPartOf":{"@id":"https:\/\/www.garciafaura.com\/es\/garcia-faura-deixara-la-seva-empremta-a-la-nova-seu-madrilenya-de-liese\/"},"author":{"name":"David Achell","@id":"https:\/\/www.garciafaura.com\/fr\/#\/schema\/person\/b4b75e69b33fac3446071909bec106b0"},"headline":"GARCIA FAURA dejar\u00e1 su huella en la nueva sede madrile\u00f1a del IESE","datePublished":"2020-01-08T14:17:42+00:00","dateModified":"2020-01-08T14:38:22+00:00","mainEntityOfPage":{"@id":"https:\/\/www.garciafaura.com\/es\/garcia-faura-deixara-la-seva-empremta-a-la-nova-seu-madrilenya-de-liese\/"},"wordCount":193,"publisher":{"@id":"https:\/\/www.garciafaura.com\/fr\/#organization"},"image":{"@id":"https:\/\/www.garciafaura.com\/es\/garcia-faura-deixara-la-seva-empremta-a-la-nova-seu-madrilenya-de-liese\/#primaryimage"},"thumbnailUrl":"https:\/\/www.garciafaura.com\/wp-content\/uploads\/2020\/01\/IESEMadrid-02.jpg","articleSection":["Actualidad"],"inLanguage":"es"},{"@type":"WebPage","@id":"https:\/\/www.garciafaura.com\/es\/garcia-faura-deixara-la-seva-empremta-a-la-nova-seu-madrilenya-de-liese\/","url":"https:\/\/www.garciafaura.com\/es\/garcia-faura-deixara-la-seva-empremta-a-la-nova-seu-madrilenya-de-liese\/","name":"GARCIA FAURA dejar\u00e1 su huella en la nueva sede madrile\u00f1a del IESE - GARCIA FAURA","isPartOf":{"@id":"https:\/\/www.garciafaura.com\/fr\/#website"},"primaryImageOfPage":{"@id":"https:\/\/www.garciafaura.com\/es\/garcia-faura-deixara-la-seva-empremta-a-la-nova-seu-madrilenya-de-liese\/#primaryimage"},"image":{"@id":"https:\/\/www.garciafaura.com\/es\/garcia-faura-deixara-la-seva-empremta-a-la-nova-seu-madrilenya-de-liese\/#primaryimage"},"thumbnailUrl":"https:\/\/www.garciafaura.com\/wp-content\/uploads\/2020\/01\/IESEMadrid-02.jpg","datePublished":"2020-01-08T14:17:42+00:00","dateModified":"2020-01-08T14:38:22+00:00","description":"Arquitectura en Alumini, Inox, Ferro i Vidre","breadcrumb":{"@id":"https:\/\/www.garciafaura.com\/es\/garcia-faura-deixara-la-seva-empremta-a-la-nova-seu-madrilenya-de-liese\/#breadcrumb"},"inLanguage":"es","potentialAction":[{"@type":"ReadAction","target":["https:\/\/www.garciafaura.com\/es\/garcia-faura-deixara-la-seva-empremta-a-la-nova-seu-madrilenya-de-liese\/"]}]},{"@type":"ImageObject","inLanguage":"es","@id":"https:\/\/www.garciafaura.com\/es\/garcia-faura-deixara-la-seva-empremta-a-la-nova-seu-madrilenya-de-liese\/#primaryimage","url":"https:\/\/www.garciafaura.com\/wp-content\/uploads\/2020\/01\/IESEMadrid-02.jpg","contentUrl":"https:\/\/www.garciafaura.com\/wp-content\/uploads\/2020\/01\/IESEMadrid-02.jpg","width":1200,"height":850,"caption":"Fachadas, muros cortina y doble piel para el nuevo edificio de educaci\u00f3n que IESE proyecta en la capital espa\u00f1ola."},{"@type":"BreadcrumbList","@id":"https:\/\/www.garciafaura.com\/es\/garcia-faura-deixara-la-seva-empremta-a-la-nova-seu-madrilenya-de-liese\/#breadcrumb","itemListElement":[{"@type":"ListItem","position":1,"name":"Inici","item":"https:\/\/www.garciafaura.com\/es\/"},{"@type":"ListItem","position":2,"name":"GARCIA FAURA dejar\u00e1 su huella en la nueva sede madrile\u00f1a del IESE"}]},{"@type":"WebSite","@id":"https:\/\/www.garciafaura.com\/fr\/#website","url":"https:\/\/www.garciafaura.com\/fr\/","name":"GARCIA FAURA","description":"Arquitectura en Alumini, Inox, Ferro i Vidre","publisher":{"@id":"https:\/\/www.garciafaura.com\/fr\/#organization"},"potentialAction":[{"@type":"SearchAction","target":{"@type":"EntryPoint","urlTemplate":"https:\/\/www.garciafaura.com\/fr\/?s={search_term_string}"},"query-input":{"@type":"PropertyValueSpecification","valueRequired":true,"valueName":"search_term_string"}}],"inLanguage":"es"},{"@type":"Organization","@id":"https:\/\/www.garciafaura.com\/fr\/#organization","name":"GARCIA FAURA","url":"https:\/\/www.garciafaura.com\/fr\/","logo":{"@type":"ImageObject","inLanguage":"es","@id":"https:\/\/www.garciafaura.com\/fr\/#\/schema\/logo\/image\/","url":"https:\/\/www.garciafaura.com\/wp-content\/uploads\/2018\/09\/Garcia-Faura.png","contentUrl":"https:\/\/www.garciafaura.com\/wp-content\/uploads\/2018\/09\/Garcia-Faura.png","width":512,"height":512,"caption":"GARCIA FAURA"},"image":{"@id":"https:\/\/www.garciafaura.com\/fr\/#\/schema\/logo\/image\/"},"sameAs":["https:\/\/www.youtube.com\/user\/GARCIAFAURA"]},{"@type":"Person","@id":"https:\/\/www.garciafaura.com\/fr\/#\/schema\/person\/b4b75e69b33fac3446071909bec106b0","name":"David Achell","image":{"@type":"ImageObject","inLanguage":"es","@id":"https:\/\/www.garciafaura.com\/fr\/#\/schema\/person\/image\/","url":"https:\/\/secure.gravatar.com\/avatar\/03900210afc1f61bce737bcb4a79c02e2c997f171e3eca839b5a4cbe03846c90?s=96&d=blank&r=g","contentUrl":"https:\/\/secure.gravatar.com\/avatar\/03900210afc1f61bce737bcb4a79c02e2c997f171e3eca839b5a4cbe03846c90?s=96&d=blank&r=g","caption":"David Achell"}}]}},"_links":{"self":[{"href":"https:\/\/www.garciafaura.com\/es\/wp-json\/wp\/v2\/posts\/24718","targetHints":{"allow":["GET"]}}],"collection":[{"href":"https:\/\/www.garciafaura.com\/es\/wp-json\/wp\/v2\/posts"}],"about":[{"href":"https:\/\/www.garciafaura.com\/es\/wp-json\/wp\/v2\/types\/post"}],"author":[{"embeddable":true,"href":"https:\/\/www.garciafaura.com\/es\/wp-json\/wp\/v2\/users\/3"}],"replies":[{"embeddable":true,"href":"https:\/\/www.garciafaura.com\/es\/wp-json\/wp\/v2\/comments?post=24718"}],"version-history":[{"count":3,"href":"https:\/\/www.garciafaura.com\/es\/wp-json\/wp\/v2\/posts\/24718\/revisions"}],"predecessor-version":[{"id":24723,"href":"https:\/\/www.garciafaura.com\/es\/wp-json\/wp\/v2\/posts\/24718\/revisions\/24723"}],"wp:featuredmedia":[{"embeddable":true,"href":"https:\/\/www.garciafaura.com\/es\/wp-json\/wp\/v2\/media\/24638"}],"wp:attachment":[{"href":"https:\/\/www.garciafaura.com\/es\/wp-json\/wp\/v2\/media?parent=24718"}],"wp:term":[{"taxonomy":"category","embeddable":true,"href":"https:\/\/www.garciafaura.com\/es\/wp-json\/wp\/v2\/categories?post=24718"},{"taxonomy":"post_tag","embeddable":true,"href":"https:\/\/www.garciafaura.com\/es\/wp-json\/wp\/v2\/tags?post=24718"},{"taxonomy":"post_series","embeddable":true,"href":"https:\/\/www.garciafaura.com\/es\/wp-json\/wp\/v2\/post_series?post=24718"}],"curies":[{"name":"wp","href":"https:\/\/api.w.org\/{rel}","templated":true}]}}