{"id":24511,"date":"2019-11-26T22:06:42","date_gmt":"2019-11-26T20:06:42","guid":{"rendered":"https:\/\/www.garciafaura.com\/el-polideportivo-turo-de-la-peira-premio-mapei-2019-de-arquitectura-sostenible\/"},"modified":"2019-11-26T22:16:05","modified_gmt":"2019-11-26T20:16:05","slug":"el-polideportivo-turo-de-la-peira-premio-mapei-2019-de-arquitectura-sostenible","status":"publish","type":"post","link":"https:\/\/www.garciafaura.com\/es\/el-polideportivo-turo-de-la-peira-premio-mapei-2019-de-arquitectura-sostenible\/","title":{"rendered":"El Polideportivo Tur\u00f3 de la Peira, premio Mapei 2019 de arquitectura sostenible"},"content":{"rendered":"<p><a href=\"https:\/\/www.garciafaura.com\/es\/portfolio-item\/polideportivo-turo-de-la-peira\/\" target=\"_blank\" rel=\"noopener\">El proyecto<\/a>, en el que particip\u00f3 <strong>GARCIA FAURA<\/strong>, ha obtenido el primer premio de estos galardones que reconocen la aportaci\u00f3n de proyectos constructivos al modelo de arquitectura sostenible. Seg\u00fan el jurado, el edifici \u00ab<em>simplifica la complejidad de la sostenibilidad mediante un proyecto en el que cada elemento contribuye a resolver todas y cada una de las dificultades con estrategias b\u00e1sicas como la iluminaci\u00f3n natural, que genera espacios de gran calidad<\/em>\u00ab.<\/p>\n<p>Precisamente, el trabajo de <strong>GARCIA FAURA<\/strong> en este proyecto consisti\u00f3 en el desarrollo, fabricaci\u00f3n e instalaci\u00f3n de los elementos de fachada, esenciales para dotar al edificio de esta iluminaci\u00f3n natural que pone de manifiesto el jurado.<\/p>\n<p>El proyecto es obra de los arquitectos Ana Noguera y Javier Fern\u00e1ndez. Destaca por su contribuci\u00f3n a la mejora del espacio donde se alza, convirtiendo en oportunidad para el proyecto los aspectos adversos de la realidad existente y transformando el edificio en un objeto paisaj\u00edstico singular.<\/p>\n<p dir=\"ltr\">El equipamiento deportivo, ubicado en el barrio del Tur\u00f3 de la Peira de Barcelona, se dise\u00f1\u00f3 siguiendo plenos criterios de sostenibilidad. La estructura del edificio es de madera para favorecer su ligereza y la adecuaci\u00f3n del ambiente de la piscina interior. De su exterior destaca el jard\u00edn vertical, que sirve como protecci\u00f3n solar y elemento de promoci\u00f3n de la biodiversidad.<\/p>\n","protected":false},"excerpt":{"rendered":"<p>El proyecto, en el que particip\u00f3 GARCIA FAURA, ha obtenido el primer premio de estos galardones que reconocen la aportaci\u00f3n de proyectos constructivos al modelo de arquitectura sostenible. Seg\u00fan el jurado, el edifici \u00absimplifica la complejidad de la sostenibilidad mediante&hellip;<\/p>\n","protected":false},"author":3,"featured_media":22820,"comment_status":"closed","ping_status":"open","sticky":false,"template":"","format":"standard","meta":{"footnotes":""},"categories":[3],"tags":[],"post_series":[],"class_list":["post-24511","post","type-post","status-publish","format-standard","has-post-thumbnail","hentry","category-actualidad","entry","has-media"],"yoast_head":"<!-- This site is optimized with the Yoast SEO plugin v26.7 - https:\/\/yoast.com\/wordpress\/plugins\/seo\/ -->\n<title>El Polideportivo Tur\u00f3 de la Peira, premio Mapei 2019 de arquitectura sostenible - GARCIA FAURA<\/title>\n<meta name=\"description\" content=\"Arquitectura en Alumini, Inox, Ferro i Vidre\" \/>\n<meta name=\"robots\" content=\"index, follow, max-snippet:-1, max-image-preview:large, max-video-preview:-1\" \/>\n<link rel=\"canonical\" href=\"https:\/\/www.garciafaura.com\/es\/el-polideportivo-turo-de-la-peira-premio-mapei-2019-de-arquitectura-sostenible\/\" \/>\n<meta property=\"og:locale\" content=\"es_ES\" \/>\n<meta property=\"og:type\" content=\"article\" \/>\n<meta property=\"og:title\" content=\"El Polideportivo Tur\u00f3 de la Peira, premio Mapei 2019 de arquitectura sostenible - GARCIA FAURA\" \/>\n<meta property=\"og:description\" content=\"Arquitectura en Alumini, Inox, Ferro i Vidre\" \/>\n<meta property=\"og:url\" content=\"https:\/\/www.garciafaura.com\/es\/el-polideportivo-turo-de-la-peira-premio-mapei-2019-de-arquitectura-sostenible\/\" \/>\n<meta property=\"og:site_name\" content=\"GARCIA FAURA\" \/>\n<meta property=\"article:published_time\" content=\"2019-11-26T20:06:42+00:00\" \/>\n<meta property=\"article:modified_time\" content=\"2019-11-26T20:16:05+00:00\" \/>\n<meta property=\"og:image\" content=\"https:\/\/www.garciafaura.com\/wp-content\/uploads\/2019\/09\/Poliesportiu-Turo-Peira-01.jpg\" \/>\n\t<meta property=\"og:image:width\" content=\"1200\" \/>\n\t<meta property=\"og:image:height\" content=\"628\" \/>\n\t<meta property=\"og:image:type\" content=\"image\/jpeg\" \/>\n<meta name=\"author\" content=\"David Achell\" \/>\n<meta name=\"twitter:card\" content=\"summary_large_image\" \/>\n<meta name=\"twitter:label1\" content=\"Escrito por\" \/>\n\t<meta name=\"twitter:data1\" content=\"David Achell\" \/>\n\t<meta name=\"twitter:label2\" content=\"Tiempo de lectura\" \/>\n\t<meta name=\"twitter:data2\" content=\"1 minuto\" \/>\n<script type=\"application\/ld+json\" class=\"yoast-schema-graph\">{\"@context\":\"https:\/\/schema.org\",\"@graph\":[{\"@type\":\"Article\",\"@id\":\"https:\/\/www.garciafaura.com\/es\/el-polideportivo-turo-de-la-peira-premio-mapei-2019-de-arquitectura-sostenible\/#article\",\"isPartOf\":{\"@id\":\"https:\/\/www.garciafaura.com\/es\/el-polideportivo-turo-de-la-peira-premio-mapei-2019-de-arquitectura-sostenible\/\"},\"author\":{\"name\":\"David Achell\",\"@id\":\"https:\/\/www.garciafaura.com\/fr\/#\/schema\/person\/b4b75e69b33fac3446071909bec106b0\"},\"headline\":\"El Polideportivo Tur\u00f3 de la Peira, premio Mapei 2019 de arquitectura sostenible\",\"datePublished\":\"2019-11-26T20:06:42+00:00\",\"dateModified\":\"2019-11-26T20:16:05+00:00\",\"mainEntityOfPage\":{\"@id\":\"https:\/\/www.garciafaura.com\/es\/el-polideportivo-turo-de-la-peira-premio-mapei-2019-de-arquitectura-sostenible\/\"},\"wordCount\":237,\"publisher\":{\"@id\":\"https:\/\/www.garciafaura.com\/fr\/#organization\"},\"image\":{\"@id\":\"https:\/\/www.garciafaura.com\/es\/el-polideportivo-turo-de-la-peira-premio-mapei-2019-de-arquitectura-sostenible\/#primaryimage\"},\"thumbnailUrl\":\"https:\/\/www.garciafaura.com\/wp-content\/uploads\/2019\/09\/Poliesportiu-Turo-Peira-01.jpg\",\"articleSection\":[\"Actualidad\"],\"inLanguage\":\"es\"},{\"@type\":\"WebPage\",\"@id\":\"https:\/\/www.garciafaura.com\/es\/el-polideportivo-turo-de-la-peira-premio-mapei-2019-de-arquitectura-sostenible\/\",\"url\":\"https:\/\/www.garciafaura.com\/es\/el-polideportivo-turo-de-la-peira-premio-mapei-2019-de-arquitectura-sostenible\/\",\"name\":\"El Polideportivo Tur\u00f3 de la Peira, premio Mapei 2019 de arquitectura sostenible - GARCIA FAURA\",\"isPartOf\":{\"@id\":\"https:\/\/www.garciafaura.com\/fr\/#website\"},\"primaryImageOfPage\":{\"@id\":\"https:\/\/www.garciafaura.com\/es\/el-polideportivo-turo-de-la-peira-premio-mapei-2019-de-arquitectura-sostenible\/#primaryimage\"},\"image\":{\"@id\":\"https:\/\/www.garciafaura.com\/es\/el-polideportivo-turo-de-la-peira-premio-mapei-2019-de-arquitectura-sostenible\/#primaryimage\"},\"thumbnailUrl\":\"https:\/\/www.garciafaura.com\/wp-content\/uploads\/2019\/09\/Poliesportiu-Turo-Peira-01.jpg\",\"datePublished\":\"2019-11-26T20:06:42+00:00\",\"dateModified\":\"2019-11-26T20:16:05+00:00\",\"description\":\"Arquitectura en Alumini, Inox, Ferro i Vidre\",\"breadcrumb\":{\"@id\":\"https:\/\/www.garciafaura.com\/es\/el-polideportivo-turo-de-la-peira-premio-mapei-2019-de-arquitectura-sostenible\/#breadcrumb\"},\"inLanguage\":\"es\",\"potentialAction\":[{\"@type\":\"ReadAction\",\"target\":[\"https:\/\/www.garciafaura.com\/es\/el-polideportivo-turo-de-la-peira-premio-mapei-2019-de-arquitectura-sostenible\/\"]}]},{\"@type\":\"ImageObject\",\"inLanguage\":\"es\",\"@id\":\"https:\/\/www.garciafaura.com\/es\/el-polideportivo-turo-de-la-peira-premio-mapei-2019-de-arquitectura-sostenible\/#primaryimage\",\"url\":\"https:\/\/www.garciafaura.com\/wp-content\/uploads\/2019\/09\/Poliesportiu-Turo-Peira-01.jpg\",\"contentUrl\":\"https:\/\/www.garciafaura.com\/wp-content\/uploads\/2019\/09\/Poliesportiu-Turo-Peira-01.jpg\",\"width\":1200,\"height\":628,\"caption\":\"Desarrollo de fachada y cerramientos met\u00e1licos para este nuevo equipamiento deportivo de Barcelona, que incorpora numerosos elementos que favorecen su eficiencia energ\u00e9tica.\"},{\"@type\":\"BreadcrumbList\",\"@id\":\"https:\/\/www.garciafaura.com\/es\/el-polideportivo-turo-de-la-peira-premio-mapei-2019-de-arquitectura-sostenible\/#breadcrumb\",\"itemListElement\":[{\"@type\":\"ListItem\",\"position\":1,\"name\":\"Inici\",\"item\":\"https:\/\/www.garciafaura.com\/es\/\"},{\"@type\":\"ListItem\",\"position\":2,\"name\":\"El Polideportivo Tur\u00f3 de la Peira, premio Mapei 2019 de arquitectura sostenible\"}]},{\"@type\":\"WebSite\",\"@id\":\"https:\/\/www.garciafaura.com\/fr\/#website\",\"url\":\"https:\/\/www.garciafaura.com\/fr\/\",\"name\":\"GARCIA FAURA\",\"description\":\"Arquitectura en Alumini, Inox, Ferro i Vidre\",\"publisher\":{\"@id\":\"https:\/\/www.garciafaura.com\/fr\/#organization\"},\"potentialAction\":[{\"@type\":\"SearchAction\",\"target\":{\"@type\":\"EntryPoint\",\"urlTemplate\":\"https:\/\/www.garciafaura.com\/fr\/?s={search_term_string}\"},\"query-input\":{\"@type\":\"PropertyValueSpecification\",\"valueRequired\":true,\"valueName\":\"search_term_string\"}}],\"inLanguage\":\"es\"},{\"@type\":\"Organization\",\"@id\":\"https:\/\/www.garciafaura.com\/fr\/#organization\",\"name\":\"GARCIA FAURA\",\"url\":\"https:\/\/www.garciafaura.com\/fr\/\",\"logo\":{\"@type\":\"ImageObject\",\"inLanguage\":\"es\",\"@id\":\"https:\/\/www.garciafaura.com\/fr\/#\/schema\/logo\/image\/\",\"url\":\"https:\/\/www.garciafaura.com\/wp-content\/uploads\/2018\/09\/Garcia-Faura.png\",\"contentUrl\":\"https:\/\/www.garciafaura.com\/wp-content\/uploads\/2018\/09\/Garcia-Faura.png\",\"width\":512,\"height\":512,\"caption\":\"GARCIA FAURA\"},\"image\":{\"@id\":\"https:\/\/www.garciafaura.com\/fr\/#\/schema\/logo\/image\/\"},\"sameAs\":[\"https:\/\/www.youtube.com\/user\/GARCIAFAURA\"]},{\"@type\":\"Person\",\"@id\":\"https:\/\/www.garciafaura.com\/fr\/#\/schema\/person\/b4b75e69b33fac3446071909bec106b0\",\"name\":\"David Achell\",\"image\":{\"@type\":\"ImageObject\",\"inLanguage\":\"es\",\"@id\":\"https:\/\/www.garciafaura.com\/fr\/#\/schema\/person\/image\/\",\"url\":\"https:\/\/secure.gravatar.com\/avatar\/03900210afc1f61bce737bcb4a79c02e2c997f171e3eca839b5a4cbe03846c90?s=96&d=blank&r=g\",\"contentUrl\":\"https:\/\/secure.gravatar.com\/avatar\/03900210afc1f61bce737bcb4a79c02e2c997f171e3eca839b5a4cbe03846c90?s=96&d=blank&r=g\",\"caption\":\"David Achell\"}}]}<\/script>\n<!-- \/ Yoast SEO plugin. -->","yoast_head_json":{"title":"El Polideportivo Tur\u00f3 de la Peira, premio Mapei 2019 de arquitectura sostenible - GARCIA FAURA","description":"Arquitectura en Alumini, Inox, Ferro i Vidre","robots":{"index":"index","follow":"follow","max-snippet":"max-snippet:-1","max-image-preview":"max-image-preview:large","max-video-preview":"max-video-preview:-1"},"canonical":"https:\/\/www.garciafaura.com\/es\/el-polideportivo-turo-de-la-peira-premio-mapei-2019-de-arquitectura-sostenible\/","og_locale":"es_ES","og_type":"article","og_title":"El Polideportivo Tur\u00f3 de la Peira, premio Mapei 2019 de arquitectura sostenible - GARCIA FAURA","og_description":"Arquitectura en Alumini, Inox, Ferro i Vidre","og_url":"https:\/\/www.garciafaura.com\/es\/el-polideportivo-turo-de-la-peira-premio-mapei-2019-de-arquitectura-sostenible\/","og_site_name":"GARCIA FAURA","article_published_time":"2019-11-26T20:06:42+00:00","article_modified_time":"2019-11-26T20:16:05+00:00","og_image":[{"width":1200,"height":628,"url":"https:\/\/www.garciafaura.com\/wp-content\/uploads\/2019\/09\/Poliesportiu-Turo-Peira-01.jpg","type":"image\/jpeg"}],"author":"David Achell","twitter_card":"summary_large_image","twitter_misc":{"Escrito por":"David Achell","Tiempo de lectura":"1 minuto"},"schema":{"@context":"https:\/\/schema.org","@graph":[{"@type":"Article","@id":"https:\/\/www.garciafaura.com\/es\/el-polideportivo-turo-de-la-peira-premio-mapei-2019-de-arquitectura-sostenible\/#article","isPartOf":{"@id":"https:\/\/www.garciafaura.com\/es\/el-polideportivo-turo-de-la-peira-premio-mapei-2019-de-arquitectura-sostenible\/"},"author":{"name":"David Achell","@id":"https:\/\/www.garciafaura.com\/fr\/#\/schema\/person\/b4b75e69b33fac3446071909bec106b0"},"headline":"El Polideportivo Tur\u00f3 de la Peira, premio Mapei 2019 de arquitectura sostenible","datePublished":"2019-11-26T20:06:42+00:00","dateModified":"2019-11-26T20:16:05+00:00","mainEntityOfPage":{"@id":"https:\/\/www.garciafaura.com\/es\/el-polideportivo-turo-de-la-peira-premio-mapei-2019-de-arquitectura-sostenible\/"},"wordCount":237,"publisher":{"@id":"https:\/\/www.garciafaura.com\/fr\/#organization"},"image":{"@id":"https:\/\/www.garciafaura.com\/es\/el-polideportivo-turo-de-la-peira-premio-mapei-2019-de-arquitectura-sostenible\/#primaryimage"},"thumbnailUrl":"https:\/\/www.garciafaura.com\/wp-content\/uploads\/2019\/09\/Poliesportiu-Turo-Peira-01.jpg","articleSection":["Actualidad"],"inLanguage":"es"},{"@type":"WebPage","@id":"https:\/\/www.garciafaura.com\/es\/el-polideportivo-turo-de-la-peira-premio-mapei-2019-de-arquitectura-sostenible\/","url":"https:\/\/www.garciafaura.com\/es\/el-polideportivo-turo-de-la-peira-premio-mapei-2019-de-arquitectura-sostenible\/","name":"El Polideportivo Tur\u00f3 de la Peira, premio Mapei 2019 de arquitectura sostenible - GARCIA FAURA","isPartOf":{"@id":"https:\/\/www.garciafaura.com\/fr\/#website"},"primaryImageOfPage":{"@id":"https:\/\/www.garciafaura.com\/es\/el-polideportivo-turo-de-la-peira-premio-mapei-2019-de-arquitectura-sostenible\/#primaryimage"},"image":{"@id":"https:\/\/www.garciafaura.com\/es\/el-polideportivo-turo-de-la-peira-premio-mapei-2019-de-arquitectura-sostenible\/#primaryimage"},"thumbnailUrl":"https:\/\/www.garciafaura.com\/wp-content\/uploads\/2019\/09\/Poliesportiu-Turo-Peira-01.jpg","datePublished":"2019-11-26T20:06:42+00:00","dateModified":"2019-11-26T20:16:05+00:00","description":"Arquitectura en Alumini, Inox, Ferro i Vidre","breadcrumb":{"@id":"https:\/\/www.garciafaura.com\/es\/el-polideportivo-turo-de-la-peira-premio-mapei-2019-de-arquitectura-sostenible\/#breadcrumb"},"inLanguage":"es","potentialAction":[{"@type":"ReadAction","target":["https:\/\/www.garciafaura.com\/es\/el-polideportivo-turo-de-la-peira-premio-mapei-2019-de-arquitectura-sostenible\/"]}]},{"@type":"ImageObject","inLanguage":"es","@id":"https:\/\/www.garciafaura.com\/es\/el-polideportivo-turo-de-la-peira-premio-mapei-2019-de-arquitectura-sostenible\/#primaryimage","url":"https:\/\/www.garciafaura.com\/wp-content\/uploads\/2019\/09\/Poliesportiu-Turo-Peira-01.jpg","contentUrl":"https:\/\/www.garciafaura.com\/wp-content\/uploads\/2019\/09\/Poliesportiu-Turo-Peira-01.jpg","width":1200,"height":628,"caption":"Desarrollo de fachada y cerramientos met\u00e1licos para este nuevo equipamiento deportivo de Barcelona, que incorpora numerosos elementos que favorecen su eficiencia energ\u00e9tica."},{"@type":"BreadcrumbList","@id":"https:\/\/www.garciafaura.com\/es\/el-polideportivo-turo-de-la-peira-premio-mapei-2019-de-arquitectura-sostenible\/#breadcrumb","itemListElement":[{"@type":"ListItem","position":1,"name":"Inici","item":"https:\/\/www.garciafaura.com\/es\/"},{"@type":"ListItem","position":2,"name":"El Polideportivo Tur\u00f3 de la Peira, premio Mapei 2019 de arquitectura sostenible"}]},{"@type":"WebSite","@id":"https:\/\/www.garciafaura.com\/fr\/#website","url":"https:\/\/www.garciafaura.com\/fr\/","name":"GARCIA FAURA","description":"Arquitectura en Alumini, Inox, Ferro i Vidre","publisher":{"@id":"https:\/\/www.garciafaura.com\/fr\/#organization"},"potentialAction":[{"@type":"SearchAction","target":{"@type":"EntryPoint","urlTemplate":"https:\/\/www.garciafaura.com\/fr\/?s={search_term_string}"},"query-input":{"@type":"PropertyValueSpecification","valueRequired":true,"valueName":"search_term_string"}}],"inLanguage":"es"},{"@type":"Organization","@id":"https:\/\/www.garciafaura.com\/fr\/#organization","name":"GARCIA FAURA","url":"https:\/\/www.garciafaura.com\/fr\/","logo":{"@type":"ImageObject","inLanguage":"es","@id":"https:\/\/www.garciafaura.com\/fr\/#\/schema\/logo\/image\/","url":"https:\/\/www.garciafaura.com\/wp-content\/uploads\/2018\/09\/Garcia-Faura.png","contentUrl":"https:\/\/www.garciafaura.com\/wp-content\/uploads\/2018\/09\/Garcia-Faura.png","width":512,"height":512,"caption":"GARCIA FAURA"},"image":{"@id":"https:\/\/www.garciafaura.com\/fr\/#\/schema\/logo\/image\/"},"sameAs":["https:\/\/www.youtube.com\/user\/GARCIAFAURA"]},{"@type":"Person","@id":"https:\/\/www.garciafaura.com\/fr\/#\/schema\/person\/b4b75e69b33fac3446071909bec106b0","name":"David Achell","image":{"@type":"ImageObject","inLanguage":"es","@id":"https:\/\/www.garciafaura.com\/fr\/#\/schema\/person\/image\/","url":"https:\/\/secure.gravatar.com\/avatar\/03900210afc1f61bce737bcb4a79c02e2c997f171e3eca839b5a4cbe03846c90?s=96&d=blank&r=g","contentUrl":"https:\/\/secure.gravatar.com\/avatar\/03900210afc1f61bce737bcb4a79c02e2c997f171e3eca839b5a4cbe03846c90?s=96&d=blank&r=g","caption":"David Achell"}}]}},"_links":{"self":[{"href":"https:\/\/www.garciafaura.com\/es\/wp-json\/wp\/v2\/posts\/24511","targetHints":{"allow":["GET"]}}],"collection":[{"href":"https:\/\/www.garciafaura.com\/es\/wp-json\/wp\/v2\/posts"}],"about":[{"href":"https:\/\/www.garciafaura.com\/es\/wp-json\/wp\/v2\/types\/post"}],"author":[{"embeddable":true,"href":"https:\/\/www.garciafaura.com\/es\/wp-json\/wp\/v2\/users\/3"}],"replies":[{"embeddable":true,"href":"https:\/\/www.garciafaura.com\/es\/wp-json\/wp\/v2\/comments?post=24511"}],"version-history":[{"count":2,"href":"https:\/\/www.garciafaura.com\/es\/wp-json\/wp\/v2\/posts\/24511\/revisions"}],"predecessor-version":[{"id":24515,"href":"https:\/\/www.garciafaura.com\/es\/wp-json\/wp\/v2\/posts\/24511\/revisions\/24515"}],"wp:featuredmedia":[{"embeddable":true,"href":"https:\/\/www.garciafaura.com\/es\/wp-json\/wp\/v2\/media\/22820"}],"wp:attachment":[{"href":"https:\/\/www.garciafaura.com\/es\/wp-json\/wp\/v2\/media?parent=24511"}],"wp:term":[{"taxonomy":"category","embeddable":true,"href":"https:\/\/www.garciafaura.com\/es\/wp-json\/wp\/v2\/categories?post=24511"},{"taxonomy":"post_tag","embeddable":true,"href":"https:\/\/www.garciafaura.com\/es\/wp-json\/wp\/v2\/tags?post=24511"},{"taxonomy":"post_series","embeddable":true,"href":"https:\/\/www.garciafaura.com\/es\/wp-json\/wp\/v2\/post_series?post=24511"}],"curies":[{"name":"wp","href":"https:\/\/api.w.org\/{rel}","templated":true}]}}