{"id":24494,"date":"2019-11-13T13:07:08","date_gmt":"2019-11-13T11:07:08","guid":{"rendered":"https:\/\/www.garciafaura.com\/garcia-faura-reforca-la-seva-presencia-a-la-ciutat-de-luxemburg\/"},"modified":"2019-11-13T13:10:49","modified_gmt":"2019-11-13T11:10:49","slug":"garcia-faura-reforca-la-seva-presencia-a-la-ciutat-de-luxemburg","status":"publish","type":"post","link":"https:\/\/www.garciafaura.com\/es\/garcia-faura-reforca-la-seva-presencia-a-la-ciutat-de-luxemburg\/","title":{"rendered":"GARCIA FAURA refuerza su presencia en la ciudad de Luxemburgo"},"content":{"rendered":"<p style=\"text-align: justify;\"><strong>GARCIA FAURA<\/strong> refuerza su presencia en la ciudad de Luxemburgo. Despu\u00e9s de participar en la <a href=\"https:\/\/www.garciafaura.com\/es\/garcia-faura-amplia-su-proyeccion-internacional\/\" target=\"_blank\" rel=\"noopener\"><strong>construcci\u00f3n de un edificio de oficinas y de un hotel en el prestigioso barrio de Kirchberg<\/strong><\/a>, ahora la empresa dejar\u00e1 su huella en la nueva sede del banco italiano <a href=\"https:\/\/www.intesasanpaolobankluxembourg.lu\/\" target=\"_blank\" rel=\"noopener\"><strong>Intesa Sanpaolo<\/strong><\/a>, situado en el nuevo barrio de la Cloche d&#8217;Or, al sur de la ciudad.<\/p>\n<p style=\"text-align: justify;\">El edificio constar\u00e1 de ocho plantas con 10.518 metros cuadrados m\u00e1s tres niveles subterr\u00e1neos con 85 plazas de aparcamiento. El inmueble tambi\u00e9n tendr\u00e1 un auditorio con 200 plazas, sobre el que habr\u00e1 una terraza de un restaurante para el personal, con capacidad para 150 personas.<\/p>\n<p style=\"text-align: justify;\"><strong>GARCIA FAURA<\/strong> desarrollar\u00e1, fabricar\u00e1 e instalar\u00e1 los cierres de la planta baja y un muro cortina de unos 445 metros cuadrados con un sistema constructivo que garantiza la m\u00e1xima entrada de luz natural. Integradas en este muro cortina tambi\u00e9n se instalar\u00e1n 12 puertas que ofrecer\u00e1n unos altos niveles de aislamiento t\u00e9rmico, estanqueidad al aire y al agua.<\/p>\n<p style=\"text-align: justify;\">Los trabajos se completar\u00e1n con la fabricaci\u00f3n e instalaci\u00f3n del conjunto de puertas autom\u00e1ticas, el desarrollo de 300 metros cuadrados de revestimientos met\u00e1licos con chapa de aluminio para los pilares de planta baja, y 235 metros cuadrados de muro cortina para los <em>loggies<\/em> de plantas superiores.<\/p>\n","protected":false},"excerpt":{"rendered":"<p>GARCIA FAURA refuerza su presencia en la ciudad de Luxemburgo. Despu\u00e9s de participar en la construcci\u00f3n de un edificio de oficinas y de un hotel en el prestigioso barrio de Kirchberg, ahora la empresa dejar\u00e1 su huella en la nueva&hellip;<\/p>\n","protected":false},"author":3,"featured_media":24013,"comment_status":"closed","ping_status":"open","sticky":false,"template":"","format":"standard","meta":{"footnotes":""},"categories":[3],"tags":[],"post_series":[],"class_list":["post-24494","post","type-post","status-publish","format-standard","has-post-thumbnail","hentry","category-actualidad","entry","has-media"],"yoast_head":"<!-- This site is optimized with the Yoast SEO plugin v26.7 - https:\/\/yoast.com\/wordpress\/plugins\/seo\/ -->\n<title>GARCIA FAURA refuerza su presencia en la ciudad de Luxemburgo - GARCIA FAURA<\/title>\n<meta name=\"description\" content=\"Arquitectura en Alumini, Inox, Ferro i Vidre\" \/>\n<meta name=\"robots\" content=\"index, follow, max-snippet:-1, max-image-preview:large, max-video-preview:-1\" \/>\n<link rel=\"canonical\" href=\"https:\/\/www.garciafaura.com\/es\/garcia-faura-reforca-la-seva-presencia-a-la-ciutat-de-luxemburg\/\" \/>\n<meta property=\"og:locale\" content=\"es_ES\" \/>\n<meta property=\"og:type\" content=\"article\" \/>\n<meta property=\"og:title\" content=\"GARCIA FAURA refuerza su presencia en la ciudad de Luxemburgo - GARCIA FAURA\" \/>\n<meta property=\"og:description\" content=\"Arquitectura en Alumini, Inox, Ferro i Vidre\" \/>\n<meta property=\"og:url\" content=\"https:\/\/www.garciafaura.com\/es\/garcia-faura-reforca-la-seva-presencia-a-la-ciutat-de-luxemburg\/\" \/>\n<meta property=\"og:site_name\" content=\"GARCIA FAURA\" \/>\n<meta property=\"article:published_time\" content=\"2019-11-13T11:07:08+00:00\" \/>\n<meta property=\"article:modified_time\" content=\"2019-11-13T11:10:49+00:00\" \/>\n<meta property=\"og:image\" content=\"https:\/\/www.garciafaura.com\/wp-content\/uploads\/2019\/10\/BancoSanPaolo.jpg\" \/>\n\t<meta property=\"og:image:width\" content=\"1200\" \/>\n\t<meta property=\"og:image:height\" content=\"628\" \/>\n\t<meta property=\"og:image:type\" content=\"image\/jpeg\" \/>\n<meta name=\"author\" content=\"David Achell\" \/>\n<meta name=\"twitter:card\" content=\"summary_large_image\" \/>\n<meta name=\"twitter:label1\" content=\"Escrito por\" \/>\n\t<meta name=\"twitter:data1\" content=\"David Achell\" \/>\n\t<meta name=\"twitter:label2\" content=\"Tiempo de lectura\" \/>\n\t<meta name=\"twitter:data2\" content=\"1 minuto\" \/>\n<script type=\"application\/ld+json\" class=\"yoast-schema-graph\">{\"@context\":\"https:\/\/schema.org\",\"@graph\":[{\"@type\":\"Article\",\"@id\":\"https:\/\/www.garciafaura.com\/es\/garcia-faura-reforca-la-seva-presencia-a-la-ciutat-de-luxemburg\/#article\",\"isPartOf\":{\"@id\":\"https:\/\/www.garciafaura.com\/es\/garcia-faura-reforca-la-seva-presencia-a-la-ciutat-de-luxemburg\/\"},\"author\":{\"name\":\"David Achell\",\"@id\":\"https:\/\/www.garciafaura.com\/fr\/#\/schema\/person\/b4b75e69b33fac3446071909bec106b0\"},\"headline\":\"GARCIA FAURA refuerza su presencia en la ciudad de Luxemburgo\",\"datePublished\":\"2019-11-13T11:07:08+00:00\",\"dateModified\":\"2019-11-13T11:10:49+00:00\",\"mainEntityOfPage\":{\"@id\":\"https:\/\/www.garciafaura.com\/es\/garcia-faura-reforca-la-seva-presencia-a-la-ciutat-de-luxemburg\/\"},\"wordCount\":226,\"publisher\":{\"@id\":\"https:\/\/www.garciafaura.com\/fr\/#organization\"},\"image\":{\"@id\":\"https:\/\/www.garciafaura.com\/es\/garcia-faura-reforca-la-seva-presencia-a-la-ciutat-de-luxemburg\/#primaryimage\"},\"thumbnailUrl\":\"https:\/\/www.garciafaura.com\/wp-content\/uploads\/2019\/10\/BancoSanPaolo.jpg\",\"articleSection\":[\"Actualidad\"],\"inLanguage\":\"es\"},{\"@type\":\"WebPage\",\"@id\":\"https:\/\/www.garciafaura.com\/es\/garcia-faura-reforca-la-seva-presencia-a-la-ciutat-de-luxemburg\/\",\"url\":\"https:\/\/www.garciafaura.com\/es\/garcia-faura-reforca-la-seva-presencia-a-la-ciutat-de-luxemburg\/\",\"name\":\"GARCIA FAURA refuerza su presencia en la ciudad de Luxemburgo - GARCIA FAURA\",\"isPartOf\":{\"@id\":\"https:\/\/www.garciafaura.com\/fr\/#website\"},\"primaryImageOfPage\":{\"@id\":\"https:\/\/www.garciafaura.com\/es\/garcia-faura-reforca-la-seva-presencia-a-la-ciutat-de-luxemburg\/#primaryimage\"},\"image\":{\"@id\":\"https:\/\/www.garciafaura.com\/es\/garcia-faura-reforca-la-seva-presencia-a-la-ciutat-de-luxemburg\/#primaryimage\"},\"thumbnailUrl\":\"https:\/\/www.garciafaura.com\/wp-content\/uploads\/2019\/10\/BancoSanPaolo.jpg\",\"datePublished\":\"2019-11-13T11:07:08+00:00\",\"dateModified\":\"2019-11-13T11:10:49+00:00\",\"description\":\"Arquitectura en Alumini, Inox, Ferro i Vidre\",\"breadcrumb\":{\"@id\":\"https:\/\/www.garciafaura.com\/es\/garcia-faura-reforca-la-seva-presencia-a-la-ciutat-de-luxemburg\/#breadcrumb\"},\"inLanguage\":\"es\",\"potentialAction\":[{\"@type\":\"ReadAction\",\"target\":[\"https:\/\/www.garciafaura.com\/es\/garcia-faura-reforca-la-seva-presencia-a-la-ciutat-de-luxemburg\/\"]}]},{\"@type\":\"ImageObject\",\"inLanguage\":\"es\",\"@id\":\"https:\/\/www.garciafaura.com\/es\/garcia-faura-reforca-la-seva-presencia-a-la-ciutat-de-luxemburg\/#primaryimage\",\"url\":\"https:\/\/www.garciafaura.com\/wp-content\/uploads\/2019\/10\/BancoSanPaolo.jpg\",\"contentUrl\":\"https:\/\/www.garciafaura.com\/wp-content\/uploads\/2019\/10\/BancoSanPaolo.jpg\",\"width\":1200,\"height\":628},{\"@type\":\"BreadcrumbList\",\"@id\":\"https:\/\/www.garciafaura.com\/es\/garcia-faura-reforca-la-seva-presencia-a-la-ciutat-de-luxemburg\/#breadcrumb\",\"itemListElement\":[{\"@type\":\"ListItem\",\"position\":1,\"name\":\"Inici\",\"item\":\"https:\/\/www.garciafaura.com\/es\/\"},{\"@type\":\"ListItem\",\"position\":2,\"name\":\"GARCIA FAURA refuerza su presencia en la ciudad de Luxemburgo\"}]},{\"@type\":\"WebSite\",\"@id\":\"https:\/\/www.garciafaura.com\/fr\/#website\",\"url\":\"https:\/\/www.garciafaura.com\/fr\/\",\"name\":\"GARCIA FAURA\",\"description\":\"Arquitectura en Alumini, Inox, Ferro i Vidre\",\"publisher\":{\"@id\":\"https:\/\/www.garciafaura.com\/fr\/#organization\"},\"potentialAction\":[{\"@type\":\"SearchAction\",\"target\":{\"@type\":\"EntryPoint\",\"urlTemplate\":\"https:\/\/www.garciafaura.com\/fr\/?s={search_term_string}\"},\"query-input\":{\"@type\":\"PropertyValueSpecification\",\"valueRequired\":true,\"valueName\":\"search_term_string\"}}],\"inLanguage\":\"es\"},{\"@type\":\"Organization\",\"@id\":\"https:\/\/www.garciafaura.com\/fr\/#organization\",\"name\":\"GARCIA FAURA\",\"url\":\"https:\/\/www.garciafaura.com\/fr\/\",\"logo\":{\"@type\":\"ImageObject\",\"inLanguage\":\"es\",\"@id\":\"https:\/\/www.garciafaura.com\/fr\/#\/schema\/logo\/image\/\",\"url\":\"https:\/\/www.garciafaura.com\/wp-content\/uploads\/2018\/09\/Garcia-Faura.png\",\"contentUrl\":\"https:\/\/www.garciafaura.com\/wp-content\/uploads\/2018\/09\/Garcia-Faura.png\",\"width\":512,\"height\":512,\"caption\":\"GARCIA FAURA\"},\"image\":{\"@id\":\"https:\/\/www.garciafaura.com\/fr\/#\/schema\/logo\/image\/\"},\"sameAs\":[\"https:\/\/www.youtube.com\/user\/GARCIAFAURA\"]},{\"@type\":\"Person\",\"@id\":\"https:\/\/www.garciafaura.com\/fr\/#\/schema\/person\/b4b75e69b33fac3446071909bec106b0\",\"name\":\"David Achell\",\"image\":{\"@type\":\"ImageObject\",\"inLanguage\":\"es\",\"@id\":\"https:\/\/www.garciafaura.com\/fr\/#\/schema\/person\/image\/\",\"url\":\"https:\/\/secure.gravatar.com\/avatar\/03900210afc1f61bce737bcb4a79c02e2c997f171e3eca839b5a4cbe03846c90?s=96&d=blank&r=g\",\"contentUrl\":\"https:\/\/secure.gravatar.com\/avatar\/03900210afc1f61bce737bcb4a79c02e2c997f171e3eca839b5a4cbe03846c90?s=96&d=blank&r=g\",\"caption\":\"David Achell\"}}]}<\/script>\n<!-- \/ Yoast SEO plugin. -->","yoast_head_json":{"title":"GARCIA FAURA refuerza su presencia en la ciudad de Luxemburgo - GARCIA FAURA","description":"Arquitectura en Alumini, Inox, Ferro i Vidre","robots":{"index":"index","follow":"follow","max-snippet":"max-snippet:-1","max-image-preview":"max-image-preview:large","max-video-preview":"max-video-preview:-1"},"canonical":"https:\/\/www.garciafaura.com\/es\/garcia-faura-reforca-la-seva-presencia-a-la-ciutat-de-luxemburg\/","og_locale":"es_ES","og_type":"article","og_title":"GARCIA FAURA refuerza su presencia en la ciudad de Luxemburgo - GARCIA FAURA","og_description":"Arquitectura en Alumini, Inox, Ferro i Vidre","og_url":"https:\/\/www.garciafaura.com\/es\/garcia-faura-reforca-la-seva-presencia-a-la-ciutat-de-luxemburg\/","og_site_name":"GARCIA FAURA","article_published_time":"2019-11-13T11:07:08+00:00","article_modified_time":"2019-11-13T11:10:49+00:00","og_image":[{"width":1200,"height":628,"url":"https:\/\/www.garciafaura.com\/wp-content\/uploads\/2019\/10\/BancoSanPaolo.jpg","type":"image\/jpeg"}],"author":"David Achell","twitter_card":"summary_large_image","twitter_misc":{"Escrito por":"David Achell","Tiempo de lectura":"1 minuto"},"schema":{"@context":"https:\/\/schema.org","@graph":[{"@type":"Article","@id":"https:\/\/www.garciafaura.com\/es\/garcia-faura-reforca-la-seva-presencia-a-la-ciutat-de-luxemburg\/#article","isPartOf":{"@id":"https:\/\/www.garciafaura.com\/es\/garcia-faura-reforca-la-seva-presencia-a-la-ciutat-de-luxemburg\/"},"author":{"name":"David Achell","@id":"https:\/\/www.garciafaura.com\/fr\/#\/schema\/person\/b4b75e69b33fac3446071909bec106b0"},"headline":"GARCIA FAURA refuerza su presencia en la ciudad de Luxemburgo","datePublished":"2019-11-13T11:07:08+00:00","dateModified":"2019-11-13T11:10:49+00:00","mainEntityOfPage":{"@id":"https:\/\/www.garciafaura.com\/es\/garcia-faura-reforca-la-seva-presencia-a-la-ciutat-de-luxemburg\/"},"wordCount":226,"publisher":{"@id":"https:\/\/www.garciafaura.com\/fr\/#organization"},"image":{"@id":"https:\/\/www.garciafaura.com\/es\/garcia-faura-reforca-la-seva-presencia-a-la-ciutat-de-luxemburg\/#primaryimage"},"thumbnailUrl":"https:\/\/www.garciafaura.com\/wp-content\/uploads\/2019\/10\/BancoSanPaolo.jpg","articleSection":["Actualidad"],"inLanguage":"es"},{"@type":"WebPage","@id":"https:\/\/www.garciafaura.com\/es\/garcia-faura-reforca-la-seva-presencia-a-la-ciutat-de-luxemburg\/","url":"https:\/\/www.garciafaura.com\/es\/garcia-faura-reforca-la-seva-presencia-a-la-ciutat-de-luxemburg\/","name":"GARCIA FAURA refuerza su presencia en la ciudad de Luxemburgo - GARCIA FAURA","isPartOf":{"@id":"https:\/\/www.garciafaura.com\/fr\/#website"},"primaryImageOfPage":{"@id":"https:\/\/www.garciafaura.com\/es\/garcia-faura-reforca-la-seva-presencia-a-la-ciutat-de-luxemburg\/#primaryimage"},"image":{"@id":"https:\/\/www.garciafaura.com\/es\/garcia-faura-reforca-la-seva-presencia-a-la-ciutat-de-luxemburg\/#primaryimage"},"thumbnailUrl":"https:\/\/www.garciafaura.com\/wp-content\/uploads\/2019\/10\/BancoSanPaolo.jpg","datePublished":"2019-11-13T11:07:08+00:00","dateModified":"2019-11-13T11:10:49+00:00","description":"Arquitectura en Alumini, Inox, Ferro i Vidre","breadcrumb":{"@id":"https:\/\/www.garciafaura.com\/es\/garcia-faura-reforca-la-seva-presencia-a-la-ciutat-de-luxemburg\/#breadcrumb"},"inLanguage":"es","potentialAction":[{"@type":"ReadAction","target":["https:\/\/www.garciafaura.com\/es\/garcia-faura-reforca-la-seva-presencia-a-la-ciutat-de-luxemburg\/"]}]},{"@type":"ImageObject","inLanguage":"es","@id":"https:\/\/www.garciafaura.com\/es\/garcia-faura-reforca-la-seva-presencia-a-la-ciutat-de-luxemburg\/#primaryimage","url":"https:\/\/www.garciafaura.com\/wp-content\/uploads\/2019\/10\/BancoSanPaolo.jpg","contentUrl":"https:\/\/www.garciafaura.com\/wp-content\/uploads\/2019\/10\/BancoSanPaolo.jpg","width":1200,"height":628},{"@type":"BreadcrumbList","@id":"https:\/\/www.garciafaura.com\/es\/garcia-faura-reforca-la-seva-presencia-a-la-ciutat-de-luxemburg\/#breadcrumb","itemListElement":[{"@type":"ListItem","position":1,"name":"Inici","item":"https:\/\/www.garciafaura.com\/es\/"},{"@type":"ListItem","position":2,"name":"GARCIA FAURA refuerza su presencia en la ciudad de Luxemburgo"}]},{"@type":"WebSite","@id":"https:\/\/www.garciafaura.com\/fr\/#website","url":"https:\/\/www.garciafaura.com\/fr\/","name":"GARCIA FAURA","description":"Arquitectura en Alumini, Inox, Ferro i Vidre","publisher":{"@id":"https:\/\/www.garciafaura.com\/fr\/#organization"},"potentialAction":[{"@type":"SearchAction","target":{"@type":"EntryPoint","urlTemplate":"https:\/\/www.garciafaura.com\/fr\/?s={search_term_string}"},"query-input":{"@type":"PropertyValueSpecification","valueRequired":true,"valueName":"search_term_string"}}],"inLanguage":"es"},{"@type":"Organization","@id":"https:\/\/www.garciafaura.com\/fr\/#organization","name":"GARCIA FAURA","url":"https:\/\/www.garciafaura.com\/fr\/","logo":{"@type":"ImageObject","inLanguage":"es","@id":"https:\/\/www.garciafaura.com\/fr\/#\/schema\/logo\/image\/","url":"https:\/\/www.garciafaura.com\/wp-content\/uploads\/2018\/09\/Garcia-Faura.png","contentUrl":"https:\/\/www.garciafaura.com\/wp-content\/uploads\/2018\/09\/Garcia-Faura.png","width":512,"height":512,"caption":"GARCIA FAURA"},"image":{"@id":"https:\/\/www.garciafaura.com\/fr\/#\/schema\/logo\/image\/"},"sameAs":["https:\/\/www.youtube.com\/user\/GARCIAFAURA"]},{"@type":"Person","@id":"https:\/\/www.garciafaura.com\/fr\/#\/schema\/person\/b4b75e69b33fac3446071909bec106b0","name":"David Achell","image":{"@type":"ImageObject","inLanguage":"es","@id":"https:\/\/www.garciafaura.com\/fr\/#\/schema\/person\/image\/","url":"https:\/\/secure.gravatar.com\/avatar\/03900210afc1f61bce737bcb4a79c02e2c997f171e3eca839b5a4cbe03846c90?s=96&d=blank&r=g","contentUrl":"https:\/\/secure.gravatar.com\/avatar\/03900210afc1f61bce737bcb4a79c02e2c997f171e3eca839b5a4cbe03846c90?s=96&d=blank&r=g","caption":"David Achell"}}]}},"_links":{"self":[{"href":"https:\/\/www.garciafaura.com\/es\/wp-json\/wp\/v2\/posts\/24494","targetHints":{"allow":["GET"]}}],"collection":[{"href":"https:\/\/www.garciafaura.com\/es\/wp-json\/wp\/v2\/posts"}],"about":[{"href":"https:\/\/www.garciafaura.com\/es\/wp-json\/wp\/v2\/types\/post"}],"author":[{"embeddable":true,"href":"https:\/\/www.garciafaura.com\/es\/wp-json\/wp\/v2\/users\/3"}],"replies":[{"embeddable":true,"href":"https:\/\/www.garciafaura.com\/es\/wp-json\/wp\/v2\/comments?post=24494"}],"version-history":[{"count":1,"href":"https:\/\/www.garciafaura.com\/es\/wp-json\/wp\/v2\/posts\/24494\/revisions"}],"predecessor-version":[{"id":24496,"href":"https:\/\/www.garciafaura.com\/es\/wp-json\/wp\/v2\/posts\/24494\/revisions\/24496"}],"wp:featuredmedia":[{"embeddable":true,"href":"https:\/\/www.garciafaura.com\/es\/wp-json\/wp\/v2\/media\/24013"}],"wp:attachment":[{"href":"https:\/\/www.garciafaura.com\/es\/wp-json\/wp\/v2\/media?parent=24494"}],"wp:term":[{"taxonomy":"category","embeddable":true,"href":"https:\/\/www.garciafaura.com\/es\/wp-json\/wp\/v2\/categories?post=24494"},{"taxonomy":"post_tag","embeddable":true,"href":"https:\/\/www.garciafaura.com\/es\/wp-json\/wp\/v2\/tags?post=24494"},{"taxonomy":"post_series","embeddable":true,"href":"https:\/\/www.garciafaura.com\/es\/wp-json\/wp\/v2\/post_series?post=24494"}],"curies":[{"name":"wp","href":"https:\/\/api.w.org\/{rel}","templated":true}]}}