{"id":24333,"date":"2019-11-05T12:25:55","date_gmt":"2019-11-05T10:25:55","guid":{"rendered":"https:\/\/www.garciafaura.com\/cerramientos-de-garcia-faura-para-el-emblematico-hotel-imperial-tarraco\/"},"modified":"2019-11-05T12:27:58","modified_gmt":"2019-11-05T10:27:58","slug":"cerramientos-de-garcia-faura-para-el-emblematico-hotel-imperial-tarraco","status":"publish","type":"post","link":"https:\/\/www.garciafaura.com\/es\/cerramientos-de-garcia-faura-para-el-emblematico-hotel-imperial-tarraco\/","title":{"rendered":"Cerramientos de GARCIA FAURA para el emblem\u00e1tico hotel Imperial Tarraco"},"content":{"rendered":"<div class=\"tlid-input input\">\n<div class=\"source-wrap\">\n<div class=\"input-full-height-wrapper tlid-input-full-height-wrapper\">\n<div class=\"source-input\">\n<div class=\"source-footer-wrap source-or-target-footer\">\n<div class=\"character-count tlid-character-count\"><\/div>\n<div class=\"source-footer\">\n<div class=\"src-tts left-positioned ttsbutton jfk-button-flat source-or-target-footer-button jfk-button\" tabindex=\"0\" role=\"button\" aria-label=\"Escuchar\" data-tooltip=\"Escuchar\" aria-pressed=\"false\" data-tooltip-align=\"t,c\" aria-hidden=\"false\" aria-disabled=\"false\">\n<div class=\"jfk-button-img\" style=\"text-align: justify;\"><strong>GARCIA FAURA<\/strong> fabrica e instala los cerrmientos de aluminio y vidrio de la reforma del emblem\u00e1tico hotel <a href=\"https:\/\/www.h10hotels.com\/en\/tarragona-hotels\/h10-imperial-tarraco\" target=\"_blank\" rel=\"noopener\"><strong>Imperial Tarraco<\/strong><\/a> de Tarragona, situado en el entorno patrimonial del Anfiteatro y el Circo romanos.<\/div>\n<\/div>\n<\/div>\n<\/div>\n<\/div>\n<\/div>\n<\/div>\n<\/div>\n<div class=\"tlid-results-container results-container\">\n<div class=\"tlid-result result-dict-wrapper\">\n<div class=\"result tlid-copy-target\">\n<div class=\"text-wrap tlid-copy-target\">\n<div class=\"result-shield-container tlid-copy-target\" style=\"text-align: justify;\" tabindex=\"0\"><span class=\"tlid-translation translation\" lang=\"es\"><br \/>\nEl establecimiento, de cuatro estrellas superior, mantendr\u00e1 el aspecto exterior, pero est\u00e1 siendo reformado totalmente en el interior. Todas las habitaciones estar\u00e1n abiertas al Mediterr\u00e1neo y contar\u00e1 con restaurante y terraza, adem\u00e1s de piscina, spa y zona chill out y salas para conferencias y congresos.<\/p>\n<p>En concreto, <strong>GARCIA FAURA<\/strong> instalar\u00e1 1.850 metros cuadrados de cerramientos de aluminio y vidrio, casi 340 unidades que corresponden a ventanas, balcones y puertas. Los sistemas cuentan con rotura de puente t\u00e9rmico, y combinan aperturas correderas con practicables de hoja convencional y hoja oculta.<\/p>\n<p>Todas ellas ofrecen unas altas prestaciones t\u00e9cnicas, especialmente en cuanto al aislamiento t\u00e9rmico y ac\u00fastico, fundamentales para garantizar la comodidad y el bienestar de los hu\u00e9spedes del hotel. Todos los trabajos estar\u00e1n terminados en color azul acero, protagonista del proyecto de interiorismo que dar\u00e1 una nueva imagen al equipamiento.<\/span><\/div>\n<\/div>\n<\/div>\n<\/div>\n<\/div>\n","protected":false},"excerpt":{"rendered":"<p>GARCIA FAURA fabrica e instala los cerrmientos de aluminio y vidrio de la reforma del emblem\u00e1tico hotel Imperial Tarraco de Tarragona, situado en el entorno patrimonial del Anfiteatro y el Circo romanos. El establecimiento, de cuatro estrellas superior, mantendr\u00e1 el&hellip;<\/p>\n","protected":false},"author":3,"featured_media":22565,"comment_status":"closed","ping_status":"open","sticky":false,"template":"","format":"standard","meta":{"footnotes":""},"categories":[3],"tags":[],"post_series":[],"class_list":["post-24333","post","type-post","status-publish","format-standard","has-post-thumbnail","hentry","category-actualidad","entry","has-media"],"yoast_head":"<!-- This site is optimized with the Yoast SEO plugin v26.7 - https:\/\/yoast.com\/wordpress\/plugins\/seo\/ -->\n<title>Cerramientos de GARCIA FAURA para el emblem\u00e1tico hotel Imperial Tarraco - GARCIA FAURA<\/title>\n<meta name=\"description\" content=\"Arquitectura en Alumini, Inox, Ferro i Vidre\" \/>\n<meta name=\"robots\" content=\"index, follow, max-snippet:-1, max-image-preview:large, max-video-preview:-1\" \/>\n<link rel=\"canonical\" href=\"https:\/\/www.garciafaura.com\/es\/cerramientos-de-garcia-faura-para-el-emblematico-hotel-imperial-tarraco\/\" \/>\n<meta property=\"og:locale\" content=\"es_ES\" \/>\n<meta property=\"og:type\" content=\"article\" \/>\n<meta property=\"og:title\" content=\"Cerramientos de GARCIA FAURA para el emblem\u00e1tico hotel Imperial Tarraco - GARCIA FAURA\" \/>\n<meta property=\"og:description\" content=\"Arquitectura en Alumini, Inox, Ferro i Vidre\" \/>\n<meta property=\"og:url\" content=\"https:\/\/www.garciafaura.com\/es\/cerramientos-de-garcia-faura-para-el-emblematico-hotel-imperial-tarraco\/\" \/>\n<meta property=\"og:site_name\" content=\"GARCIA FAURA\" \/>\n<meta property=\"article:published_time\" content=\"2019-11-05T10:25:55+00:00\" \/>\n<meta property=\"article:modified_time\" content=\"2019-11-05T10:27:58+00:00\" \/>\n<meta property=\"og:image\" content=\"https:\/\/www.garciafaura.com\/wp-content\/uploads\/2019\/07\/13454-Reforma-Hotel-Imperial-Tarraco.jpg\" \/>\n\t<meta property=\"og:image:width\" content=\"1200\" \/>\n\t<meta property=\"og:image:height\" content=\"628\" \/>\n\t<meta property=\"og:image:type\" content=\"image\/jpeg\" \/>\n<meta name=\"author\" content=\"David Achell\" \/>\n<meta name=\"twitter:card\" content=\"summary_large_image\" \/>\n<meta name=\"twitter:label1\" content=\"Escrito por\" \/>\n\t<meta name=\"twitter:data1\" content=\"David Achell\" \/>\n\t<meta name=\"twitter:label2\" content=\"Tiempo de lectura\" \/>\n\t<meta name=\"twitter:data2\" content=\"1 minuto\" \/>\n<script type=\"application\/ld+json\" class=\"yoast-schema-graph\">{\"@context\":\"https:\/\/schema.org\",\"@graph\":[{\"@type\":\"Article\",\"@id\":\"https:\/\/www.garciafaura.com\/es\/cerramientos-de-garcia-faura-para-el-emblematico-hotel-imperial-tarraco\/#article\",\"isPartOf\":{\"@id\":\"https:\/\/www.garciafaura.com\/es\/cerramientos-de-garcia-faura-para-el-emblematico-hotel-imperial-tarraco\/\"},\"author\":{\"name\":\"David Achell\",\"@id\":\"https:\/\/www.garciafaura.com\/fr\/#\/schema\/person\/b4b75e69b33fac3446071909bec106b0\"},\"headline\":\"Cerramientos de GARCIA FAURA para el emblem\u00e1tico hotel Imperial Tarraco\",\"datePublished\":\"2019-11-05T10:25:55+00:00\",\"dateModified\":\"2019-11-05T10:27:58+00:00\",\"mainEntityOfPage\":{\"@id\":\"https:\/\/www.garciafaura.com\/es\/cerramientos-de-garcia-faura-para-el-emblematico-hotel-imperial-tarraco\/\"},\"wordCount\":189,\"publisher\":{\"@id\":\"https:\/\/www.garciafaura.com\/fr\/#organization\"},\"image\":{\"@id\":\"https:\/\/www.garciafaura.com\/es\/cerramientos-de-garcia-faura-para-el-emblematico-hotel-imperial-tarraco\/#primaryimage\"},\"thumbnailUrl\":\"https:\/\/www.garciafaura.com\/wp-content\/uploads\/2019\/07\/13454-Reforma-Hotel-Imperial-Tarraco.jpg\",\"articleSection\":[\"Actualidad\"],\"inLanguage\":\"es\"},{\"@type\":\"WebPage\",\"@id\":\"https:\/\/www.garciafaura.com\/es\/cerramientos-de-garcia-faura-para-el-emblematico-hotel-imperial-tarraco\/\",\"url\":\"https:\/\/www.garciafaura.com\/es\/cerramientos-de-garcia-faura-para-el-emblematico-hotel-imperial-tarraco\/\",\"name\":\"Cerramientos de GARCIA FAURA para el emblem\u00e1tico hotel Imperial Tarraco - GARCIA FAURA\",\"isPartOf\":{\"@id\":\"https:\/\/www.garciafaura.com\/fr\/#website\"},\"primaryImageOfPage\":{\"@id\":\"https:\/\/www.garciafaura.com\/es\/cerramientos-de-garcia-faura-para-el-emblematico-hotel-imperial-tarraco\/#primaryimage\"},\"image\":{\"@id\":\"https:\/\/www.garciafaura.com\/es\/cerramientos-de-garcia-faura-para-el-emblematico-hotel-imperial-tarraco\/#primaryimage\"},\"thumbnailUrl\":\"https:\/\/www.garciafaura.com\/wp-content\/uploads\/2019\/07\/13454-Reforma-Hotel-Imperial-Tarraco.jpg\",\"datePublished\":\"2019-11-05T10:25:55+00:00\",\"dateModified\":\"2019-11-05T10:27:58+00:00\",\"description\":\"Arquitectura en Alumini, Inox, Ferro i Vidre\",\"breadcrumb\":{\"@id\":\"https:\/\/www.garciafaura.com\/es\/cerramientos-de-garcia-faura-para-el-emblematico-hotel-imperial-tarraco\/#breadcrumb\"},\"inLanguage\":\"es\",\"potentialAction\":[{\"@type\":\"ReadAction\",\"target\":[\"https:\/\/www.garciafaura.com\/es\/cerramientos-de-garcia-faura-para-el-emblematico-hotel-imperial-tarraco\/\"]}]},{\"@type\":\"ImageObject\",\"inLanguage\":\"es\",\"@id\":\"https:\/\/www.garciafaura.com\/es\/cerramientos-de-garcia-faura-para-el-emblematico-hotel-imperial-tarraco\/#primaryimage\",\"url\":\"https:\/\/www.garciafaura.com\/wp-content\/uploads\/2019\/07\/13454-Reforma-Hotel-Imperial-Tarraco.jpg\",\"contentUrl\":\"https:\/\/www.garciafaura.com\/wp-content\/uploads\/2019\/07\/13454-Reforma-Hotel-Imperial-Tarraco.jpg\",\"width\":1200,\"height\":628,\"caption\":\"Nuevos cerramientos para el proceso de rehabilitaci\u00f3n de este emblem\u00e1tico hotel del centro de Tarragona\"},{\"@type\":\"BreadcrumbList\",\"@id\":\"https:\/\/www.garciafaura.com\/es\/cerramientos-de-garcia-faura-para-el-emblematico-hotel-imperial-tarraco\/#breadcrumb\",\"itemListElement\":[{\"@type\":\"ListItem\",\"position\":1,\"name\":\"Inici\",\"item\":\"https:\/\/www.garciafaura.com\/es\/\"},{\"@type\":\"ListItem\",\"position\":2,\"name\":\"Cerramientos de GARCIA FAURA para el emblem\u00e1tico hotel Imperial Tarraco\"}]},{\"@type\":\"WebSite\",\"@id\":\"https:\/\/www.garciafaura.com\/fr\/#website\",\"url\":\"https:\/\/www.garciafaura.com\/fr\/\",\"name\":\"GARCIA FAURA\",\"description\":\"Arquitectura en Alumini, Inox, Ferro i Vidre\",\"publisher\":{\"@id\":\"https:\/\/www.garciafaura.com\/fr\/#organization\"},\"potentialAction\":[{\"@type\":\"SearchAction\",\"target\":{\"@type\":\"EntryPoint\",\"urlTemplate\":\"https:\/\/www.garciafaura.com\/fr\/?s={search_term_string}\"},\"query-input\":{\"@type\":\"PropertyValueSpecification\",\"valueRequired\":true,\"valueName\":\"search_term_string\"}}],\"inLanguage\":\"es\"},{\"@type\":\"Organization\",\"@id\":\"https:\/\/www.garciafaura.com\/fr\/#organization\",\"name\":\"GARCIA FAURA\",\"url\":\"https:\/\/www.garciafaura.com\/fr\/\",\"logo\":{\"@type\":\"ImageObject\",\"inLanguage\":\"es\",\"@id\":\"https:\/\/www.garciafaura.com\/fr\/#\/schema\/logo\/image\/\",\"url\":\"https:\/\/www.garciafaura.com\/wp-content\/uploads\/2018\/09\/Garcia-Faura.png\",\"contentUrl\":\"https:\/\/www.garciafaura.com\/wp-content\/uploads\/2018\/09\/Garcia-Faura.png\",\"width\":512,\"height\":512,\"caption\":\"GARCIA FAURA\"},\"image\":{\"@id\":\"https:\/\/www.garciafaura.com\/fr\/#\/schema\/logo\/image\/\"},\"sameAs\":[\"https:\/\/www.youtube.com\/user\/GARCIAFAURA\"]},{\"@type\":\"Person\",\"@id\":\"https:\/\/www.garciafaura.com\/fr\/#\/schema\/person\/b4b75e69b33fac3446071909bec106b0\",\"name\":\"David Achell\",\"image\":{\"@type\":\"ImageObject\",\"inLanguage\":\"es\",\"@id\":\"https:\/\/www.garciafaura.com\/fr\/#\/schema\/person\/image\/\",\"url\":\"https:\/\/secure.gravatar.com\/avatar\/03900210afc1f61bce737bcb4a79c02e2c997f171e3eca839b5a4cbe03846c90?s=96&d=blank&r=g\",\"contentUrl\":\"https:\/\/secure.gravatar.com\/avatar\/03900210afc1f61bce737bcb4a79c02e2c997f171e3eca839b5a4cbe03846c90?s=96&d=blank&r=g\",\"caption\":\"David Achell\"}}]}<\/script>\n<!-- \/ Yoast SEO plugin. -->","yoast_head_json":{"title":"Cerramientos de GARCIA FAURA para el emblem\u00e1tico hotel Imperial Tarraco - GARCIA FAURA","description":"Arquitectura en Alumini, Inox, Ferro i Vidre","robots":{"index":"index","follow":"follow","max-snippet":"max-snippet:-1","max-image-preview":"max-image-preview:large","max-video-preview":"max-video-preview:-1"},"canonical":"https:\/\/www.garciafaura.com\/es\/cerramientos-de-garcia-faura-para-el-emblematico-hotel-imperial-tarraco\/","og_locale":"es_ES","og_type":"article","og_title":"Cerramientos de GARCIA FAURA para el emblem\u00e1tico hotel Imperial Tarraco - GARCIA FAURA","og_description":"Arquitectura en Alumini, Inox, Ferro i Vidre","og_url":"https:\/\/www.garciafaura.com\/es\/cerramientos-de-garcia-faura-para-el-emblematico-hotel-imperial-tarraco\/","og_site_name":"GARCIA FAURA","article_published_time":"2019-11-05T10:25:55+00:00","article_modified_time":"2019-11-05T10:27:58+00:00","og_image":[{"width":1200,"height":628,"url":"https:\/\/www.garciafaura.com\/wp-content\/uploads\/2019\/07\/13454-Reforma-Hotel-Imperial-Tarraco.jpg","type":"image\/jpeg"}],"author":"David Achell","twitter_card":"summary_large_image","twitter_misc":{"Escrito por":"David Achell","Tiempo de lectura":"1 minuto"},"schema":{"@context":"https:\/\/schema.org","@graph":[{"@type":"Article","@id":"https:\/\/www.garciafaura.com\/es\/cerramientos-de-garcia-faura-para-el-emblematico-hotel-imperial-tarraco\/#article","isPartOf":{"@id":"https:\/\/www.garciafaura.com\/es\/cerramientos-de-garcia-faura-para-el-emblematico-hotel-imperial-tarraco\/"},"author":{"name":"David Achell","@id":"https:\/\/www.garciafaura.com\/fr\/#\/schema\/person\/b4b75e69b33fac3446071909bec106b0"},"headline":"Cerramientos de GARCIA FAURA para el emblem\u00e1tico hotel Imperial Tarraco","datePublished":"2019-11-05T10:25:55+00:00","dateModified":"2019-11-05T10:27:58+00:00","mainEntityOfPage":{"@id":"https:\/\/www.garciafaura.com\/es\/cerramientos-de-garcia-faura-para-el-emblematico-hotel-imperial-tarraco\/"},"wordCount":189,"publisher":{"@id":"https:\/\/www.garciafaura.com\/fr\/#organization"},"image":{"@id":"https:\/\/www.garciafaura.com\/es\/cerramientos-de-garcia-faura-para-el-emblematico-hotel-imperial-tarraco\/#primaryimage"},"thumbnailUrl":"https:\/\/www.garciafaura.com\/wp-content\/uploads\/2019\/07\/13454-Reforma-Hotel-Imperial-Tarraco.jpg","articleSection":["Actualidad"],"inLanguage":"es"},{"@type":"WebPage","@id":"https:\/\/www.garciafaura.com\/es\/cerramientos-de-garcia-faura-para-el-emblematico-hotel-imperial-tarraco\/","url":"https:\/\/www.garciafaura.com\/es\/cerramientos-de-garcia-faura-para-el-emblematico-hotel-imperial-tarraco\/","name":"Cerramientos de GARCIA FAURA para el emblem\u00e1tico hotel Imperial Tarraco - GARCIA FAURA","isPartOf":{"@id":"https:\/\/www.garciafaura.com\/fr\/#website"},"primaryImageOfPage":{"@id":"https:\/\/www.garciafaura.com\/es\/cerramientos-de-garcia-faura-para-el-emblematico-hotel-imperial-tarraco\/#primaryimage"},"image":{"@id":"https:\/\/www.garciafaura.com\/es\/cerramientos-de-garcia-faura-para-el-emblematico-hotel-imperial-tarraco\/#primaryimage"},"thumbnailUrl":"https:\/\/www.garciafaura.com\/wp-content\/uploads\/2019\/07\/13454-Reforma-Hotel-Imperial-Tarraco.jpg","datePublished":"2019-11-05T10:25:55+00:00","dateModified":"2019-11-05T10:27:58+00:00","description":"Arquitectura en Alumini, Inox, Ferro i Vidre","breadcrumb":{"@id":"https:\/\/www.garciafaura.com\/es\/cerramientos-de-garcia-faura-para-el-emblematico-hotel-imperial-tarraco\/#breadcrumb"},"inLanguage":"es","potentialAction":[{"@type":"ReadAction","target":["https:\/\/www.garciafaura.com\/es\/cerramientos-de-garcia-faura-para-el-emblematico-hotel-imperial-tarraco\/"]}]},{"@type":"ImageObject","inLanguage":"es","@id":"https:\/\/www.garciafaura.com\/es\/cerramientos-de-garcia-faura-para-el-emblematico-hotel-imperial-tarraco\/#primaryimage","url":"https:\/\/www.garciafaura.com\/wp-content\/uploads\/2019\/07\/13454-Reforma-Hotel-Imperial-Tarraco.jpg","contentUrl":"https:\/\/www.garciafaura.com\/wp-content\/uploads\/2019\/07\/13454-Reforma-Hotel-Imperial-Tarraco.jpg","width":1200,"height":628,"caption":"Nuevos cerramientos para el proceso de rehabilitaci\u00f3n de este emblem\u00e1tico hotel del centro de Tarragona"},{"@type":"BreadcrumbList","@id":"https:\/\/www.garciafaura.com\/es\/cerramientos-de-garcia-faura-para-el-emblematico-hotel-imperial-tarraco\/#breadcrumb","itemListElement":[{"@type":"ListItem","position":1,"name":"Inici","item":"https:\/\/www.garciafaura.com\/es\/"},{"@type":"ListItem","position":2,"name":"Cerramientos de GARCIA FAURA para el emblem\u00e1tico hotel Imperial Tarraco"}]},{"@type":"WebSite","@id":"https:\/\/www.garciafaura.com\/fr\/#website","url":"https:\/\/www.garciafaura.com\/fr\/","name":"GARCIA FAURA","description":"Arquitectura en Alumini, Inox, Ferro i Vidre","publisher":{"@id":"https:\/\/www.garciafaura.com\/fr\/#organization"},"potentialAction":[{"@type":"SearchAction","target":{"@type":"EntryPoint","urlTemplate":"https:\/\/www.garciafaura.com\/fr\/?s={search_term_string}"},"query-input":{"@type":"PropertyValueSpecification","valueRequired":true,"valueName":"search_term_string"}}],"inLanguage":"es"},{"@type":"Organization","@id":"https:\/\/www.garciafaura.com\/fr\/#organization","name":"GARCIA FAURA","url":"https:\/\/www.garciafaura.com\/fr\/","logo":{"@type":"ImageObject","inLanguage":"es","@id":"https:\/\/www.garciafaura.com\/fr\/#\/schema\/logo\/image\/","url":"https:\/\/www.garciafaura.com\/wp-content\/uploads\/2018\/09\/Garcia-Faura.png","contentUrl":"https:\/\/www.garciafaura.com\/wp-content\/uploads\/2018\/09\/Garcia-Faura.png","width":512,"height":512,"caption":"GARCIA FAURA"},"image":{"@id":"https:\/\/www.garciafaura.com\/fr\/#\/schema\/logo\/image\/"},"sameAs":["https:\/\/www.youtube.com\/user\/GARCIAFAURA"]},{"@type":"Person","@id":"https:\/\/www.garciafaura.com\/fr\/#\/schema\/person\/b4b75e69b33fac3446071909bec106b0","name":"David Achell","image":{"@type":"ImageObject","inLanguage":"es","@id":"https:\/\/www.garciafaura.com\/fr\/#\/schema\/person\/image\/","url":"https:\/\/secure.gravatar.com\/avatar\/03900210afc1f61bce737bcb4a79c02e2c997f171e3eca839b5a4cbe03846c90?s=96&d=blank&r=g","contentUrl":"https:\/\/secure.gravatar.com\/avatar\/03900210afc1f61bce737bcb4a79c02e2c997f171e3eca839b5a4cbe03846c90?s=96&d=blank&r=g","caption":"David Achell"}}]}},"_links":{"self":[{"href":"https:\/\/www.garciafaura.com\/es\/wp-json\/wp\/v2\/posts\/24333","targetHints":{"allow":["GET"]}}],"collection":[{"href":"https:\/\/www.garciafaura.com\/es\/wp-json\/wp\/v2\/posts"}],"about":[{"href":"https:\/\/www.garciafaura.com\/es\/wp-json\/wp\/v2\/types\/post"}],"author":[{"embeddable":true,"href":"https:\/\/www.garciafaura.com\/es\/wp-json\/wp\/v2\/users\/3"}],"replies":[{"embeddable":true,"href":"https:\/\/www.garciafaura.com\/es\/wp-json\/wp\/v2\/comments?post=24333"}],"version-history":[{"count":2,"href":"https:\/\/www.garciafaura.com\/es\/wp-json\/wp\/v2\/posts\/24333\/revisions"}],"predecessor-version":[{"id":24335,"href":"https:\/\/www.garciafaura.com\/es\/wp-json\/wp\/v2\/posts\/24333\/revisions\/24335"}],"wp:featuredmedia":[{"embeddable":true,"href":"https:\/\/www.garciafaura.com\/es\/wp-json\/wp\/v2\/media\/22565"}],"wp:attachment":[{"href":"https:\/\/www.garciafaura.com\/es\/wp-json\/wp\/v2\/media?parent=24333"}],"wp:term":[{"taxonomy":"category","embeddable":true,"href":"https:\/\/www.garciafaura.com\/es\/wp-json\/wp\/v2\/categories?post=24333"},{"taxonomy":"post_tag","embeddable":true,"href":"https:\/\/www.garciafaura.com\/es\/wp-json\/wp\/v2\/tags?post=24333"},{"taxonomy":"post_series","embeddable":true,"href":"https:\/\/www.garciafaura.com\/es\/wp-json\/wp\/v2\/post_series?post=24333"}],"curies":[{"name":"wp","href":"https:\/\/api.w.org\/{rel}","templated":true}]}}