{"id":24065,"date":"2019-10-21T10:56:27","date_gmt":"2019-10-21T08:56:27","guid":{"rendered":"https:\/\/www.garciafaura.com\/garcia-faura-beca-a-4-de-sus-ingenieros-para-el-master-de-fachadas-ligeras\/"},"modified":"2019-10-21T10:58:24","modified_gmt":"2019-10-21T08:58:24","slug":"garcia-faura-beca-a-4-de-sus-ingenieros-para-el-master-de-fachadas-ligeras","status":"publish","type":"post","link":"https:\/\/www.garciafaura.com\/es\/garcia-faura-beca-a-4-de-sus-ingenieros-para-el-master-de-fachadas-ligeras\/","title":{"rendered":"GARCIA FAURA beca a 4 de sus ingenieros para el M\u00e1ster de Fachadas Ligeras"},"content":{"rendered":"<p style=\"text-align: justify;\"><strong>GARCIA FAURA<\/strong> apuesta decididamente por la formaci\u00f3n continua de sus trabajadores. As\u00ed, la empresa ha becado a cuatro de sus ingenieros de la Oficina T\u00e9cnica en el <a href=\"http:\/\/masterfachadasligeras.com\" target=\"_blank\" rel=\"noopener\"><strong>M\u00e1ster de Fachadas Ligeras<\/strong><\/a> que se est\u00e1 impartiendo en la <strong>Escuela T\u00e9cnica Superior de Arquitectura de la Universidad Polit\u00e9cnica de Catalunya<\/strong>.<\/p>\n<p style=\"text-align: justify;\">El objetivo de la empresa (una de las colaboradoras del M\u00e1ster, que tras dos a\u00f1os realiz\u00e1ndose en Madrid se traslada a Barcelona) es el de promover la formaci\u00f3n continuada de su personal y contribuir a su formaci\u00f3n aportando sus conocimientos en el trabajo.<\/p>\n<p style=\"text-align: justify;\">El M\u00e1ster forma los ingenieros en la especializaci\u00f3n del estudio, an\u00e1lisis y desarrollo de fachadas ligeras, una necesidad del sector que requiere cada vez m\u00e1s de t\u00e9cnicos especialistas que aporten conocimiento y valor a una soluci\u00f3n constructiva al alza.<\/p>\n<p style=\"text-align: justify;\">Colaborando con la organizaci\u00f3n del Master, adem\u00e1s, <strong>GARCIA FAURA<\/strong> quiere valorar el papel de las empresas industriales en el dise\u00f1o y la aplicaci\u00f3n de la arquitectura del siglo XXI, as\u00ed como en la formaci\u00f3n especializada de las nuevas generaciones de estudiantes que permitan avanzar hacia un papel cada vez m\u00e1s relevante de la ingenier\u00eda y la arquitectura de nuestra casa.<\/p>\n","protected":false},"excerpt":{"rendered":"<p>GARCIA FAURA apuesta decididamente por la formaci\u00f3n continua de sus trabajadores. As\u00ed, la empresa ha becado a cuatro de sus ingenieros de la Oficina T\u00e9cnica en el M\u00e1ster de Fachadas Ligeras que se est\u00e1 impartiendo en la Escuela T\u00e9cnica Superior&hellip;<\/p>\n","protected":false},"author":3,"featured_media":24064,"comment_status":"closed","ping_status":"open","sticky":false,"template":"","format":"standard","meta":{"footnotes":""},"categories":[3],"tags":[],"post_series":[],"class_list":["post-24065","post","type-post","status-publish","format-standard","has-post-thumbnail","hentry","category-actualidad","entry","has-media"],"yoast_head":"<!-- This site is optimized with the Yoast SEO plugin v26.7 - https:\/\/yoast.com\/wordpress\/plugins\/seo\/ -->\n<title>GARCIA FAURA beca a 4 de sus ingenieros para el M\u00e1ster de Fachadas Ligeras - GARCIA FAURA<\/title>\n<meta name=\"description\" content=\"Arquitectura en Alumini, Inox, Ferro i Vidre\" \/>\n<meta name=\"robots\" content=\"index, follow, max-snippet:-1, max-image-preview:large, max-video-preview:-1\" \/>\n<link rel=\"canonical\" href=\"https:\/\/www.garciafaura.com\/es\/garcia-faura-beca-a-4-de-sus-ingenieros-para-el-master-de-fachadas-ligeras\/\" \/>\n<meta property=\"og:locale\" content=\"es_ES\" \/>\n<meta property=\"og:type\" content=\"article\" \/>\n<meta property=\"og:title\" content=\"GARCIA FAURA beca a 4 de sus ingenieros para el M\u00e1ster de Fachadas Ligeras - GARCIA FAURA\" \/>\n<meta property=\"og:description\" content=\"Arquitectura en Alumini, Inox, Ferro i Vidre\" \/>\n<meta property=\"og:url\" content=\"https:\/\/www.garciafaura.com\/es\/garcia-faura-beca-a-4-de-sus-ingenieros-para-el-master-de-fachadas-ligeras\/\" \/>\n<meta property=\"og:site_name\" content=\"GARCIA FAURA\" \/>\n<meta property=\"article:published_time\" content=\"2019-10-21T08:56:27+00:00\" \/>\n<meta property=\"article:modified_time\" content=\"2019-10-21T08:58:24+00:00\" \/>\n<meta property=\"og:image\" content=\"https:\/\/www.garciafaura.com\/wp-content\/uploads\/2019\/10\/Logo-MFL2019.jpg\" \/>\n\t<meta property=\"og:image:width\" content=\"727\" \/>\n\t<meta property=\"og:image:height\" content=\"712\" \/>\n\t<meta property=\"og:image:type\" content=\"image\/jpeg\" \/>\n<meta name=\"author\" content=\"David Achell\" \/>\n<meta name=\"twitter:card\" content=\"summary_large_image\" \/>\n<meta name=\"twitter:label1\" content=\"Escrito por\" \/>\n\t<meta name=\"twitter:data1\" content=\"David Achell\" \/>\n\t<meta name=\"twitter:label2\" content=\"Tiempo de lectura\" \/>\n\t<meta name=\"twitter:data2\" content=\"1 minuto\" \/>\n<script type=\"application\/ld+json\" class=\"yoast-schema-graph\">{\"@context\":\"https:\/\/schema.org\",\"@graph\":[{\"@type\":\"Article\",\"@id\":\"https:\/\/www.garciafaura.com\/es\/garcia-faura-beca-a-4-de-sus-ingenieros-para-el-master-de-fachadas-ligeras\/#article\",\"isPartOf\":{\"@id\":\"https:\/\/www.garciafaura.com\/es\/garcia-faura-beca-a-4-de-sus-ingenieros-para-el-master-de-fachadas-ligeras\/\"},\"author\":{\"name\":\"David Achell\",\"@id\":\"https:\/\/www.garciafaura.com\/fr\/#\/schema\/person\/b4b75e69b33fac3446071909bec106b0\"},\"headline\":\"GARCIA FAURA beca a 4 de sus ingenieros para el M\u00e1ster de Fachadas Ligeras\",\"datePublished\":\"2019-10-21T08:56:27+00:00\",\"dateModified\":\"2019-10-21T08:58:24+00:00\",\"mainEntityOfPage\":{\"@id\":\"https:\/\/www.garciafaura.com\/es\/garcia-faura-beca-a-4-de-sus-ingenieros-para-el-master-de-fachadas-ligeras\/\"},\"wordCount\":227,\"publisher\":{\"@id\":\"https:\/\/www.garciafaura.com\/fr\/#organization\"},\"image\":{\"@id\":\"https:\/\/www.garciafaura.com\/es\/garcia-faura-beca-a-4-de-sus-ingenieros-para-el-master-de-fachadas-ligeras\/#primaryimage\"},\"thumbnailUrl\":\"https:\/\/www.garciafaura.com\/wp-content\/uploads\/2019\/10\/Logo-MFL2019.jpg\",\"articleSection\":[\"Actualidad\"],\"inLanguage\":\"es\"},{\"@type\":\"WebPage\",\"@id\":\"https:\/\/www.garciafaura.com\/es\/garcia-faura-beca-a-4-de-sus-ingenieros-para-el-master-de-fachadas-ligeras\/\",\"url\":\"https:\/\/www.garciafaura.com\/es\/garcia-faura-beca-a-4-de-sus-ingenieros-para-el-master-de-fachadas-ligeras\/\",\"name\":\"GARCIA FAURA beca a 4 de sus ingenieros para el M\u00e1ster de Fachadas Ligeras - GARCIA FAURA\",\"isPartOf\":{\"@id\":\"https:\/\/www.garciafaura.com\/fr\/#website\"},\"primaryImageOfPage\":{\"@id\":\"https:\/\/www.garciafaura.com\/es\/garcia-faura-beca-a-4-de-sus-ingenieros-para-el-master-de-fachadas-ligeras\/#primaryimage\"},\"image\":{\"@id\":\"https:\/\/www.garciafaura.com\/es\/garcia-faura-beca-a-4-de-sus-ingenieros-para-el-master-de-fachadas-ligeras\/#primaryimage\"},\"thumbnailUrl\":\"https:\/\/www.garciafaura.com\/wp-content\/uploads\/2019\/10\/Logo-MFL2019.jpg\",\"datePublished\":\"2019-10-21T08:56:27+00:00\",\"dateModified\":\"2019-10-21T08:58:24+00:00\",\"description\":\"Arquitectura en Alumini, Inox, Ferro i Vidre\",\"breadcrumb\":{\"@id\":\"https:\/\/www.garciafaura.com\/es\/garcia-faura-beca-a-4-de-sus-ingenieros-para-el-master-de-fachadas-ligeras\/#breadcrumb\"},\"inLanguage\":\"es\",\"potentialAction\":[{\"@type\":\"ReadAction\",\"target\":[\"https:\/\/www.garciafaura.com\/es\/garcia-faura-beca-a-4-de-sus-ingenieros-para-el-master-de-fachadas-ligeras\/\"]}]},{\"@type\":\"ImageObject\",\"inLanguage\":\"es\",\"@id\":\"https:\/\/www.garciafaura.com\/es\/garcia-faura-beca-a-4-de-sus-ingenieros-para-el-master-de-fachadas-ligeras\/#primaryimage\",\"url\":\"https:\/\/www.garciafaura.com\/wp-content\/uploads\/2019\/10\/Logo-MFL2019.jpg\",\"contentUrl\":\"https:\/\/www.garciafaura.com\/wp-content\/uploads\/2019\/10\/Logo-MFL2019.jpg\",\"width\":727,\"height\":712},{\"@type\":\"BreadcrumbList\",\"@id\":\"https:\/\/www.garciafaura.com\/es\/garcia-faura-beca-a-4-de-sus-ingenieros-para-el-master-de-fachadas-ligeras\/#breadcrumb\",\"itemListElement\":[{\"@type\":\"ListItem\",\"position\":1,\"name\":\"Inici\",\"item\":\"https:\/\/www.garciafaura.com\/es\/\"},{\"@type\":\"ListItem\",\"position\":2,\"name\":\"GARCIA FAURA beca a 4 de sus ingenieros para el M\u00e1ster de Fachadas Ligeras\"}]},{\"@type\":\"WebSite\",\"@id\":\"https:\/\/www.garciafaura.com\/fr\/#website\",\"url\":\"https:\/\/www.garciafaura.com\/fr\/\",\"name\":\"GARCIA FAURA\",\"description\":\"Arquitectura en Alumini, Inox, Ferro i Vidre\",\"publisher\":{\"@id\":\"https:\/\/www.garciafaura.com\/fr\/#organization\"},\"potentialAction\":[{\"@type\":\"SearchAction\",\"target\":{\"@type\":\"EntryPoint\",\"urlTemplate\":\"https:\/\/www.garciafaura.com\/fr\/?s={search_term_string}\"},\"query-input\":{\"@type\":\"PropertyValueSpecification\",\"valueRequired\":true,\"valueName\":\"search_term_string\"}}],\"inLanguage\":\"es\"},{\"@type\":\"Organization\",\"@id\":\"https:\/\/www.garciafaura.com\/fr\/#organization\",\"name\":\"GARCIA FAURA\",\"url\":\"https:\/\/www.garciafaura.com\/fr\/\",\"logo\":{\"@type\":\"ImageObject\",\"inLanguage\":\"es\",\"@id\":\"https:\/\/www.garciafaura.com\/fr\/#\/schema\/logo\/image\/\",\"url\":\"https:\/\/www.garciafaura.com\/wp-content\/uploads\/2018\/09\/Garcia-Faura.png\",\"contentUrl\":\"https:\/\/www.garciafaura.com\/wp-content\/uploads\/2018\/09\/Garcia-Faura.png\",\"width\":512,\"height\":512,\"caption\":\"GARCIA FAURA\"},\"image\":{\"@id\":\"https:\/\/www.garciafaura.com\/fr\/#\/schema\/logo\/image\/\"},\"sameAs\":[\"https:\/\/www.youtube.com\/user\/GARCIAFAURA\"]},{\"@type\":\"Person\",\"@id\":\"https:\/\/www.garciafaura.com\/fr\/#\/schema\/person\/b4b75e69b33fac3446071909bec106b0\",\"name\":\"David Achell\",\"image\":{\"@type\":\"ImageObject\",\"inLanguage\":\"es\",\"@id\":\"https:\/\/www.garciafaura.com\/fr\/#\/schema\/person\/image\/\",\"url\":\"https:\/\/secure.gravatar.com\/avatar\/03900210afc1f61bce737bcb4a79c02e2c997f171e3eca839b5a4cbe03846c90?s=96&d=blank&r=g\",\"contentUrl\":\"https:\/\/secure.gravatar.com\/avatar\/03900210afc1f61bce737bcb4a79c02e2c997f171e3eca839b5a4cbe03846c90?s=96&d=blank&r=g\",\"caption\":\"David Achell\"}}]}<\/script>\n<!-- \/ Yoast SEO plugin. -->","yoast_head_json":{"title":"GARCIA FAURA beca a 4 de sus ingenieros para el M\u00e1ster de Fachadas Ligeras - GARCIA FAURA","description":"Arquitectura en Alumini, Inox, Ferro i Vidre","robots":{"index":"index","follow":"follow","max-snippet":"max-snippet:-1","max-image-preview":"max-image-preview:large","max-video-preview":"max-video-preview:-1"},"canonical":"https:\/\/www.garciafaura.com\/es\/garcia-faura-beca-a-4-de-sus-ingenieros-para-el-master-de-fachadas-ligeras\/","og_locale":"es_ES","og_type":"article","og_title":"GARCIA FAURA beca a 4 de sus ingenieros para el M\u00e1ster de Fachadas Ligeras - GARCIA FAURA","og_description":"Arquitectura en Alumini, Inox, Ferro i Vidre","og_url":"https:\/\/www.garciafaura.com\/es\/garcia-faura-beca-a-4-de-sus-ingenieros-para-el-master-de-fachadas-ligeras\/","og_site_name":"GARCIA FAURA","article_published_time":"2019-10-21T08:56:27+00:00","article_modified_time":"2019-10-21T08:58:24+00:00","og_image":[{"width":727,"height":712,"url":"https:\/\/www.garciafaura.com\/wp-content\/uploads\/2019\/10\/Logo-MFL2019.jpg","type":"image\/jpeg"}],"author":"David Achell","twitter_card":"summary_large_image","twitter_misc":{"Escrito por":"David Achell","Tiempo de lectura":"1 minuto"},"schema":{"@context":"https:\/\/schema.org","@graph":[{"@type":"Article","@id":"https:\/\/www.garciafaura.com\/es\/garcia-faura-beca-a-4-de-sus-ingenieros-para-el-master-de-fachadas-ligeras\/#article","isPartOf":{"@id":"https:\/\/www.garciafaura.com\/es\/garcia-faura-beca-a-4-de-sus-ingenieros-para-el-master-de-fachadas-ligeras\/"},"author":{"name":"David Achell","@id":"https:\/\/www.garciafaura.com\/fr\/#\/schema\/person\/b4b75e69b33fac3446071909bec106b0"},"headline":"GARCIA FAURA beca a 4 de sus ingenieros para el M\u00e1ster de Fachadas Ligeras","datePublished":"2019-10-21T08:56:27+00:00","dateModified":"2019-10-21T08:58:24+00:00","mainEntityOfPage":{"@id":"https:\/\/www.garciafaura.com\/es\/garcia-faura-beca-a-4-de-sus-ingenieros-para-el-master-de-fachadas-ligeras\/"},"wordCount":227,"publisher":{"@id":"https:\/\/www.garciafaura.com\/fr\/#organization"},"image":{"@id":"https:\/\/www.garciafaura.com\/es\/garcia-faura-beca-a-4-de-sus-ingenieros-para-el-master-de-fachadas-ligeras\/#primaryimage"},"thumbnailUrl":"https:\/\/www.garciafaura.com\/wp-content\/uploads\/2019\/10\/Logo-MFL2019.jpg","articleSection":["Actualidad"],"inLanguage":"es"},{"@type":"WebPage","@id":"https:\/\/www.garciafaura.com\/es\/garcia-faura-beca-a-4-de-sus-ingenieros-para-el-master-de-fachadas-ligeras\/","url":"https:\/\/www.garciafaura.com\/es\/garcia-faura-beca-a-4-de-sus-ingenieros-para-el-master-de-fachadas-ligeras\/","name":"GARCIA FAURA beca a 4 de sus ingenieros para el M\u00e1ster de Fachadas Ligeras - GARCIA FAURA","isPartOf":{"@id":"https:\/\/www.garciafaura.com\/fr\/#website"},"primaryImageOfPage":{"@id":"https:\/\/www.garciafaura.com\/es\/garcia-faura-beca-a-4-de-sus-ingenieros-para-el-master-de-fachadas-ligeras\/#primaryimage"},"image":{"@id":"https:\/\/www.garciafaura.com\/es\/garcia-faura-beca-a-4-de-sus-ingenieros-para-el-master-de-fachadas-ligeras\/#primaryimage"},"thumbnailUrl":"https:\/\/www.garciafaura.com\/wp-content\/uploads\/2019\/10\/Logo-MFL2019.jpg","datePublished":"2019-10-21T08:56:27+00:00","dateModified":"2019-10-21T08:58:24+00:00","description":"Arquitectura en Alumini, Inox, Ferro i Vidre","breadcrumb":{"@id":"https:\/\/www.garciafaura.com\/es\/garcia-faura-beca-a-4-de-sus-ingenieros-para-el-master-de-fachadas-ligeras\/#breadcrumb"},"inLanguage":"es","potentialAction":[{"@type":"ReadAction","target":["https:\/\/www.garciafaura.com\/es\/garcia-faura-beca-a-4-de-sus-ingenieros-para-el-master-de-fachadas-ligeras\/"]}]},{"@type":"ImageObject","inLanguage":"es","@id":"https:\/\/www.garciafaura.com\/es\/garcia-faura-beca-a-4-de-sus-ingenieros-para-el-master-de-fachadas-ligeras\/#primaryimage","url":"https:\/\/www.garciafaura.com\/wp-content\/uploads\/2019\/10\/Logo-MFL2019.jpg","contentUrl":"https:\/\/www.garciafaura.com\/wp-content\/uploads\/2019\/10\/Logo-MFL2019.jpg","width":727,"height":712},{"@type":"BreadcrumbList","@id":"https:\/\/www.garciafaura.com\/es\/garcia-faura-beca-a-4-de-sus-ingenieros-para-el-master-de-fachadas-ligeras\/#breadcrumb","itemListElement":[{"@type":"ListItem","position":1,"name":"Inici","item":"https:\/\/www.garciafaura.com\/es\/"},{"@type":"ListItem","position":2,"name":"GARCIA FAURA beca a 4 de sus ingenieros para el M\u00e1ster de Fachadas Ligeras"}]},{"@type":"WebSite","@id":"https:\/\/www.garciafaura.com\/fr\/#website","url":"https:\/\/www.garciafaura.com\/fr\/","name":"GARCIA FAURA","description":"Arquitectura en Alumini, Inox, Ferro i Vidre","publisher":{"@id":"https:\/\/www.garciafaura.com\/fr\/#organization"},"potentialAction":[{"@type":"SearchAction","target":{"@type":"EntryPoint","urlTemplate":"https:\/\/www.garciafaura.com\/fr\/?s={search_term_string}"},"query-input":{"@type":"PropertyValueSpecification","valueRequired":true,"valueName":"search_term_string"}}],"inLanguage":"es"},{"@type":"Organization","@id":"https:\/\/www.garciafaura.com\/fr\/#organization","name":"GARCIA FAURA","url":"https:\/\/www.garciafaura.com\/fr\/","logo":{"@type":"ImageObject","inLanguage":"es","@id":"https:\/\/www.garciafaura.com\/fr\/#\/schema\/logo\/image\/","url":"https:\/\/www.garciafaura.com\/wp-content\/uploads\/2018\/09\/Garcia-Faura.png","contentUrl":"https:\/\/www.garciafaura.com\/wp-content\/uploads\/2018\/09\/Garcia-Faura.png","width":512,"height":512,"caption":"GARCIA FAURA"},"image":{"@id":"https:\/\/www.garciafaura.com\/fr\/#\/schema\/logo\/image\/"},"sameAs":["https:\/\/www.youtube.com\/user\/GARCIAFAURA"]},{"@type":"Person","@id":"https:\/\/www.garciafaura.com\/fr\/#\/schema\/person\/b4b75e69b33fac3446071909bec106b0","name":"David Achell","image":{"@type":"ImageObject","inLanguage":"es","@id":"https:\/\/www.garciafaura.com\/fr\/#\/schema\/person\/image\/","url":"https:\/\/secure.gravatar.com\/avatar\/03900210afc1f61bce737bcb4a79c02e2c997f171e3eca839b5a4cbe03846c90?s=96&d=blank&r=g","contentUrl":"https:\/\/secure.gravatar.com\/avatar\/03900210afc1f61bce737bcb4a79c02e2c997f171e3eca839b5a4cbe03846c90?s=96&d=blank&r=g","caption":"David Achell"}}]}},"_links":{"self":[{"href":"https:\/\/www.garciafaura.com\/es\/wp-json\/wp\/v2\/posts\/24065","targetHints":{"allow":["GET"]}}],"collection":[{"href":"https:\/\/www.garciafaura.com\/es\/wp-json\/wp\/v2\/posts"}],"about":[{"href":"https:\/\/www.garciafaura.com\/es\/wp-json\/wp\/v2\/types\/post"}],"author":[{"embeddable":true,"href":"https:\/\/www.garciafaura.com\/es\/wp-json\/wp\/v2\/users\/3"}],"replies":[{"embeddable":true,"href":"https:\/\/www.garciafaura.com\/es\/wp-json\/wp\/v2\/comments?post=24065"}],"version-history":[{"count":2,"href":"https:\/\/www.garciafaura.com\/es\/wp-json\/wp\/v2\/posts\/24065\/revisions"}],"predecessor-version":[{"id":24067,"href":"https:\/\/www.garciafaura.com\/es\/wp-json\/wp\/v2\/posts\/24065\/revisions\/24067"}],"wp:featuredmedia":[{"embeddable":true,"href":"https:\/\/www.garciafaura.com\/es\/wp-json\/wp\/v2\/media\/24064"}],"wp:attachment":[{"href":"https:\/\/www.garciafaura.com\/es\/wp-json\/wp\/v2\/media?parent=24065"}],"wp:term":[{"taxonomy":"category","embeddable":true,"href":"https:\/\/www.garciafaura.com\/es\/wp-json\/wp\/v2\/categories?post=24065"},{"taxonomy":"post_tag","embeddable":true,"href":"https:\/\/www.garciafaura.com\/es\/wp-json\/wp\/v2\/tags?post=24065"},{"taxonomy":"post_series","embeddable":true,"href":"https:\/\/www.garciafaura.com\/es\/wp-json\/wp\/v2\/post_series?post=24065"}],"curies":[{"name":"wp","href":"https:\/\/api.w.org\/{rel}","templated":true}]}}